{"id":15351,"date":"2024-04-12T06:35:19","date_gmt":"2024-04-12T05:35:19","guid":{"rendered":"https:\/\/espai-marx.net\/?p=15351"},"modified":"2024-04-12T06:35:19","modified_gmt":"2024-04-12T05:35:19","slug":"nos-plantamos-ante-las-movilizaciones-agrarias","status":"publish","type":"post","link":"https:\/\/espai-marx.net\/?p=15351","title":{"rendered":"Nos Plantamos ante las movilizaciones agrarias"},"content":{"rendered":"<div class=\"post-wrap\">\n<div class=\"post-content entry-content\">\n<p><strong>Agricultores y agricultoras encaramados a sus tractores han salido a las carreteras y nos est\u00e1n ense\u00f1ando las m\u00faltiples caras de las dificultades a las que se enfrenta el campo, as\u00ed como las m\u00faltiples posiciones e intereses que hay con respecto a todo lo que nos jugamos como sociedad a la hora de darnos una respuesta sobre qu\u00e9 modelo agrario, qu\u00e9 mundo rural y qu\u00e9 alimentaci\u00f3n queremos.<\/strong><\/p>\n<p>Este modelo agrario, estas pol\u00edticas p\u00fablicas agrarias y la estructura del sistema agroalimentario no funcionan. Ha vuelto a estallar la situaci\u00f3n, una situaci\u00f3n que exige soluciones ya. La crisis del campo, el despoblamiento rural, los beneficios de la industria y de la gran distribuci\u00f3n agroalimentaria, de las multinacionales de los fitosanitarios, de la industria farmac\u00e9utica de uso ganadero,\u00a0 de la maquinaria agr\u00edcola, los beneficios de los bancos en torno a la agricultura, el acaparamiento de tierra y agua y la entrada de los fondos de inversi\u00f3n en el sector, los tratados de libre comercio y los viejos y nuevos transg\u00e9nicos, entre otros, son elementos que llevan d\u00e9cadas ah\u00ed. Y los Gobiernos nacionales y auton\u00f3micos y partidos de casi todo signo, al igual que los de Bruselas, han seguido apostando por un modelo neoliberal que nos deja frente al abismo alimentario y en manos de las grandes empresas.<\/p>\n<p>Este escenario insostenible ha hecho pr\u00e1cticamente imposible la adaptaci\u00f3n de las personas que producen, ha hipotecado el campo, lo que ha supuesto la desaparici\u00f3n de cientos de miles de explotaciones familiares y ha obligado a estas mismas personas a vivir con unos ingresos irrisorios. Mientras tanto la naturaleza sigue sufriendo las consecuencias negativas de este modelo agroindustrial, las din\u00e1micas de este sistema agroalimentario y este modelo de dieta. Y finalmente, la presencia del cambio clim\u00e1tico es una realidad incontestable para la sociedad. Todo esto es fruto de un modelo estructural que no puede ser desmontado solamente mediante gestos individuales sino pensado en y desde el colectivo.<\/p>\n<p>Las personas consumidoras ya se hicieron o\u00edr hace no mucho ante la subida de los precios de los alimentos: las calles, las redes sociales y los medios de comunicaci\u00f3n se llenaron de cr\u00edticas, lamentos y penurias. Pero la agenda pol\u00edtica y medi\u00e1tica cambi\u00f3 de foco. Esta vez han salido los tractores, bloqueando carreteras e incluso de grandes ciudades, de mano de quienes en su d\u00eda a d\u00eda lo usan como herramienta de trabajo. Y parece que ahora el foco no puede cambiarse, al menos durante un tiempo.<\/p>\n<p>Adem\u00e1s, \u00abNos Plantamos\u00bb pretende actualizar las formas de acci\u00f3n social colectiva del movimiento alimentario y adaptarse a las urgencias que cada parte del movimiento est\u00e1 identificando. La agroecolog\u00eda campesina y un modelo agroalimentario agroecol\u00f3gico es imprescindible y es urgente para abordar los problemas de los productores y del mundo rural, para abordar la crisis clim\u00e1tica y de biodiversidad y para garantizar el derecho a la alimentaci\u00f3n.<\/p>\n<p>Apostamos tambi\u00e9n por la resistencia e impugnaci\u00f3n a los intentos de cooptaci\u00f3n y apropiaci\u00f3n por la \u00abantipol\u00edtica\u00bb y por la extrema derecha de las desgracias de los peque\u00f1os y medianos productores. A su vez, el movimiento por la agroecolog\u00eda campesina y la soberan\u00eda alimentaria tenemos que repensarnos mucho para lograr tender puentes con los peque\u00f1os y medianos productores y con el resto del medio rural, y lograr construir alianzas fuertes que consigan recursos y pol\u00edticas p\u00fablicas que apoyen la transici\u00f3n hacia sistemas agroalimentarios justos y con enfoque agroecol\u00f3gico.<\/p>\n<p>Las manifestaciones p\u00fablicas de las organizaciones de Coordinadora Europea de V\u00eda Campesina (ECVC), de las agricultoras y agricultores, la pagesia y baserritarras organizadas, de las ganaderas extensivas, de las experiencias y colectivos agroecol\u00f3gicos, de las jornaleras son motivo de celebraci\u00f3n. La vitalidad, claridad y potencia del movimiento campesino y agroecol\u00f3gico est\u00e1n inundando todos los rincones del Estado espa\u00f1ol de manera imparable.<\/p>\n<p>En el Estado espa\u00f1ol el movimiento por la soberan\u00eda alimentaria lleva d\u00e9cadas tratando de consolidarse como un sujeto pol\u00edtico colectivo relevante. Ha habido momentos de m\u00e1s relevancia que otros, pero siempre se ha tenido una visi\u00f3n compartida sobre la necesidad de avanzar hacia un modelo agrario, rural y agroalimentario basado en la producci\u00f3n de peque\u00f1a y mediana escala, de manejo agroecol\u00f3gico, de apostar por la necesidad de dotar de m\u00e1s apoyos y recursos para facilitar el desescalamiento de la agriculturas industriales, de apoyar a que los peque\u00f1os y medianos productores encuentren su acomodo en la transici\u00f3n hacia una agricultura agroecol\u00f3gica. Ha sido esta una visi\u00f3n compartida y construida desde la diversidad, desde la necesaria complementariedad entre las visiones provenientes del campo, del movimiento ecologista, de las consumidoras, de las experiencias agroecol\u00f3gicas, del tejido asociativo rural, de la academia af\u00edn, de las ONG vinculadas a la Soberan\u00eda Alimentaria. A este movimiento se suman las plataformas y colectivos que desde el territorio luchan contra la degradaci\u00f3n y el extractivismo que suponen las macrogranjas, sus plantas de biog\u00e1s para pintarlas de verde, las malas pr\u00e1cticas en la implantaci\u00f3n de renovables o los megavertederos que convierten el rural en zonas de sacrificio en pos de un capitalismo verde.<\/p>\n<p>Y yendo despacio, tenemos que actuar de manera urgente. Construir alianzas para pasar a la acci\u00f3n. Las personas campesinas, las ganaderas, el movimiento clim\u00e1tico, el movimiento ecologista, la ciencia, las iniciativas de econom\u00eda social y solidaria, las colas del hambre en los barrios o las consumidoras, todas vemos que tenemos que plantarnos ya y construir algo distinto en cada granja, en cada pueblo, en cada mercado, en cada barrio, en cada ciudad, en cada pol\u00edtica, en cada escuela y universidad. Es urgente sacar los tractores, salir a las calles, abandonar los grandes supermercados, inundar los mercados de productos agroecol\u00f3gicos, apostar por los supermercados cooperativos, se\u00f1alar a la agroindustria y a quienes destruyen los territorios y la vida del medio rural. La producci\u00f3n ecol\u00f3gica es ya una herramienta que puede ayudar a las peque\u00f1as y medianas explotaciones a mejorar su viabilidad econ\u00f3mica. Debemos tambi\u00e9n avanzar en pol\u00edticas p\u00fablicas que apuesten por un sistema agroalimentario de base agroecol\u00f3gica, que incluya y facilite que las y los agricultores y ganaderos puedan escapar del modelo agroindustrial, hacia una transici\u00f3n (agro)ecol\u00f3gica, dentro de un sistema agroalimentario m\u00e1s justo para todas. Entendemos que en un contexto de emergencia clim\u00e1tica como en el que estamos y con una importante p\u00e9rdida de biodiversidad no nos podemos permitir el retroceso en las pol\u00edticas ambientales de la Uni\u00f3n Europea y exigimos a las autoridades un buen acompa\u00f1amiento al sector agrario para dicha transici\u00f3n. Demandamos nuevas pol\u00edticas de gobernanza, desde local a lo internacional, para cambiar la competitividad por cooperaci\u00f3n, con el fin de proveer los recursos necesarios para conseguir que todos los pueblos construyan su propio modelo agroalimentario en base a la agroecolog\u00eda y la soberan\u00eda alimentaria, tal y como fue definida en la Conferencia Mundial de la Alimentaci\u00f3n, en Roma en 1996, y desarrollada desde el Foro de Ny\u00e9l\u00e9ni. Es la \u00fanica forma de acabar con el hambre y apostar por una nutrici\u00f3n de calidad, respetando el medio natural. Con la soberan\u00eda alimentaria contribuiremos tambi\u00e9n al enfriamiento del Planeta.<\/p>\n<p>Compartimos y asumimos como propias las siguientes demandas de la ECVC:<\/p>\n<ul>\n<li>Precios justos y una necesaria regulaci\u00f3n de mercado, como la incipiente Ley de la cadena alimentaria.<\/li>\n<li>El fin de los tratados de libre comercio basados en la desigualdad y la competencia desleal.<\/li>\n<li>Un presupuesto suficiente y una distribuci\u00f3n equitativa de las ayudas de la PAC para facilitar una transici\u00f3n justa hacia la agroecolog\u00eda y las pr\u00e1cticas ecol\u00f3gicas.<\/li>\n<li>La reducci\u00f3n de la carga administrativa para las y los agricultores.<\/li>\n<li>Detener la desregulaci\u00f3n de las nuevas t\u00e9cnicas gen\u00f3micas.<\/li>\n<\/ul>\n<p>Como \u00abNos Plantamos\u00bb seguiremos construyendo un espacio pol\u00edtico abierto y flexible, orientado a la acci\u00f3n urgente y al di\u00e1logo sosegado. Somos m\u00e1s de 50 organizaciones y cientos de personas, pero sabemos que somos muchas m\u00e1s quienes compartimos el horizonte de la Soberan\u00eda Alimentar\u00eda.\u00a0 A todas vosotras os esperamos y os buscamos.<\/p>\n<p>\u00a1Nos Plantamos!<\/p>\n<p>\u00ab<a href=\"http:\/\/www.nosplantamos.org\/\">Nos Plantamos<\/a>\u00bb es una alianza de organizaciones y personas del movimiento por la Soberan\u00eda Alimentaria en favor de una agroecolog\u00eda campesina, con protagonismo de las personas agricultoras y trabajadoras de la tierra, que reivindica el cuidado del medio ambiente, del medio rural, y que ofrece a las consumidoras alimentos sanos, de calidad y de proximidad.<\/p>\n<p>Fuente: Ecologistas en Acci\u00f3n, <span class=\"updated\">14\/03\/2024<\/span> (<a href=\"https:\/\/www.ecologistasenaccion.org\/312559\/nos-plantamos-ante-las-movilizaciones-agrarias\/\">https:\/\/www.ecologistasenaccion.org\/312559\/nos-plantamos-ante-las-movilizaciones-agrarias\/<\/a>)<\/p>\n<\/div>\n<\/div>\n","protected":false},"excerpt":{"rendered":"<p>Agricultores y agricultoras encaramados a sus tractores han salido a las carreteras y nos est\u00e1n ense\u00f1ando las m\u00faltiples caras de<\/p>\n","protected":false},"author":5,"featured_media":15352,"comment_status":"open","ping_status":"open","sticky":false,"template":"","format":"standard","meta":{"footnotes":""},"categories":[1567,1564,1563],"tags":[],"class_list":["post-15351","post","type-post","status-publish","format-standard","has-post-thumbnail","hentry","category-campesinado","category-crisis-ecologica","category-crisis-ecosocial"],"aioseo_notices":[],"_links":{"self":[{"href":"https:\/\/espai-marx.net\/index.php?rest_route=\/wp\/v2\/posts\/15351","targetHints":{"allow":["GET"]}}],"collection":[{"href":"https:\/\/espai-marx.net\/index.php?rest_route=\/wp\/v2\/posts"}],"about":[{"href":"https:\/\/espai-marx.net\/index.php?rest_route=\/wp\/v2\/types\/post"}],"author":[{"embeddable":true,"href":"https:\/\/espai-marx.net\/index.php?rest_route=\/wp\/v2\/users\/5"}],"replies":[{"embeddable":true,"href":"https:\/\/espai-marx.net\/index.php?rest_route=%2Fwp%2Fv2%2Fcomments&post=15351"}],"version-history":[{"count":0,"href":"https:\/\/espai-marx.net\/index.php?rest_route=\/wp\/v2\/posts\/15351\/revisions"}],"wp:featuredmedia":[{"embeddable":true,"href":"https:\/\/espai-marx.net\/index.php?rest_route=\/wp\/v2\/media\/15352"}],"wp:attachment":[{"href":"https:\/\/espai-marx.net\/index.php?rest_route=%2Fwp%2Fv2%2Fmedia&parent=15351"}],"wp:term":[{"taxonomy":"category","embeddable":true,"href":"https:\/\/espai-marx.net\/index.php?rest_route=%2Fwp%2Fv2%2Fcategories&post=15351"},{"taxonomy":"post_tag","embeddable":true,"href":"https:\/\/espai-marx.net\/index.php?rest_route=%2Fwp%2Fv2%2Ftags&post=15351"}],"curies":[{"name":"wp","href":"https:\/\/api.w.org\/{rel}","templated":true}]}}