{"id":15359,"date":"2024-04-14T05:00:52","date_gmt":"2024-04-14T04:00:52","guid":{"rendered":"https:\/\/espai-marx.net\/?p=15359"},"modified":"2024-04-14T02:40:26","modified_gmt":"2024-04-14T01:40:26","slug":"para-la-buena-formacion-historica-y-politica-de-nuestros-jovenes","status":"publish","type":"post","link":"https:\/\/espai-marx.net\/?p=15359","title":{"rendered":"Para la (buena) formaci\u00f3n hist\u00f3rica y pol\u00edtica de nuestros j\u00f3venes"},"content":{"rendered":"<p>Rese\u00f1a de: Carlos Fern\u00e1ndez Liria y Silvia Casado Arenas, <i>\u00bfQu\u00e9 fue el franquismo?,<\/i> Madrid: Editorial Akal, 2023, 219 p\u00e1ginas<\/p>\n<p><a href=\"https:\/\/espai-marx.net\/wp-content\/uploads\/2024\/04\/que-fue-franquismo-scaled.jpg\"><img loading=\"lazy\" decoding=\"async\" class=\"alignleft  wp-image-15360\" src=\"https:\/\/espai-marx.net\/wp-content\/uploads\/2024\/04\/que-fue-franquismo-719x1024.jpg\" alt=\"\" width=\"200\" height=\"285\" srcset=\"https:\/\/espai-marx.net\/wp-content\/uploads\/2024\/04\/que-fue-franquismo-719x1024.jpg 719w, https:\/\/espai-marx.net\/wp-content\/uploads\/2024\/04\/que-fue-franquismo-211x300.jpg 211w, https:\/\/espai-marx.net\/wp-content\/uploads\/2024\/04\/que-fue-franquismo-768x1093.jpg 768w, https:\/\/espai-marx.net\/wp-content\/uploads\/2024\/04\/que-fue-franquismo-1079x1536.jpg 1079w, https:\/\/espai-marx.net\/wp-content\/uploads\/2024\/04\/que-fue-franquismo-1439x2048.jpg 1439w, https:\/\/espai-marx.net\/wp-content\/uploads\/2024\/04\/que-fue-franquismo-1320x1879.jpg 1320w, https:\/\/espai-marx.net\/wp-content\/uploads\/2024\/04\/que-fue-franquismo-scaled.jpg 1798w\" sizes=\"auto, (max-width: 200px) 100vw, 200px\" \/><\/a>Si yo fuera profesor de Historia o Ciencias Sociales, o padre\/madre interesado en la formaci\u00f3n hist\u00f3rica de mis hijos, no tendr\u00eda ninguna duda: \u00a1este es el libro que he ido buscando!<\/p>\n<p>El subt\u00edtulo del libro: \u00abNuestra historia explicada a los j\u00f3venes\u00bb no es publicidad para ventas. Es eso: nuestra historia m\u00e1s reciente explicada a j\u00f3venes, y no tan j\u00f3venes, con buena prosa did\u00e1ctica, sin tecnicismos innecesarios, sin presuponer conocimientos que no se tienen, con reflexiones filos\u00f3ficas anexas que nunca est\u00e1n de m\u00e1s y sin usar un lenguaje \u00absofisticado\u00bb que eche a los lectores j\u00f3venes para atr\u00e1s.<\/p>\n<p>El objetivo de <i>\u00bfQu\u00e9 fue el franquismo?, <\/i>el tercer volumen de la tetralog\u00eda que los autores iniciaron con <i>\u00bfQu\u00e9 fue la Segunda Rep\u00fablica? <\/i>y <i>\u00bfQu\u00e9 fue la Guerra Civil? <\/i>y finalizar\u00e1n con <i>\u00bfQu\u00e9 fue la transici\u00f3n?, <\/i>es \u00abproporcionar una visi\u00f3n sencilla, pero completa, de la etapa m\u00e1s siniestra de la historia de Espa\u00f1a, los cuarenta a\u00f1os de la dictadura de Francisco Franco\u00bb. Una historia tr\u00e1gica, a\u00f1aden, \u00abpero tambi\u00e9n heroica, porque el franquismo siempre tuvo en frente una oposici\u00f3n valiente y decidida\u00bb. Contarla es, adem\u00e1s, \u00abuna tarea importante en la actualidad, incluso tiene algo de urgente, porque cada vez se aprecia m\u00e1s un resurgir de la mitolog\u00eda de extrema derecha, basada normalmente en toda una colecci\u00f3n de t\u00f3picos y falsedades\u00bb. Hay que salir al paso, observan con toda raz\u00f3n, \u00abde los mitos con los que, en la actualidad, algunas pretenden edulcorar estas terribles p\u00e1ginas de nuestra historia.\u00bb<\/p>\n<p>No hace falta presentar a los autores, Carlos Fern\u00e1ndez Liria y Silvia Casado Arenas, dos de nuestros intelectuales m\u00e1s fruct\u00edferos y comprometidos. Pero s\u00ed citar muy elogiosamente al tercer autor, David Ouro. A \u00e9l se le deben las ilustraciones de todos los cap\u00edtulos del libro. Todas ellas, no exagero, excelentes, magn\u00edficas, empezando por la portada que tambi\u00e9n es suya. Curiosamente, as\u00ed se se\u00f1ala en la contraportada, Ouro es ilustrador de \u00a1formaci\u00f3n autodidacta! y licenciado en Econ\u00f3micas por la Universidad de Santiago de Compostela.<\/p>\n<p>Componen <i>\u00bfQu\u00e9 es el franquismo?<\/i> la presentaci\u00f3n (un excelente texto republicano), 49 cap\u00edtulos, tres cronolog\u00edas y unas breves biograf\u00edas finales de algunos protagonistas de nuestra historia. Entre otras, las de Marcelino Camacho, Juan Negr\u00edn y Llu\u00eds Companys. Algunos t\u00edtulos: \u00ab2. El peor de los cr\u00edmenes fue acabar con la Rep\u00fablica. 9. Cartillas de racionamiento, estraperlo y corrupci\u00f3n. 13. Las c\u00e1rceles y el trabajo esclavo. 14. Los campos de concentraci\u00f3n en Espa\u00f1a. 18. Los maquis: la resistencia espa\u00f1ola. 21. Espa\u00f1oles en los campos de concentraci\u00f3n nazis. 30. La cura oculta del desarrollismo econ\u00f3mico. 32. El nuevo movimiento obrero. 34. El proceso 1001 contra Comisiones Obreras. 37. La c\u00e1mara de torturas. 40. El t\u00fanel de lavado: la transici\u00f3n. 42. El S\u00e1hara espa\u00f1ol y la Marcha Verde. 46. La ley de Amnist\u00eda, para v\u00edctimas y verdugos. 47. La pedagog\u00eda del mill\u00f3n de muertos. 49. \u00bfPerdura algo del franquismo?\u00bb. Ning\u00fan tema esencial se ha escapado a los autores.<\/p>\n<p>Son cap\u00edtulos breves, dos o tres p\u00e1ginas, muy bien explicados (e ilustrados como dije), que van al grano desde la primera palabra y que finalizan siempre con algunas recomendaciones complementarias: libros, pel\u00edculas, series, etc, nada que no est\u00e9 al alcance del joven lector (o del lector no tan joven).<\/p>\n<p>Los autores no se han limitado a explicar sino que, en muchas ocasiones, aspiran (y hacen bien) a tocar el alma rojo-republicana del lector. Por ejemplo, en este pasaje de la p\u00e1gina 94: \u00abA los exiliados espa\u00f1oles que cruzaron la frontera francesa, se les recibi\u00f3 como delincuentes y se les encerr\u00f3 en campos de concentraci\u00f3n, en unas condiciones inhumanas. Pero todo empeor\u00f3 a\u00fan m\u00e1s, cuando muchos de ellos fueron entregados a los nazis, que los llevaron a los campos de exterminio de Mauthausen y de Gusen. Millares de espa\u00f1oles trabajaron ah\u00ed y murieron gran cantidad de ellos. <i>Cuando el ej\u00e9rcito norteamericano entr\u00f3 en Mauthausen, las banderas republicanas hab\u00edan sustituido a las nazis y en la puerta se pod\u00eda leer: \u00abLos espa\u00f1oles antifascistas saludan a las fuerzas libertadoras.\u00bb<\/i> El campo de exterminio de Mauthausen era de los m\u00e1s duros, porque sus presos hab\u00edan sido calificados por los nazis de altamente peligrosos. Son famosas las llamadas \u00abescaleras de la muerte\u00bb, por las que todos los d\u00edas los prisioneros ten\u00edan que subir y bajar cargando piedras de m\u00e1s de veinte kilos. Cuando un preso resbalaba o ca\u00eda agotado, las piedras arrastraban a los que ven\u00edan detr\u00e1s, en un efecto domin\u00f3 que provocaba que muchos murieran aplastados. A veces, los propios nazis se divert\u00edan empujando a los presos cuando llegaban arriba, causando terribles matanzas. <i>A otros los colocaban al borde del precipicio y les exig\u00edan que empujaran al compa\u00f1ero de delante. Muchos prefer\u00edan saltar ellos que empujar a sus compa\u00f1eros.\u00bb<\/i> (los \u00e9nfasis son m\u00edos).<\/p>\n<p>Para las futuras reediciones del libro (que seguro tendr\u00e1), conviene corregir algunas erratas (erratas, no errores de los autores). Tres ejemplos:<\/p>\n<p>1. P\u00e1gina 41. \u00abOctubre: El PCE organiza la entrada masiva de los maquis por el Pirineo navarro\u00bb. Tal vez mejor: \u00abTres entradas, la primera por el Pirineo navarro, la segunda por el Pa\u00eds Vasco (Hendaya), y la tercera, la principal, por el valle de Ar\u00e1n\u00bb.<\/p>\n<p>2. P\u00e1gina 143. Octubre: Ejecuci\u00f3n de miembros de ETA y del FRAP. Fue en septiembre, el 27 de septiembre y fueron cinco los asesinados (con nombres y apellidos).<\/p>\n<p>3. P\u00e1gina 199. \u00abEn 1978 estaba claro que, si se convocaban elecciones, la gente votar\u00eda por una opci\u00f3n de centro, moderadamente\u00bb. Las elecciones, las primeras elecciones legislativas, fueron en junio de 1977.<\/p>\n<p>Lo dicho: un excelente libro para leer, comentar y disfrutar en clases de ESO y Bachillerato, con la familia republicana de cada uno o en contextos de seminarios para j\u00f3venes activistas.<\/p>\n<p>Fuente: <em>El Viejo Topo<\/em>, febrero de 2024.<\/p>\n","protected":false},"excerpt":{"rendered":"<p>Rese\u00f1a de: Carlos Fern\u00e1ndez Liria y Silvia Casado Arenas, \u00bfQu\u00e9 fue el franquismo?, Madrid: Editorial Akal, 2023, 219 p\u00e1ginas Si<\/p>\n","protected":false},"author":5,"featured_media":15361,"comment_status":"open","ping_status":"open","sticky":false,"template":"","format":"standard","meta":{"footnotes":""},"categories":[17,46],"tags":[1214,917,2109,2110],"class_list":["post-15359","post","type-post","status-publish","format-standard","has-post-thumbnail","hentry","category-historia","category-memoria-historica","tag-carlos-fernandez-liria","tag-resenas","tag-silvia-casado-arenas","tag-que-fue-el-franquismo"],"aioseo_notices":[],"_links":{"self":[{"href":"https:\/\/espai-marx.net\/index.php?rest_route=\/wp\/v2\/posts\/15359","targetHints":{"allow":["GET"]}}],"collection":[{"href":"https:\/\/espai-marx.net\/index.php?rest_route=\/wp\/v2\/posts"}],"about":[{"href":"https:\/\/espai-marx.net\/index.php?rest_route=\/wp\/v2\/types\/post"}],"author":[{"embeddable":true,"href":"https:\/\/espai-marx.net\/index.php?rest_route=\/wp\/v2\/users\/5"}],"replies":[{"embeddable":true,"href":"https:\/\/espai-marx.net\/index.php?rest_route=%2Fwp%2Fv2%2Fcomments&post=15359"}],"version-history":[{"count":0,"href":"https:\/\/espai-marx.net\/index.php?rest_route=\/wp\/v2\/posts\/15359\/revisions"}],"wp:featuredmedia":[{"embeddable":true,"href":"https:\/\/espai-marx.net\/index.php?rest_route=\/wp\/v2\/media\/15361"}],"wp:attachment":[{"href":"https:\/\/espai-marx.net\/index.php?rest_route=%2Fwp%2Fv2%2Fmedia&parent=15359"}],"wp:term":[{"taxonomy":"category","embeddable":true,"href":"https:\/\/espai-marx.net\/index.php?rest_route=%2Fwp%2Fv2%2Fcategories&post=15359"},{"taxonomy":"post_tag","embeddable":true,"href":"https:\/\/espai-marx.net\/index.php?rest_route=%2Fwp%2Fv2%2Ftags&post=15359"}],"curies":[{"name":"wp","href":"https:\/\/api.w.org\/{rel}","templated":true}]}}