{"id":1536,"date":"2011-04-02T00:00:00","date_gmt":"2011-04-02T00:00:00","guid":{"rendered":"https:\/\/espai-marx.net\/?p=1536"},"modified":"2020-02-21T14:35:23","modified_gmt":"2020-02-21T13:35:23","slug":"entrevista-a-carlos-tena-i","status":"publish","type":"post","link":"https:\/\/espai-marx.net\/?p=1536","title":{"rendered":"Entrevista a Carlos Tena (I)"},"content":{"rendered":"<p class=\"western\" lang=\"es-ES\" style=\"font-weight: normal;\" align=\"JUSTIFY\">\u201c<i>Como casi todos los ingenuos de la \u00e9poca, defend\u00ed las posiciones de mi partido hasta que Carrillo abandon\u00f3 el barco. Deduje que se avecinaba una hecatombe y as\u00ed fue. Yo no conoc\u00eda a fondo el texto de la Constituci\u00f3n, pero cuando di lectura a varias normas, sent\u00ed que algo se me romp\u00eda dentro.\u201d<\/i><\/p>\n<p class=\"western\" lang=\"es-ES\" style=\"font-weight: normal; widows: 0; orphans: 0;\" align=\"CENTER\">\n<p class=\"western\" lang=\"es-ES\" style=\"text-indent: 1.25cm; font-weight: normal; widows: 0; orphans: 0;\" align=\"JUSTIFY\">Carlos Tena (Madrid, 1943) es periodista y cr\u00edtico musical. Adem\u00e1s de ser productor musical y columnista en medios digitales, ha trabajado para radio, televisi\u00f3n y prensa durante m\u00e1s de 35 a\u00f1os.<\/p>\n<p class=\"western\" lang=\"es-ES\" style=\"font-weight: normal; widows: 0; orphans: 0;\" align=\"CENTER\">*<\/p>\n<p class=\"western\" lang=\"es-ES\" style=\"text-indent: 1.25cm; widows: 0; orphans: 0;\" align=\"JUSTIFY\"><b>D\u00e9jame que nos situemos unas d\u00e9cadas atr\u00e1s. Si no ando errado, empezaste a trabajar de joven en la radio. \u00bfQu\u00e9 hab\u00edas estudiado? \u00bfPeriodismo, historia? \u00bfPor qu\u00e9 la radio? \u00bfQu\u00e9 te atra\u00eda del medio? <\/b><\/p>\n<p class=\"western\" lang=\"es-ES\" style=\"text-indent: 1.25cm; font-weight: normal; widows: 0; orphans: 0;\" align=\"JUSTIFY\">Bueno, son cuatro preguntas en una sola, as\u00ed que ser\u00e9 breve. La medicina era mi destino, siguiendo la profesi\u00f3n de mi padre, que muri\u00f3 a los 50 a\u00f1os, dejando una viuda con 13 hijos, de los que yo era el segundo, as\u00ed que abandon\u00e9 a Esculapio, entrando casi por casualidad en la radio. Hab\u00eda hecho teatro, me matricul\u00e9 en la escuela de cine, al tiempo que hac\u00eda un curso de vuelo sin motor para hacer la mili en Madrid, e intentar un poco de dinero y ayudar a mi madre a sostener la familia. Estudi\u00e9 periodismo en la vieja escuela, aunque como te digo yo era un apasionado de los escenarios del cine, la m\u00fasica; en la Universidad ya hab\u00eda participado como actor en \u201cLa Vida es sue\u00f1o\u201d (Calder\u00f3n de la Barca), en \u201cDoce Hombres sin Piedad\u201d (Reginald Rose) y en \u201cEscuadra hacia la muerte\u201d (Alfonso Sastre). Pero la radio era mi pasi\u00f3n desde muy ni\u00f1o, cuando con 4 a\u00f1os estrell\u00e9 un aparato contra el suelo para romperlo, convencido de que dentro hab\u00eda un enano que hablaba. El periodismo radiof\u00f3nico complementaba el escrito, lo enriquec\u00eda, aunque la tem\u00e1tica en la que me especialic\u00e9 fuera la m\u00fasica, con todas las connotaciones pol\u00edticas que ten\u00eda en aquellos a\u00f1os sesenta.<\/p>\n<p class=\"western\" lang=\"es-ES\" style=\"text-indent: 1.25cm; widows: 0; orphans: 0;\" align=\"JUSTIFY\"><b>Calder\u00f3n, Sastre, Rose\u2026 no est\u00e1 nada mal. Con todas las connotaciones pol\u00edticas que ten\u00eda la radio, se\u00f1alas, en aquellos a\u00f1os sesenta. \u00bfA qu\u00e9 te quieres referir?<\/b><\/p>\n<p class=\"western\" lang=\"es-ES\" style=\"text-indent: 1.25cm; font-weight: normal; widows: 0; orphans: 0;\" align=\"JUSTIFY\">Pues que, a pesar de haber estudiado en un colegio de curas, recuerdo que las charlas con mi profesor de Filosof\u00eda (en el Preu), que con el descubrimiento de Radio Espa\u00f1a Independiente, me ayudaron a sentir que todo lo que me rodeaba era una mentira cubierta de sangre y miseria. Comenc\u00e9 a ser un rojo solitario, hasta que entr\u00e9 en contacto, en la universidad (y en el caf\u00e9 Gij\u00f3n) con parte de la izquierda intelectual: poetas, pintores, actrices, actores, realizadores, escritores, etc. Fue una etapa crucial en mi vida, de la que saqu\u00e9 un gran fruto. Una experiencia \u00fanica que marc\u00f3 un futuro repleto de emociones y sorpresas.<\/p>\n<p class=\"western\" lang=\"es-ES\" style=\"text-indent: 1.25cm; widows: 0; orphans: 0;\" align=\"JUSTIFY\"><b>Fuiste, luego un reconocido y seguido cr\u00edtico musical, lo sigues siendo ahora. Te pregunto sobre este \u00e1mbito. \u00bfQu\u00e9 grupos de la historia del rock en Espa\u00f1a te parecen de mayor inter\u00e9s?<\/b><\/p>\n<p class=\"western\" lang=\"es-ES\" style=\"text-indent: 1.25cm; font-weight: normal; widows: 0; orphans: 0;\" align=\"JUSTIFY\">Supongo que algunos de los miembros de los grupos que no cite van a cabrearse conmigo, pero me lanzo sin miedo a la piscina. Hubo conjuntos que me parec\u00edan bienintencionados, pero malos a la hora de interpretar, y otros que eran bastante s\u00f3lidos en escena, con letras bastante deficientes, as\u00ed que resumir\u00e9 mi elecci\u00f3n en varios, yendo de atr\u00e1s hacia adelante: Salvajes, M\u00e1quina, Pan y Regaliz, Canarios, CRAG (C\u00e1novas, Rodrigo, Adolfo y Guzm\u00e1n), Smash, Triana, Compa\u00f1\u00eda El\u00e9ctrica Dharma, M\u00fasica Dispersa (aunque no era un grupo en s\u00ed mismo), Bar\u00f3n Rojo, Para\u00edso, Burning, Siniestro Total, Golpes Bajos, Aviador Dro, Las Chinas, La Mode, Derribos Arias, Kortatu, Doctor Deseo, Itoiz, Gabinete Caligari, Barricada, Taburiente, Las Vulpess, Radio Futura, TNT, Platero y t\u00fa, Reincidentes, Celtas Cortos, Ska-P, Violadores del Verso, An\u00f3nimos, Grande-Marlaska, El Ni\u00f1o Gusano, Nacho Umbert y la Compa\u00f1\u00eda, Ojos de Brujo, uffff\u2026 no puedo seguir. Desde el 2003 hasta finales de 2009 estuve en Cuba y me dediqu\u00e9 a limpiar mi cabeza de tanto pop y tanto rock. Cuando regres\u00e9, me pon\u00eda al d\u00eda con un programa de la 2\u00aa Cadena que cre\u00eda hab\u00eda desaparecido. Menos mal que ya hay un segundo ciclo. Se llama Mapa Sonoro.<\/p>\n<p class=\"western\" lang=\"es-ES\" style=\"text-indent: 1.25cm; widows: 0; orphans: 0;\" align=\"JUSTIFY\"><b>Luego te pregunto sobre \u201cMapa sonoro\u201d. Y si hablamos en t\u00e9rminos internacionales, \u00bfqu\u00e9 preferencias tienes?<\/b><\/p>\n<p class=\"western\" lang=\"es-ES\" style=\"text-indent: 1.25cm; font-weight: normal; widows: 0; orphans: 0;\" align=\"JUSTIFY\">Otro compromiso que me llevar\u00e1 a olvidar nombres clave. A medida que memorizas y disfrutas m\u00e1s de la m\u00fasica, vas siendo m\u00e1s exigente, menos receptivo a las novedades, que en la mayor parte de las ocasiones no lo son. Lo malo de haber crecido tanto (ya he cumplido 67 y soy mel\u00f3mano desde ni\u00f1o) es que ese alem\u00e1n llamado Alzheimer, me visita de vez en cuando, estrechando la bolsa de la memoria. Tratar\u00e9 de ser menos prolijo que antes, aunque son incontables. No soy de los que eligen tres o cuatro. Escuchaba en perfecta armon\u00eda a los Platters, Flamingos, Beatles, Rolling, Kinks, Who, Animals, Clash, Ramones, Grateful Dead, Police, Pink Floyd, Doors, REM, Roxy Music, Country Joe, Allman Brothers, Tuxedo Moon, Residents, Rage Against the Machine, Coldplay\u2026 y de ahora mismo, no te puedo decir nada, pero por favor\u2026\u00a1\u00a1no me preguntes por solistas y orquestas que tenemos que dividir la entrevista en diez cap\u00edtulos!!<\/p>\n<p class=\"western\" lang=\"es-ES\" style=\"text-indent: 1.25cm; widows: 0; orphans: 0;\" align=\"JUSTIFY\"><b>No te pregunto sobre solistas y orquestas. \u00bfTienes alguna opini\u00f3n formada sobre la canci\u00f3n de autor en Espa\u00f1a? \u00bfAlg\u00fan autor que crees que ha destacado especialmente?<\/b><\/p>\n<p class=\"western\" lang=\"es-ES\" style=\"text-indent: 1.25cm; font-weight: normal; widows: 0; orphans: 0;\" align=\"JUSTIFY\">Aqu\u00ed s\u00ed que voy a ser breve. Baste con decirte que en casa suelo escuchar a Chico S\u00e1nchez Ferlosio (lo poco que se edit\u00f3), Paco Ib\u00e1\u00f1ez, el inolvidable Hilario Camacho, Llu\u00eds Llach, Adolfo Celdr\u00e1n, Benito Lertxundi (un compositor, letrista e int\u00e9rprete b\u00e1sico), Fernando M\u00e1rquez \u201cEl Zurdo\u201d en todo lo que haga, Germ\u00e1n Coppini (en toda su producci\u00f3n propia y de colaboraci\u00f3n), Luis Pastor, Javier Krahe, Manu Chao, Se\u00f1or Chinarro, Amparanoia (hoy, Amparo S\u00e1nchez), Miqui Puig, Albert Pl\u00e1, Aute, Vainica Doble\u2026<\/p>\n<p class=\"western\" lang=\"es-ES\" style=\"text-indent: 1.25cm; widows: 0; orphans: 0;\" align=\"JUSTIFY\"><b>\u00bfPor qu\u00e9 crees que Benito Lertxundi es un compositor, letrista e int\u00e9rprete b\u00e1sico? Fue poco o\u00eddo fuera de Euzkadi y un poco en Catalunya. Yo mismo le he escuchado menos de lo que hubiera debido.<\/b><\/p>\n<p class=\"western\" lang=\"es-ES\" style=\"text-indent: 1.25cm; font-weight: normal; widows: 0; orphans: 0;\" align=\"JUSTIFY\">Benito fue para m\u00ed un descubrimiento, como lo hab\u00eda sido Mikel Laboa. Aunque no tiene una voz peculiar, sus graves, su perfecta dicci\u00f3n, la musicalidad que imprime a sus poemas, la profundidad de su mensaje, la belleza de las composiciones y los arreglos, sobre todo el ambiente que logra en cada canci\u00f3n, resultan sorprendentes. Creo que es uno de los autores y m\u00fasicos m\u00e1s s\u00f3lidos de los \u00faltimos 50 a\u00f1os.<\/p>\n<p class=\"western\" lang=\"es-ES\" style=\"font-weight: normal; widows: 0; orphans: 0;\" align=\"JUSTIFY\"><b>En cuanto a Celdr\u00e1n. Se escuch\u00f3 durante unos pocos a\u00f1os, music\u00f3 y cant\u00f3 como pocos a Brecht y luego ya apenas se supo. <\/b><\/p>\n<p class=\"western\" lang=\"es-ES\" style=\"font-weight: normal; widows: 0; orphans: 0;\" align=\"JUSTIFY\">Adolfo es uno de mejores conocedores de Miguel Hern\u00e1ndez, uno de esos autores que supieron imprimir un sello personal\u00edsimo a poemas complicados de musicalizar; due\u00f1o de un timbre muy peculiar, que afina divinamente, con una voz espesa, pastosa, recia pero tierna a la vez, que encontr\u00f3 melod\u00edas exactas para versos dif\u00edciles, sin olvidar algo que muchos otros colegas dejaban en el caj\u00f3n: la iron\u00eda, el sentido del humor, el sarcasmo; algo que Paco Ib\u00e1\u00f1ez, o Pi de la Serra, Krahe y Pl\u00e1, tuvieron siempre presente.<\/p>\n<p class=\"western\" lang=\"es-ES\" style=\"text-indent: 1.25cm; widows: 0; orphans: 0;\" align=\"JUSTIFY\"><b>Te pregunto sobre uno en concreto, L. E Aute, que no es s\u00f3lo un cantautor desde luego. \u00bfNo ha hecho, cuanto menos, uno o dos pu\u00f1ados de muy buenas canciones? <\/b><\/p>\n<p class=\"western\" lang=\"es-ES\" style=\"text-indent: 1.25cm; font-weight: normal; widows: 0; orphans: 0;\" align=\"JUSTIFY\">Sin duda. Es curioso porque Luis jam\u00e1s ha compuesto pensando en si una letra o una m\u00fasica iban o no a ser populares. Es un creador \u00fanico. Inclasificable. Resulta complicad\u00edsimo elegir canciones concretas, porque tiene obras a la altura de Silvio Rodr\u00edguez, de Tom Waitts, de Leonard Cohen. Me atrevo a citar tres delicias llamadas \u201cLa Belleza\u201d, \u201cSiento que te estoy perdiendo\u201d y \u201cAl Alba\u201d<\/p>\n<p class=\"western\" lang=\"es-ES\" style=\"text-indent: 1.25cm; widows: 0; orphans: 0;\" align=\"JUSTIFY\"><b>No tienes mal gusto desde luego. \u00bfTienes alguna preferencia entre los j\u00f3venes creadores? Danos alg\u00fan nombre.<\/b><\/p>\n<p class=\"western\" lang=\"es-ES\" style=\"text-indent: 1.25cm; font-weight: normal; widows: 0; orphans: 0;\" align=\"JUSTIFY\">Perm\u00edteme que evada la cuesti\u00f3n, no por temor a mojarme, sino por ignorancia absoluta. Como te dije, tras muchos a\u00f1os ausente, en Cuba, no conozco la actualidad en cuanto a esos j\u00f3venes, que de seguro existen. D\u00e9jame que te cite s\u00f3lo dos ejemplos que conozco superficialmente, pero que me parecen dos revelaciones diferentes: Antonio Luque (Se\u00f1or Chinarro, se llama su grupo) y Emilio Jos\u00e9 (no es cachondeo, no me refiero al de hace 40 a\u00f1os), un chaval gallego de lo m\u00e1s interesante.<\/p>\n<p class=\"western\" lang=\"es-ES\" style=\"text-indent: 1.25cm; widows: 0; orphans: 0;\" align=\"JUSTIFY\"><b>Cambio de tema. \u00bfMilitaste en el PCE durante el franquismo? \u00bfCu\u00e1les eran tus actividades si fue el caso?<\/b><\/p>\n<p class=\"western\" lang=\"es-ES\" style=\"text-indent: 1.25cm; font-weight: normal; widows: 0; orphans: 0;\" align=\"JUSTIFY\">\u00a1Ay, la militancia!\u2026 Me cost\u00f3 bastantes multas y sanciones en la RTVE, aunque eso ya no tiene importancia. Me agrad\u00f3 mucho entrevistar a Santiago Carrillo, en plena clandestinidad, junto a mi colega Vicente Bot\u00edn, una tarde de esas en que uno se cree poco menos que un agente especial. Acud\u00eda a las reuniones clandestinas de las c\u00e9lulas en las que trabajaba, recib\u00edamos comunicados desde la direcci\u00f3n, organizando c\u00f3mo molestar al r\u00e9gimen desde el micr\u00f3fono, viajando a la F\u00eate de L\u2019 Humanit\u00e9 en Par\u00eds, a la de la Unit\u00e1 en Mil\u00e1n\u2026 Recuerdo cuando en Radio Nacional, tras haber visto la noche anterior al Nobel Alexandre Solzhenitsin, entrevistado en la TV bajo unas luces cenitales y en ambiente t\u00e9trico, dediqu\u00e9 mi programa a los Payasos de la Tele: Gabi, Fot\u00f3, Fofito y Solzhenitsin, lo que me cost\u00f3 un mes de empleo y sueldo, amenazas en El Alc\u00e1zar, ABC; en fin, una an\u00e9cdota con sabor netamente espa\u00f1ol. En las primeras elecciones municipales represent\u00e9 al PCE en el spot publicitario dela TVE, con lo que logr\u00e9 que las advertencias y avisos de \u201cTe vamos a matar\u201d, llegaran a mi puerta cada d\u00eda. Fueron a\u00f1os duros, mucho m\u00e1s que la lucha en la dictadura. Para resumir, yo pertenec\u00eda al grupo de Arte y Cultura del PCE, para el que present\u00e9 actos, tertulias, coloquios, la fiesta anual muchos a\u00f1os. Como para el sindicato CCOO. Y nunca me arrepentir\u00e9 de ello. Sigo siendo comunista, pero sin partido.<\/p>\n<p class=\"western\" lang=\"es-ES\" style=\"text-indent: 1.25cm; widows: 0; orphans: 0;\" align=\"JUSTIFY\"><b>Vino luego la transici\u00f3n, hablabas ya de ella. \u00bfQu\u00e9 te parecieron, qu\u00e9 te parecen las posiciones que mantuvo el PCE en esa \u00e9poca? \u00bfNo se pod\u00eda hacer otra cosa? \u00bfHab\u00eda que aceptar la rojigualda y la Monarqu\u00eda?<\/b><\/p>\n<p class=\"western\" lang=\"es-ES\" style=\"text-indent: 1.25cm; font-weight: normal; widows: 0; orphans: 0;\" align=\"JUSTIFY\">Como casi todos los ingenuos de la \u00e9poca, defend\u00ed las posiciones de mi partido hasta que Carrillo abandon\u00f3 el barco. Deduje que se avecinaba una hecatombe y as\u00ed fue. Yo no conoc\u00eda a fondo el texto de la Constituci\u00f3n, pero cuando di lectura a varias normas, sent\u00ed que algo se me romp\u00eda dentro. Desde 1987, menos politizado, continu\u00e9 ofreciendo mis servicios profesionales a las organizaciones de izquierda y a CC.OO.<\/p>\n<p class=\"western\" lang=\"es-ES\" style=\"text-indent: 1.25cm; widows: 0; orphans: 0;\" align=\"JUSTIFY\"><b>En Madrid, aunque no s\u00f3lo, irrumpi\u00f3 en aquellos a\u00f1os la movida. \u00bfTienes alguna opini\u00f3n sobre aquella, digamos, experiencia cultural?<\/b><\/p>\n<p class=\"western\" lang=\"es-ES\" style=\"text-indent: 1.25cm; font-weight: normal; widows: 0; orphans: 0;\" align=\"JUSTIFY\">Creo que en aquella etapa se produjo un espasmo social y cultural innegable, del que surgi\u00f3 algo tan fresco y sano como la colaboraci\u00f3n espont\u00e1nea y entusiasta, por vez primera en la historia reciente, de m\u00fasicos, poetas, dise\u00f1adores, fot\u00f3grafos, modistas, cineastas, dibujantes, guionistas, fil\u00f3sofos, soci\u00f3logos, en torno al fen\u00f3meno m\u00e1s l\u00f3gico tras una etapa negra larga y aburrida. Defiendo la llamada movida con todas las consecuencias. Pero adem\u00e1s, fueron tiempos, como dec\u00edan El Zurdo y Coppini, \u201dasesinos\u201d y \u201cmalos para la l\u00edrica\u201d.<\/p>\n<p class=\"western\" lang=\"es-ES\" style=\"text-indent: 1.25cm; widows: 0; orphans: 0;\" align=\"JUSTIFY\"><b>\u00bfTe gusta el cine de Almod\u00f3var?<\/b><\/p>\n<p class=\"western\" lang=\"es-ES\" style=\"text-indent: 1.25cm; font-weight: normal; widows: 0; orphans: 0;\" align=\"JUSTIFY\">No me duelen prendas a la hora de decir que las \u00fanicas pel\u00edculas de Almod\u00f3var que he soportado fueron \u201cEntre Tinieblas\u201d y \u201cMatador\u201d. Del resto, o no me interesaron o me sal\u00eda a la mitad del filme. Pero no me sucede solo con el cine de Pedro, al que respeto por haber sido el detonante de un cine hispano \u201cdiferente\u201d, sino con otros muchos realizadores espa\u00f1oles y extranjeros. En general, el cine patrio, salvo raras excepciones, me parece falso, in\u00fatil, pretencioso, cobarde y mediocre, algo que Santiago Segura utiliza voluntariamente en sus pel\u00edculas-caspa, que hace de su cine la cima de un barroquismo seudo-c\u00f3mico-pat\u00e9tico, siendo \u00e9l un magn\u00edfico realizador, que podr\u00eda darnos otro tipo de obras\u2026 si le diera la real gana. No he visto, ni me interesa, la saga Torrente. Cuando me aburro, me salgo del local y me voy a la tasca m\u00e1s pr\u00f3xima a tomar un vino; pero perm\u00edteme que diga, que la mejor pel\u00edcula del cine espa\u00f1ol de todos los tiempos es \u201cEl mundo sigue\u201d, de Fernando Fern\u00e1n G\u00f3mez, basada en la novela de Zunzunegui. Una obra que soporta el paso del tiempo, tan actual como el tango Cambalache.<\/p>\n<p class=\"western\" lang=\"es-ES\" style=\"text-indent: 1.25cm; widows: 0; orphans: 0;\" align=\"JUSTIFY\"><b>\u00bfMejor que Bu\u00f1uel, mejor que Erice? \u00bfTe interesa el cine de Iciar Bolla\u00edn?<\/b><\/p>\n<p class=\"western\" lang=\"es-ES\" style=\"text-indent: 1.25cm; font-weight: normal; widows: 0; orphans: 0;\" align=\"JUSTIFY\">\u00a1Hombre!\u2026 he dicho que para m\u00ed esa es una pel\u00edcula antol\u00f3gica, no que Fernando fuera el mejor director de todos los tiempos. Bu\u00f1uel es un director universal, aunque los gui\u00f1os de lo \u201cespa\u00f1ol\u201d m\u00e1s torpe emergieran en casi todas sus obras, como cr\u00edtica sarc\u00e1stica del r\u00e9gimen. Ser\u00eda t\u00f3pico citar t\u00edtulos. Mi respeto por V\u00edctor Erice es tanto, que defiendo con u\u00f1as y dientes obras tan dif\u00edciles como <i>El Sol del Membrillo<\/i>. Claro que debo decir que admiro a Antonio L\u00f3pez tanto como a Eduardo Viola, pintores que no tienen nada en com\u00fan. En cuanto a Bolla\u00edn, creo que es una buena actriz, una realizadora eficaz y original (\u201cTe doy mis ojos\u201d me gust\u00f3 bastante), pero su m\u00e1s reciente filme, al que recrimino un evidente tufo a plagio (me remito a un art\u00edculo que escrib\u00ed en Rebeli\u00f3n*), resulta un producto pol\u00edticamente oportuno, bien construido, narrado, pero no me podr\u00e9 jam\u00e1s quitar de la cabeza el espl\u00e9ndido cine de Jorge Sanjin\u00e9s y la lecci\u00f3n cinematogr\u00e1fica que supone \u201cPara recibir el canto de los p\u00e1jaros\u201d.<\/p>\n<p class=\"western\" lang=\"es-ES\" style=\"text-indent: 1.25cm; widows: 0; orphans: 0;\" align=\"JUSTIFY\"><b>Vinieron luego el 23-F y la OTAN. De lo primero: \u00bfse ha contado toda la verdad sobre lo sucedido, como han apuntado recientemente la primera y tercera autoridad del Estado borb\u00f3nico? Si no es as\u00ed en tu opini\u00f3n, cu\u00e9ntanos tu conjetura.<\/b><\/p>\n<p class=\"western\" lang=\"es-ES\" style=\"text-indent: 1.25cm; font-weight: normal; widows: 0; orphans: 0;\" align=\"JUSTIFY\">Hay un libro fundamental para entender la pre-transici\u00f3n y la traici\u00f3n de la entrada en la OTAN. Se titula <i>La CIA en Espa\u00f1a<\/i>, de Alfredo Grimaldos, que tuve el honor de presentar en la Feria del Libro de La Habana en 2008. Ah\u00ed aparecen cientos de datos, que millones de espa\u00f1oles desconocen, en torno a los temas que has citado. Ning\u00fan director de cine espa\u00f1ol ha osado entrar en el tema.<\/p>\n<p class=\"western\" lang=\"es-ES\" style=\"text-indent: 1.25cm; widows: 0; orphans: 0;\" align=\"JUSTIFY\"><b>Calvo Sotelo nos meti\u00f3 en la OTAN y el PSOE corrobor\u00f3 a\u00f1os m\u00e1s tarde la decisi\u00f3n. \u00bfC\u00f3mo logr\u00f3 el aparato felipista-guerrista convencer y enga\u00f1ar a tantos durante tanto tiempo?<\/b><\/p>\n<p class=\"western\" lang=\"es-ES\" style=\"text-indent: 1.25cm; font-weight: normal; widows: 0; orphans: 0;\" align=\"JUSTIFY\">Recuerdo que cuando tuvo lugar aquel acto en la ciudad Universitaria, llamado \u201cOTAN, de entrada NO\u201d, que mira por d\u00f3nde presentaba un servidor\u2026<\/p>\n<p class=\"western\" lang=\"es-ES\" style=\"text-indent: 1.25cm; widows: 0; orphans: 0;\" align=\"JUSTIFY\"><b>Claro, claro, no me acordaba, \u00a1qu\u00e9 memoria la m\u00eda! Prosigue, prosigue. <\/b><\/p>\n<p class=\"western\" lang=\"es-ES\" style=\"text-indent: 1.25cm; font-weight: normal; widows: 0; orphans: 0;\" align=\"JUSTIFY\">Disculpado est\u00e1s, amigo Salvador. Dec\u00eda, que antes de introducir a Felipe Gonz\u00e1lez me vino a hablar muy nervioso un colega, Eduardo Sotillos (que hab\u00eda sido franquista hasta el 77) para preguntarme c\u00f3mo iba a presentar al se\u00f1or Isidoro. Le contest\u00e9 que de la siguiente manera: \u201cAqu\u00ed llega el pr\u00f3ximo inquilino de la Moncloa\u201d. Palideci\u00f3, rog\u00e1ndome que no lo hiciera as\u00ed, que era m\u00e1s oportuno se\u00f1alar algo referente a \u201cun pol\u00edtico no nos meter\u00e1 en la trampa de la OTAN\u201d. Fui tan est\u00fapido que asent\u00ed. Y mira lo que ha pasado. Claro que, las pocas veces en las que coincidido de nuevo con \u00e9l, huye como alma que lleva el diablo. En aquellos tiempos de ilusi\u00f3n colectiva cre\u00edamos en la honradez. Era necesario creer, tener fe. Para algo hab\u00edamos combatido tantos a\u00f1os.<\/p>\n<p class=\"western\" lang=\"es-ES\" style=\"text-indent: 1.25cm; widows: 0; orphans: 0;\" align=\"JUSTIFY\"><b>Tras el refer\u00e9ndum pro-ot\u00e1nico, irrumpi\u00f3 Izquierda Unida. \u00bfQu\u00e9 balance haces de esta experiencia que ha durado m\u00e1s de un cuarto de siglo?<\/b><\/p>\n<p class=\"western\" lang=\"es-ES\" style=\"text-indent: 1.25cm; font-weight: normal; widows: 0; orphans: 0;\" align=\"JUSTIFY\">Nunca cre\u00ed en IU; as\u00ed se lo dije a uno de los pol\u00edticos m\u00e1s honestos que he conocido en toda mi vida: Julio Anguita. Le admiro, le tengo un afecto enorme, y lament\u00e9 siempre los sustos que pas\u00f3, por tener ese coraz\u00f3n tan grande. La experiencia de 25 a\u00f1os de IU se resume en fracaso absoluto, ineficacia m\u00e1xima y buenas palabras. Al PSOE le encanta tener esa IU sometida, para que le sirva de despensa, donde se esconden presuntos izquierdistas como Luis Garc\u00eda Montero o Pilar Bardem. Cuando recuerdo a la Rosa Aguilar de 1990, m\u00e1s me convenzo de ello. Claro que hay excepciones gloriosas, como la de Juan Manuel S\u00e1nchez Gordillo, una persona ejemplar, un alcalde en el que deber\u00edan mirarse todos los mun\u00edcipes de Europa. O el alcalde de El Borge (en la Axarqu\u00eda malague\u00f1a).<\/p>\n<p class=\"western\" lang=\"es-ES\" style=\"text-indent: 1.25cm; widows: 0; orphans: 0;\" align=\"JUSTIFY\"><b>Si me permites la broma, las excepciones no suelen confirmar sino falsear las reglas, pero \u00bfpor qu\u00e9 hablas de presuntos izquierdistas o de presuntos ciudadanos de izquierda para hablar de Garc\u00eda Montero y Pilar Bardem?<\/b><\/p>\n<p class=\"western\" lang=\"es-ES\" style=\"text-indent: 1.25cm; font-weight: normal; widows: 0; orphans: 0;\" align=\"JUSTIFY\">Uf\u2026 Desde mis 67 a\u00f1os he asistido a naufragios ideol\u00f3gicos, l\u00f3gicos por el dinero que supon\u00eda abandonar un barco que, a pesar de los agujeros, sigue navegando. Me da cierta tristeza ver la larga lista de renuncias habidas en los \u00faltimos 25 a\u00f1os, que el PSOE se ocup\u00f3 de abonar desde su cuenta corriente. Los citados son un peque\u00f1o ejemplo, la punta del iceberg de un colectivo que se resume hoy en el colectivo \u201cSolidarios con Garz\u00f3n\u201d. Tienen nombre de agrupaci\u00f3n c\u00f3mica, como Los Morancos. Los hechos les delatan. Son de aquellos que, al no vivir como pensaban, han terminado pensando como viven.<\/p>\n<p class=\"western\" lang=\"es-ES\" style=\"text-indent: 1.25cm; widows: 0; orphans: 0;\" align=\"JUSTIFY\"><b>Hubo de todo o de casi todo en los primeros gobiernos del PSOE: terrorismo de Estado, reconversiones industriales, innumerables corrupciones, gozosa aceptaci\u00f3n del capitalismo, valores anti- socialistas agitados con cara y desparpajo desde instancias del poder pol\u00edtico. Largo etc\u00e9tera. \u00bfQu\u00e9 paso?, \u00bfc\u00f3mo pudo el partido de Negr\u00edn y \u00c1lvarez del Vayo transformarse de este modo en tan poco tiempo?<\/b><\/p>\n<p class=\"western\" lang=\"es-ES\" style=\"text-indent: 1.25cm; font-weight: normal; widows: 0; orphans: 0;\" align=\"JUSTIFY\">Regreso al libro de Grimaldos, en el que se desvelan las estrategias montadas en Washington, despu\u00e9s de la II Guerra Mundial, para desmantelar en Europa a los partidos comunistas y al verdadero socialismo de aquellos honestos pol\u00edticos, para convertirlo en una suerte de socialdemocracia controlada por USA, a guisa del laborismo brit\u00e1nico. El asesinato de Olof Palme no fue obra de un loco an\u00f3nimo, ni una casualidad funesta, sino un atentado perfecto surgido de las cloacas de la CIA para quitarse de en medio a un socialista consecuente, por tanto peligroso para los intereses de la Casa Blanca. Felipe Isidoro Gonz\u00e1lez, como Javier Solana, aprendieron la forma, lenta pero segura, de descafeinar al PSOE, que no es hoy sino un mal remedo de la democracia cristiana. Entre el PP y el PSOE existen las mismas diferencias que entre Jos\u00e9 Barrionuevo y Rodr\u00edguez Galindo. Controlando los medios p\u00fablicos y privados, es relativamente sencillo, tras la pantomima del 23-F, confundir a un pa\u00eds entero. Me divierto mucho cuando me hablan de la democracia espa\u00f1ola; es como si me pusieran como ejemplo de santidad al papa actual. La impostura que reina hoy en el mundo rebasa todo lo imaginable. Tiempos dif\u00edciles aquellos en los que hay que explicar lo obvio. Fidel Castro, que es un genio pol\u00edtico, dec\u00eda: <i>A los pueblos muchas veces les hablan de democracia los mismos que se la est\u00e1n negando en su propio suelo; a los pueblos les hablan de democracia los mismos que la escarnecen, los mismos que se la niegan y los pueblos no ven m\u00e1s que contradicciones por todas partes. <\/i>Como dec\u00eda mi abuelo: verdades impepinables.<\/p>\n<p class=\"western\" lang=\"es-ES\" style=\"font-weight: normal; widows: 0; orphans: 0;\" align=\"JUSTIFY\"><b>Si Espa\u00f1a, si el Reino borb\u00f3nico espa\u00f1ol no es una democracia, \u00bfqu\u00e9 es entonces en tu opini\u00f3n?<\/b><\/p>\n<p class=\"western\" lang=\"es-ES\" style=\"text-indent: 1.25cm; font-weight: normal; widows: 0; orphans: 0;\" align=\"JUSTIFY\">Este es un r\u00e9gimen neo franquista-mon\u00e1rquico, dotado de una constituci\u00f3n que contiene art\u00edculos vergonzosos (todos los que ata\u00f1en a la Corona), al lado de otros bienintencionados que no se cumplen, remedo zafio de las cartas magnas de otras naciones, cuyo contenido deb\u00eda haber sido revisado tras el 23-F. Lo m\u00e1s siniestro es que la ciudadan\u00eda cree que depositando una papeleta cada 4 a\u00f1os, ya son dem\u00f3cratas. El poder del pueblo (significado de tan violentada palabra) se cumple cuando \u00e9ste es participativo, como en Cuba, y no representativo. Los partidos pol\u00edticos, estructurados como familias mafiosas, en la mejor l\u00ednea Corleone, han quedado atr\u00e1s. En Europa, ya no sirven excepto para justificar la estafa, el robo, el terrorismo de estado, la pobreza, la manipulaci\u00f3n de los medios, la injusticia, en suma. La sociedad debe despertar, tomar la iniciativa; lo malo es que se ha adormecido.<\/p>\n<p class=\"western\" lang=\"es-ES\" style=\"text-indent: 1.25cm; widows: 0; orphans: 0;\" align=\"JUSTIFY\"><b>No recuerdo exactamente en qu\u00e9 a\u00f1o te fuiste a vivir a Cuba. Te pregunto sobre ello a continuaci\u00f3n. \u00bfTe parece?<\/b><\/p>\n<p class=\"western\" lang=\"es-ES\" style=\"text-indent: 1.25cm; font-weight: normal; widows: 0; orphans: 0;\" align=\"JUSTIFY\">Me parece<\/p>\n<p class=\"western\" lang=\"es-ES\" style=\"font-weight: normal; widows: 0; orphans: 0;\" align=\"JUSTIFY\">Nota. HYPERLINK \u00abhttp:\/\/www.rebelion.org\/noticia.php?id=120863\u00bb <u>http:\/\/www.rebelion.org\/noticia.php?id=120863<\/u><\/p>\n<p class=\"western\" lang=\"es-ES\" style=\"font-weight: normal; widows: 0; orphans: 0;\" align=\"LEFT\">\n<p class=\"western\" lang=\"es-ES\" style=\"font-weight: normal; widows: 0; orphans: 0;\" align=\"LEFT\">\n<p class=\"western\" lang=\"es-ES\" style=\"font-weight: normal; widows: 0; orphans: 0;\" align=\"LEFT\">\n","protected":false},"excerpt":{"rendered":"<p>\u201cComo casi todos los ingenuos de la \u00e9poca, defend\u00ed las posiciones de mi partido hasta que Carrillo abandon\u00f3 el barco.<\/p>\n","protected":false},"author":9,"featured_media":0,"comment_status":"open","ping_status":"open","sticky":false,"template":"","format":"standard","meta":{"footnotes":""},"categories":[13],"tags":[1209],"class_list":["post-1536","post","type-post","status-publish","format-standard","hentry","category-la-izquierda-a-debate","tag-carlos-tena"],"aioseo_notices":[],"_links":{"self":[{"href":"https:\/\/espai-marx.net\/index.php?rest_route=\/wp\/v2\/posts\/1536","targetHints":{"allow":["GET"]}}],"collection":[{"href":"https:\/\/espai-marx.net\/index.php?rest_route=\/wp\/v2\/posts"}],"about":[{"href":"https:\/\/espai-marx.net\/index.php?rest_route=\/wp\/v2\/types\/post"}],"author":[{"embeddable":true,"href":"https:\/\/espai-marx.net\/index.php?rest_route=\/wp\/v2\/users\/9"}],"replies":[{"embeddable":true,"href":"https:\/\/espai-marx.net\/index.php?rest_route=%2Fwp%2Fv2%2Fcomments&post=1536"}],"version-history":[{"count":0,"href":"https:\/\/espai-marx.net\/index.php?rest_route=\/wp\/v2\/posts\/1536\/revisions"}],"wp:attachment":[{"href":"https:\/\/espai-marx.net\/index.php?rest_route=%2Fwp%2Fv2%2Fmedia&parent=1536"}],"wp:term":[{"taxonomy":"category","embeddable":true,"href":"https:\/\/espai-marx.net\/index.php?rest_route=%2Fwp%2Fv2%2Fcategories&post=1536"},{"taxonomy":"post_tag","embeddable":true,"href":"https:\/\/espai-marx.net\/index.php?rest_route=%2Fwp%2Fv2%2Ftags&post=1536"}],"curies":[{"name":"wp","href":"https:\/\/api.w.org\/{rel}","templated":true}]}}