{"id":15425,"date":"2024-04-27T05:00:18","date_gmt":"2024-04-27T04:00:18","guid":{"rendered":"https:\/\/espai-marx.net\/?p=15425"},"modified":"2024-04-27T03:00:59","modified_gmt":"2024-04-27T02:00:59","slug":"la-estetica-para-georg-lukacs","status":"publish","type":"post","link":"https:\/\/espai-marx.net\/?p=15425","title":{"rendered":"La est\u00e9tica para Georg Luk\u00e1cs"},"content":{"rendered":"<p><span class=\"x193iq5w xeuugli x13faqbe x1vvkbs x1xmvt09 x1lliihq x1s928wv xhkezso x1gmr53x x1cpjm7i x1fgarty x1943h6x xudqn12 x3x7a5m x6prxxf xvq8zen xo1l8bm xzsf02u x1yc453h\" dir=\"auto\">Organizado por el Departamento de Literatura de la Facultad de Ciencias Humanas de la Universidad Nacional de Colombia en su sede de Bogot\u00e1, con la colaboraci\u00f3n de la <em>Revista Educaci\u00f3n Est\u00e9tica<\/em>, el Doctorado de Arte y Arquitectura de la Universidad Nacional y el Instituto Guimar\u00e3es Rosa se celebr\u00f3 entre el 20 y el 23 de noviembre de 2023 el evento \u00abRealismo: Obras de arte, Cr\u00edtica y Teor\u00eda\u00bb. Una de sus mesas estuvo dedicada a \u00abLa est\u00e9tica para George Luk\u00e1cs\u00bb, publicada en el canal de Youtube del Departamento de Literatura.<br \/>\n<\/span><\/p>\n<p><a href=\"https:\/\/espai-marx.net\/wp-content\/uploads\/2024\/04\/mesa-estetica-lukacs-1.jpg\"><img loading=\"lazy\" decoding=\"async\" class=\"aligncenter wp-image-15428 \" src=\"https:\/\/espai-marx.net\/wp-content\/uploads\/2024\/04\/mesa-estetica-lukacs-1.jpg\" alt=\"\" width=\"549\" height=\"640\" srcset=\"https:\/\/espai-marx.net\/wp-content\/uploads\/2024\/04\/mesa-estetica-lukacs-1.jpg 1081w, https:\/\/espai-marx.net\/wp-content\/uploads\/2024\/04\/mesa-estetica-lukacs-1-258x300.jpg 258w, https:\/\/espai-marx.net\/wp-content\/uploads\/2024\/04\/mesa-estetica-lukacs-1-879x1024.jpg 879w, https:\/\/espai-marx.net\/wp-content\/uploads\/2024\/04\/mesa-estetica-lukacs-1-768x894.jpg 768w\" sizes=\"auto, (max-width: 549px) 100vw, 549px\" \/><\/a><\/p>\n<p><iframe loading=\"lazy\" title=\"La est\u00e9tica para Georg Luk\u00e1cs: Miguel Vedda y Rosario Casas\" width=\"800\" height=\"450\" src=\"https:\/\/www.youtube.com\/embed\/MeFiHcFyHSk?feature=oembed\" frameborder=\"0\" allow=\"accelerometer; autoplay; clipboard-write; encrypted-media; gyroscope; picture-in-picture; web-share\" referrerpolicy=\"strict-origin-when-cross-origin\" allowfullscreen><\/iframe><\/p>\n<p><span class=\"yt-core-attributed-string yt-core-attributed-string--white-space-pre-wrap\"><span class=\"yt-core-attributed-string--link-inherit-color\">10:10<\/span><span class=\"yt-core-attributed-string--link-inherit-color\"> Miguel Vedda (Universidad de Buenos Aires, Argentina): \u00abSobre el Georg Luk\u00e1cs y el realismo\u00bb <\/span><\/span><\/p>\n<p><span class=\"yt-core-attributed-string yt-core-attributed-string--white-space-pre-wrap\"><span class=\"yt-core-attributed-string--link-inherit-color\">51:30<\/span><span class=\"yt-core-attributed-string--link-inherit-color\"> Rosario Casas (Pontificia Universidad Javeriana, Bogot\u00e1): \u00abEl escritor realista como \u00abperfecto fl\u00e2neur\u00bb: reflexiones en torno al concepto de realismo de Georg Luk\u00e1cs\u00bb <\/span><\/span><\/p>\n<p><span class=\"yt-core-attributed-string yt-core-attributed-string--white-space-pre-wrap\"><span class=\"yt-core-attributed-string--link-inherit-color\">1:46:00<\/span><span class=\"yt-core-attributed-string--link-inherit-color\"> Preguntas del p\u00fablico<\/span><\/span><\/p>\n","protected":false},"excerpt":{"rendered":"<p>Organizado por el Departamento de Literatura de la Facultad de Ciencias Humanas de la Universidad Nacional de Colombia en su<\/p>\n","protected":false},"author":5,"featured_media":15429,"comment_status":"open","ping_status":"open","sticky":false,"template":"","format":"standard","meta":{"footnotes":""},"categories":[8,1547,5],"tags":[],"class_list":["post-15425","post","type-post","status-publish","format-standard","has-post-thumbnail","hentry","category-filosofia","category-georg-lukacs","category-literatura"],"aioseo_notices":[],"_links":{"self":[{"href":"https:\/\/espai-marx.net\/index.php?rest_route=\/wp\/v2\/posts\/15425","targetHints":{"allow":["GET"]}}],"collection":[{"href":"https:\/\/espai-marx.net\/index.php?rest_route=\/wp\/v2\/posts"}],"about":[{"href":"https:\/\/espai-marx.net\/index.php?rest_route=\/wp\/v2\/types\/post"}],"author":[{"embeddable":true,"href":"https:\/\/espai-marx.net\/index.php?rest_route=\/wp\/v2\/users\/5"}],"replies":[{"embeddable":true,"href":"https:\/\/espai-marx.net\/index.php?rest_route=%2Fwp%2Fv2%2Fcomments&post=15425"}],"version-history":[{"count":0,"href":"https:\/\/espai-marx.net\/index.php?rest_route=\/wp\/v2\/posts\/15425\/revisions"}],"wp:featuredmedia":[{"embeddable":true,"href":"https:\/\/espai-marx.net\/index.php?rest_route=\/wp\/v2\/media\/15429"}],"wp:attachment":[{"href":"https:\/\/espai-marx.net\/index.php?rest_route=%2Fwp%2Fv2%2Fmedia&parent=15425"}],"wp:term":[{"taxonomy":"category","embeddable":true,"href":"https:\/\/espai-marx.net\/index.php?rest_route=%2Fwp%2Fv2%2Fcategories&post=15425"},{"taxonomy":"post_tag","embeddable":true,"href":"https:\/\/espai-marx.net\/index.php?rest_route=%2Fwp%2Fv2%2Ftags&post=15425"}],"curies":[{"name":"wp","href":"https:\/\/api.w.org\/{rel}","templated":true}]}}