{"id":1543,"date":"2011-05-02T00:00:00","date_gmt":"2011-05-02T00:00:00","guid":{"rendered":"https:\/\/espai-marx.net\/?p=1543"},"modified":"2020-02-21T13:24:47","modified_gmt":"2020-02-21T12:24:47","slug":"etica-y-estetica-en-el-1-de-mayo","status":"publish","type":"post","link":"https:\/\/espai-marx.net\/?p=1543","title":{"rendered":"\u00c9tica y est\u00e9tica en el 1\u00ba de Mayo"},"content":{"rendered":"<p style=\"margin-bottom: 0cm; border: none; padding: 0cm; font-style: normal; font-weight: normal; text-align: left;\" align=\"CENTER\"><em>Carta abierta al Conseller Felip Puig.<\/em><\/p>\n<p style=\"margin-bottom: 0cm; border: none; padding: 0cm;\" align=\"JUSTIFY\">\n<p style=\"margin-bottom: 0cm; border: none; padding: 0cm;\" align=\"JUSTIFY\">Estimado Conseller Felip Puig,<\/p>\n<p style=\"margin-bottom: 0cm; border: none; padding: 0cm;\" align=\"JUSTIFY\">\n<p style=\"margin-bottom: 0cm; border: none; padding: 0cm;\" align=\"JUSTIFY\">Como parece que para usted, el llenar la manifestaci\u00f3n de la tarde del 1 de mayo de Barcelona de polic\u00edas disfrazados de \u201canti-sistemas\u201d no le crea problemas de \u00e9tica, le escribo sobre el tema de la est\u00e9tica, concepto que debe conocer usted un poco m\u00e1s, dado que su sueldo le da como para volver a todos sus polic\u00edas en <i>hipsters.<\/i><\/p>\n<p style=\"margin-bottom: 0cm; border: none; padding: 0cm;\" align=\"JUSTIFY\">Usted intenta que su numerosos Mossos infiltrados vestidos de <i>anti-sistemas<\/i> pasen desapercibidos a los otros manifestantes. Creo que va a tener que contratar mejores asesores de moda y est\u00e9tica y explicarles la diferencia entre <i>grunge <\/i>(un antisistema de verdad) y un <i>hipster<\/i> (un Mosso intentado parecer <i>antisistema<\/i>). Le doy unos ejemplos:<\/p>\n<p style=\"margin-bottom: 0cm; border: none; padding: 0cm;\" align=\"JUSTIFY\">\n<p style=\"margin-left: 1.27cm; text-indent: -0.64cm; margin-bottom: 0cm; border: none; padding: 0cm;\" align=\"JUSTIFY\">&#8211; <b>Ese polic\u00eda infiltrado que llevaba una gorra de b\u00e9isbol con las letras NY de los New York Mets<\/b>: eso es, para que usted me entienda, un <i>faux pas<\/i> como el de los tocados de las hijas de Sarah Ferguson en la boda de Will y Kate. Llama mucho la atenci\u00f3n.<\/p>\n<p style=\"margin-left: 1.27cm; text-indent: -0.64cm; margin-bottom: 0cm; border: none; padding: 0cm;\" align=\"JUSTIFY\">&#8211; <b>Los infiltrados con bufandas cubri\u00e9ndoles la cara por debajo de los ojos<\/b>: Deber\u00eda usted saber que los manifestantes que no somos infiltrados vamos a cara descubierta. Y\u2026\u00bfno quer\u00edan ustedes prohibir las burkas? (Ver el polic\u00eda de la izquierda en la foto <a href=\"http:\/\/www.antena3.com\/noticias\/sociedad\/manifestacion-alternativa-mayo-salda-detenidos_2011050102193.html\" target=\"_BLANK\" rel=\"noopener noreferrer\">http:\/\/www.antena3.com\/noticias\/sociedad\/manifestacion-alternativa-mayo-salda-detenidos_2011050102193.html<\/a>). Los \u00fanicos manifestantes que se cubren la nariz y la boca con una mascarilla son los enfermos de Sensibilidades Qu\u00edmicas M\u00faltiples, y no le voy a dar informaci\u00f3n sobre la particular mascarilla que utilizan estos enfermos para que no las pueda a\u00f1adir a las vestimentas de sus infiltrados.<\/p>\n<p style=\"margin-left: 1.27cm; text-indent: -0.64cm; margin-bottom: 0cm; border: none; padding: 0cm;\" align=\"JUSTIFY\">&#8211; <b>Bambas nuevas: <\/b>Ustedes utilizan nuestro dinero p\u00fablico para comprar a sus infiltrados bambas nuevas (ver foto del polic\u00eda de la derecha con bambas nuevas y limpias). Pero la mayor\u00eda de los j\u00f3venes, los 55% que oficialmente est\u00e1n en el paro y los que ya no tiene ning\u00fan subsidio ni han encontrado su primer trabajo, no se pueden permitir ni las m\u00e1s baratas bambas de Decathlon.<\/p>\n<p style=\"margin-bottom: 0cm; border: none; padding: 0cm;\" align=\"JUSTIFY\">\n<p style=\"margin-bottom: 0cm; border: none; padding: 0cm;\" align=\"JUSTIFY\">En futuras manifestaciones, los manifestantes tomaremos medidas preventivas para identificar a los infiltrados tales como:<\/p>\n<p style=\"margin-bottom: 0cm; border: none; padding: 0cm;\" align=\"JUSTIFY\">\n<p style=\"margin-bottom: 0cm; border: none; padding: 0cm;\" align=\"JUSTIFY\">1. Tomar fotos con el m\u00f3vil de todos los manifestantes que uno no conoce para luego comparar con las fotos de los infiltrados que pegan y detienen a manifestantes. Estas fotos se colgar\u00e1n en la red.<\/p>\n<p style=\"margin-bottom: 0cm; border: none; padding: 0cm;\" align=\"JUSTIFY\">2. Todo manifestante hablar\u00e1 con los que tiene alrededor que no conoce desde el inicio de la manifestaci\u00f3n. Esta semana se pod\u00eda hacer con unas sencillas preguntas como:<\/p>\n<p style=\"margin-left: 1.27cm; text-indent: -0.64cm; margin-bottom: 0cm; border: none; padding: 0cm;\" align=\"JUSTIFY\">&#8211; \u00bfya has dado el p\u00e9same a la familia de Patricia Heras?<\/p>\n<p style=\"margin-left: 1.27cm; text-indent: -0.64cm; margin-bottom: 0cm; border: none; padding: 0cm;\" align=\"JUSTIFY\">&#8211; \u00bfqu\u00e9 te ha parecido la \u00faltima pel\u00edcula de Montxo Armend\u00e1riz?<\/p>\n<p style=\"margin-left: 1.27cm; text-indent: -0.64cm; margin-bottom: 0cm; border: none; padding: 0cm;\" align=\"JUSTIFY\">&#8211; \u00bfcu\u00e1ndo es la pr\u00f3xima manifestaci\u00f3n contra la privatizacion del Parc G\u00fcell?<\/p>\n<p style=\"margin-bottom: 0cm; border: none; padding: 0cm;\" align=\"JUSTIFY\">Pero no tome nota de estas preguntas porque en la pr\u00f3xima manifestaci\u00f3n ya ser\u00e1n otras las preguntas reveladoras de la identidad de manifestante.<\/p>\n<p style=\"margin-bottom: 0cm; border: none; padding: 0cm;\" align=\"JUSTIFY\">3. A lo mejor algunos de nosotros, los manifestantes, iremos disfrazados de polic\u00edas. Esto puede crear situaciones interesantes. Pi\u00e9nselo: polic\u00edas de mentira deteniendo a antisistemas de mentira\u2026El juez lo ver\u00e1 m\u00e1s como teatro que otra cosa y sus infiltrados se pondr\u00e1n muy nerviosos.<\/p>\n<p style=\"margin-bottom: 0cm; border: none; padding: 0cm;\" align=\"JUSTIFY\">4. Tenemos otras ideas pero no queremos estropearle la sorpresa!<\/p>\n<p style=\"margin-bottom: 0cm; border: none; padding: 0cm;\" align=\"JUSTIFY\">\n<p style=\"margin-bottom: 0cm; border: none; padding: 0cm;\" align=\"JUSTIFY\">A cara descubierta y con bambas viejas,<\/p>\n<p style=\"margin-bottom: 0cm; border: none; padding: 0cm;\" align=\"CENTER\"><i>Clara Valverde Gefaell<\/i><\/p>\n<p style=\"margin-bottom: 0cm; border: none; padding: 0cm;\" align=\"CENTER\">\n<p style=\"margin-bottom: 0cm; border: none; padding: 0cm;\" align=\"JUSTIFY\"><i>P.D. Uno de sus Mossos infiltrados dice al manifestante que grab\u00f3 estos videos (que llevaba la misma gorra y las mismas gafas de sol&#8230;claro de de una marca mucho m\u00e1s cara): \u00abno se puede filmar o me quedo el movil y dentro de 6 meses nos vemos en el juzgado\u00bb y a continuaci\u00f3n peg\u00f3 a un manifestante que ten\u00edan en el suelo entre 3 Mossos infiltrados y le pegaron y luego piden si alguien \u00abtiene una cuerda\u00bb (\u00bfah, no llevaban esposas para no delatarse? \u00bfdesde cuando es legal, Sr Puig, en Catalunya, atar a detenidos con cuerdas?)<\/i><\/p>\n","protected":false},"excerpt":{"rendered":"<p>Carta abierta al Conseller Felip Puig. Estimado Conseller Felip Puig, Como parece que para usted, el llenar la manifestaci\u00f3n de<\/p>\n","protected":false},"author":9,"featured_media":0,"comment_status":"open","ping_status":"open","sticky":false,"template":"","format":"standard","meta":{"footnotes":""},"categories":[3],"tags":[],"class_list":["post-1543","post","type-post","status-publish","format-standard","hentry","category-condiciones-de-vida"],"aioseo_notices":[],"_links":{"self":[{"href":"https:\/\/espai-marx.net\/index.php?rest_route=\/wp\/v2\/posts\/1543","targetHints":{"allow":["GET"]}}],"collection":[{"href":"https:\/\/espai-marx.net\/index.php?rest_route=\/wp\/v2\/posts"}],"about":[{"href":"https:\/\/espai-marx.net\/index.php?rest_route=\/wp\/v2\/types\/post"}],"author":[{"embeddable":true,"href":"https:\/\/espai-marx.net\/index.php?rest_route=\/wp\/v2\/users\/9"}],"replies":[{"embeddable":true,"href":"https:\/\/espai-marx.net\/index.php?rest_route=%2Fwp%2Fv2%2Fcomments&post=1543"}],"version-history":[{"count":0,"href":"https:\/\/espai-marx.net\/index.php?rest_route=\/wp\/v2\/posts\/1543\/revisions"}],"wp:attachment":[{"href":"https:\/\/espai-marx.net\/index.php?rest_route=%2Fwp%2Fv2%2Fmedia&parent=1543"}],"wp:term":[{"taxonomy":"category","embeddable":true,"href":"https:\/\/espai-marx.net\/index.php?rest_route=%2Fwp%2Fv2%2Fcategories&post=1543"},{"taxonomy":"post_tag","embeddable":true,"href":"https:\/\/espai-marx.net\/index.php?rest_route=%2Fwp%2Fv2%2Ftags&post=1543"}],"curies":[{"name":"wp","href":"https:\/\/api.w.org\/{rel}","templated":true}]}}