{"id":1550,"date":"2011-05-04T00:00:00","date_gmt":"2011-05-04T00:00:00","guid":{"rendered":"https:\/\/espai-marx.net\/?p=1550"},"modified":"2020-02-21T13:24:03","modified_gmt":"2020-02-21T12:24:03","slug":"comunicat-sobre-la-manifestacio-alternativa-del-1-de-maig-a-barcelona","status":"publish","type":"post","link":"https:\/\/espai-marx.net\/?p=1550","title":{"rendered":"Comunicat sobre la manifestaci\u00f3 alternativa del 1 de maig a Barcelona"},"content":{"rendered":"<p class=\"western\" lang=\"ca-ES\" style=\"margin-bottom: 0cm; font-weight: normal;\" align=\"CENTER\"><i>Papers per tothom, Intersindical Alternativa de Catalunya, Comissions de Base i Cordinadora Obera Sindical<\/i><\/p>\n<p class=\"western\" lang=\"ca-ES\" style=\"margin-bottom: 0cm; font-weight: normal;\" align=\"JUSTIFY\">\n<p class=\"western\" style=\"margin-bottom: 0cm;\" align=\"JUSTIFY\">La manifestaci\u00f3 alternativa de l\u20191 de maig va comptar amb una ampla participaci\u00f3 social que va desbordar les previsions dels organitzadors. Hi van participar sindicats i organitzacions de barri i socials oposades a la pol\u00edtica del govern central, a les retallades efectuades pel govern de la Generalitat, per\u00f2 tamb\u00e9 de l\u2019actitud conciliadora de CC.OO. i UGT que fa poc van firmar amb govern i patronal la retallada negativa de les pensions.<\/p>\n<p class=\"western\" style=\"margin-bottom: 0cm;\" align=\"JUSTIFY\">La pres\u00e8ncia de treballadores, immigrants, aturats, jubilats, fam\u00edlies amb nens i nenes,&#8230; \u00e9s testimoni del suport social a la convocat\u00f2ria i del rebuig que desperta l\u2019actitud governamental davant la crisi.<\/p>\n<p class=\"western\" style=\"margin-bottom: 0cm;\" align=\"JUSTIFY\">En relaci\u00f3 a les declaracions realitzades aquest mat\u00ed pel Conseller d\u2019Interior, volem manifestar:<\/p>\n<p class=\"western\" style=\"margin-bottom: 0cm;\" align=\"JUSTIFY\">Aquesta marxa alternativa del primer de maig, es realitza des de ja fa m\u00e9s de 7 anys i mai havia transcorregut amb enfrontaments com els succe\u00efts ahir. Prenem per sostenir-ho les mateixes declaracions del mateix Conseller: ni el Departament d\u2019Interior ni l\u2019activa Divisi\u00f3 d\u2019Informaci\u00f3 van alertar en cap moment que aix\u00f2 pogu\u00e9s succeir. Els organitzadors vam ser els primers sorpresos.<\/p>\n<p class=\"western\" style=\"margin-bottom: 0cm;\" align=\"JUSTIFY\">Malgrat sigui una obvietat, cal insistir que cap organitzaci\u00f3 sindical ni entitat social comunica legalment una manifestaci\u00f3, donant la cara, sabent que s\u2019han de succeir aquesta mena d\u2019aldarulls i enfrontaments. De fet, a la reuni\u00f3 preparat\u00f2ria es va acordar que la manifestaci\u00f3 seria pac\u00edfica. Cal afegir, a m\u00e9s, que els organitzadors ens desmarquen absolutament d\u2019aquests fets i que no hi tenen res a veure: com en anys anteriors, es tractava d\u2019una mobilitzaci\u00f3 social pac\u00edfica que aplega sindicats alternatius, moviments socials i col\u00b7lectius populars aix\u00ed com, enguany, treballadors de l\u2019ensenyament i la salut p\u00fablica.<\/p>\n<p class=\"western\" style=\"margin-bottom: 0cm;\" align=\"JUSTIFY\">Com a resultat de la pressi\u00f3 i de les brutals c\u00e0rregues policials, la marxa va quedar trencada al carrer Ganduxer. Per\u00f2 gr\u00e0cies a la sang freda dels manifestants, el gruix va aconseguir finalitzar la manifestaci\u00f3, com estava prevista i de forma pac\u00edfica, davant l\u2019Hospital Cl\u00ednic, per denunciar les retallades en la sanitat p\u00fablica. La mateixa nota de premsa dels Mossos d\u2019Esquadra corrobor\u00e0 aquest extrem.<\/p>\n<p class=\"western\" style=\"margin-bottom: 0cm;\" align=\"JUSTIFY\">Al\u00b7legar que la crema, a cara descoberta, d\u2019un ninot amb un falla d\u2019Artur Mas \u00e9s constitutiu d\u2019un delicte d\u2019amenaces \u00e9s una aut\u00e8ntica aberraci\u00f3 jur\u00eddica, que recorda la pol\u00e8mica de la crema de fotos del rei. Cada any, en centenars de manifestacions, es cremen s\u00edmbols o ninots o falles.<\/p>\n<p class=\"western\" style=\"margin-bottom: 0cm;\" align=\"JUSTIFY\">Contra el que es diu, pervertint el llenguatge, el servei d\u2019ordre de qualsevol manifestaci\u00f3 no t\u00e9 cap potestat jur\u00eddica ni atribucions legals per intervenir ni evitar aldarulls d\u2019ordre p\u00fablic. No \u00e9s de rebut i es fora de l\u2019actual ordenament jur\u00eddic vigent, exigir-ho. I tanmateix, el servei d\u2019ordre va anar informant diversos cops que el car\u00e0cter de la marxa era pac\u00edfic, obert i social. El servei d\u2019ordre va vetllar en tot moment pel correcte desenvolupament de la marxa, per la integritat f\u00edsica dels participants i per l\u2019exercici del dret fonamental a manifestar-se que van protagonitzar milers de persones.<\/p>\n<p class=\"western\" style=\"margin-bottom: 0cm;\" align=\"JUSTIFY\">Anunciar la incoaci\u00f3 d\u2019un expedient sancionador als organitzadors de la manifestaci\u00f3 \u2013un c\u00e0stig sense antecedents immediats- \u00e9s una mostra de feblesa pol\u00edtica, i de discurs f\u00e0cil per criminalitzar qualsevol expressi\u00f3 de dissid\u00e8ncia i un intolerable atac obert i directa al teixit social i cr\u00edtic que no deixarem passar. No es pot atribuir a persones o organitzacions, fets que no han com\u00e9s ja que \u00e9s entrar en una perillos\u00edssima deriva autorit\u00e0ria que castiga la gent no pel que fa sin\u00f3 pel que \u00e9s. I d\u2019aix\u00f2 se\u2019n diu Dret Penal d\u2019Enemic.<\/p>\n<p class=\"western\" style=\"margin-bottom: 0cm;\" align=\"JUSTIFY\">Desenes de persones alienes als aldarulls van viure aut\u00e8ntiques escenes de p\u00e0nic, van resultar ferides o van resultar impactades per les noves i lesives pilotes de goma. La virul\u00e8ncia de les c\u00e0rregues, d\u2019agressions gratu\u00eftes i de les pallisses durant les detencions va deixar una llarga llista de persones ferides que hores d\u2019ara encara comptabilitzem. Aquesta viol\u00e8ncia policial ens fa t\u00e9mer per la integritat f\u00edsica dels detinguts i exigim el seu immediat passi a disposici\u00f3 judicial.<\/p>\n<p class=\"western\" style=\"margin-bottom: 0cm;\" align=\"JUSTIFY\">Cal assenyalar, com s\u2019ha acreditat en nombroses cr\u00f2niques period\u00edstiques, que la c\u00e0rrega policial al carrer Ganduxer va arrencar quan diversos joves a cara descoberta van provar de treure el peu d\u2019un manifestant que havia quedat atrapat sota un container que els furgons dels mossos d\u2019esquadra empenyien.<\/p>\n<p class=\"western\" style=\"margin-bottom: 0cm;\" align=\"JUSTIFY\">L\u2019actitud dels agents de pais\u00e0 va tornar a ser, malauradament, reiteradament provocativa i xulesca, amb cops i agressions amb porres extensibles injustificades i injustificables. Els agents van ser detectats des de primera hora en el si de la mobilitzaci\u00f3 i van arribar a participar dels aldarulls. Finalitzada la manifestaci\u00f3, les c\u00e0rregues van prosseguir en una aut\u00e8ntica cacera indiscriminada dels manifestants no implicats en els aldarulls.<\/p>\n<p class=\"western\" style=\"margin-bottom: 0cm;\" align=\"JUSTIFY\">Finalment, cal reprovar obertament i amb contund\u00e8ncia que un Conseller d\u2019Interior anunci\u00ef que <i><b>\u201c<\/b><\/i><i>s\u2019arribar\u00e0 fins on permet la llei<\/i><i><b> i una mica m\u00e9s enll\u00e0\u201d<\/b><\/i><b>.<\/b> El conseller d\u2019Interior ha de garantir els drets fonamentals, no violar-los. Les seves paraules nom\u00e9s poden traduir-se com l\u2019anunci d\u2019un per\u00edode dif\u00edcil per als drets civils, intensiva en abusos de poder i que ens retrocedir\u00e0 a \u00e8poques repressives anteriors.<\/p>\n<p class=\"western\" lang=\"ca-ES\" style=\"margin-bottom: 0cm;\" align=\"JUSTIFY\">\n<p class=\"western\" style=\"margin-bottom: 0cm; font-weight: normal;\" align=\"JUSTIFY\"><i>Les organitzacions convocants:<\/i><\/p>\n<p class=\"western\" style=\"margin-bottom: 0cm; font-weight: normal;\" align=\"JUSTIFY\"><i>Papers per tothom, Intersindical Alternativa de Catalunya, Comissions de Base i Cordinadora Obera Sindical<\/i><\/p>\n","protected":false},"excerpt":{"rendered":"<p>Papers per tothom, Intersindical Alternativa de Catalunya, Comissions de Base i Cordinadora Obera Sindical La manifestaci\u00f3 alternativa de l\u20191 de<\/p>\n","protected":false},"author":9,"featured_media":0,"comment_status":"open","ping_status":"open","sticky":false,"template":"","format":"standard","meta":{"footnotes":""},"categories":[45],"tags":[],"class_list":["post-1550","post","type-post","status-publish","format-standard","hentry","category-proletariado-demos-multidud"],"aioseo_notices":[],"_links":{"self":[{"href":"https:\/\/espai-marx.net\/index.php?rest_route=\/wp\/v2\/posts\/1550","targetHints":{"allow":["GET"]}}],"collection":[{"href":"https:\/\/espai-marx.net\/index.php?rest_route=\/wp\/v2\/posts"}],"about":[{"href":"https:\/\/espai-marx.net\/index.php?rest_route=\/wp\/v2\/types\/post"}],"author":[{"embeddable":true,"href":"https:\/\/espai-marx.net\/index.php?rest_route=\/wp\/v2\/users\/9"}],"replies":[{"embeddable":true,"href":"https:\/\/espai-marx.net\/index.php?rest_route=%2Fwp%2Fv2%2Fcomments&post=1550"}],"version-history":[{"count":0,"href":"https:\/\/espai-marx.net\/index.php?rest_route=\/wp\/v2\/posts\/1550\/revisions"}],"wp:attachment":[{"href":"https:\/\/espai-marx.net\/index.php?rest_route=%2Fwp%2Fv2%2Fmedia&parent=1550"}],"wp:term":[{"taxonomy":"category","embeddable":true,"href":"https:\/\/espai-marx.net\/index.php?rest_route=%2Fwp%2Fv2%2Fcategories&post=1550"},{"taxonomy":"post_tag","embeddable":true,"href":"https:\/\/espai-marx.net\/index.php?rest_route=%2Fwp%2Fv2%2Ftags&post=1550"}],"curies":[{"name":"wp","href":"https:\/\/api.w.org\/{rel}","templated":true}]}}