{"id":1552,"date":"2011-05-07T00:00:00","date_gmt":"2011-05-07T00:00:00","guid":{"rendered":"https:\/\/espai-marx.net\/?p=1552"},"modified":"2020-02-21T13:15:26","modified_gmt":"2020-02-21T12:15:26","slug":"por-una-revolucion-ciudadana-democratica-y-republicana","status":"publish","type":"post","link":"https:\/\/espai-marx.net\/?p=1552","title":{"rendered":"Por una revoluci\u00f3n ciudadana democr\u00e1tica y republicana"},"content":{"rendered":"<p>Vivimos en un estado de excepci\u00f3n que se est\u00e1 convirtiendo en permanente. Su sustancia el dominio de los grupos de poder econ\u00f3micos y la suspensi\u00f3n del Derecho. Su forma, la democracia olig\u00e1rquica. La soberan\u00eda popular est\u00e1 siendo progresivamente sustituida por lo que llaman la gobernanza europea, que no es mas que, la alianza de los grandes oligopolios y la burocracia de la Uni\u00f3n eficazmente dirigidas por el Banco Central. Esos poderes f\u00e1cticos toman las decisiones fundamentales, fijan los l\u00edmites y convierten nuestros d\u00e9biles \u00f3rganos representativos en simples asambleas de ratificaci\u00f3n.<\/p>\n<p>Las crisis suelen poner de manifiesto la verdadera naturaleza explotadora del capitalismo: la autonom\u00eda del Estado se reduce, las pol\u00edticas econ\u00f3micas expresan abiertamente los intereses del capital, los derechos sindicales, laborales y sociales de asalariados y asalariadas, son cuestionados por las constricciones sist\u00e9micas (paro y precariedad) y por las estrategias de gesti\u00f3n puestas en pr\u00e1ctica por el gobierno y la patronal. En el centro, el poder en sentido fuerte. La pol\u00edtica adquiere sus verdaderas dimensiones de clase: producir una gigantesca redistribuci\u00f3n de renta, riqueza y poder a favor de los grupos econ\u00f3micamente dominantes. Todas las medidas de Zapatero tiene ese sesgo: la (contra) reforma laboral, las medidas tomadas (con el impagable acuerdo sindical) sobre las pensiones y las conversaciones iniciadas para modificar aspectos relevantes de la negociaci\u00f3n colectiva. Lo que importa es debilitar la capacidad contractual de trabajadoras y trabajadores garantizando su sobreexplotaci\u00f3n. El ajuste laboral permanente es el medio para mercantilizar sistem\u00e1ticamente la fuerza de trabajo y ofrecerla \u201clibre de derechos y poder\u201d a los empresarios.<\/p>\n<p>No nos enga\u00f1emos, la plutocracia internacional que hoy domina el mundo va a exigir m\u00e1s sangre, m\u00e1s sacrificios humanos para el supremo objetivo de cobrar sus prestamos. Detr\u00e1s de la Comisi\u00f3n y del Banco Central est\u00e1 el capital financiero franc\u00e9s y alem\u00e1n que, obviamente, tienen a sus Estados para exigir lo adeudado. El artificio es discursivamente poderoso: una crisis, sin culpables, presentada como una cat\u00e1strofe geol\u00f3gica. Estados que rescatan a los ricos y que terminan por endeudarse masivamente. La oligarqu\u00eda financiera (anteriormente salvados con dinero p\u00fablico) que exigen planes dur\u00edsimos de ajuste a las poblaciones para asegurar que lo prestado se pague a tiempo. Todos los poderes p\u00fablicos se someten a este chantaje y, lo que es peor, lo legitiman en nombre de las inexorables leyes de la llamada econom\u00eda de mercado.<\/p>\n<p>Cada crisis exige desposeer a las personas de derechos, de riqueza colectiva y el sobre expolio de la naturaleza para reiniciar, cueste lo que cueste, el proceso de acumulaci\u00f3n capitalista. Sit\u00faa en el puesto de mando a la violencia, el pillaje de naciones enteras y la militarizaci\u00f3n de las relaciones internacionales. La llamada \u201cacumulaci\u00f3n primitiva\u201d aparece como un rasgo estructural del funcionamiento del sistema. Todas las salidas a las crisis son centralmente pol\u00edticas y depender\u00e1n de las correlaciones de fuerzas nacionales y pol\u00edtico-militares internacionales. Esto \u00faltimo es un aspecto esencial: vivimos una transici\u00f3n geopol\u00edtica de grandes dimensiones donde la crisis econ\u00f3mica es causa y efecto. La singularidad del momento presente es esta inaudita acumulaci\u00f3n de crisis: financiera, econ\u00f3mica, geopol\u00edtica, energ\u00e9tica y medioambiental, que tienen como \u201ccentro de anudamiento\u201d a los Estados Unidos.<\/p>\n<p>La persona com\u00fan vive esta crisis como una amargo despertar de lo que podr\u00edamos llamar \u201clas promesas creadas e incumplidas de la globalizaci\u00f3n neoliberal\u201d. En Espa\u00f1a, despu\u00e9s de un ciclo de m\u00e1s de dos d\u00e9cadas de crecimiento, tiene el efecto de un aut\u00e9ntico shock psicol\u00f3gico: en momentos que cre\u00edamos que \u00edbamos al ser al fin \u201ccomo ellos\u201d (como los europeos), que el euro era nuestra salvaci\u00f3n y que nos colocaba entre las naciones m\u00e1s ricas; que los conflictos entre las clases se hab\u00edan acabado y que los ciudadanos tendr\u00edamos que escoger cada cuatro a\u00f1os a la fuerza pol\u00edtica que mejor gestionaba este modelo destinado a librarnos, por fin, del atraso y las postraci\u00f3n.<\/p>\n<p>De lo que pocos, poqu\u00edsimos, hablaban era de las caracter\u00edsticas de dicho patr\u00f3n: dependencia del ladrillo, crecimiento espectacular de las desigualdades, predominio del empleo de baja calidad, escasa productividad y masivamente precario. Y lo fundamental el estancamiento de los salarios e incremento sustancial de los excedentes empresariales. Todo ello, con un sistema fiscal injusto que segu\u00eda gravando m\u00e1s a los que menos tienen y que es incapaz de garantizar unos servicios p\u00fablicos universales y de calidad.<\/p>\n<p>Hay dos elementos que dicen mucho de lo que estaba pasando: la pobreza no disminu\u00eda y la econom\u00eda sumergida tampoco. Sin embargo las consecuencias mas graves y m\u00e1s duraderas de dicho patr\u00f3n de crecimiento fueron las medioambientales: pr\u00e1cticamente todo el territorio del Estado fue mercantilizado y puesto a disposici\u00f3n de unos grupos de poder econ\u00f3micos insaciables, que acumularon inmensas riquezas en poqu\u00edsimo tiempo.<\/p>\n<p>Aqu\u00ed aparece un asunto que iba tener enormes consecuencias para el futuro. La banca viendo el enorme negocio del ladrillo (era el sue\u00f1o del alquimista: convertir piedras en plata y oro) se fueron a los mercados exteriores, alemanes y franceses, b\u00e1sicamente, a endeudarse y seguir inflando una burbuja cada vez m\u00e1s grande y en riesgo creciente de explosi\u00f3n. Esas deudas siguen ah\u00ed y ahora de lo que se trate es que las paguen los ciudadanos y las ciudadanas. Este es el problema real que los gobiernos callan y que los medios sistem\u00e1ticamente ocultan.<\/p>\n<p>\u00bfC\u00f3mo ha sido posible esto? \u00bfC\u00f3mo es que se ignoraran las voces que durante a\u00f1os advirtieron de la insostenibilidad del modelo?. La cuesti\u00f3n de fondo fue y sigue siendo la captura de la clase pol\u00edtica por los grupos de poder econ\u00f3mico. La oligarqu\u00eda ha conseguido que sus intereses se conviertan en los intereses de nuestra sociedad y eso ha sido posible por la corrupci\u00f3n. La corrupci\u00f3n fue, al principio, lubricante y, al final, fundamento del modelo. Esta ha sido general y no se puede ni se debe ocultar. Desde la c\u00fapula del Estado hasta la administraci\u00f3n local, permitida y legitimada por las Autonom\u00edas. Y no solo eso, las poblaciones, consciente de lo que ocurr\u00eda, apoyaron sin grandes dudas a los pol\u00edticos corruptos, bajo el principio de que \u201ctodos roban, pero los nuestros, al menos, hacen algo\u201d (obras y muchas, much\u00edsimas, gr\u00faas, se\u00f1al inequ\u00edvoca de progreso y modernidad). Al final, lo peor ha sido la degradaci\u00f3n de la cultura de clase y el deterioro sin precedentes de las virtudes ciudadanas.<\/p>\n<p>Despiertos ya a la realidad, ahora lo que se busca no es otra cosa que subterfugios para eludirla. De los \u201cbrotes verdes\u201d pasamos a los dolorosos ajustes y de ellos, a las \u201cm\u00e1gicas soluciones\u201d del Partido Popular, es decir, de un ajuste duro a un ajuste simplemente salvaje. Lo que hay en el trasfondo son unos ciudadanos que como \u00e1tomos sueltos y solitarios, viven con miedo al futuro y buscan soluciones f\u00e1ciles a las que agarrarse. Son ciudadanos y ciudadanas sin derechos y sin poder, sometidos a la tiran\u00eda de unas fuerzas econ\u00f3micas insaciables en alianza con una clase pol\u00edtica corrompida sin convicciones ni principios.<\/p>\n<p>No hay soluciones f\u00e1ciles y cualquiera de ellas va a exigir compromiso, organizaci\u00f3n y movilizaci\u00f3n social. La condici\u00f3n fundamental para que las y los de abajo influyan y tengan voz es crear un aut\u00e9ntico poder ciudadano. Hay que indignarse, rebelarse y, sobre todo, luchar. El primer derecho a reivindicar es el derecho a resistirse a la tiran\u00eda de la oligarqu\u00eda financiera y a proteger nuestra sociedad del capitalismo. La aut\u00e9ntica alternativa est\u00e1 en optar o por la regresi\u00f3n social y la involuci\u00f3n autoritaria o por una sociedad justa, democr\u00e1tica y fraterna, es decir, una rep\u00fablica de hombres y mujeres libres e iguales.<\/p>\n<p>Para organizar la resistencia es necesario, en primer lugar, tomar la realidad tal como es y no enga\u00f1ar ni enga\u00f1arse. La crisis no ha hecho nada m\u00e1s que comenzar y durar\u00e1 mucho tiempo. El tiempo pasado no volver\u00e1 y juntos tenemos que construir nuestro futuro.<\/p>\n<p>En segundo lugar, es bastante probable que en un plazo medio, Espa\u00f1a tenga que ser \u201crescatada\u201d, es decir, que para cobrar sus deudas, la plutocracia internacional va a exigir un ajuste salvaje en la econom\u00eda y en la sociedad espa\u00f1ola, dando paso a lo que podr\u00edamos llamar una \u201clatino americanizaci\u00f3n\u201d de nuestra vida p\u00fablica con la puesta en pr\u00e1ctica de lo que Naomi Klein denomin\u00f3 hace ya a\u00f1os, la \u201cdoctrina del shock\u201d.<\/p>\n<p>En tercer lugar, la izquierda social, pol\u00edtica y cultural espa\u00f1ola es, comparativamente, d\u00e9bil y sus v\u00ednculos con la sociedad muy limitados. La despolitizaci\u00f3n del conflicto social, la p\u00e9rdida de la centralidad de las clases trabajadoras y el predominio de un individualismo de masas de grandes proporciones, combinado, con actitudes de \u201cnuevos ricos\u201d, dejan pr\u00e1cticamente inerme a la sociedad ante los poderes fuertes del capitalismo y sus instituciones.<\/p>\n<p>No se trata de ahora de ofrecer programas de gobierno ni de propuestas solo ni principalmente electorales. La respuesta est\u00e1 mucho m\u00e1s all\u00e1 y es radical: construir el \u201cpartido de oposici\u00f3n\u201d a las estructuras econ\u00f3mica y de poder dominantes hoy en Espa\u00f1a. Para ello har\u00eda falta:<\/p>\n<p><strong>1.- Poder constituyente y soberan\u00eda popular.<\/strong><\/p>\n<p>No hay que dar demasiadas vueltas, la Constituci\u00f3n del 78 ha dejado de estar vigente en muchos de sus aspectos esenciales y ha sido sustituida por una constituci\u00f3n material que legitima las pol\u00edticas neoliberales y que tiene a la integraci\u00f3n europea como instrumento fundamental, todo ello al margen de la ciudadan\u00eda. Hablamos de revoluci\u00f3n ciudadana porque la ciudadan\u00eda ha sido expropiada de su poder constituyente y la soberan\u00eda popular convertida en mera ret\u00f3rica sin contenido pol\u00edtico alguno.<\/p>\n<p><strong>2.- Construcci\u00f3n de un nuevo Estado democr\u00e1tico republicano.<\/strong><\/p>\n<p>Enlazar democratizaci\u00f3n pol\u00edtica y social en momentos de crisis sist\u00e9mica como la que vivimos sigue siendo la garant\u00eda de que las mayor\u00edas sociales tengan voz, proyecto y autonom\u00eda. El\u201d hilo rojo\u201d perdido entre rep\u00fablica y socialismo tiene posibilidades reales de encuentro protagonizando las luchas de las poblaciones y el derecho a decidir su futuro y a organizar su modo de vida.<\/p>\n<p><strong>3.- La defensa de la sociedad frente al capitalismo.<\/strong><\/p>\n<p>El objetivo es construir una econom\u00eda centrada en las necesidades b\u00e1sicas de las personas, socialmente sostenible, que deje abierta la posibilidad de modelos sociales y econ\u00f3micos en la perspectiva del socialismo. Elemento esencial ser\u00e1 garantizar los derechos sociales para todos y todas en un tipo de Estado que intervenga activamente en la econom\u00eda, regule el mercado, planifique el desarrollo y redistribuya la renta, la riqueza y el poder.<\/p>\n<p><strong>4.- Construir un verdadero Federalismo Republicano.<\/strong><\/p>\n<p>El llamado Estado de las Autonom\u00edas ha dado de s\u00ed todo lo que cab\u00eda esperar y ha puesto de manifiesto algo sobre lo cual se deber\u00eda reflexionar en serio: su compatibilidad con el orden neoliberal dominante. Todas las burgues\u00edas son de Estado, se complementan, sue\u00f1an con un orden superior, el federalismo neoliberal de la Uni\u00f3n Europea, y todas tienen en com\u00fan su desprecio a la soberan\u00eda popular y los poderes ciudadanos.<\/p>\n<p><strong>5.-Salir de la falsas disyuntivas del europeismo dominante.<\/strong><\/p>\n<p>Hay que atreverse a decir la verdad: esta Europa no da m\u00e1s de s\u00ed en su formato actual. Desde la izquierda transformadora se hab\u00eda venido denunciando que este tipo de Europa divide a las naciones, fomenta un modelo social contrario a las aspiraciones mayoritarias de las personas y los pueblos, nos subordina a los intereses de la administraci\u00f3n norteamericana y nos separa de pa\u00edses y pueblos que est\u00e1n luchando por construir un nuevo orden internacional m\u00e1s justo y democr\u00e1tico.<\/p>\n<p>Esta es la Europa alemana, al servicio de los intereses del capital financiero franco-alem\u00e1n. Espa\u00f1a, en la pr\u00e1ctica, es una \u201ccomunidad aut\u00f3noma\u201d de la Uni\u00f3n Europea a la que hemos traspasado una parte sustancial de nuestra soberan\u00eda y de la que hoy somos rehenes sin haberlo decidido democr\u00e1tica y colectivamente. O la UE pasa a ser un Estado Federal o los Estados tendr\u00e1n que volver a reclamar su soberan\u00eda plena.<\/p>\n<p>Como antes se ha dicho, lo que se propone aqu\u00ed no es f\u00e1cil y exigir\u00e1 mucha convicci\u00f3n y capacidad de sacrificio. Para muchos, esto que aqu\u00ed se defiende son cosas de otra galaxia y poco o nada tiene que ver con lo que nos pasa. Esos mismos, con la prepotencia que les caracteriza, sonrieron ante las cr\u00edticas al Tratado de Maastricht, nos llamaron ilusos cuando dijimos que una moneda \u00fanica, en las condiciones de esa Europa, pon\u00edan en peligro su unidad y el futuro econ\u00f3mico de Espa\u00f1a.<\/p>\n<p>Es la misma gente que nos llamaron antipatriotas a los que ven\u00edamos diciendo que el modelo de crecimiento y acumulaci\u00f3n espa\u00f1ola era insostenible. Son los mismos que se asustaron ante los que venia y que pasaron de \u201crefundar el capitalismo\u201d a defender el car\u00e1cter \u201cpatri\u00f3tico\u201d de un ajuste econ\u00f3mico y social dictado por los poderes econ\u00f3micos de siempre, que perjudica a la mayor\u00eda de la gente y que profundizar\u00e1 la crisis.<\/p>\n<p>Pero lo ut\u00f3pico es pensar que se puede volver a la situaci\u00f3n anterior; que la crisis es cosa de unos a\u00f1os y que los sacrificios de hoy ser\u00e1n los beneficios del ma\u00f1ana. Aunque lo nieguen, ellos saben que esto no ser\u00e1 as\u00ed y que las diferencias que hay en la clase pol\u00edtica est\u00e1n m\u00e1s en el c\u00f3mo que en el cu\u00e1nto y qu\u00e9, al final, ser\u00e1 la ciudadan\u00eda la que tendr\u00e1 que soportar el ajuste duro de la crisis viendo como disminuyen sus derechos sociales, laborales y democr\u00e1ticos. En definitiva, terminar siendo una vez m\u00e1s, s\u00fabditos y no ciudadanos y ciudadanas.<\/p>\n<p>En ese contexto, las Mesas de Convergencia significan una ventana a la esperanza en momentos poco propicios para la resistencia y la ilusi\u00f3n racionalmente fundamentada. El objetivo es construir movimiento social para la alternativa al neoliberalismo y sus estructuras de poder. Para ello debemos combinar dos actitudes nada f\u00e1ciles: defender principios claros y hacerlo sin sectarismos. Lo decisivo es, la acci\u00f3n, compromisos concretos que movilicen, generen presencia p\u00fablica y den a las gentes confianza en sus propias fuerzas. Trenzar alianzas desde abajo, partiendo de las necesidades de las personas y con la vista puesta en ampliar siempre las dimensiones del movimiento.<\/p>\n<p>Fuente: Rebeli\u00f3n<\/p>\n","protected":false},"excerpt":{"rendered":"<p>Vivimos en un estado de excepci\u00f3n que se est\u00e1 convirtiendo en permanente. Su sustancia el dominio de los grupos de<\/p>\n","protected":false},"author":9,"featured_media":1553,"comment_status":"open","ping_status":"open","sticky":false,"template":"","format":"standard","meta":{"footnotes":""},"categories":[13],"tags":[],"class_list":["post-1552","post","type-post","status-publish","format-standard","has-post-thumbnail","hentry","category-la-izquierda-a-debate"],"aioseo_notices":[],"_links":{"self":[{"href":"https:\/\/espai-marx.net\/index.php?rest_route=\/wp\/v2\/posts\/1552","targetHints":{"allow":["GET"]}}],"collection":[{"href":"https:\/\/espai-marx.net\/index.php?rest_route=\/wp\/v2\/posts"}],"about":[{"href":"https:\/\/espai-marx.net\/index.php?rest_route=\/wp\/v2\/types\/post"}],"author":[{"embeddable":true,"href":"https:\/\/espai-marx.net\/index.php?rest_route=\/wp\/v2\/users\/9"}],"replies":[{"embeddable":true,"href":"https:\/\/espai-marx.net\/index.php?rest_route=%2Fwp%2Fv2%2Fcomments&post=1552"}],"version-history":[{"count":0,"href":"https:\/\/espai-marx.net\/index.php?rest_route=\/wp\/v2\/posts\/1552\/revisions"}],"wp:featuredmedia":[{"embeddable":true,"href":"https:\/\/espai-marx.net\/index.php?rest_route=\/wp\/v2\/media\/1553"}],"wp:attachment":[{"href":"https:\/\/espai-marx.net\/index.php?rest_route=%2Fwp%2Fv2%2Fmedia&parent=1552"}],"wp:term":[{"taxonomy":"category","embeddable":true,"href":"https:\/\/espai-marx.net\/index.php?rest_route=%2Fwp%2Fv2%2Fcategories&post=1552"},{"taxonomy":"post_tag","embeddable":true,"href":"https:\/\/espai-marx.net\/index.php?rest_route=%2Fwp%2Fv2%2Ftags&post=1552"}],"curies":[{"name":"wp","href":"https:\/\/api.w.org\/{rel}","templated":true}]}}