{"id":15531,"date":"2024-05-18T05:00:51","date_gmt":"2024-05-18T04:00:51","guid":{"rendered":"https:\/\/espai-marx.net\/?p=15531"},"modified":"2024-05-18T04:26:25","modified_gmt":"2024-05-18T03:26:25","slug":"la-ssa-proteccion-para-los-agricultores-y-agricultoras","status":"publish","type":"post","link":"https:\/\/espai-marx.net\/?p=15531","title":{"rendered":"La SSA: protecci\u00f3n para los agricultores y agricultoras"},"content":{"rendered":"<p><strong>Una ira leg\u00edtima en com\u00fan contra un sistema insostenible<\/strong><\/p>\n<p>El campo est\u00e1 en pie de guerra. Por toda Francia y por varios pa\u00edses de Europa, miles de agricultores y agricultoras se han movilizado para denunciar un sistema que resulta insostenible debido a las exigencias productivistas de la Pol\u00edtica Agr\u00edcola Com\u00fan (PAC), las normativas medioambientales carentes de medios para la aplicaci\u00f3n, las leyes administrativas desconectadas de la realidad y la injusta captaci\u00f3n del valor a\u00f1adido por parte de las grandes distribuidoras.<\/p>\n<p>Faltan personas trabajando en el campo para garantizar buenas condiciones laborales y, al mismo tiempo, cuidar del medio ambiente. M\u00e1s del 20\u00a0% de los agricultores y agricultoras viven por debajo del umbral de la pobreza y en Francia se contabiliza un suicidio al d\u00eda en las profesiones agrarias.<br \/>\nPor lo tanto, las uvas de la ira ya han madurado en un contexto econ\u00f3mico liberal, en el que las condiciones de trabajo y la protecci\u00f3n de los seres vivos no les importa en absoluto a quienes sacan provecho del sistema. Su l\u00f3gica cortoplacista tan solo busca el beneficio privado, no el inter\u00e9s general.<\/p>\n<p>Asimismo, nos quieren vender una supuesta alianza entre el sector agrario y la extrema derecha y una ruptura entre el primer sector y el ecologismo. Ya se intuye la orientaci\u00f3n de esta deplorable manipulaci\u00f3n medi\u00e1tica. No nos dejemos enga\u00f1ar. Los agricultores y agricultoras no se han movilizado para reclamar que se destruyan m\u00e1s los suelos o se aumente a toda costa la producci\u00f3n (y por ende el trabajo).<\/p>\n<p>Tienen diversas reivindicaciones, pero hay un consenso en lo relacionado con la renta. Es natural que exijan vivir dignamente de su trabajo, \u00bfqu\u00e9 menos?<\/p>\n<p>Otro punto en com\u00fan es el deseo de un mayor reconocimiento, un reconocimiento a la altura del trabajo que realizan y de la utilidad social de las profesiones agrarias. De la misma manera, podemos o\u00edr que la mayor\u00eda se opone a los sucesivos acuerdos de libre comercio que tienen el fin de fomentar una competencia global entre los trabajadores y trabajadoras agrarias de todo el mundo. Tambi\u00e9n denuncian los mandatos contradictorios que los empujan, por un lado, al productivismo y la competici\u00f3n internacional y por otro, a la transici\u00f3n agroecol\u00f3gica de los modelos de producci\u00f3n.<\/p>\n<p>La crisis, testimonio de un sistema alimentario insostenible, tiene gran envergadura y consume y asola a personas y recursos naturales. Es un sistema que no da m\u00e1s de s\u00ed. Ya no se produce para alimentar sino para enriquecer a una minor\u00eda de actores que dominan el complejo agroindustrial, a expensas de la mayor\u00eda de los agricultores y agricultoras.<\/p>\n<p>As\u00ed que la necesidad de imaginar otra forma de organizar el sistema alimentario es ahora mayor que nunca.<\/p>\n<p><strong>Socializar la alimentaci\u00f3n para desestancar la agricultura<\/strong><\/p>\n<p>Sin tratarse de una soluci\u00f3n m\u00e1gica a todas esas reivindicaciones, la propuesta de la Seguridad Social de la Alimentaci\u00f3n (SSA) tiene el potencial de aportar respuestas importantes.<\/p>\n<p>Para definir un sistema agrario coherente y justo, no hay nadie m\u00e1s indicado que las propias personas interesadas, es decir, los consumidores y consumidoras \u2014entre ellos los productores y productoras\u2014 en un contexto social de cooperaci\u00f3n y de ayuda mutua, m\u00e1s que de competici\u00f3n y de sobreproducci\u00f3n impuesta.<\/p>\n<p><strong>La SSA es una idea simple con un gran potencial transformador<\/strong><\/p>\n<p>Se trata de integrar la alimentaci\u00f3n en el r\u00e9gimen de la seguridad social.<\/p>\n<p>La SSA tiene una base de tres pilares: La universalidad \u2014todo el mundo se beneficia de ella, ricos y pobres\u2014, la financiaci\u00f3n, basada en la cotizaci\u00f3n social y la elecci\u00f3n democr\u00e1tica de los proveedores seleccionados para formar parte de este sistema concertado en todos los sectores de la alimentaci\u00f3n (producci\u00f3n, transformaci\u00f3n, distribuci\u00f3n).<\/p>\n<p>Concretamente, la Seguridad Social de la Alimentaci\u00f3n permitir\u00eda, por una parte, atribuir a todas las personas un importe mensual destinado a la alimentaci\u00f3n \u2014por ejemplo 150 euros\u2014 para aprovisionarse de productos en puntos de venta concertados y, por otra, ofrecer\u00eda una renta justa y digna a las personas con profesiones relacionadas con la alimentaci\u00f3n (producci\u00f3n, transformaci\u00f3n, distribuci\u00f3n).<\/p>\n<p><strong>Emanciparse del mercado para asegurar rentas agr\u00edcolas dignas<\/strong><\/p>\n<p>La Seguridad Social de la Alimentaci\u00f3n es una palanca para asegurar el acceso universal a una determinada alimentaci\u00f3n y para ayudar a garantizar las rentas agrarias. En un momento en el que la alimentaci\u00f3n supone una variable de ajuste para los presupuestos cada vez m\u00e1s precarizados de los hogares, la SSA garantizar\u00eda un presupuesto alimentario no compresible. De esa manera, se dar\u00eda un respiro a un sector totalmente constre\u00f1ido por la carrera a la baja de los precios.<\/p>\n<p>Con este sistema concertado, los productores y productoras se emancipar\u00edan de las leyes del mercado internacional y financiero, as\u00ed como de las grandes distribuidoras que explotan su trabajo de manera repudiable.<\/p>\n<p>El sistema no solo permite salir de la competencia dentro de las cadenas de suministro agr\u00edcolas, sino que tambi\u00e9n evita la venta de productos alimentarios a precios impuestos por el mercado. Con la SSA se fija un precio justo que aporta una buena remuneraci\u00f3n porque se decide de manera democr\u00e1tica y colectiva.<\/p>\n<p><strong>Frente a los mandatos incoherentes, la organizaci\u00f3n democr\u00e1tica de la demanda<\/strong><\/p>\n<p>Nuestro sistema agrario est\u00e1 sometido a mandatos contradictorios y carece de planificaci\u00f3n. Hoy en d\u00eda nuestra agricultura est\u00e1 dirigida por el mercado y por pol\u00edticas p\u00fablicas con dificultades para definir rutas claras con medios para recorrerlas. El mercado, inestable y hostil debido a una apertura cada vez mayor, debilita los negocios y lleva a producir cada vez m\u00e1s y a un precio m\u00e1s bajo.<\/p>\n<p>Los \u00f3rganos p\u00fablicos nos animan algunas veces a convertir en m\u00e1s verdes los m\u00e9todos de producci\u00f3n y a reconstruir nuestra soberan\u00eda alimentaria, y otras veces a aumentar la competitividad para conseguir mercados extranjeros y respaldar la internacionalizaci\u00f3n.<\/p>\n<p>Frente a la desorganizaci\u00f3n y la ley del m\u00e1s fuerte que caracteriza la dictadura del mercado, la Seguridad Social de la Alimentaci\u00f3n propone una direcci\u00f3n clara para la agricultura. \u00bfC\u00f3mo? Organizando la demanda alimentaria de manera democr\u00e1tica. Porque hay que elegir entre mantener vivos unos territorios donde el campesinado pueda vivir de su actividad y potenciar una agroindustria pensada para la exportaci\u00f3n y la competici\u00f3n internacional.<\/p>\n<p>Hoy en d\u00eda, ni los consumidores y consumidoras, ni los agricultores y agricultoras tienen la posibilidad de elegir sin presi\u00f3n el modelo de producci\u00f3n en el que participan. Mediante la concertaci\u00f3n y la organizaci\u00f3n democr\u00e1tica de la demanda, la Seguridad Social de la Alimentaci\u00f3n propone empoderar a todas las personas. Cuando las elecciones se llevan a cabo con conocimiento de causa y sin la presi\u00f3n financiera del mercado, es muy probable que resulten provechosas para toda la cadena&#8230; \u00a1de la granja a la mesa!<\/p>\n<p>Ya son muchas las personas agricultoras, trabajadoras \u2014del sector agr\u00edcola o no\u2014, que proponen una Seguridad Social de la Alimentaci\u00f3n, a nivel local y por toda Francia.<\/p>\n<p>A todas luces, una pol\u00edtica de esas caracter\u00edsticas tiene numerosas repercusiones en la organizaci\u00f3n del sistema agrario y alimentario y abre multitud de posibilidades para la agricultura.<\/p>\n<p><strong>\u00a1Todo el mundo tiene que comer, la alimentaci\u00f3n nos concierne a todas y a todos, defendamos el bien com\u00fan!<\/strong><\/p>\n<div class=\"autor\">Colectivo a favor de las SSA<\/div>\n<div><a href=\"https:\/\/securite-sociale-alimentation.org\/\" target=\"_blank\" rel=\"nofollow noopener\">https:\/\/securite-sociale-alimentation.org\/<\/a><\/div>\n<p>Traducci\u00f3n de Olistis SCCL del art\u00edculo original publicado en <a href=\"https:\/\/blogs.mediapart.fr\/collectif-ssa\/blog\/010224\/la-ssa-une-protection-pour-les-agriculteurs-et-les-agricultrices-0\" target=\"_blank\" rel=\"nofollow noopener\"><em>Mediapart<\/em><\/a><\/p>\n<p>Fuente: <em>Soberan\u00eda alimentaria<\/em>, 13-2-2024 (<a href=\"https:\/\/www.soberaniaalimentaria.info\/otros-documentos\/debates\/1096-la-ssa-proteccion-para-los-agricultores-y-agricultoras\">https:\/\/www.soberaniaalimentaria.info\/otros-documentos\/debates\/1096-la-ssa-proteccion-para-los-agricultores-y-agricultoras<\/a>)<\/p>\n<p>Imagen de portada: Ilustraci\u00f3n de Claire Robert para el c\u00f3mic <a href=\"https:\/\/securite-sociale-alimentation.org\/production\/une-bd-sur-la-ssa\/\" target=\"_blank\" rel=\"nofollow noopener\"><em>Encore des patates !?<\/em><\/a><\/p>\n","protected":false},"excerpt":{"rendered":"<p>Una ira leg\u00edtima en com\u00fan contra un sistema insostenible El campo est\u00e1 en pie de guerra. Por toda Francia y<\/p>\n","protected":false},"author":5,"featured_media":15532,"comment_status":"open","ping_status":"open","sticky":false,"template":"","format":"standard","meta":{"footnotes":""},"categories":[1567,1558,1563],"tags":[],"class_list":["post-15531","post","type-post","status-publish","format-standard","has-post-thumbnail","hentry","category-campesinado","category-condiciones-de-vida-sociedad","category-crisis-ecosocial"],"aioseo_notices":[],"_links":{"self":[{"href":"https:\/\/espai-marx.net\/index.php?rest_route=\/wp\/v2\/posts\/15531","targetHints":{"allow":["GET"]}}],"collection":[{"href":"https:\/\/espai-marx.net\/index.php?rest_route=\/wp\/v2\/posts"}],"about":[{"href":"https:\/\/espai-marx.net\/index.php?rest_route=\/wp\/v2\/types\/post"}],"author":[{"embeddable":true,"href":"https:\/\/espai-marx.net\/index.php?rest_route=\/wp\/v2\/users\/5"}],"replies":[{"embeddable":true,"href":"https:\/\/espai-marx.net\/index.php?rest_route=%2Fwp%2Fv2%2Fcomments&post=15531"}],"version-history":[{"count":0,"href":"https:\/\/espai-marx.net\/index.php?rest_route=\/wp\/v2\/posts\/15531\/revisions"}],"wp:featuredmedia":[{"embeddable":true,"href":"https:\/\/espai-marx.net\/index.php?rest_route=\/wp\/v2\/media\/15532"}],"wp:attachment":[{"href":"https:\/\/espai-marx.net\/index.php?rest_route=%2Fwp%2Fv2%2Fmedia&parent=15531"}],"wp:term":[{"taxonomy":"category","embeddable":true,"href":"https:\/\/espai-marx.net\/index.php?rest_route=%2Fwp%2Fv2%2Fcategories&post=15531"},{"taxonomy":"post_tag","embeddable":true,"href":"https:\/\/espai-marx.net\/index.php?rest_route=%2Fwp%2Fv2%2Ftags&post=15531"}],"curies":[{"name":"wp","href":"https:\/\/api.w.org\/{rel}","templated":true}]}}