{"id":15542,"date":"2024-05-20T05:00:25","date_gmt":"2024-05-20T04:00:25","guid":{"rendered":"https:\/\/espai-marx.net\/?p=15542"},"modified":"2024-05-20T03:59:33","modified_gmt":"2024-05-20T02:59:33","slug":"andalucia-proveedora-de-fuerza-de-trabajo-para-si-espana-y-europa","status":"publish","type":"post","link":"https:\/\/espai-marx.net\/?p=15542","title":{"rendered":"Andaluc\u00eda: proveedora de fuerza de trabajo para s\u00ed, Espa\u00f1a y Europa"},"content":{"rendered":"<h3 class=\"western\" lang=\"es-ES\" align=\"left\">1. Introducci\u00f3n<\/h3>\n<p class=\"western\" lang=\"es-ES\">A ra\u00edz de la elaboraci\u00f3n de un libro sobre el sindicalismo en Andaluc\u00eda, a\u00fan in itinere, su autora Encarna Ruiz me encarg\u00f3 una peque\u00f1a colaboraci\u00f3n sobre el contexto econ\u00f3mico. Ello dio pie a una investigaci\u00f3n, uno de cuyos resultados quer\u00eda compartir dado el inter\u00e9s pol\u00edtico que podr\u00eda tener, en mi opini\u00f3n, ahora que se acerca el D\u00eda de Andaluc\u00eda (28 de febrero).<\/p>\n<p class=\"western\" lang=\"es-ES\">M\u00e1s a\u00fan, con el debate actual sobre la ley de amnist\u00eda, el soberanismo catalanista y el papel de los regionalismos en Espa\u00f1a y Europa, pudiera ser oportuno un debate en torno al andalucismo. Desde ese punto de vista, una mirada al reciente pasado arrojar\u00eda algo de luz sobre la necesidad y los l\u00edmites del regionalismo en nuestra comunidad aut\u00f3noma.<\/p>\n<p class=\"western\" lang=\"es-ES\">En lo que sigue, quisiera abordar dos aspectos: uno, el de las condiciones econ\u00f3micas (materiales) que hay tras el andalucismo; el segundo, es el tipo de andalucismo que responder\u00eda mejor a dichas condiciones materiales y que, por tanto, pudiera aglutinar mayoritariamente a la clase trabajadora andaluza.<\/p>\n<h3 class=\"western\" lang=\"es-ES\" align=\"left\">2. La funci\u00f3n de Andaluc\u00eda en la divisi\u00f3n regional del trabajo<\/h3>\n<p lang=\"es-ES\" align=\"left\"><span style=\"font-size: small;\"><span style=\"font-size: medium;\"><b>2.1 El<\/b><\/span><b> <\/b><span style=\"font-size: medium;\"><b>excedente<\/b><\/span><b> <\/b><span style=\"font-size: medium;\"><b>de<\/b><\/span><b> <\/b><span style=\"font-size: medium;\"><b>fuerza<\/b><\/span><b> <\/b><span style=\"font-size: medium;\"><b>de<\/b><\/span><b> <\/b><span style=\"font-size: medium;\"><b>trabajo<\/b><\/span><\/span><\/p>\n<p class=\"western\" lang=\"es-ES\">Una de las caracter\u00edsticas que llama la atenci\u00f3n de la econom\u00eda andaluza de este per\u00edodo es el comportamiento del desempleo de la fuerza de trabajo.<\/p>\n<p class=\"western\" lang=\"es-ES\">En primer lugar se trata de una evoluci\u00f3n c\u00edclica, con subidas y bajadas, como corresponde a una econom\u00eda capitalista. En segundo lugar, y fen\u00f3meno en el que nos queremos detener, es su persistente elevado nivel, cuya tasa ha fluctuado entre el 10 y el 35 por ciento.<\/p>\n<p lang=\"es-ES\"><a href=\"https:\/\/espai-marx.net\/wp-content\/uploads\/2024\/05\/Screenshot-2024-05-20-at-06-58-38-Andalucia_DRTv5.pdf.png\"><img loading=\"lazy\" decoding=\"async\" class=\"aligncenter wp-image-15543\" src=\"https:\/\/espai-marx.net\/wp-content\/uploads\/2024\/05\/Screenshot-2024-05-20-at-06-58-38-Andalucia_DRTv5.pdf-1024x553.png\" alt=\"\" width=\"600\" height=\"324\" srcset=\"https:\/\/espai-marx.net\/wp-content\/uploads\/2024\/05\/Screenshot-2024-05-20-at-06-58-38-Andalucia_DRTv5.pdf-1024x553.png 1024w, https:\/\/espai-marx.net\/wp-content\/uploads\/2024\/05\/Screenshot-2024-05-20-at-06-58-38-Andalucia_DRTv5.pdf-300x162.png 300w, https:\/\/espai-marx.net\/wp-content\/uploads\/2024\/05\/Screenshot-2024-05-20-at-06-58-38-Andalucia_DRTv5.pdf-768x415.png 768w, https:\/\/espai-marx.net\/wp-content\/uploads\/2024\/05\/Screenshot-2024-05-20-at-06-58-38-Andalucia_DRTv5.pdf-1536x830.png 1536w, https:\/\/espai-marx.net\/wp-content\/uploads\/2024\/05\/Screenshot-2024-05-20-at-06-58-38-Andalucia_DRTv5.pdf-1320x713.png 1320w, https:\/\/espai-marx.net\/wp-content\/uploads\/2024\/05\/Screenshot-2024-05-20-at-06-58-38-Andalucia_DRTv5.pdf.png 1610w\" sizes=\"auto, (max-width: 600px) 100vw, 600px\" \/><\/a><\/p>\n<div id=\"Secci\u00f3n2\" dir=\"ltr\">\n<p class=\"western\" lang=\"es-ES\">Sabemos que la poblaci\u00f3n desempleada es la diferencia entre la poblaci\u00f3n activa y la poblaci\u00f3n ocupada. Para ver si la causa del excedente de fuerza de trabajo est\u00e1 situada en la oferta de fuerza de trabajo (poblaci\u00f3n activa) o en la demanda de fuerza de trabajo (poblaci\u00f3n ocupada), examinemos los datos de ambos componentes del desempleo en el per\u00edodo 1977-2022.<\/p>\n<\/div>\n<p class=\"western\" lang=\"es-ES\">Observamos, en primer lugar que durante este per\u00edodo la poblaci\u00f3n activa de Andaluc\u00eda crece en m\u00e1s de 2 millones de personas, mientras su poblaci\u00f3n ocupada lo hace en 1,5 millones, por tanto el desempleo aumenta en medio mill\u00f3n de andaluces aproximadamente. Esta observaci\u00f3n podr\u00eda dar pie a plantearse que el problema del desempleo andaluz est\u00e1 en una escasa capacidad para crear empleo (incapacidad de la acumulaci\u00f3n andaluza de capital, subdesarrollo del capitalismo andaluz, car\u00e1cter espec\u00edfico de las empresas o empresarios andaluces). Sigamos viendo<\/p>\n<p class=\"western\" lang=\"es-ES\" align=\"left\"><strong>2.2 Demanda intensiva de fuerza de trabajo<\/strong><\/p>\n<p class=\"western\" lang=\"es-ES\">Para dirimir si estas cifras de crecimiento de la poblaci\u00f3n activa y de la poblaci\u00f3n ocupada son grandes o peque\u00f1as, compar\u00e9moslas con sus hom\u00f3nimas espa\u00f1olas. Teniendo en cuenta el distinto tama\u00f1o entre los mercados laborales andaluz y espa\u00f1ol (el espa\u00f1ol es unas cinco veces el andaluz), echaremos mano de las cifras relativas de la evoluci\u00f3n de las dos variables mencionadas, actividad y ocupaci\u00f3n.<\/p>\n<table style=\"width: 47.8282%; height: 228px;\" width=\"673\" cellspacing=\"0\" cellpadding=\"1\">\n<tbody>\n<tr style=\"height: 45px;\">\n<td style=\"height: 45px; width: 76.859%;\" colspan=\"3\" valign=\"top\" width=\"669\" height=\"48\">\n<p lang=\"es-ES\" align=\"left\"><span style=\"font-size: small;\"><span style=\"font-size: medium;\">Variaci\u00f3n<\/span> <span style=\"font-size: medium;\">relativa<\/span> <span style=\"font-size: medium;\">acumulada<\/span> <span style=\"font-size: medium;\">(1977-2022)<\/span> <span style=\"font-size: medium;\">en<\/span> <span style=\"font-size: medium;\">%<\/span><\/span><\/p>\n<\/td>\n<\/tr>\n<tr style=\"height: 23px;\" valign=\"top\">\n<td style=\"height: 23px; width: 54.3523%;\" width=\"390\" height=\"49\"><\/td>\n<td style=\"height: 23px; width: 20.4448%;\" width=\"156\">\n<p lang=\"es-ES\" align=\"left\"><span style=\"font-size: small;\"><span style=\"font-size: medium;\">Andaluc\u00eda<\/span><\/span><\/p>\n<\/td>\n<td style=\"height: 23px; width: 2.06186%;\" width=\"118\">\n<p lang=\"es-ES\" align=\"left\"><span style=\"font-size: small;\"><span style=\"font-size: medium;\">Espa\u00f1a<\/span><\/span><\/p>\n<\/td>\n<\/tr>\n<tr style=\"height: 56px;\" valign=\"top\">\n<td style=\"height: 56px; width: 54.3523%;\" width=\"390\" height=\"49\">\n<p lang=\"es-ES\" align=\"left\"><span style=\"font-size: small;\"><span style=\"font-size: medium;\">Poblaci\u00f3n <\/span><span style=\"font-size: medium;\">activa<\/span><\/span><\/p>\n<\/td>\n<td style=\"height: 56px; width: 20.4448%;\" width=\"156\">\n<p lang=\"es-ES\" align=\"right\"><span style=\"font-size: small;\"><span style=\"font-size: medium;\">108<\/span><\/span><\/p>\n<\/td>\n<td style=\"height: 56px; width: 2.06186%;\" width=\"118\">\n<p lang=\"es-ES\" align=\"right\"><span style=\"font-size: small;\"><span style=\"font-size: medium;\">76<\/span><\/span><\/p>\n<\/td>\n<\/tr>\n<tr style=\"height: 48px;\" valign=\"top\">\n<td style=\"height: 48px; width: 54.3523%;\" width=\"390\" height=\"49\">\n<p lang=\"es-ES\" align=\"left\"><span style=\"font-size: small;\"><span style=\"font-size: medium;\">Poblaci\u00f3n <\/span><span style=\"font-size: medium;\">ocupada<\/span><\/span><\/p>\n<\/td>\n<td style=\"height: 48px; width: 20.4448%;\" width=\"156\">\n<p lang=\"es-ES\" align=\"right\"><span style=\"font-size: small;\"><span style=\"font-size: medium;\">86<\/span><\/span><\/p>\n<\/td>\n<td style=\"height: 48px; width: 2.06186%;\" width=\"118\">\n<p lang=\"es-ES\" align=\"right\"><span style=\"font-size: small;\"><span style=\"font-size: medium;\">60<\/span><\/span><\/p>\n<\/td>\n<\/tr>\n<tr style=\"height: 56px;\">\n<td style=\"height: 56px; width: 76.859%;\" colspan=\"3\" valign=\"top\" width=\"669\" height=\"48\">\n<p lang=\"es-ES\" align=\"left\"><span style=\"font-size: small;\"><span style=\"font-size: medium;\">Fuente:<\/span> <span style=\"font-size: medium;\">elaboraci\u00f3n<\/span> <span style=\"font-size: medium;\">propia<\/span> <span style=\"font-size: medium;\">a<\/span> <span style=\"font-size: medium;\">partir<\/span> <span style=\"font-size: medium;\">de<\/span> <span style=\"font-size: medium;\">EPA<\/span> <span style=\"font-size: medium;\">(INE).<\/span><\/span><\/p>\n<\/td>\n<\/tr>\n<\/tbody>\n<\/table>\n<p class=\"western\" lang=\"es-ES\">En la tabla de arriba se muestra que, durante el per\u00edodo 1977-2022 la demanda efectiva de fuerza de trabajo (poblaci\u00f3n ocupada) en Andaluc\u00eda (86%) es mayor que la de Espa\u00f1a (60%).<\/p>\n<p class=\"western\" lang=\"es-ES\">De modo que, no es que se cree poco empleo en Andaluc\u00eda pues se crea bastante m\u00e1s que en Espa\u00f1a; no es que la acumulaci\u00f3n andaluza de capital, a grosso modo, adolezca de alg\u00fan problema en cuanto a creaci\u00f3n de empleo pues genera una poblaci\u00f3n ocupada mayor, en t\u00e9rminos relativos, que la espa\u00f1ola durante este per\u00edodo.<\/p>\n<p class=\"western\" lang=\"es-ES\" align=\"left\"><strong>2.3 Especializaci\u00f3n en la oferta de fuerza de trabajo<\/strong><\/p>\n<p class=\"western\" lang=\"es-ES\">Veamos lo que ocurre en el lado de la oferta de fuerza de trabajo (poblaci\u00f3n activa). En la tabla de m\u00e1s arriba ve\u00edamos que, durante este per\u00edodo, el ritmo de crecimiento de la poblaci\u00f3n activa en Andaluc\u00eda (108%) es mayor que el de la espa\u00f1ola (76%). Esto nos lleva a plantear que, el desempleo andaluz tiene m\u00e1s que ver con la oferta de fuerza de trabajo que con su demanda.<\/p>\n<p class=\"western\" lang=\"es-ES\">Este mayor crecimiento de la poblaci\u00f3n activa andaluza respecto a la de Espa\u00f1a, significa que Andaluc\u00eda se especializa, en el marco de la econom\u00eda espa\u00f1ola, en la generaci\u00f3n de fuerza de trabajo. Esto llevar\u00e1, de manera paulatina y permanente, a aumentar el porcentaje de andaluces en la poblaci\u00f3n activa nacional, pasando del 14,6 por ciento en 1977 al 17,5 por ciento en 2022.<\/p>\n<p class=\"western\" lang=\"es-ES\" align=\"left\"><strong>2.4 El lugar de Andaluc\u00eda en la divisi\u00f3n regional del trabajo<\/strong><\/p>\n<p class=\"western\" lang=\"es-ES\">Ahora bien, hemos de preguntarnos por qu\u00e9 el desarrollo del capitalismo en Andaluc\u00eda, durante este periodo, pasa por generar m\u00e1s fuerza de trabajo, en t\u00e9rminos relativos, que la generada en el resto del estado espa\u00f1ol y, en t\u00e9rminos absolutos, m\u00e1s de la que necesita en lo inmediato la propia acumulaci\u00f3n andaluza de capital. De otra forma, qu\u00e9 otra necesidad pretende atender la especializaci\u00f3n andaluza en la oferta de fuerza de trabajo.<\/p>\n<p class=\"western\" lang=\"es-ES\">Nuestra hip\u00f3tesis es que la oferta andaluza de fuerza de trabajo atiende, adem\u00e1s de los requerimientos de su propia acumulaci\u00f3n de capital, las necesidades de mano de obra de la acumulaci\u00f3n for\u00e1nea (espa\u00f1ola y europea) de capital.<\/p>\n<p class=\"western\" lang=\"es-ES\">Este rasgo de la sociedad andaluza ser\u00eda un aspecto, entre otros<sup>1<\/sup>, de su funci\u00f3n en la divisi\u00f3n regional del trabajo (DRT) espa\u00f1ol y europeo, espec\u00edficamente su papel de suministradora de fuerza de trabajo. As\u00ed, Andaluc\u00eda produce mano de obra para su acumulaci\u00f3n de capital<sup>2<\/sup>, lo cual comprende tanto el necesario desempleo para su desarrollo capitalista como para las administraciones p\u00fablicas que le corresponden. Y, adem\u00e1s, la sociedad andaluza produce fuerza de trabajo para atender los requerimientos de la acumulaci\u00f3n del capitalismo espa\u00f1ol y europeo.<\/p>\n<p class=\"western\" lang=\"es-ES\">Esta especializaci\u00f3n en la oferta de fuerza de trabajo tiene que ver con otros fen\u00f3menos, se\u00f1alados frecuentemente a la hora de caracterizar a la econom\u00eda andaluza<sup>3<\/sup>. Expondremos tres, que servir\u00edan para desglosar esta funci\u00f3n en la divisi\u00f3n regional del trabajo nacional en cuanto a la provisi\u00f3n de fuerza de trabajo en otras tres subfunciones. Se trata del crecimiento demogr\u00e1fico (subfunci\u00f3n de generaci\u00f3n de personas); de la emigraci\u00f3n (subfunci\u00f3n de exportaci\u00f3n de mano de obra); y del paro masivo (subfunci\u00f3n de reserva de fuerza de trabajo).<\/p>\n<p class=\"western\" lang=\"es-ES\" align=\"left\"><strong>2.5 El crecimiento de la poblaci\u00f3n andaluza<\/strong><\/p>\n<p class=\"western\" lang=\"es-ES\">Para que Andaluc\u00eda suministre fuerza de trabajo a la acumulaci\u00f3n espa\u00f1ola (y europea) de capital, primero ha de producir dicha fuerza de trabajo, lo cual pasa por el crecimiento, formaci\u00f3n y mantenimiento<sup>4<\/sup> de una poblaci\u00f3n mayor de la que corresponder\u00eda a sus necesidades end\u00f3genas, es decir si no hubiera de suministrar fuerza de trabajo a otras econom\u00edas. Este ser\u00eda el contenido de la subfunci\u00f3n de generaci\u00f3n de la fuerza de trabajo.<\/p>\n<p class=\"western\" lang=\"es-ES\">Efectivamente, a lo largo del per\u00edodo 1971-2021, la poblaci\u00f3n andaluza creci\u00f3 en 2,5 millones de personas, casi un 42 por ciento, mientras el crecimiento espa\u00f1ol fue de 13,4 millones (algo m\u00e1s de un 39%).<\/p>\n<table style=\"border-style: solid; width: 47.845%;\" width=\"741\" cellspacing=\"0\" cellpadding=\"1\">\n<tbody>\n<tr>\n<td style=\"width: 80.8625%;\" colspan=\"3\" valign=\"top\" width=\"737\" height=\"48\">\n<p lang=\"es-ES\" align=\"left\"><span style=\"font-size: small;\"><span style=\"font-size: medium;\">Variaci\u00f3n<\/span> <span style=\"font-size: medium;\">relativa<\/span> <span style=\"font-size: medium;\">acumulada<\/span> <span style=\"font-size: medium;\">en<\/span> <span style=\"font-size: medium;\">tantos<\/span> <span style=\"font-size: medium;\">por<\/span> <span style=\"font-size: medium;\">ciento<\/span><\/span><\/p>\n<\/td>\n<\/tr>\n<tr valign=\"top\">\n<td style=\"width: 57.5472%;\" width=\"425\" height=\"49\"><\/td>\n<td style=\"width: 21.9677%;\" width=\"160\">\n<p lang=\"es-ES\" align=\"left\"><span style=\"font-size: small;\"><span style=\"font-size: medium;\">Andaluc\u00eda<\/span><\/span><\/p>\n<\/td>\n<td style=\"width: 1.34771%;\" width=\"147\">\n<p lang=\"es-ES\" align=\"left\"><span style=\"font-size: small;\"><span style=\"font-size: medium;\">Espa\u00f1a<\/span><\/span><\/p>\n<\/td>\n<\/tr>\n<tr valign=\"top\">\n<td style=\"width: 57.5472%;\" width=\"425\" height=\"49\">\n<p lang=\"es-ES\" align=\"left\"><span style=\"font-size: small;\"><span style=\"font-size: medium;\">Poblaci\u00f3n<\/span><\/span><\/p>\n<\/td>\n<td style=\"width: 21.9677%;\" width=\"160\">\n<p lang=\"es-ES\" align=\"right\"><span style=\"font-size: small;\"><span style=\"font-size: medium;\">42,0<\/span><\/span><\/p>\n<\/td>\n<td style=\"width: 1.34771%;\" width=\"147\">\n<p lang=\"es-ES\" align=\"right\"><span style=\"font-size: small;\"><span style=\"font-size: medium;\">39,0<\/span><\/span><\/p>\n<\/td>\n<\/tr>\n<tr valign=\"top\">\n<td style=\"width: 57.5472%;\" width=\"425\" height=\"49\">\n<p lang=\"es-ES\" align=\"left\"><span style=\"font-size: small;\"><span style=\"font-size: medium;\">Poblaci\u00f3n<\/span> <span style=\"font-size: medium;\">mayor de<\/span> <span style=\"font-size: medium;\">16 <\/span><span style=\"font-size: medium;\">a\u00f1os<\/span><\/span><\/p>\n<\/td>\n<td style=\"width: 21.9677%;\" width=\"160\">\n<p lang=\"es-ES\" align=\"right\"><span style=\"font-size: small;\"><span style=\"font-size: medium;\">73,5<\/span><\/span><\/p>\n<\/td>\n<td style=\"width: 1.34771%;\" width=\"147\">\n<p lang=\"es-ES\" align=\"right\"><span style=\"font-size: small;\"><span style=\"font-size: medium;\">56,6<\/span><\/span><\/p>\n<\/td>\n<\/tr>\n<tr>\n<td style=\"width: 80.8625%;\" colspan=\"3\" valign=\"top\" width=\"737\" height=\"48\">\n<p lang=\"es-ES\" align=\"left\"><span style=\"font-size: small;\"><span style=\"font-size: medium;\">Fuente:<\/span> <span style=\"font-size: medium;\">elaboraci\u00f3n<\/span> <span style=\"font-size: medium;\">propia<\/span> <span style=\"font-size: medium;\">a<\/span> <span style=\"font-size: medium;\">partir<\/span> <span style=\"font-size: medium;\">de<\/span> <span style=\"font-size: medium;\">INE.<\/span><\/span><\/p>\n<\/td>\n<\/tr>\n<\/tbody>\n<\/table>\n<p class=\"western\" lang=\"es-ES\">Es m\u00e1s el crecimiento demogr\u00e1fico se bas\u00f3 durante bastante tiempo en el crecimiento natural de la poblaci\u00f3n, la diferencia entre natalidad y mortalidad, que en Andaluc\u00eda ha venido siendo superior al espa\u00f1ol. Poniendo de manifiesto el espec\u00edfico modelo demogr\u00e1fico que corresponde a su lugar en la divisi\u00f3n regional del trabajo. Adem\u00e1s, esto se lleva a cabo con la participaci\u00f3n de buena parte de la sociedad andaluza, empezando por las familias (donde adquiere especial protagonismo la mujer como cuidadora del hogar y de los hijos<sup>5<\/sup>) y terminando por el sistema educativo, pasando por otras instituciones y organizaciones (comunidades vecinales, organizaciones de atenci\u00f3n social y solidaridad, religiosas, entre otras), que hubieron de implicarse en esta tarea.<\/p>\n<p class=\"western\" lang=\"es-ES\" align=\"left\"><strong>2.6 La emigraci\u00f3n andaluza<\/strong><\/p>\n<p class=\"western\" lang=\"es-ES\">Una vez generada la fuerza de trabajo, para que \u00e9sta preste su servicio en la acumulaci\u00f3n for\u00e1nea de capital es preciso que la mano de obra se traslada al lugar correspondiente, emigre. Echemos un vistazo a las cifras de la emigraci\u00f3n en Andaluc\u00eda.<\/p>\n<table style=\"border-collapse: collapse; width: 61.8662%; height: 168px;\">\n<tbody>\n<tr style=\"height: 24px;\">\n<td style=\"width: 58.7705%; height: 24px;\"><strong>Emigraci\u00f3n andaluza por per\u00edodos<\/strong><\/td>\n<td style=\"width: 2.32558%; height: 24px;\"><\/td>\n<td style=\"width: 11.7766%; height: 24px;\"><\/td>\n<td style=\"width: 20.8475%; height: 24px;\"><\/td>\n<\/tr>\n<tr style=\"height: 24px;\">\n<td style=\"width: 58.7705%; height: 24px;\"><\/td>\n<td style=\"width: 2.32558%; height: 24px;\">Sumatorio per\u00edodo<\/td>\n<td style=\"width: 11.7766%; height: 24px;\">Promedio anual<\/td>\n<td style=\"width: 20.8475%; height: 24px;\">Tasa de emigraci\u00f3n<\/td>\n<\/tr>\n<tr style=\"height: 24px;\">\n<td style=\"width: 58.7705%; height: 24px;\">1962-1974<\/td>\n<td style=\"width: 2.32558%; height: 24px; text-align: right;\">\u00a01.005.972<\/td>\n<td style=\"width: 11.7766%; height: 24px; text-align: right;\">77.382<\/td>\n<td style=\"width: 20.8475%; height: 24px;\"><\/td>\n<\/tr>\n<tr style=\"height: 24px;\">\n<td style=\"width: 58.7705%; height: 24px;\">1975-1987<\/td>\n<td style=\"width: 2.32558%; height: 24px; text-align: right;\">301.554<\/td>\n<td style=\"width: 11.7766%; height: 24px; text-align: right;\">23.196<\/td>\n<td style=\"width: 20.8475%; height: 24px; text-align: right;\">10,43<\/td>\n<\/tr>\n<tr style=\"height: 24px;\">\n<td style=\"width: 58.7705%; height: 24px;\">1988-2001<\/td>\n<td style=\"width: 2.32558%; height: 24px; text-align: right;\">464.615<\/td>\n<td style=\"width: 11.7766%; height: 24px; text-align: right;\">33.187<\/td>\n<td style=\"width: 20.8475%; height: 24px; text-align: right;\">12,13<\/td>\n<\/tr>\n<tr style=\"height: 24px;\">\n<td style=\"width: 58.7705%; height: 24px;\">2002-2021<\/td>\n<td style=\"width: 2.32558%; height: 24px; text-align: right;\">1.890.541<\/td>\n<td style=\"width: 11.7766%; height: 24px; text-align: right;\">94.527<\/td>\n<td style=\"width: 20.8475%; height: 24px; text-align: right;\">24,52<\/td>\n<\/tr>\n<tr style=\"height: 24px;\">\n<td style=\"width: 58.7705%; height: 24px;\">Fuente: elaboraci\u00f3n propia.<\/td>\n<td style=\"width: 2.32558%; height: 24px; text-align: right;\"><\/td>\n<td style=\"width: 11.7766%; height: 24px;\"><\/td>\n<td style=\"width: 20.8475%; height: 24px;\"><\/td>\n<\/tr>\n<\/tbody>\n<\/table>\n<div id=\"Secci\u00f3n4\" dir=\"ltr\">\n<p class=\"western\" lang=\"es-ES\">La emigraci\u00f3n es, a lo largo del per\u00edodo, un fen\u00f3meno persistente, se reduce o aumenta, pero no desaparece. Hasta un per\u00edodo como el comprendido entre la crisis de los setenta y la de los noventa en el que la emigraci\u00f3n qued\u00f3 bastante reducida, se mantiene un promedio del flujo anual de emigrantes andaluces que supera los 20 mil.<\/p>\n<p lang=\"es-ES\"><a href=\"https:\/\/espai-marx.net\/wp-content\/uploads\/2024\/05\/Screenshot-2024-05-20-at-06-59-05-Andalucia_DRTv5.pdf.png\"><img loading=\"lazy\" decoding=\"async\" class=\"aligncenter wp-image-15544\" src=\"https:\/\/espai-marx.net\/wp-content\/uploads\/2024\/05\/Screenshot-2024-05-20-at-06-59-05-Andalucia_DRTv5.pdf-1024x518.png\" alt=\"\" width=\"600\" height=\"303\" srcset=\"https:\/\/espai-marx.net\/wp-content\/uploads\/2024\/05\/Screenshot-2024-05-20-at-06-59-05-Andalucia_DRTv5.pdf-1024x518.png 1024w, https:\/\/espai-marx.net\/wp-content\/uploads\/2024\/05\/Screenshot-2024-05-20-at-06-59-05-Andalucia_DRTv5.pdf-300x152.png 300w, https:\/\/espai-marx.net\/wp-content\/uploads\/2024\/05\/Screenshot-2024-05-20-at-06-59-05-Andalucia_DRTv5.pdf-768x388.png 768w, https:\/\/espai-marx.net\/wp-content\/uploads\/2024\/05\/Screenshot-2024-05-20-at-06-59-05-Andalucia_DRTv5.pdf-1536x777.png 1536w, https:\/\/espai-marx.net\/wp-content\/uploads\/2024\/05\/Screenshot-2024-05-20-at-06-59-05-Andalucia_DRTv5.pdf-1320x668.png 1320w, https:\/\/espai-marx.net\/wp-content\/uploads\/2024\/05\/Screenshot-2024-05-20-at-06-59-05-Andalucia_DRTv5.pdf.png 1720w\" sizes=\"auto, (max-width: 600px) 100vw, 600px\" \/><\/a><\/p>\n<p class=\"western\" lang=\"es-ES\">Alguien podr\u00eda pensar que la emigraci\u00f3n andaluza responde a una imagen del pasado, pero la tabla anterior nos indica que es un fen\u00f3meno actual. Durante el siglo XXI es muy intensa, superando en cuanto promedio anual a la emigraci\u00f3n del siglo XX. No solo se trata de un cambio cuantitativo sino tambi\u00e9n cualitativo. En el per\u00edodo m\u00e1s reciente, todos los a\u00f1os, decenas de miles de andaluces siguen marchando a otras regiones a vender su fuerza de trabajo, pero ya no son aquellos trabajadores del agro expulsados por la mecanizaci\u00f3n; hoy se va, conforme a los requerimientos de la nueva acumulaci\u00f3n de capital<sup>6<\/sup>, en mayor medida una mano de obra cualificada con formaci\u00f3n universitaria, el obrero intelectual (o quiz\u00e1s la obrera).<\/p>\n<\/div>\n<p class=\"western\" lang=\"es-ES\">En cuanto al origen temporal de la emigraci\u00f3n y, por tanto del papel de Andaluc\u00eda en la divisi\u00f3n regional del trabajo, podr\u00eda creerse que se trata de un fen\u00f3meno que viene de lejos, con ra\u00edces hist\u00f3ricas alejadas. Pero, no es as\u00ed. La tabla de abajo expone los andaluces residentes fuera de Andaluc\u00eda. En ella puede observarse que el fen\u00f3meno de la emigraci\u00f3n masiva que acompa\u00f1a a la subfunci\u00f3n de exportaci\u00f3n de fuerza de trabajo que tiene encomendada Andaluc\u00eda en la divisi\u00f3n regional del trabajo, se inicia despu\u00e9s de 1940 y antes de 1970. Probablemente date del momento en que se pone en marcha la mecanizaci\u00f3n del campo andaluz y como consecuencia inmediata de los excedentes de mano de obra generados por ella.<\/p>\n<p class=\"western\" lang=\"es-ES\">Andaluces residentes fuera de Andaluc\u00eda<\/p>\n<table style=\"width: 22.6173%;\" width=\"544\" cellspacing=\"0\" cellpadding=\"0\">\n<tbody>\n<tr valign=\"top\">\n<td style=\"width: 24.8148%;\" width=\"134\" height=\"36\">\n<p lang=\"es-ES\" style=\"text-align: center;\" align=\"left\"><span style=\"font-size: small;\"><span style=\"font-size: medium;\"><b>A\u00f1o<\/b><\/span><\/span><\/p>\n<\/td>\n<td style=\"width: 4.9505%;\" width=\"410\">\n<p lang=\"es-ES\" style=\"text-align: center;\" align=\"left\"><span style=\"font-size: small;\"><span style=\"font-size: medium;\">Espa\u00f1a<\/span> <span style=\"font-size: medium;\">(sin<\/span> <span style=\"font-size: medium;\">Ceuta<\/span> <span style=\"font-size: medium;\">y<\/span><span style=\"font-size: medium;\"> Melilla)<\/span><\/span><\/p>\n<\/td>\n<\/tr>\n<tr valign=\"top\">\n<td style=\"width: 24.8148%;\" width=\"134\" height=\"37\">\n<p lang=\"es-ES\" align=\"right\"><span style=\"font-size: small;\"><span style=\"font-size: medium;\"><b>1920<\/b><\/span><\/span><\/p>\n<\/td>\n<td style=\"width: 4.9505%;\" width=\"410\">\n<p lang=\"es-ES\" align=\"right\"><span style=\"font-size: small;\"><span style=\"font-size: medium;\">142.601<\/span><\/span><\/p>\n<\/td>\n<\/tr>\n<tr valign=\"top\">\n<td style=\"width: 24.8148%;\" width=\"134\" height=\"37\">\n<p lang=\"es-ES\" align=\"right\"><span style=\"font-size: small;\"><span style=\"font-size: medium;\"><b>1930<\/b><\/span><\/span><\/p>\n<\/td>\n<td style=\"width: 4.9505%;\" width=\"410\">\n<p lang=\"es-ES\" align=\"right\"><span style=\"font-size: small;\"><span style=\"font-size: medium;\">221.300<\/span><\/span><\/p>\n<\/td>\n<\/tr>\n<tr valign=\"top\">\n<td style=\"width: 24.8148%;\" width=\"134\" height=\"37\">\n<p lang=\"es-ES\" align=\"right\"><span style=\"font-size: small;\"><span style=\"font-size: medium;\"><b>1940<\/b><\/span><\/span><\/p>\n<\/td>\n<td style=\"width: 4.9505%;\" width=\"410\">\n<p lang=\"es-ES\" align=\"right\"><span style=\"font-size: small;\"><span style=\"font-size: medium;\">286.039<\/span><\/span><\/p>\n<\/td>\n<\/tr>\n<tr valign=\"top\">\n<td style=\"width: 24.8148%;\" width=\"134\" height=\"37\">\n<p lang=\"es-ES\" align=\"right\"><span style=\"font-size: small;\"><span style=\"font-size: medium;\"><b>1970<\/b><\/span><\/span><\/p>\n<\/td>\n<td style=\"width: 4.9505%;\" width=\"410\">\n<p lang=\"es-ES\" align=\"right\"><span style=\"font-size: small;\"><span style=\"font-size: medium;\">1.598.900<\/span><\/span><\/p>\n<\/td>\n<\/tr>\n<tr valign=\"top\">\n<td style=\"width: 24.8148%;\" width=\"134\" height=\"37\">\n<p lang=\"es-ES\" align=\"right\"><span style=\"font-size: small;\"><span style=\"font-size: medium;\"><b>1975<\/b><\/span><\/span><\/p>\n<\/td>\n<td style=\"width: 4.9505%;\" width=\"410\">\n<p lang=\"es-ES\" align=\"right\"><span style=\"font-size: small;\"><span style=\"font-size: medium;\">1.838.627<\/span><\/span><\/p>\n<\/td>\n<\/tr>\n<tr valign=\"top\">\n<td style=\"width: 24.8148%;\" width=\"134\" height=\"37\">\n<p lang=\"es-ES\" align=\"right\"><span style=\"font-size: small;\"><span style=\"font-size: medium;\"><b>1981<\/b><\/span><\/span><\/p>\n<\/td>\n<td style=\"width: 4.9505%;\" width=\"410\">\n<p lang=\"es-ES\" align=\"right\"><span style=\"font-size: small;\"><span style=\"font-size: medium;\">1.846.912<\/span><\/span><\/p>\n<\/td>\n<\/tr>\n<tr valign=\"top\">\n<td style=\"width: 24.8148%;\" width=\"134\" height=\"37\">\n<p lang=\"es-ES\" align=\"right\"><span style=\"font-size: small;\"><span style=\"font-size: medium;\"><b>1986<\/b><\/span><\/span><\/p>\n<\/td>\n<td style=\"width: 4.9505%;\" width=\"410\">\n<p lang=\"es-ES\" align=\"right\"><span style=\"font-size: small;\"><span style=\"font-size: medium;\">1.759.184<\/span><\/span><\/p>\n<\/td>\n<\/tr>\n<tr valign=\"top\">\n<td style=\"width: 24.8148%;\" width=\"134\" height=\"36\">\n<p lang=\"es-ES\" align=\"right\"><span style=\"font-size: small;\"><span style=\"font-size: medium;\"><b>1991<\/b><\/span><\/span><\/p>\n<\/td>\n<td style=\"width: 4.9505%;\" width=\"410\">\n<p lang=\"es-ES\" align=\"right\"><span style=\"font-size: small;\"><span style=\"font-size: medium;\">1.724.990<\/span><\/span><\/p>\n<\/td>\n<\/tr>\n<\/tbody>\n<\/table>\n<p class=\"western\" lang=\"es-ES\" align=\"left\"><span style=\"font-size: small;\"><span style=\"font-family: Arial, serif;\"><span style=\"font-size: xx-small;\">Fuente: Reca\u00f1o Valverde, J. \u00abLa emigraci\u00f3n andaluza en Espa\u00f1a\u00bb. Bolet\u00edn Econ\u00f3mico de Andaluc\u00eda, n\u00ba 24. Consejer\u00eda de Econom\u00eda, Innovaci\u00f3n,<\/span><\/span> <span style=\"font-family: Arial, serif;\"><span style=\"font-size: xx-small;\">Ciencia<\/span><\/span> <span style=\"font-family: Arial, serif;\"><span style=\"font-size: xx-small;\">y<\/span><\/span> <span style=\"font-family: Arial, serif;\"><span style=\"font-size: xx-small;\">Empleo.<\/span><\/span> <span style=\"font-family: Arial, serif;\"><span style=\"font-size: xx-small;\">Junta<\/span><\/span> <span style=\"font-family: Arial, serif;\"><span style=\"font-size: xx-small;\">de<\/span><\/span> <span style=\"font-family: Arial, serif;\"><span style=\"font-size: xx-small;\">Andaluc\u00eda. <\/span><\/span><span style=\"font-family: Arial, serif;\"><span style=\"font-size: xx-small;\">1998.<\/span><\/span><\/span><\/p>\n<p class=\"western\" lang=\"es-ES\" align=\"left\"><strong>2.7 El paro cr\u00f3nico y masivo<\/strong><\/p>\n<p class=\"western\" lang=\"es-ES\">La gr\u00e1fica de abajo muestra a la tasa de desempleo andaluza y espa\u00f1ola, observ\u00e1ndose que la primera est\u00e1 a lo largo de todo el per\u00edodo a un nivel superior, manteniendo una brecha positiva (promedio de 8 puntos). Esta brecha puede ser explicada, adem\u00e1s de por otras singularidades andaluzas, por el particular papel que juega Andaluc\u00eda en la divisi\u00f3n regional del trabajo en cuanto a la provisi\u00f3n de fuerza de trabajo.<\/p>\n<p lang=\"es-ES\"><a href=\"https:\/\/espai-marx.net\/wp-content\/uploads\/2024\/05\/Screenshot-2024-05-20-at-06-59-23-Andalucia_DRTv5.pdf.png\"><img loading=\"lazy\" decoding=\"async\" class=\"aligncenter wp-image-15545\" src=\"https:\/\/espai-marx.net\/wp-content\/uploads\/2024\/05\/Screenshot-2024-05-20-at-06-59-23-Andalucia_DRTv5.pdf-1024x577.png\" alt=\"\" width=\"600\" height=\"338\" srcset=\"https:\/\/espai-marx.net\/wp-content\/uploads\/2024\/05\/Screenshot-2024-05-20-at-06-59-23-Andalucia_DRTv5.pdf-1024x577.png 1024w, https:\/\/espai-marx.net\/wp-content\/uploads\/2024\/05\/Screenshot-2024-05-20-at-06-59-23-Andalucia_DRTv5.pdf-300x169.png 300w, https:\/\/espai-marx.net\/wp-content\/uploads\/2024\/05\/Screenshot-2024-05-20-at-06-59-23-Andalucia_DRTv5.pdf-768x433.png 768w, https:\/\/espai-marx.net\/wp-content\/uploads\/2024\/05\/Screenshot-2024-05-20-at-06-59-23-Andalucia_DRTv5.pdf-1536x866.png 1536w, https:\/\/espai-marx.net\/wp-content\/uploads\/2024\/05\/Screenshot-2024-05-20-at-06-59-23-Andalucia_DRTv5.pdf-1320x744.png 1320w, https:\/\/espai-marx.net\/wp-content\/uploads\/2024\/05\/Screenshot-2024-05-20-at-06-59-23-Andalucia_DRTv5.pdf.png 1586w\" sizes=\"auto, (max-width: 600px) 100vw, 600px\" \/><\/a>Este paro corresponde a la subfunci\u00f3n de reserva de fuerza de trabajo, que est\u00e1 regulada por las entradas (subfunci\u00f3n de generaci\u00f3n) y por las salidas (subfunci\u00f3n de exportaci\u00f3n<sup>7<\/sup>). En la medida que la emigraci\u00f3n se frena, se aglomera la poblaci\u00f3n desempleada aumentando la tasa de paro. Esta situaci\u00f3n plantea el problema del sostenimiento material de dicha sobrepoblaci\u00f3n relativa.<\/p>\n<p class=\"western\" lang=\"es-ES\" align=\"left\"><strong>2.8 La acumulaci\u00f3n de capital y la divisi\u00f3n regional del trabajo<\/strong><\/p>\n<p class=\"western\" lang=\"es-ES\">La sobreproducci\u00f3n de fuerza de trabajo, esto es la producci\u00f3n de fuerza de trabajo en Andaluc\u00eda por encima de las necesidades end\u00f3genas de la regi\u00f3n, desemboca en la sobreabundancia de fuerza de trabajo como pone de manifiesto el paro masivo.<\/p>\n<p class=\"western\" lang=\"es-ES\">As\u00ed, al tener fuerza de trabajo por encima de la necesidad solvente de los capitalistas, como con cualquier mercanc\u00eda, la venta de la fuerza de trabajo tender\u00e1 a establecerse por debajo de su valor permitiendo a los capitalistas apropiarse una plusval\u00eda extra<sup>8<\/sup>.<\/p>\n<p class=\"western\" lang=\"es-ES\">Pero, la venta de la fuerza de trabajo por debajo del valor supone, en lo inmediato, una estrechez del mercado interno que impide un desarrollo normal al capital y, con el tiempo, el deterioro de la fuerza de trabajo poniendo en peligro la reproducci\u00f3n y acumulaci\u00f3n fluidas del capital en Andaluc\u00eda. Esto no solo debilita la acumulaci\u00f3n de capital en Andaluc\u00eda sino tambi\u00e9n su papel de cara a las acumulaciones for\u00e1neas de capital. Dado esto, llegado un punto, el propio estado favorecer\u00e1 los mecanismos que reviertan esta situaci\u00f3n y tiendan a establecer la venta de la fuerza de trabajo andaluza por su valor. El impulso definitivo a esta situaci\u00f3n ser\u00e1 la lucha de clases como veremos posteriormente<sup>9<\/sup>.<\/p>\n<p class=\"western\" lang=\"es-ES\">N\u00f3tese que esta desvalorizaci\u00f3n de la fuerza de trabajo junto con el efecto empobrecimiento de la emigraci\u00f3n y la detracci\u00f3n de recursos que supone la generaci\u00f3n de fuerza de trabajo y su mantenimiento, insisten en el descenso del nivel de vida de la mayor\u00eda de la poblaci\u00f3n andaluza. Y apuntan en la misma direcci\u00f3n, la lucha de clases y el papel del estado (auton\u00f3mico, nacional y europeo)<sup>10<\/sup>.<\/p>\n<p lang=\"es-ES\"><a href=\"https:\/\/espai-marx.net\/wp-content\/uploads\/2024\/05\/Screenshot-2024-05-20-at-06-59-40-Andalucia_DRTv5.pdf.png\"><img loading=\"lazy\" decoding=\"async\" class=\"aligncenter wp-image-15546\" src=\"https:\/\/espai-marx.net\/wp-content\/uploads\/2024\/05\/Screenshot-2024-05-20-at-06-59-40-Andalucia_DRTv5.pdf-1024x562.png\" alt=\"\" width=\"600\" height=\"330\" srcset=\"https:\/\/espai-marx.net\/wp-content\/uploads\/2024\/05\/Screenshot-2024-05-20-at-06-59-40-Andalucia_DRTv5.pdf-1024x562.png 1024w, https:\/\/espai-marx.net\/wp-content\/uploads\/2024\/05\/Screenshot-2024-05-20-at-06-59-40-Andalucia_DRTv5.pdf-300x165.png 300w, https:\/\/espai-marx.net\/wp-content\/uploads\/2024\/05\/Screenshot-2024-05-20-at-06-59-40-Andalucia_DRTv5.pdf-768x422.png 768w, https:\/\/espai-marx.net\/wp-content\/uploads\/2024\/05\/Screenshot-2024-05-20-at-06-59-40-Andalucia_DRTv5.pdf-1536x844.png 1536w, https:\/\/espai-marx.net\/wp-content\/uploads\/2024\/05\/Screenshot-2024-05-20-at-06-59-40-Andalucia_DRTv5.pdf-1320x725.png 1320w, https:\/\/espai-marx.net\/wp-content\/uploads\/2024\/05\/Screenshot-2024-05-20-at-06-59-40-Andalucia_DRTv5.pdf.png 1646w\" sizes=\"auto, (max-width: 600px) 100vw, 600px\" \/><\/a><\/p>\n<div id=\"Secci\u00f3n6\" dir=\"ltr\">\n<h3 class=\"western\" lang=\"es-ES\" align=\"left\">3. Andalucismo y lucha de clases<\/h3>\n<p lang=\"es-ES\" align=\"left\"><span style=\"font-size: small;\"><span style=\"font-size: medium;\"><b>3.1 La<\/b><\/span><b> <\/b><span style=\"font-size: medium;\"><b>sobreproducci\u00f3n<\/b><\/span><b> <\/b><span style=\"font-size: medium;\"><b>de<\/b><\/span><b> <\/b><span style=\"font-size: medium;\"><b>fuerza<\/b><\/span><b> <\/b><span style=\"font-size: medium;\"><b>de<\/b><\/span><b> <\/b><span style=\"font-size: medium;\"><b>trabajo<\/b><\/span><b> <\/b><span style=\"font-size: medium;\"><b>y<\/b><\/span><b> <\/b><span style=\"font-size: medium;\"><b>los<\/b><\/span><b> <\/b><span style=\"font-size: medium;\"><b>recursos<\/b><\/span><\/span><\/p>\n<p class=\"western\" lang=\"es-ES\">El papel de Andaluc\u00eda en la divisi\u00f3n regional del trabajo en relaci\u00f3n a la oferta de fuerza de trabajo (hecho diferencial), tanto por la generaci\u00f3n como por la reserva de la misma supone un gasto de recursos.<\/p>\n<p class=\"western\" lang=\"es-ES\">Efectivamente, la crianza y formaci\u00f3n de la fuerza de trabajo requiere medios de vida y renta, que habr\u00e1n de llegar a las familias, al sistema sanitario y al sistema educativo, principalmente. De igual forma, una vez producida la fuerza de trabajo, mientras encuentra empleo, tambi\u00e9n ha de ser mantenida exigiendo, por tanto, recursos para ello. Por su parte, la emigraci\u00f3n libera, en lo inmediato, del gasto de mantenimiento de la poblaci\u00f3n afectada, pero tiene un car\u00e1cter empobrecedor en la medida que Andaluc\u00eda prepara y gasta recursos en una fuerza de trabajo que rendir\u00e1 en otras regiones.<\/p>\n<p class=\"western\" lang=\"es-ES\">El cumplimiento de la funci\u00f3n asignada a Andaluc\u00eda, cuyos beneficiarios son el capital espa\u00f1ol y europeo, supone un gasto de recursos que, en la medida en que no le son compensados suficientemente, le supone un empobrecimiento. El acumulativo a lo largo del tiempo de las compensaciones insuficientes o no realizadas, dar\u00e1 lugar a la deuda hist\u00f3rica. As\u00ed, ambos asuntos, la compensaci\u00f3n por el hecho diferencial andaluz y la deuda hist\u00f3rica, se incorporar\u00e1n a la agenda andalucista siendo objeto de pleito en la lucha de clases.<\/p>\n<p class=\"western\" lang=\"es-ES\" align=\"left\"><strong>3.2 Andaluc\u00eda: subsidio vs compensaci\u00f3n<\/strong><\/p>\n<p class=\"western\" lang=\"es-ES\">Durante mucho tiempo Andaluc\u00eda ha sido tildada de sociedad subsidiada porque percib\u00eda una serie de transferencias de rentas. Discurso alimentado por las balanzas fiscales. Estadisticas BBV.<\/p>\n<\/div>\n<p class=\"western\" lang=\"es-ES\">El an\u00e1lisis realizado hasta aqu\u00ed, nos permite afirmar que dichas ayudas han sido, y son, en parte, la compensaci\u00f3n a nuestra regi\u00f3n por los recursos empleados empleados en el desempe\u00f1o del papel que se le ha venido asignando en la divisi\u00f3n regional del trabajo espa\u00f1ol y europeo en relaci\u00f3n a la provisi\u00f3n de fuerza de trabajo (hecho diferencial andaluz).<\/p>\n<p class=\"western\" lang=\"es-ES\">Porque de no producirse tal compensaci\u00f3n, o \u00e9sta ser insuficiente, la consecuencia ser\u00eda una reproducci\u00f3n atrofiada de la fuerza de trabajo v\u00eda empobrecimiento general de la clase obrera, dificultando la fluida valorizaci\u00f3n y acumulaci\u00f3n del capital, dentro y fuera de Andaluc\u00eda.<\/p>\n<p class=\"western\" lang=\"es-ES\" align=\"left\"><strong>3.3 Compensaci\u00f3n y acci\u00f3n estatal<\/strong><\/p>\n<p class=\"western\" lang=\"es-ES\">Pero, dicha compensaci\u00f3n oficial presupone el reconocimiento social, al menos t\u00e1citamente. La forma que expresa este reconocimiento social de manera m\u00e1s plena es la acci\u00f3n del representante pol\u00edtico del capital en sus diversos \u00e1mbitos (europeo, nacional, auton\u00f3mico, provincial y municipal).<\/p>\n<p class=\"western\" lang=\"es-ES\"><a name=\"_bookmark20\"><\/a> Ese es el sentido que tienen las diversas transferencias auton\u00f3micas (sanidad, ense\u00f1anza, entre otros), prestaciones y subsidios<sup>11<\/sup>, en funci\u00f3n de la poblaci\u00f3n o de cualquier otra variable en t\u00e9rminos per c\u00e1pita, que as\u00ed reconocen el papel de reservorio demogr\u00e1fico, espec\u00edficamente de fuerza de trabajo, asignado a Andaluc\u00eda.<\/p>\n<h3 class=\"western\" lang=\"es-ES\" align=\"left\">3.4 Acci\u00f3n estatal y lucha de clases<\/h3>\n<p class=\"western\" lang=\"es-ES\">Llegado un punto del desarrollo, bajo las condiciones que la divisi\u00f3n regional del trabajo impone a Andaluc\u00eda en cuanto suministradora de fuerza de trabajo, el reconocimiento y la compensaci\u00f3n del hecho diferencial andaluz, ser\u00e1 la forma en que se exprese la necesidad del capital de una compraventa de la fuerza de trabajo andaluza por su valor.<\/p>\n<p class=\"western\" lang=\"es-ES\">La manera en que se impone esta necesidad del capital ser\u00e1 la lucha de clases, en cuyas reivindicaciones andalucistas estar\u00e1n impl\u00edcitos el reconocimiento general y la obtenci\u00f3n de compensaciones. M\u00e1s a\u00fan, una vez que la dictadura franquista y la represi\u00f3n que la acompa\u00f1an, dejan paso a formas pol\u00edticas en las que las demandas sociales pueden ser expresadas abiertamente. De esta forma, el movimiento regionalista andaluz se extender\u00e1 y sus planteamientos, en mayor o menor grado, ser\u00e1n incorporados a la mayor\u00eda de agendas pol\u00edticas y sociales.<\/p>\n<h3 class=\"western\" lang=\"es-ES\" align=\"left\">3.5 Lucha de clases y andalucismo<\/h3>\n<p class=\"western\" lang=\"es-ES\">Las manifestaciones multitudinarias, la incorporaci\u00f3n de reivindicaciones andalucistas m\u00e1s o menos extremas a los programas pol\u00edticos, las movilizaciones electorales, entre otras, son muestras de que la sociedad, con implicaci\u00f3n decidida de la clase obrera, exigen el reconocimiento general que le permita, entre otras cosas, desempe\u00f1ar el papel asignado en la divisi\u00f3n regional del trabajo sin el empobrecimiento y atraso en el que ven\u00eda realiz\u00e1ndolo, por tanto exigen mejoras de su situaci\u00f3n (es la manera impl\u00edcita de exigir compensaciones al hecho diferencial andaluz).<\/p>\n<p class=\"western\" lang=\"es-ES\">La movilizaci\u00f3n popular tiene su punto \u00e1lgido en las manifestaciones multitudinarias del 4 de diciembre de 1977 en las distintas ciudades andaluzas, bajo la consigna de Libertad, Amnist\u00eda y Autonom\u00eda; posteriormente se pasar\u00e1 a un desarrollo legislativo e institucional (constituci\u00f3n de la Junta preauton\u00f3mica en abril de 1978), que ir\u00e1 requiriendo el apoyo popular (refer\u00e9ndum auton\u00f3mico el 28 de febrero de 1980) y finalmente las elecciones al parlamento andaluz de mayo de 1982, a partir de las cuales se constituir\u00e1 el nuevo gobierno auton\u00f3mico andaluz. Este \u201cestado\u201d andaluz, que representar\u00e1 pol\u00edticamente al capital de la regi\u00f3n, se desarrollar\u00e1 en un v\u00ednculo particular con el estado nacional.<\/p>\n<p class=\"western\" lang=\"es-ES\">Adem\u00e1s, la clase obrera vincular\u00e1 sus demandas laborales (empleo, salario) a las demandas sociales (educaci\u00f3n, sanidad, prestaciones por desempleo) que la hagan salir, y con ella a la mayor parte de la sociedad, de la pobreza a la que parece estar condenada por una acumulaci\u00f3n de capital que solo est\u00e1 dispuesta a reconocer su deuda a fuerza de serle exigida en la lucha de clases. Pero, pedir es admitir la \u201csuperioridad\u201d del que tiene que dar. Por tanto, se parte de reconocer y aceptar la jerarqu\u00eda nacional y europea, despu\u00e9s.<\/p>\n<p class=\"western\" lang=\"es-ES\">En este proceso, una de las cuestiones que se plantean es por qu\u00e9 el sentimiento andalucista, cultivado bajo la represi\u00f3n franquista y que luego florecer\u00e1 s\u00fabitamente en la transici\u00f3n, no adopt\u00f3, ni llegar\u00e1 a adoptar posteriormente, formas extremas como el soberanismo conform\u00e1ndose con un regionalismo centralista, que no discute la soberan\u00eda espa\u00f1ola, como el autonomismo. Entendemos que el planteamiento desarrollado m\u00e1s arriba puede responder de manera materialista.<\/p>\n<p class=\"western\" lang=\"es-ES\">Este papel desarrollado por Andaluc\u00eda en la divisi\u00f3n regional del trabajo en relaci\u00f3n al suministro de fuerza de trabajo (hecho diferencial) es pensado como una especificidad, un sentimiento andalucista. Pero, como ese hecho diferencial para sostenerse en el tiempo, sin afectar a la acumulaci\u00f3n de capital, necesita una compensaci\u00f3n (y previo reconocimiento, aunque sea impl\u00edcito), este andalucismo no puede ser rupturista respecto del estado espa\u00f1ol (o europeo) sino todo lo contrario: ha de reconocer a ambas instancias y plegarse ante ellas, tiene que ser un regionalismo autonomista y no soberanista.<\/p>\n<p class=\"western\" lang=\"es-ES\">Es m\u00e1s, mientras se mantengan estas condiciones, el desarrollo capitalista andaluz habr\u00e1 de revestirse pol\u00edticamente de la forma auton\u00f3mica referenciada en el estado espa\u00f1ol y europeo, que son los que le otorgan el reconocimiento general necesario para transferirle las compensaciones que su papel en la divisi\u00f3n regional del trabajo exige; y cualquier proyecto pol\u00edtico que pretenda un apoyo social amplio en Andaluc\u00eda deber\u00e1 tenerlo en cuenta.<\/p>\n<p class=\"western\" lang=\"es-ES\">Otro debate, quiz\u00e1s m\u00e1s ideol\u00f3gico, es el de la consideraci\u00f3n de Andaluc\u00eda como regi\u00f3n subsidiada. Esta posici\u00f3n resulta de una mirada parcial, que solo atiende a las compensaciones sin ver su vinculaci\u00f3n al papel de Andaluc\u00eda en su funci\u00f3n de suministradora de fuerza de trabajo al capitalismo espa\u00f1ol y europeo. Es m\u00e1s, no solo no se vinculan las compensaciones a la funci\u00f3n espec\u00edfica de Andaluc\u00eda, sino que ni si quiera se explicita esta funci\u00f3n, dando la apariencia de una voluntad pol\u00edtica abstracta del centralismo, o una generosidad de la solidaridad territorial. A lo m\u00e1s se habla de \u201checho diferencial\u201d sin m\u00e1s.<\/p>\n<p class=\"western\" lang=\"es-ES\">La explicitaci\u00f3n del mencionado hecho diferencial, el suministro de fuerza de trabajo para la acumulaci\u00f3n for\u00e1nea de capital, al que hay que vincular las adecuadas compensaciones; as\u00ed como la reivindicaci\u00f3n de la deuda hist\u00f3rica que surge de la evoluci\u00f3n de este hecho diferencial no compensado, son demandas pendientes.<\/p>\n<p class=\"western\" lang=\"es-ES\">Adem\u00e1s, muchas de las formas del salario indirecto, que han venido constituyendo la compensaci\u00f3n de Andaluc\u00eda por su hecho diferencial, como la sanidad y la educaci\u00f3n p\u00fablicas, est\u00e1n siendo cuestionadas; queda por ver -si se desmantela la provisi\u00f3n p\u00fablica de estos bienes- c\u00f3mo se har\u00e1 para establecer las compensaciones al hecho diferencial que permitan la normal reproducci\u00f3n de la fuerza de trabajo.<\/p>\n<h3 class=\"western\" lang=\"es-ES\" align=\"left\">4. Conclusi\u00f3n<\/h3>\n<p class=\"western\" lang=\"es-ES\">Hemos partido del an\u00e1lisis del mercado laboral andaluz en el per\u00edodo 1977-2022, para concluir en el espec\u00edfico papel que tiene Andaluc\u00eda en la divisi\u00f3n regional del trabajo en cuanto suministradora de fuerza de trabajo (hecho diferencial andaluz) al capitalismo espa\u00f1ol y europeo. Este papel se ha venido manifestando a trav\u00e9s de una poblaci\u00f3n, una emigraci\u00f3n y un paro masivos.<\/p>\n<p class=\"western\" lang=\"es-ES\">Ahora bien, el desarrollo fluido de la acumulaci\u00f3n de capital en Andaluc\u00eda tiene como condici\u00f3n que este hecho diferencial tenga una compensaci\u00f3n adecuada, la que permite la reproducci\u00f3n de la fuerza de trabajo al nivel de su valor. Bajo las condiciones de la dictadura franquista dicha compensaci\u00f3n fue insuficiente como muestran la pobreza y el atraso andaluces. La represi\u00f3n franquista no permiti\u00f3 la expresi\u00f3n del sentimiento andaluz que se origina por el deseo de unos niveles de vida que permitan una vida digna, o sea una reproducci\u00f3n normal de la fuerza de trabajo. Este sentimiento andaluz encontrar\u00eda su expresi\u00f3n ideol\u00f3gica y pol\u00edtica en el andalucismo, arraigado en la clase obrera andaluza y que explosionar\u00eda en la transici\u00f3n democr\u00e1tica.<\/p>\n<p class=\"western\" lang=\"es-ES\">El andalucismo quedar\u00eda incorporado a la lucha de clases, como canalizaci\u00f3n de las demandas de reconocimiento del hecho diferencial y de las compensaciones que le corresponden, en su mayor parte como salario indirecto (educaci\u00f3n, sanidad, prestaciones por desempleo, subsidios por desempleo, entre otros). El proceso pol\u00edtico implicar\u00e1 la movilizaci\u00f3n popular y la acci\u00f3n del estado, siendo uno de sus principales resultado la constituci\u00f3n de la representaci\u00f3n pol\u00edtica del capital aut\u00f3ctono, la autonom\u00eda andaluza. El gobierno andaluz habr\u00e1 de gestionar las diversas formas de la compensaci\u00f3n, transferencias nacionales y, posteriormente, fondos europeos, siempre como cristalizaci\u00f3n de la lucha de clases. Esta vinculaci\u00f3n con las instancias estatales, explica el car\u00e1cter centralista de la autonom\u00eda andaluza, y del andalucismo de esta etapa. Algunos asuntos quedan pendientes, el reconocimiento expl\u00edcito del hecho diferencial, la deuda hist\u00f3rica generada por la falta de una suficiente compensaci\u00f3n durante muchos a\u00f1os atr\u00e1s o el cuestionamiento de las formas publicas del salario indirecto (sanidad, educaci\u00f3n). Estos junto a otros temas constituyen la agenda del andalucismo que debe acompa\u00f1ar las demandas de la clase obrera.<\/p>\n<p class=\"western\" lang=\"es-ES\">Hoy como ayer, el andalucismo reivindicativo requiere la movilizaci\u00f3n de la clase obrera andaluza para la consecuci\u00f3n de sus aspiraciones a una vida mejor, empezando por la reproducci\u00f3n de la fuerza de trabajo al nivel de su valor, pues no otra que la lucha de clases es la forma del avance social en el capitalismo.<\/p>\n<h3 lang=\"es-ES\">Notas<\/h3>\n<ol>\n<li>\n<p lang=\"es-ES\" align=\"left\">Andaluc\u00eda, adem\u00e1s, estar\u00eda especializada en la producci\u00f3n agr\u00edcola, tur\u00edstica, entre otras.<\/p>\n<\/li>\n<li>\n<p lang=\"es-ES\" align=\"left\">Incluyo al capital privado y al p\u00fablico, por tanto al empleo creado por las empresas privadas y por las administraciones p\u00fablicas.<\/p>\n<\/li>\n<li>\n<p lang=\"es-ES\" align=\"left\">Mencionamos algunos: modelo demogr\u00e1fico, tipo de familia, productividad inferior a la nacional, salarios inferiores a los nacionales, menor desarrollo tecnol\u00f3gico, entre otros.<\/p>\n<\/li>\n<li>\n<p lang=\"es-ES\" align=\"left\">Este es uno de los aspectos que hacen que Anda lucia muestre un elevado dinamismo en las actividades econ\u00f3micas relacionadas con los medios de vida: alimentaci\u00f3n, servicios p\u00fablicos, construcci\u00f3n.<\/p>\n<\/li>\n<li>\n<p lang=\"es-ES\" align=\"left\">Esto explicar\u00eda que la tasa femenina de actividad sea inferior en Andaluc\u00eda que en Espa\u00f1a. Otra cosa ser\u00eda ver por qu\u00e9 no se ha producido un reconocimiento social a la mujer andaluza por el desempe\u00f1o de este papel de cuidadora tan necesario para llevar a cabo la funci\u00f3n andaluza en la DRT de suministradora de fuerza de trabajo.<\/p>\n<\/li>\n<li>Mientras la emigraci\u00f3n de los sesenta y setenta responde al modelo fordista de acumulaci\u00f3n que demanda una fuerza de trabajo relativamente simple y poco formada, la nueva emigraci\u00f3n responde a las necesidades de fuerza de trabajo compleja y m\u00e1s formada que demanda la acumulaci\u00f3n de capital propia de la automatizaci\u00f3n y la digitalizaci\u00f3n.<\/li>\n<li>\n<p lang=\"es-ES\" align=\"left\">Ser\u00e1 interesante ver, c\u00f3mo responde cada fubfunci\u00f3n a cada momento del ciclo econ\u00f3mico (auge o crisis) seg\u00fan las caracter\u00edsticas del momento, por ejemplo la recepci\u00f3n en el destino de la emigraci\u00f3n.<\/p>\n<\/li>\n<li>\n<p lang=\"es-ES\" align=\"left\">Esta plusval\u00eda extra proviene de vender sus mercanc\u00edas por su valor y comprar la fuerza de trabajo por debajo de su valor. Quiz\u00e1s este sea uno de los motivos del mayor ritmo de creaci\u00f3n de empleo, en relaci\u00f3n a Espa\u00f1a.<\/p>\n<\/li>\n<li>\n<p lang=\"es-ES\" align=\"left\">Al respecto, Karl Marx en el cap\u00edtulo 8, sobre la jornada laboral, del primer libro de su magna obra El capital, expone como la regulaci\u00f3n de la jornada es el resultado de la acci\u00f3n estatal a partir de la lucha de clases, que encuentra su determinaci\u00f3n m\u00e1s simple en la necesidad del capital. Hemos tratado de adoptar la misma idea.<\/p>\n<\/li>\n<li>Estos planteamientos son acreedores de las investigaciones del profesor I\u00f1igo Carreras del CEICP.<\/li>\n<li>El subsidio agrario tiene una especificidad mayor: es la forma de compensar a la fuerza de trabajo por mantenerse disponible, sin abandonar el \u00e1mbito rural, para las variables necesidades de la acumulaci\u00f3n del capital agrario.<\/li>\n<\/ol>\n","protected":false},"excerpt":{"rendered":"<p>1. Introducci\u00f3n A ra\u00edz de la elaboraci\u00f3n de un libro sobre el sindicalismo en Andaluc\u00eda, a\u00fan in itinere, su autora<\/p>\n","protected":false},"author":5,"featured_media":15549,"comment_status":"open","ping_status":"open","sticky":false,"template":"","format":"standard","meta":{"footnotes":""},"categories":[1558,44,2021,1548],"tags":[],"class_list":["post-15542","post","type-post","status-publish","format-standard","has-post-thumbnail","hentry","category-condiciones-de-vida-sociedad","category-economia","category-emigracion","category-politica"],"aioseo_notices":[],"_links":{"self":[{"href":"https:\/\/espai-marx.net\/index.php?rest_route=\/wp\/v2\/posts\/15542","targetHints":{"allow":["GET"]}}],"collection":[{"href":"https:\/\/espai-marx.net\/index.php?rest_route=\/wp\/v2\/posts"}],"about":[{"href":"https:\/\/espai-marx.net\/index.php?rest_route=\/wp\/v2\/types\/post"}],"author":[{"embeddable":true,"href":"https:\/\/espai-marx.net\/index.php?rest_route=\/wp\/v2\/users\/5"}],"replies":[{"embeddable":true,"href":"https:\/\/espai-marx.net\/index.php?rest_route=%2Fwp%2Fv2%2Fcomments&post=15542"}],"version-history":[{"count":0,"href":"https:\/\/espai-marx.net\/index.php?rest_route=\/wp\/v2\/posts\/15542\/revisions"}],"wp:featuredmedia":[{"embeddable":true,"href":"https:\/\/espai-marx.net\/index.php?rest_route=\/wp\/v2\/media\/15549"}],"wp:attachment":[{"href":"https:\/\/espai-marx.net\/index.php?rest_route=%2Fwp%2Fv2%2Fmedia&parent=15542"}],"wp:term":[{"taxonomy":"category","embeddable":true,"href":"https:\/\/espai-marx.net\/index.php?rest_route=%2Fwp%2Fv2%2Fcategories&post=15542"},{"taxonomy":"post_tag","embeddable":true,"href":"https:\/\/espai-marx.net\/index.php?rest_route=%2Fwp%2Fv2%2Ftags&post=15542"}],"curies":[{"name":"wp","href":"https:\/\/api.w.org\/{rel}","templated":true}]}}