{"id":15568,"date":"2024-05-24T05:00:05","date_gmt":"2024-05-24T04:00:05","guid":{"rendered":"https:\/\/espai-marx.net\/?p=15568"},"modified":"2024-05-24T06:02:17","modified_gmt":"2024-05-24T05:02:17","slug":"historia-de-las-juventudes-comunistas-de-belgica-1921-1945","status":"publish","type":"post","link":"https:\/\/espai-marx.net\/?p=15568","title":{"rendered":"Historia de las Juventudes Comunistas de B\u00e9lgica (1921-1945)"},"content":{"rendered":"<div class=\"entry-content inner\">\n<p class=\"western\" lang=\"fr-FR\" align=\"justify\" data-dl-uid=\"13\" data-dl-original=\"true\" data-dl-translated=\"true\"><em>Las Juventudes Comunistas (JC) desempe\u00f1aron un papel clave en las grandes luchas de entreguerras y en la Resistencia. La primera generaci\u00f3n de JC belgas form\u00f3 grupos muy unidos de activistas entregados. Aqu\u00ed nos encontramos con Jos\u00e9 Gotovitch, que acaba de dedicarles su \u00faltimo libro.<\/em><\/p>\n<p lang=\"fr-FR\" align=\"justify\" data-dl-uid=\"13\" data-dl-original=\"true\" data-dl-translated=\"true\"><em>Jos\u00e9 Gotovitch fue Profesor Honorario de Historia Contempor\u00e1nea (ULB), miembro de la Real Academia de B\u00e9lgica y fundador del Centro de Archivos Comunistas de B\u00e9lgica (CArCoB). Su prol\u00edfica carrera se centr\u00f3 en la Segunda Guerra Mundial y el Partido Comunista en B\u00e9lgica. El propio Gotovitch milit\u00f3 en su juventud en los \u00c9tudiants communistes. Gotovich muri\u00f3 el 16 de febrero de 2024.<br \/>\n<\/em><\/p>\n<p lang=\"fr-FR\" align=\"justify\" data-dl-uid=\"13\" data-dl-original=\"true\" data-dl-translated=\"true\"><em>Adrian Thomas es historiador del sindicalismo belga. Colabora frecuentemente con el dictionnaire du mouvement ouvrier (Le Maitron) y con el CArCoB. Su publicaci\u00f3n m\u00e1s reciente es Robert Dussart, une histoire ouvri\u00e8re des ACEC de Charleroi (Aden), que obtuvo el Premio CArCoB 2021.<\/em><\/p>\n<p class=\"western\" lang=\"fr-FR\" align=\"justify\" data-dl-uid=\"14\" data-dl-original=\"true\" data-dl-translated=\"true\"><b data-dl-uid=\"15\" data-dl-original=\"true\" data-dl-translated=\"true\"><a href=\"https:\/\/espai-marx.net\/wp-content\/uploads\/2024\/05\/allons-aun-devant-de-la-vie.jpg\"><img loading=\"lazy\" decoding=\"async\" class=\"alignleft wp-image-15571\" src=\"https:\/\/espai-marx.net\/wp-content\/uploads\/2024\/05\/allons-aun-devant-de-la-vie.jpg\" alt=\"\" width=\"200\" height=\"275\" srcset=\"https:\/\/espai-marx.net\/wp-content\/uploads\/2024\/05\/allons-aun-devant-de-la-vie.jpg 630w, https:\/\/espai-marx.net\/wp-content\/uploads\/2024\/05\/allons-aun-devant-de-la-vie-218x300.jpg 218w\" sizes=\"auto, (max-width: 200px) 100vw, 200px\" \/><\/a>Adrian Thomas. Este es el primer libro que trata de los j\u00f3venes comunistas belgas. Los historiadores suelen ocuparse poco de los movimientos juveniles de todo tipo. \u00bfA qu\u00e9 se debe este evidente desinter\u00e9s?<\/b><\/p>\n<p class=\"western\" lang=\"fr-FR\" align=\"justify\" data-dl-uid=\"19\" data-dl-original=\"true\" data-dl-translated=\"true\"><b data-dl-uid=\"20\" data-dl-original=\"true\" data-dl-translated=\"true\">Jos\u00e9 Gotovitch<\/b>: Existen algunos art\u00edculos sobre este tema, pero son m\u00e1s bien marginales. Aunque los movimientos juveniles han sido objeto de algunas disertaciones universitarias, pocos han sido objeto de una tesis doctoral. No ha habido voluntad, a pesar de poder contar con excelentes historiadores del movimiento obrero. Este silencio de los partidos no es del todo inocente. El Partido Socialista Belga (PSB) y su centro de estudios (Institut \u00c9mile Vandervelde), que albergaba a numerosos historiadores (entre ellos mi difunto compa\u00f1ero Emy Spelkens), no quisieron promover la historia de sus juventudes, a pesar de contar con decenas de miles de afiliados en sus filas. \u00bfPor qu\u00e9 este olvido? Porque la Joven Guardia Socialista (JGS) era ind\u00f3cil con ellos.<\/p>\n<figure id=\"attachment_45397\" class=\"wp-caption alignright\" aria-describedby=\"caption-attachment-45397\"><figcaption id=\"caption-attachment-45397\" class=\"wp-caption-text\" data-dl-uid=\"163\" data-dl-original=\"true\" data-dl-translated=\"true\"><\/figcaption><\/figure>\n<p class=\"western\" lang=\"fr-FR\" align=\"justify\" data-dl-uid=\"21\" data-dl-original=\"true\" data-dl-translated=\"true\">Era un refugio para los rebeldes dentro del RSP. Ya en los a\u00f1os sesenta, algunas personas de unos cincuenta a\u00f1os permanec\u00edan all\u00ed porque se sent\u00edan m\u00e1s c\u00f3modas all\u00ed que en el partido. Por tanto, el RSP no ten\u00eda ning\u00fan inter\u00e9s en glorificar a su oposici\u00f3n interna de izquierdas, que le era muy cr\u00edtica, ni en hacer inventario de sus sucesivas renuncias durante su participaci\u00f3n en el gobierno.<span id=\"easy-footnote-1-45418\" class=\"easy-footnote-margin-adjust\" data-dl-uid=\"22\" data-dl-original=\"true\" data-dl-translated=\"true\"><\/span> Ciertamente, se produjo una desconexi\u00f3n progresiva entre el aparato y su propia base, ya que desde hace alg\u00fan tiempo no existe una verdadera juventud socialista<sup>1<\/sup>. En el lado cristiano, las publicaciones sobre la JOC (Jeunesse ouvri\u00e8re chr\u00e9tienne) y los scouts, a pesar de contar con un n\u00famero de miembros mucho mayor, tambi\u00e9n han permanecido bastante marginales en la historiograf\u00eda, como es el caso de otros movimientos juveniles. Sin embargo, me gustar\u00eda llamar su atenci\u00f3n sobre el hecho de que mi libro no cuenta toda la historia de la JCB, sino s\u00f3lo la de su primera generaci\u00f3n. Por lo tanto, ser\u00eda necesario continuar con las generaciones posteriores que siguieron en la posguerra.<\/p>\n<p class=\"western\" lang=\"fr-FR\" align=\"justify\" data-dl-uid=\"164\" data-dl-original=\"true\" data-dl-translated=\"true\"><b data-dl-uid=\"165\" data-dl-original=\"true\" data-dl-translated=\"true\">Cuando se fund\u00f3 (1921), el PCB era en gran medida un partido de j\u00f3venes militantes. \u00bfSe hizo evidente r\u00e1pidamente para sus dirigentes que deb\u00edan fundar una Juventud Comunista, separada del PCB?<\/b><\/p>\n<p class=\"western\" lang=\"fr-FR\" align=\"justify\" data-dl-uid=\"166\" data-dl-original=\"true\" data-dl-translated=\"true\">S\u00ed, pero debo se\u00f1alar que esto fue ante todo una instrucci\u00f3n de la Internacional Comunista. La IC deb\u00eda jugar un papel clave en la estructuraci\u00f3n de estos nuevos partidos. Cada uno de ellos deb\u00eda ir acompa\u00f1ado de un movimiento juvenil. Fueron j\u00f3venes militantes quienes fundaron el PCB. Aunque el cofundador, Joseph Jacquemotte, y sus amigos del movimiento sindical socialdem\u00f3crata eran algo mayores (treinta\u00f1eros), destacaban entre los dem\u00e1s dirigentes, que en su mayor\u00eda s\u00f3lo ten\u00edan veinte a\u00f1os. A diferencia del PCF, no eran veteranos (\u00abla generaci\u00f3n del fuego\u00bb), y ni siquiera hab\u00edan podido luchar en la guerra (1914-1918). En su mayor\u00eda eran parados y obreros, y sol\u00edan ser franc\u00f3fonos. Con la excepci\u00f3n de Jacquemotte, eran desconocidos y ten\u00edan muy pocos v\u00ednculos con las masas. Su juventud demostr\u00f3 hasta qu\u00e9 punto el PCB naci\u00f3 como un partido marginal, con apenas 500 afiliados.<\/p>\n<p class=\"western\" lang=\"fr-FR\" align=\"justify\" data-dl-uid=\"167\" data-dl-original=\"true\" data-dl-translated=\"true\">Su primera d\u00e9cada iba a ser dif\u00edcil. Muchos de estos j\u00f3venes activistas proced\u00edan de la JGS. Uno de ellos, Henri De Boeck (18 a\u00f1os), fund\u00f3 y dirigi\u00f3 la primera JCB hasta 1928 (antes de convertirse en jefe del PCB hasta 1934 con Marc Willems, \u00e9l mismo tres a\u00f1os menor que \u00e9l). Guillaume Van den Borre y F\u00e9lix Coenen, sus padrinos de partido, ten\u00edan 25 y 27 a\u00f1os respectivamente. La JCB intenta implantarse en los barrios obreros del pa\u00eds, sobre todo en Lieja y Charleroi, dirigi\u00e9ndose a los alumnos de las escuelas industriales, a los obreros de algunas f\u00e1bricas y a los reclutas del servicio militar a trav\u00e9s de peque\u00f1os peri\u00f3dicos, pero desgraciadamente sin \u00e9xito. La JCB apenas contaba con 300 miembros, mientras que la JGS ten\u00eda entre 15.000 y 20.000 (1923).<\/p>\n<p class=\"western\" lang=\"fr-FR\" align=\"justify\" data-dl-uid=\"169\" data-dl-original=\"true\" data-dl-translated=\"true\"><b data-dl-uid=\"170\" data-dl-original=\"true\" data-dl-translated=\"true\">\u00bfPor qu\u00e9 separ\u00f3 en su libro a los \u00c9tudiants communistes de las Jeunesses? \u00bfEn qu\u00e9 se diferencian, sobre todo en el enfoque y la sociolog\u00eda?<\/b><\/p>\n<p class=\"western\" lang=\"fr-FR\" align=\"justify\" data-dl-uid=\"171\" data-dl-original=\"true\" data-dl-translated=\"true\">Exist\u00eda una fractura social total entre los estudiantes y el resto de la sociedad. Este mundo peque\u00f1o y peque\u00f1oburgu\u00e9s a\u00fan no se hab\u00eda masificado como hoy (9.000 en cuatro universidades en 1920), viv\u00eda aislado y era bastante reaccionario. <span data-dl-uid=\"172\" data-dl-original=\"true\" data-dl-translated=\"true\">En este grupo se reclutaron los rompehuelgas.<\/span><span data-dl-uid=\"173\" data-dl-original=\"true\" data-dl-translated=\"true\"><u data-dl-uid=\"174\" data-dl-original=\"true\" data-dl-translated=\"true\">os rompehuelgas<\/u><\/span><span data-dl-uid=\"175\" data-dl-original=\"true\" data-dl-translated=\"true\">trabajadores del tranv\u00eda, por ejemplo.<\/span> La educaci\u00f3n universitaria no hac\u00eda sino reproducir la \u00e9lite. Este entorno no era realmente favorable a la izquierda, como lo hab\u00eda sido en el periodo posterior a 1968. El PCB y la JCB tardaron alg\u00fan tiempo en considerarlo un terreno viable para la lucha. En general, los estudiantes y otros j\u00f3venes comunistas no socializaban mucho. No compart\u00edan el mismo entorno social, la misma cultura ni las mismas preocupaciones, aunque s\u00ed se reun\u00edan en numerosos actos.<\/p>\n<p class=\"western\" lang=\"fr-FR\" align=\"justify\" data-dl-uid=\"177\" data-dl-original=\"true\" data-dl-translated=\"true\">En la Universidad de Gante se formaron precoces grupos estudiantiles de extrema izquierda para hacer frente a las poderosas ligas nacionalistas, y consiguieron llegar a acuerdos puntuales con otros grupos no cat\u00f3licos (socialistas y liberales) para contrarrestar la hegemon\u00eda clerical, especialmente abrumadora. La lucha por el laicismo y el libre examen, a trav\u00e9s de una antigua organizaci\u00f3n estudiantil (<i data-dl-uid=\"178\" data-dl-original=\"true\" data-dl-translated=\"true\">&#8216;t Zal Wel gaan<\/i>), facilit\u00f3 las concentraciones izquierdistas y la aparici\u00f3n de portavoces en el campus de Gante. En Lieja, sin embargo, ocurr\u00eda lo contrario. La universidad era un peque\u00f1o entorno burgu\u00e9s celosamente vigilado por los cat\u00f3licos, que persegu\u00edan activamente a los comunistas. Los pocos j\u00f3venes socialistas eran discretos, centristas y poco solidarios con los estudiantes comunistas. Esto puede parecer sorprendente, dado que Lieja es un importante basti\u00f3n de la izquierda. Pero su fuerte influencia pol\u00edtica no se reflejaba en absoluto en la universidad. La lucha social se libra fuera, en los suburbios obreros. En Lovaina, era a\u00fan m\u00e1s dif\u00edcil. Existe, sin embargo, un peque\u00f1o c\u00edrculo de cristianos progresistas y extranjeros. Su presencia y sus actividades son irregulares.<\/p>\n<p class=\"western\" lang=\"fr-FR\" align=\"justify\" data-dl-uid=\"179\" data-dl-original=\"true\" data-dl-translated=\"true\">Estos j\u00f3venes comunistas se presentaban bajo diversos nombres (federaci\u00f3n independiente de estudiantes socialistas, materialistas, marxistas, etc.) en funci\u00f3n de la sociabilidad del momento. En la universidad, sol\u00edan intentar formar alianzas con otros grupos. Sus actividades se centran mucho en la difusi\u00f3n de su prensa, cuyos temas giran principalmente en torno a la actualidad internacional. Tambi\u00e9n invitan a personalidades, no exclusivamente del PCB, a debatir sobre diversos temas. Los estudiantes comunistas tambi\u00e9n intentan ser relativamente aut\u00f3nomos respecto al partido.<\/p>\n<p class=\"western\" lang=\"fr-FR\" align=\"justify\" data-dl-uid=\"180\" data-dl-original=\"true\" data-dl-translated=\"true\">Es en la ULB donde los estudiantes comunistas est\u00e1n mejor establecidos. Algunos profesores, a la izquierda de la socialdemocracia, los ve\u00edan con buenos ojos. Uno de ellos, Paul Libois, era abiertamente comunista. Sin embargo, este f\u00edsico de talento sufri\u00f3 fuertes presiones de su rector en 1932, tras el registro de su domicilio. A pesar de ello, consigui\u00f3 que se respetara su compromiso gracias al principio de libertad de c\u00e1tedra. Fue la detenci\u00f3n en Roma, en 1931, del presidente de la asociaci\u00f3n estudiantil del mismo nombre, <i data-dl-uid=\"181\" data-dl-original=\"true\" data-dl-translated=\"true\">Librex<\/i>, en posesi\u00f3n de panfletos antimussolinistas, lo que impuls\u00f3 a la ULB a volverse contra el fascismo. Se organiz\u00f3 entonces un gran movimiento apoyado por el rector para exigir su liberaci\u00f3n. Este planteamiento permiti\u00f3 a los j\u00f3venes comunistas normalizar su posici\u00f3n frente a la mayor\u00eda de los estudiantes y atraer la atenci\u00f3n de algunos de ellos, que se unieron a ellos. El antifascismo estaba a\u00fan en pa\u00f1ales en aquella \u00e9poca y s\u00f3lo se convertir\u00eda en un fen\u00f3meno de masas cuando Hitler llegara al poder (1933). Esto dio lugar a otras acciones unitarias de este tipo, y luego a una fusi\u00f3n con los Estudiantes Socialistas, en el contexto m\u00e1s amplio del movimiento del Frente Popular, que reuni\u00f3 a un gran n\u00famero de activistas de izquierdas de 1934 a 1938. Estos valiosos contactos sociales se transformaron en resistencia durante la guerra.<\/p>\n<p class=\"western\" lang=\"fr-FR\" align=\"justify\" data-dl-uid=\"182\" data-dl-original=\"true\" data-dl-translated=\"true\">Aunque el reclutamiento de estudiantes comunistas no tuvo un gran \u00e9xito en la universidad, muchos j\u00f3venes intelectuales desarrollaron una conciencia revolucionaria que les marcar\u00eda para el resto de sus vidas, cultivando una aut\u00e9ntica simpat\u00eda por el PCB. Entre estos compa\u00f1eros de viaje hab\u00eda destacados abogados, periodistas y funcionarios.<\/p>\n<p class=\"western\" lang=\"fr-FR\" align=\"justify\" data-dl-uid=\"183\" data-dl-original=\"true\" data-dl-translated=\"true\"><b data-dl-uid=\"184\" data-dl-original=\"true\" data-dl-translated=\"true\">Los j\u00f3venes comunistas eran muy activos y quer\u00edan mostrar su solidaridad con la clase obrera en sus luchas. Por ejemplo, durante la huelga de mineros de 1932, algunos de ellos recorrieron el Borinage en bicicleta entre los piquetes de las minas.<\/b><\/p>\n<p class=\"western\" lang=\"fr-FR\" align=\"justify\" data-dl-uid=\"185\" data-dl-original=\"true\" data-dl-translated=\"true\">A diferencia de la JOC y la JGS, la JCB no se centr\u00f3 en las cl\u00e1sicas ra\u00edces comunales y la construcci\u00f3n de secciones de barrio, sino que intent\u00f3 penetrar en algunas f\u00e1bricas durante los a\u00f1os veinte<i data-dl-uid=\"186\" data-dl-original=\"true\" data-dl-translated=\"true\">(Minerva<\/i> en Amberes, la FN en Herstal, <i data-dl-uid=\"187\" data-dl-original=\"true\" data-dl-translated=\"true\">La Providence<\/i> en Charleroi).<span id=\"easy-footnote-2-45418\" class=\"easy-footnote-margin-adjust\" data-dl-uid=\"188\" data-dl-original=\"true\" data-dl-translated=\"true\"><\/span> Era mucho m\u00e1s complicado en la pr\u00e1ctica, pero respond\u00eda a su modelo leninista y a su prioridad proletaria<sup>2<\/sup>. Sin embargo, la JCB no consigui\u00f3 abrirse camino, salvo de forma limitada en la siderurgia de Lieja (Cockerill y Ougr\u00e9e-Marihaye), en las minas de carb\u00f3n del Centro y en Correos de Bruselas. Pero se trataba de unos pocos militantes aqu\u00ed y all\u00e1, cuya actividad alternaba a\u00f1os de vacas flacas y breves oleadas de reclutamiento. Las masas llegaron despu\u00e9s de 1936. La huelga de mineros de 1932 permiti\u00f3 al PCB establecerse y construir sus primeros bastiones. Esta encarnizada lucha de clases termin\u00f3 en decepci\u00f3n y allan\u00f3 el camino para el maremoto de 1936 y sus numerosas conquistas sociales, entre ellas la primera semana de vacaciones pagadas.<\/p>\n<p class=\"western\" lang=\"fr-FR\" align=\"justify\" data-dl-uid=\"192\" data-dl-original=\"true\" data-dl-translated=\"true\">La JCB desempe\u00f1\u00f3 un cierto papel en la huelga del 32, pero s\u00f3lo ocasionalmente. Los j\u00f3venes activistas actuaban como enlaces entre los piquetes, coordinando las acciones. La JCB, dirigida por Andr\u00e9 Houllez, un obrero de 19 a\u00f1os expulsado de su f\u00e1brica por sus actividades sindicales, se distingui\u00f3 durante la huelga por sus \u00abbrigadas de choque\u00bb de ciclistas. En aquella \u00e9poca, la bicicleta era el medio de transporte obrero por excelencia. Las carreras ciclistas eran un pasatiempo muy popular entre el proletariado. El JCB no tard\u00f3 en incluir el ciclismo en su arsenal pol\u00edtico. Si los j\u00f3venes comunistas organizaban competiciones ciclistas, en 1928 por ejemplo, anunciaban sus reuniones recorriendo en bicicleta los barrios obreros con pancartas, sirenas y campanas. La bicicleta era ya una de sus herramientas favoritas. En 1932, la JCB organiz\u00f3 desfiles de ciclistas procedentes de Bruselas e incluso del extranjero, con el apoyo de camaradas del PCF du Nord de las regiones de Borinage y Centre (dirigidos por la obrera textil Marie-Louise Vanacker) y del PCN holand\u00e9s de Limburgo. Tambi\u00e9n asistieron dirigentes alemanes de la Internacional Comunista. La JCB tambi\u00e9n puso en marcha con \u00e9xito una experiencia pionera de <i data-dl-uid=\"193\" data-dl-original=\"true\" data-dl-translated=\"true\">piquetes rojos<\/i>, en colaboraci\u00f3n con los socialistas en una \u00e9poca en la que ambos no se hablaban. Su participaci\u00f3n en este movimiento le permiti\u00f3 triplicar su n\u00famero de afiliados, al igual que el partido y la tirada de su peri\u00f3dico.<\/p>\n<p class=\"western\" lang=\"fr-FR\" align=\"justify\" data-dl-uid=\"195\" data-dl-original=\"true\" data-dl-translated=\"true\">Sin embargo, los errores de la JCB y, sobre todo, la dura represi\u00f3n policial y patronal impidieron a los comunistas consolidar sus avances. Sus equipos de publicaci\u00f3n y m\u00e1quinas de escribir fueron confiscados en m\u00faltiples redadas y hasta 187 activistas fueron detenidos, muchos de ellos dirigentes. Algunos de ellos fueron procesados posteriormente. Peor a\u00fan, un joven obrero, Louis Tayenne, fue asesinado por un gendarme en Roux. El ej\u00e9rcito ocupa los barrios obreros sublevados. Los comunistas se desorganizan y pierden sus conquistas. Fue la reorientaci\u00f3n hacia el antifascismo y la l\u00ednea unitaria del Frente Popular a partir de 1934 lo que les permiti\u00f3 despegar y ganar apoyo de masas, sobre todo entre los j\u00f3venes trabajadores.<\/p>\n<p class=\"western\" lang=\"fr-FR\" align=\"justify\" data-dl-uid=\"196\" data-dl-original=\"true\" data-dl-translated=\"true\"><b data-dl-uid=\"197\" data-dl-original=\"true\" data-dl-translated=\"true\">Una de las grandes caracter\u00edsticas del JCB es que es mixto. En casi todas partes, chicos y chicas est\u00e1n perfectamente separados, pero no en el JCB. M\u00e1s all\u00e1 de este vanguardismo, \u00bfqu\u00e9 papel desempe\u00f1an las chicas? \u00bfTienen alguna responsabilidad?<\/b><\/p>\n<p class=\"western\" lang=\"fr-FR\" align=\"justify\" data-dl-uid=\"26\" data-dl-original=\"true\" data-dl-translated=\"true\">Conviene recordar hasta qu\u00e9 punto el conservadurismo moral pesaba sobre la sociedad de la \u00e9poca, y m\u00e1s a\u00fan sobre las mujeres trabajadoras de todas las edades. Las mujeres estaban confinadas a un papel dom\u00e9stico muy estricto y estaba mal visto desviarse de \u00e9l. La JGS intent\u00f3 en varias ocasiones crear una secci\u00f3n femenina, pero sin \u00e9xito. Las Juventudes Comunistas, en cambio, apostaron desde el principio por un reclutamiento sin distinci\u00f3n de g\u00e9nero. Sus campamentos de verano eran mixtos, lo que resultaba atrevido para la \u00e9poca. Sin embargo, hab\u00eda muy pocas chicas. Se las pod\u00eda ver en desfiles, incluido el desfile marcial de la embrionaria milicia <i data-dl-uid=\"27\" data-dl-original=\"true\" data-dl-translated=\"true\">del Frente Rojo<\/i>, pero muy raramente en gran n\u00famero. A pesar de ello, la JCB contaba con cierto n\u00famero de mujeres en la industria textil de la frontera de Lille (Mouscron-Comines), sobre todo gracias a la influencia cercana del PCF, ya que las hilander\u00edas contrataban a muchas chicas j\u00f3venes.<span id=\"easy-footnote-3-45418\" class=\"easy-footnote-margin-adjust\" data-dl-uid=\"28\" data-dl-original=\"true\" data-dl-translated=\"true\"><\/span><span id=\"easy-footnote-4-45418\" class=\"easy-footnote-margin-adjust\" data-dl-uid=\"32\" data-dl-original=\"true\" data-dl-translated=\"true\"><\/span> Pero pocas militantes se convirtieron en figuras emblem\u00e1ticas o dirigentes, como ocurri\u00f3 en el PCF<sup>3<\/sup> o en el PC espa\u00f1ol<sup>4<\/sup>. Cabe se\u00f1alar, no obstante, que las mujeres siguieron participando en los \u00f3rganos de direcci\u00f3n de la JCB durante alg\u00fan tiempo despu\u00e9s de su fundaci\u00f3n.<\/p>\n<p class=\"western\" lang=\"fr-FR\" align=\"justify\" data-dl-uid=\"36\" data-dl-original=\"true\" data-dl-translated=\"true\">Marguerite (Margot) Develer fue una joven activista a la que se le encomend\u00f3 una gran responsabilidad. Esta sombrerera de 28 a\u00f1os cre\u00f3 los Pionniers por primera vez en 1929. Hasta que se march\u00f3 a Espa\u00f1a en 1936 como corresponsal del peri\u00f3dico JCB, intent\u00f3 formar grupos de ni\u00f1os mediante juegos pol\u00edticos, desfiles especiales en manifestaciones comunistas, representaciones teatrales y recogida de donativos durante las huelgas (como en 1934 en la industria textil de Verviers). Los Pioneros no fueron numerosos (un centenar a lo sumo, principalmente en Flandes), pero el experimento se relanz\u00f3 con m\u00e1s decisi\u00f3n despu\u00e9s de la guerra.<\/p>\n<p class=\"western\" lang=\"fr-FR\" align=\"justify\" data-dl-uid=\"37\" data-dl-original=\"true\" data-dl-translated=\"true\">Otras mujeres comunistas desempe\u00f1aron un papel importante en el periodo de entreguerras. Fanny Beznos-Jacquemotte, de unos veinte a\u00f1os, ocup\u00f3 un puesto clave al frente de la JCB de 1928 a 1933, al tiempo que dirig\u00eda la librer\u00eda del partido. Fue llamada a desempe\u00f1ar otras tareas en el PCB, pero sigui\u00f3 vinculada al secretariado de las juventudes. Buntea Crupnic-Smesman, algo m\u00e1s joven, se uni\u00f3 a la direcci\u00f3n del JCB a su llegada a B\u00e9lgica. Poco antes de la guerra, Crupnic prepar\u00f3 el aparato clandestino del PCB, que anticip\u00f3 su red de Resistencia. Se dice incluso que desempe\u00f1\u00f3 un papel crucial en la Orquesta Roja, la gran tela de ara\u00f1a de esp\u00edas comunistas enlazados por toda la Europa ocupada que proporcionaron al Ej\u00e9rcito Rojo gran cantidad de valiosa informaci\u00f3n para ganar la guerra, pero esto sigue siendo un misterio.<\/p>\n<p class=\"western\" lang=\"fr-FR\" align=\"justify\" data-dl-uid=\"38\" data-dl-original=\"true\" data-dl-translated=\"true\"><b data-dl-uid=\"39\" data-dl-original=\"true\" data-dl-translated=\"true\">Otra caracter\u00edstica destacable de la JCB es que muchos de sus miembros son refugiados procedentes de los cuatro puntos cardinales de Europa (Italia, Yugoslavia, Europa Central). \u00bfCu\u00e1les son sus motivos particulares para afiliarse? \u00bfLes facilita la JCB su integraci\u00f3n en B\u00e9lgica?<\/b><\/p>\n<p class=\"western\" lang=\"fr-FR\" align=\"justify\" data-dl-uid=\"40\" data-dl-original=\"true\" data-dl-translated=\"true\">Esto tambi\u00e9n forma parte de su originalidad. Los dem\u00e1s partidos no los acog\u00edan realmente (o todav\u00eda), mientras que el PCB, al igual que los dem\u00e1s PC de Europa Occidental, cre\u00f3 c\u00e9lulas especiales (el MOI, personal extranjero\/inmigrante) como antesalas del partido. En algunas secciones, los inmigrantes eran incluso mayor\u00eda. Mientras que los primeros italianos formaron <i data-dl-uid=\"41\" data-dl-original=\"true\" data-dl-translated=\"true\">r\u00e1pidamente<\/i> su propia federaci\u00f3n dentro del PCB, los jud\u00edos de Europa Central (Hungr\u00eda, Polonia, Ruman\u00eda, Besarabia\/Moldavia, etc.) se integraron r\u00e1pidamente en las c\u00e9lulas del partido, conservando sus asociaciones culturales. Naturalmente, muchos de ellos se encontraban en Amberes y Bruselas, focos de inmigraci\u00f3n. Margot Develer recuerda reuniones en las que a veces se hablaba en yiddish. Estos refugiados pol\u00edticos descubrieron el comunismo en sus pa\u00edses de origen antes de tener que huir de la tiran\u00eda. L\u00f3gicamente, siguieron vinculados al PCB, que representaba a la secci\u00f3n belga de la Internacional Comunista. La atracci\u00f3n y la lealtad a la Uni\u00f3n Sovi\u00e9tica fueron tambi\u00e9n un factor unificador decisivo. Tambi\u00e9n hab\u00eda espa\u00f1oles y alemanes, v\u00edctimas del fascismo. Algunos buscaron refugio con la esperanza de regresar r\u00e1pidamente a su pa\u00eds tras la guerra y\/o la dictadura, pero otros prefirieron quedarse en B\u00e9lgica, a pesar de las grandes dificultades de integraci\u00f3n y del racismo tradicional imperante (sobre todo el antisemitismo).<\/p>\n<p class=\"western\" lang=\"fr-FR\" align=\"justify\" data-dl-uid=\"43\" data-dl-original=\"true\" data-dl-translated=\"true\">El hecho de que estos inmigrantes se afiliaran al PCB y a la JCB fue una forma de asimilarlos a B\u00e9lgica. Los comunistas los integraron en el pa\u00eds haci\u00e9ndoles participar en las luchas pol\u00edticas nacionales. Era emancipador.<span id=\"easy-footnote-5-45418\" class=\"easy-footnote-margin-adjust\" data-dl-uid=\"44\" data-dl-original=\"true\" data-dl-translated=\"true\"><\/span> Rudi Van Doorslaer explic\u00f3 claramente esta salida aleg\u00f3rica del gueto en su tesis<sup>5<\/sup>. De ni\u00f1o, fui a movimientos juveniles jud\u00edos (laicos y comunistas) y luego, a los 18 a\u00f1os, me un\u00ed a los pioneros del PCB: en dos a\u00f1os, emigr\u00e9 de la calle jud\u00eda a la calle belga. Descubr\u00ed un mundo que mis padres no conoc\u00edan y gente que no habr\u00eda conocido fuera de su comunidad. Me aficion\u00e9 a la historia gracias a las conferencias del partido. Gracias a la sociabilidad militante comunista, estos emigrantes se integraron en las estructuras socioculturales belgas, a menudo a trav\u00e9s del trabajo y el sindicalismo, al menos si no eran r\u00e1pidamente expulsados por la Polic\u00eda de Extranjer\u00eda. Esta integraci\u00f3n continu\u00f3 despu\u00e9s de la guerra, a pesar del horror del Holocausto y de la persistencia general de la xenofobia.<\/p>\n<p class=\"western\" lang=\"fr-FR\" align=\"justify\" data-dl-uid=\"198\" data-dl-original=\"true\" data-dl-translated=\"true\"><b data-dl-uid=\"199\" data-dl-original=\"true\" data-dl-translated=\"true\">Los j\u00f3venes comunistas se enfrentaron a una grave represi\u00f3n desde todos los frentes, incluidos el ej\u00e9rcito, la polic\u00eda, la justicia, la patronal y los rectorados universitarios.<\/b><\/p>\n<p class=\"western\" lang=\"fr-FR\" align=\"justify\" data-dl-uid=\"48\" data-dl-original=\"true\" data-dl-translated=\"true\">B\u00e9lgica estaba claramente comprometida con el anticomunismo de Estado.<span id=\"easy-footnote-6-45418\" class=\"easy-footnote-margin-adjust\" data-dl-uid=\"49\" data-dl-original=\"true\" data-dl-translated=\"true\"><\/span> Esto fue especialmente llamativo durante el juicio de 1923 contra el \u00abcomplot comunista contra el Estado\u00bb<sup>6<\/sup>. Entre los 54 comunistas detenidos y los quince acusados hab\u00eda muchos j\u00f3venes activistas, como De Boeck y Henri Glineur, un vidriero de 24 a\u00f1os que hab\u00eda fundado el PCB en Charleroi con amigos que, como \u00e9l, hab\u00edan sido expulsados de la JGS. El juicio fue significativo porque represent\u00f3 un intento fallido de reprimir la protesta por medios legales. A pesar de los considerables medios desplegados por la S\u00fbret\u00e9 de l&#8217;\u00c9tat para vigilarlos y de las delirantes acusaciones lanzadas contra ellos por el Ministerio Fiscal, los comunistas no se dejaron impresionar, se defendieron, se ganaron el apoyo de una parte de la opini\u00f3n p\u00fablica, incluida la socialista, y obtuvieron finalmente una absoluci\u00f3n general. Fue una gran bofetada en la cara y una lecci\u00f3n para el poder judicial, que rara vez atacar\u00eda a la disidencia de frente, sino m\u00e1s bien por los flancos. Por ejemplo, Glineur fue detenido de nuevo en 1932 por \u00abinsultar a la familia real\u00bb, no por su activismo en plena huelga de mineros.<\/p>\n<p class=\"western\" lang=\"fr-FR\" align=\"justify\" data-dl-uid=\"54\" data-dl-original=\"true\" data-dl-translated=\"true\">El anticomunismo tambi\u00e9n estaba presente en la ense\u00f1anza. El hecho de que la JCB no existiera en la Universidad de Lieja se debi\u00f3 a la met\u00f3dica represi\u00f3n del rector. El rector exigi\u00f3 que se presentaran las listas de los miembros de los comit\u00e9s de estudiantes. Jacques Grippa, futuro h\u00e9roe de la Resistencia, cuenta en su autobiograf\u00eda c\u00f3mo este polit\u00e9cnico intent\u00f3 en 1930-1931 crear un c\u00edrculo de \u00abestudiantes materialistas\u00bb y c\u00f3mo las autoridades acad\u00e9micas reaccionaron prohibiendo la proyecci\u00f3n de una pel\u00edcula de Eisenstein. Uno de sus profesores le aconsej\u00f3 que en su lugar fuera a la ULB, ya que el rector ten\u00eda la intenci\u00f3n de no darle nunca un t\u00edtulo. Grippa complet\u00f3 sus estudios en Bruselas. En la ense\u00f1anza t\u00e9cnica se intent\u00f3 penetrar en las escuelas industriales, como el Institut des Arts et M\u00e9tiers de Bruselas. Pero la represi\u00f3n fue severa. Los alumnos reclutados fueron r\u00e1pidamente expulsados. En general, las escuelas permanecieron impermeables al JCB.<\/p>\n<p class=\"western\" lang=\"fr-FR\" align=\"justify\" data-dl-uid=\"55\" data-dl-original=\"true\" data-dl-translated=\"true\">En los cuarteles, el ej\u00e9rcito vigilaba muy de cerca los acercamientos comunistas a los j\u00f3venes reclutas que hac\u00edan el servicio militar. La JCB distribu\u00eda peque\u00f1os peri\u00f3dicos en los caf\u00e9s de los soldados, pero los oficiales los vigilaban de cerca y no dudaban en incomunicar a los sediciosos, como Henri Laurent, secretario nacional de la JCB, o incluso someterlos a consejo de guerra. Dos j\u00f3venes comunistas fueron juzgados por deserci\u00f3n. Henri Percykow, marroquinero jud\u00edo de origen polaco y secretario en Bruselas de la JCB, fue condenado a cuatro meses de c\u00e1rcel por llamar a los soldados a volver las armas contra la burgues\u00eda. El antimilitarismo era fundamental para los comunistas, que tem\u00edan ver al ej\u00e9rcito empantanado en una nueva guerra contra la URSS. Tambi\u00e9n era un v\u00ednculo con la JGS, que luch\u00f3 con igual ah\u00ednco en esta cuesti\u00f3n.<span id=\"easy-footnote-7-45418\" class=\"easy-footnote-margin-adjust\" data-dl-uid=\"56\" data-dl-original=\"true\" data-dl-translated=\"true\"><\/span> Esta lucha alcanz\u00f3 su punto culminante en 1950 con la lucha contra la prolongaci\u00f3n del servicio militar<sup>7<\/sup> y la detenci\u00f3n de Eddy Poncelet, un joven marinero comunista amotinado de Ostende. Fue tambi\u00e9n a trav\u00e9s de esta lucha que la JCB critic\u00f3 el colonialismo en el Congo, invocando sanciones contra los soldados indisciplinados de la Force publique y los marineros congole\u00f1os del puerto de Matadi.<\/p>\n<p class=\"western\" lang=\"fr-FR\" align=\"justify\" data-dl-uid=\"60\" data-dl-original=\"true\" data-dl-translated=\"true\">Pero la represi\u00f3n m\u00e1s fuerte se produjo, por supuesto, en el campo de la lucha de clases: en las f\u00e1bricas. En ninguna parte consigui\u00f3 la JCB hacerse un hueco significativo a medio o largo plazo. Esto se puede ver ante todo en su propia propaganda, donde la denuncia del autoritarismo es central. Las publicaciones peri\u00f3dicas de la JCB se centran muy a menudo en la expulsi\u00f3n de uno de sus miembros de tal o cual lugar objetivo de su estrategia.<span id=\"easy-footnote-8-45418\" class=\"easy-footnote-margin-adjust\" data-dl-uid=\"61\" data-dl-original=\"true\" data-dl-translated=\"true\"><\/span> El tema de la libertad de organizaci\u00f3n y de expresi\u00f3n aparece a menudo en sus discursos, pero estas quejas reflejan una admisi\u00f3n de fracaso a la hora de conseguir un punto de apoyo duradero en una zona en la que no existe la democracia<sup>8<\/sup>. Si la JCB y el PCB ten\u00edan muchos trabajadores en paro, se deb\u00eda principalmente a la sistem\u00e1tica caza anticomunista de los empresarios. Los activistas figuran en listas negras que circulan entre los grandes empresarios. Para localizarlos eficazmente (pero ilegalmente), los empresarios fundan en 1925 una red secreta, la \u00abSoci\u00e9t\u00e9 d&#8217;\u00e9tudes politiques, \u00e9conomiques et sociales\u00bb (Sociedad de estudios pol\u00edticos, econ\u00f3micos y sociales), y registran masivamente a los trabajadores rebeldes. El bar\u00f3n de Launoit, un magnate muy rico de diversas industrias, y los patronos del carb\u00f3n, especialmente los de las regiones de Borinage y Centre, fueron los principales valedores de esta red.<span id=\"easy-footnote-9-45418\" class=\"easy-footnote-margin-adjust\" data-dl-uid=\"65\" data-dl-original=\"true\" data-dl-translated=\"true\"><\/span> Otras redes patronales iban a florecer financiando barbouzes, sobre todo despu\u00e9s de la guerra con el Bloque Anticomunista Belga de Andr\u00e9 Moyen, que asesin\u00f3 a Julien Lahaut en 1950<sup>9<\/sup>.<\/p>\n<p class=\"western\" lang=\"fr-FR\" align=\"justify\" data-dl-uid=\"69\" data-dl-original=\"true\" data-dl-translated=\"true\"><b data-dl-uid=\"70\" data-dl-original=\"true\" data-dl-translated=\"true\">Lo que a la JC le viene constantemente a la mente es su relaci\u00f3n con la Joven Guardia Socialista. Surge invariablemente la cuesti\u00f3n de su entendimiento o, por el contrario, de su desencuentro. \u00bfC\u00f3mo consiguieron entenderse durante un tiempo?<\/b><\/p>\n<p class=\"western\" lang=\"fr-FR\" align=\"justify\" data-dl-uid=\"71\" data-dl-original=\"true\" data-dl-translated=\"true\"><b data-dl-uid=\"72\" data-dl-original=\"true\" data-dl-translated=\"true\">JG<\/b>: La JCB y la JGS (o al menos su tendencia m\u00e1s izquierdista) siempre han tenido esa relaci\u00f3n de \u00abje t&#8217;aime, moi non plus\u00bb, aunque la proporci\u00f3n era muy desigual. Se establecieron contactos para ciertas causas importantes y se desarroll\u00f3 un sentimiento de camarader\u00eda, pero nunca dur\u00f3 mucho. Los dirigentes de la JGS eran ferozmente anticomunistas y la JCB se lo devolv\u00eda a menudo, llam\u00e1ndoles a veces \u00absocialfascistas\u00bb. Durante mucho tiempo, los comunistas se limitaron a reclutar miembros de base de la JGS o a infiltrar secciones con \u00absubmarinos\u00bb, es decir, militantes socialistas bolcheviques. Xavier Relecom, secretario de la JGS de Brabante, intent\u00f3 empujar a los j\u00f3venes socialistas hacia la izquierda hasta que fue expulsado a finales de 1927, antes de asumir importantes responsabilidades en el PCB, convirti\u00e9ndose en su dirigente de 1939 a 1943. Esta estrategia de infiltraci\u00f3n no tuvo mucho \u00e9xito, aparte del vuelco ocasional de algunos militantes brillantes, como Lucien Wesly (secretario socialista de las JGS de Bruselas). Algunos incluso siguieron el camino inverso. Pierre Vermeylen era comunista desde los 16 a\u00f1os y ocup\u00f3 puestos dirigentes en la JCB durante casi veinte a\u00f1os, antes de afiliarse al POB en 1938. Como Ministro de Justicia en 1963, introdujo las Leyes de Mantenimiento del Orden, que aumentaban la autoridad del Estado, por ejemplo alargando las penas de prisi\u00f3n, para evitar que se repitieran las duras huelgas de 1960-1961. Los caminos tomados pueden, pues, ser contrastados.<\/p>\n<p class=\"western\" lang=\"fr-FR\" align=\"justify\" data-dl-uid=\"74\" data-dl-original=\"true\" data-dl-translated=\"true\"><span id=\"easy-footnote-10-45418\" class=\"easy-footnote-margin-adjust\" data-dl-uid=\"75\" data-dl-original=\"true\" data-dl-translated=\"true\"><\/span>La convergencia con vistas a un Frente Popular ya ha sido objeto de numerosos estudios<span class=\"easy-footnote\" data-dl-uid=\"76\" data-dl-original=\"true\" data-dl-translated=\"true\"><sup data-dl-uid=\"78\" data-dl-original=\"true\" data-dl-translated=\"true\">10<\/sup><\/span> porque la uni\u00f3n de movimientos juveniles de izquierda ayud\u00f3 a sus partidos tutelares a acercarse parcial y brevemente. El movimiento se concibi\u00f3 ante todo a escala mundial, a trav\u00e9s de la prioridad antifascista de la Internacional Comunista. En resumen, la din\u00e1mica unitaria vino de fuera. Sin Espa\u00f1a, no habr\u00eda habido acercamiento. El intento de golpe de Estado de Franco en 1936, seguido de la terrible guerra civil, dio lugar a un inmenso sentimiento de solidaridad en toda Europa. La izquierda uni\u00f3 sus fuerzas para recoger alimentos, ropa e incluso armas para la Rep\u00fablica espa\u00f1ola. Las Brigadas Internacionales, los convoyes de suministros e incluso los hospitales de campa\u00f1a cruzaron los Pirineos. Este tremendo impulso fraternal permiti\u00f3 superar durante un tiempo los conflictos JGS-JCB, para alegr\u00eda del PCB, lo que condujo a una fusi\u00f3n en 1936 en la JGS unificada. Pero esta uni\u00f3n existi\u00f3 principalmente en Lieja, Bruselas y el Centro. La mayor\u00eda de las federaciones de la JGS (flamenca, borena, etc.) la rechazaron, principalmente por anticomunismo. Adem\u00e1s, el POB, muy esc\u00e9ptico, impuso condiciones estrictas a la fusi\u00f3n, como la prohibici\u00f3n de que los comunistas ocuparan cargos directivos. Sus dirigentes tem\u00edan especialmente el contagio comunista, y no estaban del todo equivocados. De hecho, muchos j\u00f3venes socialistas prometedores se pasaron al PCB. La unificaci\u00f3n fue idealizada durante mucho tiempo, tanto antes como despu\u00e9s de su ruptura, ya que la JGSU desapareci\u00f3 r\u00e1pidamente con la victoria gradual de Franco y el reconocimiento de su r\u00e9gimen por el ministro del POB Paul-Henri Spaak en 1939. Fue muy dif\u00edcil para los j\u00f3venes socialistas enfrentarse a sus dirigentes. Pero esta experiencia resultar\u00eda ventajosa en las numerosas redes de la Resistencia.<\/p>\n<p class=\"western\" lang=\"fr-FR\" align=\"justify\" data-dl-uid=\"79\" data-dl-original=\"true\" data-dl-translated=\"true\"><b data-dl-uid=\"80\" data-dl-original=\"true\" data-dl-translated=\"true\">Muchos miembros de la Resistencia durante la Segunda Guerra Mundial eran muy j\u00f3venes. \u00bfFue la JCB una incubadora de activistas clandestinos? La guerra espa\u00f1ola parece haber desempe\u00f1ado un papel clave en este proceso.<\/b><\/p>\n<p class=\"western\" lang=\"fr-FR\" align=\"justify\" data-dl-uid=\"81\" data-dl-original=\"true\" data-dl-translated=\"true\">S\u00ed, hasta el punto de que hab\u00eda muy pocos j\u00f3venes comunistas de antes de la guerra en la Liberaci\u00f3n, porque esta generaci\u00f3n se uni\u00f3 r\u00e1pidamente a la Resistencia y muchos, desgraciadamente, perdieron la vida. Toda la direcci\u00f3n de la JCB desapareci\u00f3 durante la Ocupaci\u00f3n. La Jeunesse Populaire de Belgique que sucedi\u00f3 a la JCB despu\u00e9s de la guerra se reconstituy\u00f3 por completo. As\u00ed que no hubo continuidad entre las dos organizaciones. Ninguno de los dirigentes de la JPB se hab\u00eda formado en la JCB, salvo en algunos casos como el de Ren\u00e9 Beelen, un obrero de Herstal que lleg\u00f3 a ser vicepresidente del PCB (1954-1966). La Gestapo fue cruelmente eficaz, sobre todo durante las redadas de 1943 que decapitaron al JCB y al PCB.<\/p>\n<p class=\"western\" lang=\"fr-FR\" align=\"justify\" data-dl-uid=\"82\" data-dl-original=\"true\" data-dl-translated=\"true\">En cuanto a los antiguos brigadistas, es cierto que algunos JC hab\u00edan adquirido una experiencia guerrillera considerable que les predispuso a unirse r\u00e1pidamente a la formaci\u00f3n del brazo militar del PCB durante la Ocupaci\u00f3n, los Partisans arm\u00e9s (PA). Pero esto no ocurri\u00f3 de forma generalizada. La mayor\u00eda de los ex brigadistas no eran chavales inquietos en busca de aventuras. Al contrario, son j\u00f3venes adultos (de 26 a 35 a\u00f1os) casados y que ya trabajan. No obstante, muchos JC perdieron la vida en Espa\u00f1a, como Houllez (asesinado en 1938 en el frente del Ebro) o los hermanos Akkerman de Amberes. Hubo, sin embargo, algunos casos emblem\u00e1ticos, como el de Victor Thonet (1914-1943). Este joven comunista de Hertogenbosch se gan\u00f3 los galones de oficial en las Brigadas y dirigi\u00f3 la AP en Charleroi, llegando incluso a asesinar a su alcalde colaborador.<\/p>\n<p class=\"western\" lang=\"fr-FR\" align=\"justify\" data-dl-uid=\"84\" data-dl-original=\"true\" data-dl-translated=\"true\">El MOI fue tambi\u00e9n una de las cunas m\u00e1s eficaces de combatientes de la resistencia, ya que estaba formado principalmente por j\u00f3venes jud\u00edos que ya no ten\u00edan nada que perder. Algunos tambi\u00e9n hab\u00edan pasado por las Brigadas. Al principio de la guerra, Todor Angheloff, un obrero de origen b\u00falgaro, reorganiz\u00f3 el MOI en Bruselas en el Corps Mobile des PA, uno de los mejores, y consigui\u00f3 sembrar el caos entre las tropas de ocupaci\u00f3n y los colaboracionistas. Fue detenido en 1943 y fusilado en Breendonk.<\/p>\n<p class=\"western\" lang=\"fr-FR\" align=\"justify\" data-dl-uid=\"85\" data-dl-original=\"true\" data-dl-translated=\"true\">De forma m\u00e1s general, los j\u00f3venes comunistas prometedores no permanecen mucho tiempo en la JCB. El PCB recurre constantemente a sus j\u00f3venes competentes para sus actividades de partido y, en consecuencia, desinfla a la JCB. Se trata de un proceso cl\u00e1sico, pero que obstaculiza su desarrollo. Pocas personalidades destacadas o portavoces memorables emanaron de la JCB de preguerra, con la excepci\u00f3n de Eddy Poncelet, que iba a establecer la imagen de los j\u00f3venes comunistas en la opini\u00f3n p\u00fablica en 1950. Algunos ex brigadistas o antiguos combatientes de la resistencia fueron destacados en las memorias del partido, pero desgraciadamente fue sobre todo como m\u00e1rtires.<\/p>\n<p class=\"western\" lang=\"fr-FR\" align=\"justify\" data-dl-uid=\"86\" data-dl-original=\"true\" data-dl-translated=\"true\"><b data-dl-uid=\"87\" data-dl-original=\"true\" data-dl-translated=\"true\">Por \u00faltimo, \u00bfpor qu\u00e9 escribi\u00f3 una historia del JCB? Se mostr\u00f3 muy emocionado cuando present\u00f3 el libro al CArCoB, evocando una \u00abdeuda\u00bb. \u00bfPuede explicarlo?<\/b><\/p>\n<p class=\"western\" lang=\"fr-FR\" align=\"justify\" data-dl-uid=\"88\" data-dl-original=\"true\" data-dl-translated=\"true\">Siempre me ha apasionado la historia de la JCB.<span id=\"easy-footnote-11-45418\" class=\"easy-footnote-margin-adjust\" data-dl-uid=\"90\" data-dl-original=\"true\" data-dl-translated=\"true\"><\/span> Obviamente, este compromiso tiene una gran resonancia en m\u00ed, ya que fui miembro de los Pioneros y luego de los Estudiantes Comunistas<span class=\"easy-footnote\" data-dl-uid=\"91\" data-dl-original=\"true\" data-dl-translated=\"true\"><sup data-dl-uid=\"93\" data-dl-original=\"true\" data-dl-translated=\"true\">11<\/sup><\/span>. Fue un periodo clave y maravilloso de mi vida. Fue un periodo clave y maravilloso de mi vida. Me form\u00e9 pol\u00edticamente en esta escuela de activismo, que fue el siguiente paso en mi carrera. En aquella \u00e9poca, nuestro entusiasmo parec\u00eda estar en consonancia con la marcha del mundo hacia el progreso y el socialismo. Todo parec\u00eda posible, y cre\u00edamos que est\u00e1bamos a punto de experimentar un cambio profundo en la sociedad. Ese es el esp\u00edritu del t\u00edtulo <i data-dl-uid=\"94\" data-dl-original=\"true\" data-dl-translated=\"true\">(Allons au-devant de la vie<\/i>); es LA canci\u00f3n por excelencia del Frente Popular, escrita por Paul Vaillant-Couturier en 1936 y tarareada tanto en los piquetes como en los campamentos de verano durante las primeras vacaciones pagadas. Los j\u00f3venes comunistas se nutr\u00edan de esta esperanza. Pensemos lo que pensemos, estoy convencido de que para estas generaciones de activistas, este pasaje de sus vidas simplemente les proporcion\u00f3 momentos de felicidad. Nuestra lucha ten\u00eda sentido, est\u00e1bamos construyendo algo que val\u00eda la pena. No puedo olvidarlo y no quisiera que ese recuerdo se desvaneciera. Para m\u00ed es casi un deber recrearlo fielmente, sobre todo cuando eres un historiador especializado en el tema y tienes acceso a fuentes inestimables. Aunque este episodio de la JCB no me concierne personalmente, como se refiere al periodo de entreguerras, ten\u00eda las competencias para abordarlo, y tal vez \u00e9se sea el sentido de la deuda que he mencionado. Fue un periodo maravilloso, atravesado por corrientes de una fuerza sin precedentes, que no merece ser mancillado, despreciado, aplastado y borrado bajo el pretexto de un est\u00fapido anticomunismo. Este pasado es gratificante para quienes lo vivieron. Me siento en deuda con \u00e9l y \u00e9sta es mi modesta contribuci\u00f3n a esta gran aventura.<\/p>\n<div id=\"sdfootnote5\">\n<p class=\"western\" lang=\"fr-FR\" align=\"justify\"><strong>Notas<\/strong><\/p>\n<\/div>\n<ol class=\"easy-footnotes-wrapper\">\n<li class=\"easy-footnote-single\"><span id=\"easy-footnote-bottom-1-45418\" class=\"easy-footnote-margin-adjust\"><\/span><span lang=\"fr-BE\" data-dl-uid=\"97\" data-dl-original=\"true\" data-dl-translated=\"true\">Sobre el tema de la JGS, lea los art\u00edculos de Alain Colignon en el <\/span><span lang=\"fr-BE\" data-dl-uid=\"98\" data-dl-original=\"true\" data-dl-translated=\"true\"><i data-dl-uid=\"99\" data-dl-original=\"true\" data-dl-translated=\"true\">Cahiers d&#8217;histoire du temps pr\u00e9sent<\/i><\/span><span lang=\"fr-BE\" data-dl-uid=\"100\" data-dl-original=\"true\" data-dl-translated=\"true\">.<\/span><\/li>\n<li class=\"easy-footnote-single\" data-dl-uid=\"101\" data-dl-original=\"true\" data-dl-translated=\"true\"><span id=\"easy-footnote-bottom-2-45418\" class=\"easy-footnote-margin-adjust\" data-dl-uid=\"102\" data-dl-original=\"true\" data-dl-translated=\"true\"><\/span>Thomas A., \u00abQuarante ans de cellules communistes aux ACEC\u00bb, en <em data-dl-uid=\"103\" data-dl-original=\"true\" data-dl-translated=\"true\">Lava<\/em> (revista), n\u00ba 19, invierno de 2021, pp. 144-155.<\/li>\n<li class=\"easy-footnote-single\"><span id=\"easy-footnote-bottom-3-45418\" class=\"easy-footnote-margin-adjust\"><\/span><span lang=\"fr-BE\" data-dl-uid=\"105\" data-dl-original=\"true\" data-dl-translated=\"true\">Martha Desrumaux, Danielle Casanova, Elsa Triolet, &#8230;<\/span><\/li>\n<li class=\"easy-footnote-single\" data-dl-uid=\"106\" data-dl-original=\"true\" data-dl-translated=\"true\"><span id=\"easy-footnote-bottom-4-45418\" class=\"easy-footnote-margin-adjust\" data-dl-uid=\"107\" data-dl-original=\"true\" data-dl-translated=\"true\"><\/span>Dolores Ib\u00e1rruri G\u00f3mez, conocida como \u00abLa Pasionaria\u00bb, dirigi\u00f3 el PCE (1942-1960) antes de convertirse en su presidenta (1960-1989).<\/li>\n<li class=\"easy-footnote-single\" data-dl-uid=\"109\" data-dl-original=\"true\" data-dl-translated=\"true\"><span id=\"easy-footnote-bottom-5-45418\" class=\"easy-footnote-margin-adjust\" data-dl-uid=\"110\" data-dl-original=\"true\" data-dl-translated=\"true\"><\/span>VAN DOORSLAER R., <em>Kinderen van het getto. Joodse revolutionairen in Belgi\u00eb, 1925-1940<\/em>, Amsab, Gante, 1995.<\/li>\n<li class=\"easy-footnote-single\" data-dl-uid=\"112\" data-dl-original=\"true\" data-dl-translated=\"true\"><span id=\"easy-footnote-bottom-6-45418\" class=\"easy-footnote-margin-adjust\" data-dl-uid=\"113\" data-dl-original=\"true\" data-dl-translated=\"true\"><\/span>Lecturas complementarias: Thomas A., \u00abIl y a cent ans, le proc\u00e8s d&#8217;\u00c9tat contre le &#8216;complot communiste&#8217; en Belgique\u00bb<b data-dl-uid=\"114\" data-dl-original=\"true\" data-dl-translated=\"true\">,<\/b> en <i data-dl-uid=\"115\" data-dl-original=\"true\" data-dl-translated=\"true\">Revue politique<\/i>, n\u00b0123, septiembre de 2023.<\/li>\n<li class=\"easy-footnote-single\" data-dl-uid=\"117\" data-dl-original=\"true\" data-dl-translated=\"true\"><span id=\"easy-footnote-bottom-7-45418\" class=\"easy-footnote-margin-adjust\" data-dl-uid=\"118\" data-dl-original=\"true\" data-dl-translated=\"true\"><\/span>Thomas A., <i data-dl-uid=\"119\" data-dl-original=\"true\" data-dl-translated=\"true\">Robert Dussart, une histoire ouvri\u00e8re des ACEC de Charleroi<\/i>, Bruselas, Aden, 2021, p. 95-98.<\/li>\n<li class=\"easy-footnote-single\" data-dl-uid=\"121\" data-dl-original=\"true\" data-dl-translated=\"true\"><span id=\"easy-footnote-bottom-8-45418\" class=\"easy-footnote-margin-adjust\" data-dl-uid=\"122\" data-dl-original=\"true\" data-dl-translated=\"true\"><\/span>Dos ejemplos son Georges Glineur y Raoul Baligand, dos electricistas que se afiliaron al ACEC de Charleroi en 1927-1929. Ambos fueron expulsados sin contemplaciones poco despu\u00e9s de ingresar en el PCB. Llegaron a convertirse en importantes cuadros regionales (Thomas A., <i data-dl-uid=\"123\" data-dl-original=\"true\" data-dl-translated=\"true\">Robert Dussart, op.cit<\/i>., pp. 50-51).<\/li>\n<li class=\"easy-footnote-single\" data-dl-uid=\"125\" data-dl-original=\"true\" data-dl-translated=\"true\"><span id=\"easy-footnote-bottom-9-45418\" class=\"easy-footnote-margin-adjust\" data-dl-uid=\"126\" data-dl-original=\"true\" data-dl-translated=\"true\"><\/span>GERARD E. (ed.), DE RIDDER W., MULLER F., <i data-dl-uid=\"127\" data-dl-original=\"true\" data-dl-translated=\"true\">\u00bfQui a tu\u00e9 Julien Lahaut ? Les ombres de la guerre froide en Belgique<\/i>, Bruselas, Renaissance du livre, 2015.<\/li>\n<li class=\"easy-footnote-single\" data-dl-uid=\"129\" data-dl-original=\"true\" data-dl-translated=\"true\"><span id=\"easy-footnote-bottom-10-45418\" class=\"easy-footnote-margin-adjust\" data-dl-uid=\"130\" data-dl-original=\"true\" data-dl-translated=\"true\"><\/span>L\u00e9ase, entre otros, GOTOVITCH J., \u00abBelgique. Un Front populaire de papier\u00bb en <i data-dl-uid=\"131\" data-dl-original=\"true\" data-dl-translated=\"true\">Les deux France du Front populaire. Choc et contre-chocs<\/i>, Par\u00eds, L&#8217;Harmattan, 2008, p.37-40.<\/li>\n<li class=\"easy-footnote-single\" data-dl-uid=\"133\" data-dl-original=\"true\" data-dl-translated=\"true\"><span id=\"easy-footnote-bottom-11-45418\" class=\"easy-footnote-margin-adjust\" data-dl-uid=\"134\" data-dl-original=\"true\" data-dl-translated=\"true\"><\/span>Jos\u00e9 Gotovitch relata parcialmente su experiencia en un art\u00edculo: \u00ab\u00bfDes \u00e9tudiants aux c\u00f4t\u00e9s de la classe ouvri\u00e8re? L&#8217;ULB dans la gr\u00e8ve, l&#8217;ULB en gr\u00e8ve\u00bb en COURTOIS L., FRANCQ B., TILLY P, <em>M\u00e9moire de la grande gr\u00e8ve de l&#8217;hiver 1960-1961<\/em> en Belgique, Bruselas, Le Cri, 2012, p.125-140.<\/li>\n<\/ol>\n<p>Fuente: <em>Lava<\/em>, 21-9-2023 (<a href=\"https:\/\/lavamedia.be\/fr\/une-histoire-des-jeunes-communistes-de-belgique-1921-1945\/\">https:\/\/lavamedia.be\/fr\/une-histoire-des-jeunes-communistes-de-belgique-1921-1945\/<\/a>)<\/p>\n<\/div>\n","protected":false},"excerpt":{"rendered":"<p>Las Juventudes Comunistas (JC) desempe\u00f1aron un papel clave en las grandes luchas de entreguerras y en la Resistencia. La primera<\/p>\n","protected":false},"author":5,"featured_media":15569,"comment_status":"open","ping_status":"open","sticky":false,"template":"","format":"standard","meta":{"footnotes":""},"categories":[2119,26,28],"tags":[],"class_list":["post-15568","post","type-post","status-publish","format-standard","has-post-thumbnail","hentry","category-belgica","category-historia-del-comunismo","category-siglo-xx"],"aioseo_notices":[],"_links":{"self":[{"href":"https:\/\/espai-marx.net\/index.php?rest_route=\/wp\/v2\/posts\/15568","targetHints":{"allow":["GET"]}}],"collection":[{"href":"https:\/\/espai-marx.net\/index.php?rest_route=\/wp\/v2\/posts"}],"about":[{"href":"https:\/\/espai-marx.net\/index.php?rest_route=\/wp\/v2\/types\/post"}],"author":[{"embeddable":true,"href":"https:\/\/espai-marx.net\/index.php?rest_route=\/wp\/v2\/users\/5"}],"replies":[{"embeddable":true,"href":"https:\/\/espai-marx.net\/index.php?rest_route=%2Fwp%2Fv2%2Fcomments&post=15568"}],"version-history":[{"count":0,"href":"https:\/\/espai-marx.net\/index.php?rest_route=\/wp\/v2\/posts\/15568\/revisions"}],"wp:featuredmedia":[{"embeddable":true,"href":"https:\/\/espai-marx.net\/index.php?rest_route=\/wp\/v2\/media\/15569"}],"wp:attachment":[{"href":"https:\/\/espai-marx.net\/index.php?rest_route=%2Fwp%2Fv2%2Fmedia&parent=15568"}],"wp:term":[{"taxonomy":"category","embeddable":true,"href":"https:\/\/espai-marx.net\/index.php?rest_route=%2Fwp%2Fv2%2Fcategories&post=15568"},{"taxonomy":"post_tag","embeddable":true,"href":"https:\/\/espai-marx.net\/index.php?rest_route=%2Fwp%2Fv2%2Ftags&post=15568"}],"curies":[{"name":"wp","href":"https:\/\/api.w.org\/{rel}","templated":true}]}}