{"id":15575,"date":"2024-05-25T05:00:17","date_gmt":"2024-05-25T04:00:17","guid":{"rendered":"https:\/\/espai-marx.net\/?p=15575"},"modified":"2024-05-25T02:40:11","modified_gmt":"2024-05-25T01:40:11","slug":"un-relato-de-cercania","status":"publish","type":"post","link":"https:\/\/espai-marx.net\/?p=15575","title":{"rendered":"Un relato de cercan\u00eda"},"content":{"rendered":"<p>Rese\u00f1a de <em>La caja de cristal<\/em>. Direcci\u00f3n y guion: Asli \u00d6zge. Pa\u00eds: Alemania 2023. Productores: los hermanos Dardenne. Duraci\u00f3n: 120 m<\/p>\n<p>Argumento: En la primera escena, una inmensa gr\u00faa, deposita un contenedor acristalado en el patio interior de un viejo y c\u00e9ntrico edificio en una ciudad alemana, habitado por inquilinos y propiedad de un grupo financiero-especulativo. Al mando del \u201cmonstruo acristalado\u201d un personaje frio e intemporal, socio inversor. Solo aterrizar el malicioso artefacto, siembra el malestar y discordia entre los que habitan los pisos. A la ma\u00f1ana siguiente la totalidad del edificio es tomado por la polic\u00eda de asalto sin dejar salir ni entrar a sus vecinos, sin argumentos claro convincentes. El noventa y ocho por ciento del largometraje transcurre en su interior.<\/p>\n<p>En los \u00faltimos tiempos he comprobado que pel\u00edculas de mediana producci\u00f3n y cierto inter\u00e9s, limitan sus difusi\u00f3n, mientras otras similares, de mayor coste y menor o nulo valor cinematogr\u00e1fico, se proyectan un muchas salas. La que comentamos solo se ha estrenado hoy en tres cines de Catalu\u00f1a y en una sola sala de Barcelona ciudad.<\/p>\n<p>Asli \u00d6zge (Estambul-1975. Establecida entre Estambul y Berl\u00edn desde 2000), ha realizado tres o cuatro largometrajes. Esta \u00faltima, posiblemente, ha podido realizarla por la aportaci\u00f3n econ\u00f3mica en su producci\u00f3n de los hermanos Dardenne, unos de los creadores del cine social europeo actual, que debieron apreciar el contenido del guion. El valor de este, no solo es importante en la Europa actual, m\u00e1s bien, es necesaria.<\/p>\n<p><em>La Caja de Cristal<\/em>, nos cuenta la especulaci\u00f3n de la vivienda que podemos apreciar en cualquier ciudad Europea hoy. Pero es bastante m\u00e1s por como lo plantea. En las disputas que \u201cel mal\u201d financiero introduce entre las vecinos, van surgiendo los intereses personales de estos, donde se pueden apreciar: ego\u00edsmo, misoginia, racismo, fascismo. En este ambiente kafkiano surgen los sentimientos y debilidades de la sociedad contempor\u00e1nea actual que la deja lejos de ser una comunidad de seres pensantes. Los sit\u00faa en una debilidad de acci\u00f3n colectiva de autodestrucci\u00f3n sin intuir el problema que lo motiva. Su moral y \u00e9tica de vida queda reducida a su ego\u00edsmo personal en la mayor\u00eda de sujetos. Otros intentan ayudar y el resultado es lo contrario.<\/p>\n<p>La pel\u00edcula va m\u00e1s lejos de los hechos que narra. Nos sit\u00faa en la sensible debilidad de la comunidad acomodada actual. Lo f\u00e1cil que el poder econ\u00f3mico que nos rige pueden enfrentarnos y autodestruirnos. No solo a nivel vecinal, tambi\u00e9n colectivo, somos producto del sistema. Nos han amoldado a la medida de este. Nos pueden hacer creer lo que en cada momento le convenga. Somos su creaci\u00f3n y nos hemos acomodado a ello. \u00bfCuando vengan mal dadas como vamos a reaccionar? Lo que nos cuenta el film es un ejemplo a tener en cuenta en una dimensi\u00f3n m\u00e1s general. Somos la comunidad que actualmente lo vivimos y la \u00fanica que hist\u00f3ricamente la podemos cambiar.<\/p>\n<p>El largometraje, desde el principio, est\u00e1 impregnado de un ambiente inquietante que asciende progresivamente a un estado de claustrofobia, pero con una din\u00e1mica cre\u00edble y bien desarrollada. Solo hacia el final, si bien, se puede percibir antes, vemos la intenci\u00f3n de todo el proceso. Est\u00e1 bien enlazada y un final coherente con lo mostrado. Bien realizada, a pesar de su complejidad, y ajustados los personajes en esa din\u00e1mica progresiva del relato.<\/p>\n<p>Insisto, es una muestra que va m\u00e1s all\u00e1 de lo que se ve. Es una exposici\u00f3n del conjunto y del estado en que nos encontramos, al menos, la inmensa mayor\u00eda. De esta comunidad llamada europea (y alguna m\u00e1s).<\/p>\n<p>Antonio Ruiz 17\/05\/24<\/p>\n<p><iframe loading=\"lazy\" title=\"LA CAJA DE CRISTAL Trailer espa\u00f1ol VOSE\" width=\"800\" height=\"450\" src=\"https:\/\/www.youtube.com\/embed\/98Wgi2TiR40?feature=oembed\" frameborder=\"0\" allow=\"accelerometer; autoplay; clipboard-write; encrypted-media; gyroscope; picture-in-picture; web-share\" referrerpolicy=\"strict-origin-when-cross-origin\" allowfullscreen><\/iframe><\/p>\n","protected":false},"excerpt":{"rendered":"<p>Rese\u00f1a de La caja de cristal. Direcci\u00f3n y guion: Asli \u00d6zge. Pa\u00eds: Alemania 2023. Productores: los hermanos Dardenne. Duraci\u00f3n: 120<\/p>\n","protected":false},"author":5,"featured_media":15580,"comment_status":"open","ping_status":"open","sticky":false,"template":"","format":"standard","meta":{"footnotes":""},"categories":[6],"tags":[],"class_list":["post-15575","post","type-post","status-publish","format-standard","has-post-thumbnail","hentry","category-cine"],"aioseo_notices":[],"_links":{"self":[{"href":"https:\/\/espai-marx.net\/index.php?rest_route=\/wp\/v2\/posts\/15575","targetHints":{"allow":["GET"]}}],"collection":[{"href":"https:\/\/espai-marx.net\/index.php?rest_route=\/wp\/v2\/posts"}],"about":[{"href":"https:\/\/espai-marx.net\/index.php?rest_route=\/wp\/v2\/types\/post"}],"author":[{"embeddable":true,"href":"https:\/\/espai-marx.net\/index.php?rest_route=\/wp\/v2\/users\/5"}],"replies":[{"embeddable":true,"href":"https:\/\/espai-marx.net\/index.php?rest_route=%2Fwp%2Fv2%2Fcomments&post=15575"}],"version-history":[{"count":0,"href":"https:\/\/espai-marx.net\/index.php?rest_route=\/wp\/v2\/posts\/15575\/revisions"}],"wp:featuredmedia":[{"embeddable":true,"href":"https:\/\/espai-marx.net\/index.php?rest_route=\/wp\/v2\/media\/15580"}],"wp:attachment":[{"href":"https:\/\/espai-marx.net\/index.php?rest_route=%2Fwp%2Fv2%2Fmedia&parent=15575"}],"wp:term":[{"taxonomy":"category","embeddable":true,"href":"https:\/\/espai-marx.net\/index.php?rest_route=%2Fwp%2Fv2%2Fcategories&post=15575"},{"taxonomy":"post_tag","embeddable":true,"href":"https:\/\/espai-marx.net\/index.php?rest_route=%2Fwp%2Fv2%2Ftags&post=15575"}],"curies":[{"name":"wp","href":"https:\/\/api.w.org\/{rel}","templated":true}]}}