{"id":15600,"date":"2024-05-30T05:00:11","date_gmt":"2024-05-30T04:00:11","guid":{"rendered":"https:\/\/espai-marx.net\/?p=15600"},"modified":"2024-05-30T04:31:36","modified_gmt":"2024-05-30T03:31:36","slug":"pedro-arrojo-estamos-matando-los-acuiferos-eficientemente-necesitamos-parar-la-locura-de-la-ambicion","status":"publish","type":"post","link":"https:\/\/espai-marx.net\/?p=15600","title":{"rendered":"Pedro Arrojo: \u00abEstamos matando los acu\u00edferos eficientemente, necesitamos parar la locura de la ambici\u00f3n\u00bb"},"content":{"rendered":"<p><em>El Relator Especial sobre los derechos humanos al agua potable y al saneamiento advierte de que Espa\u00f1a se arriesga a la quiebra de su modelo econ\u00f3mico si no cambia su gesti\u00f3n de los recursos h\u00eddricos. <\/em><\/p>\n<p>&nbsp;<\/p>\n<p><strong>Pedro Arrojo<\/strong> (Madrid, 1951) habla con el conocimiento de los sabios. Este hist\u00f3rico dirigente social y pol\u00edtico, creador de la Fundaci\u00f3n Nueva Cultura del Agua en Zaragoza, exdiputado en el Congreso por Unidas Podemos y actual relator especial de la ONU para los Derechos Humanos al agua potable y al saneamiento, lleva d\u00e9cadas alertando sobre las consecuencias e impactos de una crisis h\u00eddrica mundial \u2013naturalizada e invisibilizada\u2013 que, como consecuencia del cambio clim\u00e1tico, ha dejado de ser un problema \u00fanicamente de los pa\u00edses m\u00e1s expoliados y empobrecidos.<\/p>\n<p>En el marco del D\u00eda Mundial del Agua, Arrojo particip\u00f3 esta semana en la conferencia <em>Agua para la paz, \u00bfderecho universal o recurso geopol\u00edtico?<\/em>, organizada en el Congreso de los Diputados por la Coordinadora de Organizaciones para el Desarrollo y la Red P\u00fablica de Agua.<\/p>\n<p>En su disertaci\u00f3n advirti\u00f3 que nunca fue tan urgente la necesidad de dejar atr\u00e1s la noci\u00f3n del agua como un simple recurso econ\u00f3mico, l\u00f3gica que, a su juicio, invita siempre a la \u00abcompetencia\u00bb y a la \u00ab<a href=\"https:\/\/www.lamarea.com\/2024\/01\/23\/terratenientes-salpicados-por-el-agua-robada-en-donana\/\" target=\"_blank\" rel=\"noreferrer noopener\">apropiaci\u00f3n<\/a>\u00bb. \u00abUrge transitar de la visi\u00f3n del agua como un simple recurso econ\u00f3mico a una visi\u00f3n ecosist\u00e9mica y una gesti\u00f3n sostenible de <a href=\"https:\/\/www.lamarea.com\/2023\/08\/14\/ramon-j-soria-brena-aberracion-que-destruir-rios-se-considere-energia-renovable\/\" target=\"_blank\" rel=\"noreferrer noopener\">todos los r\u00edos<\/a>\u00bb, pidi\u00f3.<\/p>\n<p>Tras la actividad, Arrojo dialog\u00f3 con <em>Clim\u00e1tica <\/em>para profundizar en sus diagn\u00f3sticos y advertencias y para hablar de los conflictos por el agua en Espa\u00f1a, <a href=\"https:\/\/climatica.coop\/espana-riesgo-desertificacion\/\" target=\"_blank\" rel=\"noreferrer noopener\">un pa\u00eds que se seca<\/a> pero que, al mismo tiempo, sobreexplota al m\u00e1ximo, cada vez con m\u00e1s demanda productiva (agricultura, agroindustria, turismo), sus acu\u00edferos.<\/p>\n<p><strong>\u00bfSomos conscientes de la crisis global del agua a la que nos enfrentamos y de los escenarios cr\u00edticos que se avecinan por el cambio clim\u00e1tico?<\/strong><\/p>\n<p>Vamos siendo conscientes, pero con una consciencia miope, de muy corto plazo y ef\u00edmera. Todo est\u00e1 supeditado al entorno en el que vivimos. Un ejemplo: la sequ\u00eda. Todo el mundo empieza a hablar, los medios se hacen eco. \u00bfCu\u00e1nto nos dura eso? Pocos meses, hasta que caigan algunas lluvias. Adem\u00e1s, se piensa solamente en las \u00abdesgracias\u00bb que ocurren en nuestros espacios. Lo que ocurre en \u00c1frica o en Asia son cosas de las que o\u00edmos hablar, pero de las que queda muy poca consciencia. Y lo peor: queda muy poco compromiso con aquello que es lejano. No cabe duda que algo avanzamos. Hace tiempo, al hablar uno de este tema en una conferencia, sal\u00eda de la sala con una etiqueta pegada en la frente que pon\u00eda \u00abprofesor radical antisistema enemigo del progreso\u00bb. Hoy no tengo ese riesgo intelectual, lo que significa que hay m\u00e1s consensos y m\u00e1s consciencia. En una escala hartamente insuficiente se van tomando algunas medidas, pero muy por debajo del ritmo que necesitamos para poder tener \u00e9xito.<\/p>\n<p><strong>Los ciudadanos del norte global solemos tener un mecanismo de negaci\u00f3n al pensar que la escasez de agua es un problema de los pa\u00edses pobres. Pero el verano pasado el 18% de la poblaci\u00f3n de Espa\u00f1a sufri\u00f3 alg\u00fan tipo de restricci\u00f3n en el suministro y actualmente miles de personas no pueden abrir los grifos por contaminaci\u00f3n de nitrato. \u00bfEl problema ya est\u00e1 en nuestros patios?\u00a0<\/strong><\/p>\n<p>Yo te dar\u00eda otro dato. En el norte de C\u00f3rdoba, en las comarcas de los Pedroches, 80.000 personas no tienen agua potable desde hace un a\u00f1o, tienen agua contaminada y t\u00f3xica por exceso de nitratos derivados de la ganader\u00eda intensiva. Estamos hablando de Espa\u00f1a, no de \u00c1frica. Claro que s\u00ed. Esta problem\u00e1tica, mal que bien y a empujones, va a afectarnos. Las desgracias cercanas nos ayudan a entender un poquito mejor lo que deben ser compromisos urgentes. Las desgracias lejanas ya no son tan lejanas, son pr\u00f3ximas. Suena mal, pero esto ayuda a una visi\u00f3n ya no solidaria, sino responsable. Quienes m\u00e1s hemos contaminado somos muchos m\u00e1s responsables y deber\u00edamos ser mucho m\u00e1s activos en la lucha contra el cambio clim\u00e1tico que hemos provocado.<\/p>\n<p><strong>\u00bfC\u00f3mo hacemos para avanzar en una gesti\u00f3n m\u00e1s sostenible si en contextos de escasez la l\u00f3gica del agua como mercanc\u00eda se va a agudizar? La sensaci\u00f3n es que la \u00fanica alternativa es que el poder pol\u00edtico se enfrente al poder econ\u00f3mico.\u00a0<\/strong><\/p>\n<p>S\u00ed, y a veces los intereses econ\u00f3micos son leg\u00edtimos y otras veces no tanto. Estamos hablando de perversiones alentadas por din\u00e1micas de crecimiento ilimitado que no son posibles. Es verdad, los gobiernos tienen que enfrentarse a estos poderes. Y no es tan dif\u00edcil. Hay otros desaf\u00edos que suscitan m\u00e1s pesimismo. Vivimos en el \u00abplaneta agua\u00bb. La paradoja es tremenda: la crisis global del agua en el planeta agua. Dos mil millones de personas sin acceso al agua potable. Pero en contra de lo que suele pensar en t\u00e9rminos de escasez, no son 2.000 millones de personas sedientas sin agua en sus entornos. Son 2.000 millones de personas brutalmente empobrecidas que viven junto a r\u00edos y acu\u00edferos contaminados. O sobre r\u00edos y acu\u00edferos cuyas aguas han sido acaparadas por grandes actores poderosos por encima del derecho humano al acceso al agua potable. Soluciones las hay y est\u00e1n cercanas. Europa, por ejemplo, tiene una legislaci\u00f3n que pena con c\u00e1rcel la contaminaci\u00f3n de un r\u00edo. No se pueden soltar las cloacas de una ciudad al r\u00edo y que aguas abajo la gente empiece a morir de disenter\u00eda. Eso es un delito. Una soluci\u00f3n: instalar depuradoras, que mejoran los estados de los ecosistemas acu\u00e1ticos. De la sostenibilidad de los r\u00edos depende, al cabo, nuestra felicidad. En esta cruzada, lo que tiene que quedar claro es que no hay ning\u00fan capricho ecologista, se trata de un inter\u00e9s general primordial. Estamos en esa lucha. Necesitamos mayor empuje social, mayor consciencia y la aplicaci\u00f3n rigurosa de las legislaciones vigentes.<\/p>\n<p><strong>La OCDE ya sit\u00faa a Espa\u00f1a como uno de los pa\u00edses con m\u00e1s estr\u00e9s h\u00eddrico del mundo. Pero el Estado espa\u00f1ol, en todos sus niveles, sigue administrando el agua como si fuese un recurso abundante: carnicer\u00eda, huerta y meca del turismo de Europa. \u00bfCu\u00e1nto le queda a este cami\u00f3n para chocar?<\/strong><\/p>\n<p>Ya choc\u00f3. Y volver\u00e1 a chocar muchas m\u00e1s veces para darnos cuenta de que el hormig\u00f3n no resuelve la falta de agua. Hemos pasado ya por los l\u00edmites de la sostenibilidad de lo que dan nuestros sistemas h\u00eddricos. Se piensa en hacer m\u00e1s presas. Nadie niega sus enormes ventajas. Pero, claro, hacer represas en el pa\u00eds del mundo que tiene m\u00e1s producci\u00f3n de fresa por habitante y kil\u00f3metro cuadrado es como regalarle un monedero a un pobre. No nos faltan presas, muchas de ellas vac\u00edas. Tenemos que pensar otras estrategias, como por ejemplo recuperar los acu\u00edferos, en donde hay 30 veces m\u00e1s agua que en la superficie, que son los pulmones h\u00eddricos de la naturaleza, claves en tiempos de sequ\u00eda. Lo que no se puede hacer es sobreexplotar los acu\u00edferos y contaminarlos en tiempo de normalidad, porque cuando llegan las sequ\u00edas, que ser\u00e1n m\u00e1s duraderas e intensas a causa del cambio clim\u00e1tico, nos quedamos sin agua. Por eso tenemos que parar la locura de la ambici\u00f3n. No podemos seguir aumentando el regad\u00edo porque eso mata al regad\u00edo que ya tenemos. Es como si ante la crisis del taxi, se resolviera duplicar el n\u00famero de taxis.<\/p>\n<p><strong>Para un sector de la pol\u00edtica, la sequ\u00eda y la crisis h\u00eddrica se solucionan con los trasvases. \u00bfQu\u00e9 les dice a estos dirigentes?<\/strong><\/p>\n<p>Que el propio plan hidrol\u00f3gico que aprob\u00f3 el PP en tiempos de Aznar dec\u00eda en el anexo correspondiente a la sequ\u00eda que los trasvases del Ebro no podr\u00e1n funcionar en \u00e9poca de sequ\u00eda. L\u00f3gico: las sequ\u00edas no son locales. No hay una sequ\u00eda en el Guadiana o una sequ\u00eda en el Segura. La sequ\u00eda es en toda el \u00e1rea mediterr\u00e1nea. Cuando entra en estr\u00e9s h\u00eddrico el Guadiana, entra en estr\u00e9s h\u00eddrico el J\u00facar, entra la cabecera del Tajo, entra el Ebro, entran las cuencas internas de Catalunya. Por eso los trasvases no son una buena herramienta para prevenir las sequ\u00edas que el cambio clim\u00e1tico va a endurecer. Lo bueno es que hay alternativas. Para eso hay que moderar y limitar la codicia del permanente crecimiento, el \u00abtodos queremos m\u00e1s\u00bb todo el tiempo. Si seguimos aumentando el regad\u00edo, vamos camino a la quiebra de una parte importante del modelo econ\u00f3mico de Espa\u00f1a.<\/p>\n<p><strong>En Espa\u00f1a, el ministerio de Agricultura rechaza la reducci\u00f3n de regad\u00edos y apuesta por la modernizaci\u00f3n. \u00bfEs suficiente para evitar escenarios de colapsos h\u00eddricos?<\/strong><\/p>\n<p>La modernizaci\u00f3n siempre es positiva. Permite hacer m\u00e1s con menos. El problema es que la eficiencia que te da esta modernizaci\u00f3n no te garantiza la sostenibilidad. Podemos <em>matar eficientemente<\/em> al planeta. Un ejemplo: en Almer\u00eda tenemos los regad\u00edos m\u00e1s eficientes del mundo. Pero ese acu\u00edfero que nos dar\u00eda un emporio de riqueza de forma sostenible est\u00e1 sobreexplotado con m\u00e1s del doble de lo permitido. Estamos matando los acu\u00edferos eficientemente, por eso repito: necesitamos parar la locura de la ambici\u00f3n. Con la modernizaci\u00f3n de regad\u00edos el Estado invierte una enorme cantidad de dinero, ayuda a los regantes, pero no le impone recuperar el ahorro para disponer de m\u00e1s agua en la siguiente sequ\u00eda. Todo lo contrario: libertad absoluta porque es lo que da votos en las siguientes elecciones. \u00bfQu\u00e9 hace el regante? Aumentar su superficie de regad\u00edo o duplicar cosechas. En la pr\u00e1ctica, el resultado final de la modernizaci\u00f3n es que aumenta el consumo de agua.<\/p>\n<p><strong>\u00bfPor qu\u00e9 a los Gobiernos les cuesta tanto entender que cuidar la naturaleza es el mejor de los negocios en t\u00e9rminos econ\u00f3micos?\u00a0<\/strong><\/p>\n<p>Est\u00e1 comprobado y documentado, y no por los ecologistas, sino por las universidades, las consultoras, los discursos t\u00e9cnicos m\u00e1s solventes, que esto es as\u00ed. Evidentemente, a la clase pol\u00edtica este mensaje le llega. Yo soy consciente de que el Ministerio de Transici\u00f3n Ecol\u00f3gica en Espa\u00f1a es perfectamente consciente de esto y adem\u00e1s se lo cree. Pero sobre la base de esa convicci\u00f3n, llegan las presiones de corto plazo, las presiones de los sectores poderosos. En esa presi\u00f3n del d\u00eda a d\u00eda de los poderes f\u00e1cticos, el poder pol\u00edtico desfallece y cede. Por eso son tan importantes los movimientos sociales fuertes, que empujen hacia el otro lado, que hagan de contrapeso.<\/p>\n<p><strong>Si los gobiernos que creen en esta sostenibilidad no avanzan cuando tienen el poder, \u00bfqu\u00e9 esperar entonces de los gobiernos reaccionarios y negacionistas que est\u00e1n en auge?<\/strong><\/p>\n<p>Yo llevo toda la vida luchando por cosas que entiendo que son justas. Probablemente nunca hayamos conseguido una victoria total en esas luchas, lo que nos suele dejar un sentimiento amargo de derrota que, muchas veces, no se corresponde con la realidad. Lo digo desde la necesidad que tienen los movimientos sociales de saber apreciar las importantes victorias parciales que, aunque peque\u00f1as, vamos consiguiendo. Claro que el camino a corto plazo de este Gobierno, de corte progresista y ecol\u00f3gico, frustra. Pero, junto a la denuncia, yo tambi\u00e9n quiero saludar los avances positivos que se van consiguiendo. Soy un convencido de que la lucha tambi\u00e9n incluye valorar las conquistas legales e institucionales. La legislaci\u00f3n en Europa respecto al agua es de vanguardia. Puede que no est\u00e9 lo suficientemente atornillada, pero funciona. Un ejemplo: el cierre de los pozos ilegales tras el esc\u00e1ndalo en Do\u00f1ana.<\/p>\n<p><strong>\u00bfQu\u00e9 lecciones tenemos que aprender de las comunidades ind\u00edgenas y campesinas respecto a la gesti\u00f3n democr\u00e1tica y sostenible del agua?<\/strong><\/p>\n<p>Uno de mis \u00faltimos informes en la ONU ha sido justamente sobre estas comunidades, que han tenido la heroicidad de preservar cosmovisiones ancestrales, un patrimonio de sabidur\u00eda derivado de la observaci\u00f3n de sus territorios y de sus r\u00edos. Hay cantidad de pr\u00e1cticas que nos dan lecciones sobre lo que hoy reconocemos como nuestros grandes desaf\u00edos h\u00eddricos. Por ejemplo: cuando las comunidades ind\u00edgenas dicen que el agua es el alma de la vida y que hay que respetar de manera sagrada el orden natural del territorio, de manera integrada con toda la biodiversidad y las comunidades, \u00bfno estamos acaso pensando en el concepto moderno de sostenibilidad o hablando de econom\u00eda circular en un determinado territorio? Tenemos un mont\u00f3n de lecciones pr\u00e1cticas de comunidades que consideran el agua como un bien com\u00fan, accesible para todos y no apropiable por nadie. En las grandes ciudades necesitamos una gobernanza democr\u00e1tica del agua. Urge dejar atr\u00e1s la l\u00f3gica del agua como mercanc\u00eda. \u00bfQu\u00e9 tal si desde Madrid, si desde Par\u00eds o Nueva York miramos las experiencias comunitarias de la gesti\u00f3n del agua y saneamiento de estas comunidades? No para copiar, sino para aprender.<\/p>\n<p>Fuente: <em>Clim\u00e1tica<\/em>, 22-3-2024 (<a href=\"https:\/\/climatica.coop\/entrevista-pedro-arrojo-agua\/\">https:\/\/climatica.coop\/entrevista-pedro-arrojo-agua\/<\/a>)<\/p>\n","protected":false},"excerpt":{"rendered":"<p>El Relator Especial sobre los derechos humanos al agua potable y al saneamiento advierte de que Espa\u00f1a se arriesga a<\/p>\n","protected":false},"author":5,"featured_media":15601,"comment_status":"open","ping_status":"open","sticky":false,"template":"","format":"standard","meta":{"footnotes":""},"categories":[1564,1563],"tags":[],"class_list":["post-15600","post","type-post","status-publish","format-standard","has-post-thumbnail","hentry","category-crisis-ecologica","category-crisis-ecosocial"],"aioseo_notices":[],"_links":{"self":[{"href":"https:\/\/espai-marx.net\/index.php?rest_route=\/wp\/v2\/posts\/15600","targetHints":{"allow":["GET"]}}],"collection":[{"href":"https:\/\/espai-marx.net\/index.php?rest_route=\/wp\/v2\/posts"}],"about":[{"href":"https:\/\/espai-marx.net\/index.php?rest_route=\/wp\/v2\/types\/post"}],"author":[{"embeddable":true,"href":"https:\/\/espai-marx.net\/index.php?rest_route=\/wp\/v2\/users\/5"}],"replies":[{"embeddable":true,"href":"https:\/\/espai-marx.net\/index.php?rest_route=%2Fwp%2Fv2%2Fcomments&post=15600"}],"version-history":[{"count":0,"href":"https:\/\/espai-marx.net\/index.php?rest_route=\/wp\/v2\/posts\/15600\/revisions"}],"wp:featuredmedia":[{"embeddable":true,"href":"https:\/\/espai-marx.net\/index.php?rest_route=\/wp\/v2\/media\/15601"}],"wp:attachment":[{"href":"https:\/\/espai-marx.net\/index.php?rest_route=%2Fwp%2Fv2%2Fmedia&parent=15600"}],"wp:term":[{"taxonomy":"category","embeddable":true,"href":"https:\/\/espai-marx.net\/index.php?rest_route=%2Fwp%2Fv2%2Fcategories&post=15600"},{"taxonomy":"post_tag","embeddable":true,"href":"https:\/\/espai-marx.net\/index.php?rest_route=%2Fwp%2Fv2%2Ftags&post=15600"}],"curies":[{"name":"wp","href":"https:\/\/api.w.org\/{rel}","templated":true}]}}