{"id":1561,"date":"2011-05-18T00:00:00","date_gmt":"2011-05-18T00:00:00","guid":{"rendered":"https:\/\/espai-marx.net\/?p=1561"},"modified":"2020-02-21T13:12:20","modified_gmt":"2020-02-21T12:12:20","slug":"europa-se-deshilacha-entre-tensiones-chovinistas-y-xenofobas","status":"publish","type":"post","link":"https:\/\/espai-marx.net\/?p=1561","title":{"rendered":"Europa se deshilacha entre tensiones chovinistas y xen\u00f3fobas"},"content":{"rendered":"<p style=\"margin-bottom: 0.35cm;\" align=\"JUSTIFY\">Unos de los efectos m\u00e1s indeseables de la actual crisis econ\u00f3mica en Europa ha sido el continuo ascenso de los partidos de la extrema derecha en toda Europa cabalgando sobre demag\u00f3gicos discursos xen\u00f3fobos que se\u00f1alan a los inmigrantes como el chivo expiatorio, desviando as\u00ed la mirada sobre los aut\u00e9nticos culpables de la crisis, el sistema capitalista en general y los especuladores financieros como punta de lanza.<\/p>\n<p style=\"margin-bottom: 0.35cm;\" align=\"JUSTIFY\">En una repetici\u00f3n de la situaci\u00f3n de la Europa de entreguerras, salvando por supuesto las distancias, la grave situaci\u00f3n econ\u00f3mica y social en ambos momentos se traduce en un ascenso de las posiciones de extrema derecha en detrimento de la izquierda.<\/p>\n<p style=\"margin-bottom: 0.35cm;\" align=\"JUSTIFY\">El fen\u00f3meno comenz\u00f3 a reactivarse con fuerza hace ya tres a\u00f1os, con el comienzo de la crisis econ\u00f3mica y sus consecuencias sociales, y est\u00e1 recibiendo un nuevo impulso en estos momentos merced a la conjunci\u00f3n de tres fen\u00f3menos. El primero de ellos es la agravaci\u00f3n de la crisis econ\u00f3mica en los pa\u00edses m\u00e1s d\u00e9biles, lo que ha llevado a la necesidad de poner en marcha planes de rescates para Grecia, Irlanda y Portugal, en unas condiciones tan draconianas que al final, como se est\u00e1 demostrando en Grecia, lo \u00fanico que consiguen es agravar la situaci\u00f3n econ\u00f3mica de los pa\u00edses rescatados, con la disyuntiva de acudir a nuevas medidas de rescate o forzar la salida del euro de dichos pa\u00edses, con las consecuencias desestabilizadoras que acarrear\u00eda en la zona euro. Esta situaci\u00f3n genera fuertes tensiones entre los miembros de la UE, Alemania se ha mostrado renuente a las ayudas y solo la grave situaci\u00f3n que supondr\u00eda la posible salida del euro de algunos de los pa\u00edses en peor situaci\u00f3n la ha arrastrado a la aceptaci\u00f3n de los rescates. Esta situaci\u00f3n tambi\u00e9n es utilizada por la extrema derecha para apelar a los sentimientos m\u00e1s ego\u00edstas de los respectivos electorados y ganar posiciones. Su triunfo m\u00e1s claro hasta el momento lo ha obtenido en Finlandia, y es de prever que cunda el ejemplo entre los partidos similares de otros pa\u00edses. El Frente Nacional franc\u00e9s hace propaganda con la salida de Francia del euro.<\/p>\n<p style=\"margin-bottom: 0.35cm;\" align=\"JUSTIFY\">El segundo fen\u00f3meno est\u00e1 relacionado con la inestable situaci\u00f3n del mundo \u00e1rabe, que es la frontera sur de Europa, y el inicio de un movimiento de desplazados originado por los distintos conflictos, especialmente en estos momentos desde Libia, hacia Europa. Sobre el fondo existente de un discurso xen\u00f3fobo que apela a la expulsi\u00f3n de los inmigrantes, la extrema derecha agita el peligro de una oleada de refugiados para seguir ganando posiciones. De momento los dos pa\u00edses que est\u00e1n soportando la ola de refugiados originados en la guerra civil de Libia son T\u00fanez y Egipto, porque la cantidad de refugiados que han llegado a Italia, alrededor de 20.000 es, en comparaci\u00f3n, una cantidad insignificante.<\/p>\n<p style=\"margin-bottom: 0.35cm;\" align=\"JUSTIFY\">Y sobre este fondo aparece el tercer fen\u00f3meno, que es la actitud oportunista de pol\u00edticos de derechas en apuros electorales o judiciales en sus respectivos pa\u00edses. Es evidente que el tir\u00f3n electoral de la extrema derecha con su discurso xen\u00f3fobo ha provocado que la derecha europea empezase a hacerse eco de dicho discurso para retener a su electorado. Este es un efecto perverso que amplifica las posiciones de extrema derecha en los partidos de derecha liberal-conservadora. Pero ahora, dos pol\u00edticos oportunistas en apuros, a la cabeza de dos importantes pa\u00edses europeos, han dado un paso de gran trascendencia en Europa al impulsar la suspensi\u00f3n del tratado de Schengen, mediante el cual eliminan los controles de las fronteras interiores entre 25 pa\u00edses europeos (22 de la UE y 3 extracomunitarios). A un Berlusconi acosado por multitud de procesos judiciales y esc\u00e1ndalos econ\u00f3micos y sexuales, se ha sumado un Sarkozy en graves apuros electorales de cara a las presidenciales de 2012. Su posici\u00f3n ha sido r\u00e1pidamente apoyada por Alemania, y Dinamarca ha decidido restablecer el control fronterizo sin esperar las decisiones comunitarias, tras un acuerdo de su gobierno con el xen\u00f3fobo Partido Popular Dan\u00e9s. El resultado final seguramente sea un endurecimiento del contenido de Schengen con un recorte la libertad de movimientos, especialmente para quienes no tengan rasgos europeos.<\/p>\n<p style=\"margin-bottom: 0.35cm;\" align=\"JUSTIFY\">Esta deriva europea tiene impacto en dos \u00e1reas geogr\u00e1ficas diferentes, la propia Uni\u00f3n Europea y el mundo \u00e1rabe. En cuanto a la primera, es evidente que va a continuar la tendencia derechista que barre al viejo continente, y que se plasmar\u00e1 en tres aspectos, la continuaci\u00f3n del ascenso de la extrema derecha; el escoramiento cada vez m\u00e1s derechista de los partidos liberal-conservadores haciendo suyo el discurso xen\u00f3fobo; y la reducci\u00f3n del n\u00famero de gobiernos socialdem\u00f3cratas: de los seis actuales, la derrota del PSOE en Espa\u00f1a es casi segura, y queda en duda si tambi\u00e9n ser\u00e1n derrotados en Portugal, y si, por el contrario, pueden conseguir la presidencia en Francia. Por otro lado, las dificultades econ\u00f3micas crecientes de Grecia y su posible contagio a Irlanda y Portugal o quiz\u00e1s Espa\u00f1a, merced a la continuaci\u00f3n de los ataques especulativos de los mercados financieros internacionales, pueden tensar las tendencias ego\u00edstas en el seno de la UE, y de las propuestas de suspender o endurecer el tratado de Schengen se puede pasar a una espiral m\u00e1s profunda que ponga en peligro la propia construcci\u00f3n europea. Un escenario nunca contemplado hasta ahora.<\/p>\n<p style=\"margin-bottom: 0.35cm;\" align=\"JUSTIFY\">El mundo \u00e1rabe, inmerso en su propia revoluci\u00f3n, se est\u00e1 viendo afectado por la situaci\u00f3n europea (y norteamericana por supuesto). El primer impacto vino derivado de la intervenci\u00f3n de las potencias occidentales en la guerra civil libia en que desemboc\u00f3 la revuelta que sigui\u00f3 a las de T\u00fanez y Egipto. La intervenci\u00f3n fue propiciada por Sarkozy en un intento de recuperar el prestigio franc\u00e9s tras su papel en las anteriores rebeliones en T\u00fanez y Egipto, y su propio prestigio de cara a las presidenciales de 2012, para las cuales las encuestan le sit\u00faan en tercer lugar. Sarkozy intentaba emular el cambio de fortuna de Margaret Thatcher tras la guerra de las Malvinas, y a \u00e9l le ha intentado emular Obama con la decisi\u00f3n de ejecutar sin previo juicio a Bin Laden. En ambos casos las decisiones tienen que ver con situaciones electorales internas.<\/p>\n<p style=\"margin-bottom: 0.35cm;\" align=\"JUSTIFY\">Las rebeliones \u00e1rabes merecen todo el apoyo que se las pueda prestar para conseguir sus objetivos de libertad frente a los distintos dictadores de sus respectivos pa\u00edses, pero el que ofrecieron los gobiernos occidentales, incluidos los europeos, mostr\u00f3 r\u00e1pidamente sus l\u00edmites y contradicciones. La intervenci\u00f3n en Libia dividi\u00f3 a los gobiernos europeos, con la puesta en escena de las diferencias entre Francia y Gran Breta\u00f1a frente a Alemania, y les llev\u00f3 a mostrar r\u00e1pidamente su cinismo al violar el mandato recibido por el Consejo de Seguridad de la ONU, con su intento repetido de intentar asesinar a Gadafi; y por otro lado con su pol\u00edtica de rechazo a los refugiados, escenificado no solo con la iniciativa de suspensi\u00f3n del tratado de Schengen y su endurecimiento, sino con el vergonzoso episodio de denegaci\u00f3n de ayuda por parte de sus buques de guerra a una embarcaci\u00f3n de refugiados libios a la deriva, cuya consecuencia la muerte de 61 de ellos.<\/p>\n<p style=\"margin-bottom: 0.35cm;\" align=\"JUSTIFY\">Pero no es solo Libia la fuente de contradicciones de las posiciones occidentales, incluidas las europeas. La rebeli\u00f3n en Bahr\u00e9in fue sofocada por las tropas de Arabia, con el visto bueno occidental, dejando claro que el apoyo a los rebeldes libios hab\u00eda sido un caso excepcional, y posiblemente un error de c\u00e1lculo inducido por Sarkozy que no se volver\u00eda a repetir. Yemen, y sobretodo Siria lo han confirmado. En este \u00faltimo pa\u00eds la rebeli\u00f3n est\u00e1 siendo sofocada con una intensa represi\u00f3n sangrienta del gobierno sirio que solo ha suscitado unas t\u00edmidas reacciones de condena occidentales. Las muestras de apoyo de los gobiernos occidentales a las demandas de los rebeldes, primero en T\u00fanez, luego en Egipto y finalmente en Libia se han acabado. El temor a la desestabilizaci\u00f3n de todo el mundo \u00e1rabe ha pesado finalmente en la balanza y se ha dado luz verde para acabar con la ola revolucionaria que sacude el mundo \u00e1rabe. Solo falta saber c\u00f3mo salir del avispero libio.<\/p>\n<p style=\"margin-bottom: 0.35cm;\" align=\"JUSTIFY\">El art\u00edculo se ha iniciado con el an\u00e1lisis de la situaci\u00f3n en Europa y ha derivado en los efectos que pudiera tener sobre las revoluciones \u00e1rabes en curso. Pero ser\u00eda injusto se\u00f1alar solamente las responsabilidades de los gobiernos europeos o norteamericano y dejar de lado el reaccionario papel de otras potencias emergentes como Rusia o China, cuya posici\u00f3n en los acontecimientos \u00e1rabes es dictada por el juego, a\u00fan m\u00e1s ego\u00edsta que los anteriores, de sus intereses pol\u00edticos o geoestrat\u00e9gicos.<\/p>\n<p style=\"margin-bottom: 0cm; line-height: 150%;\" align=\"JUSTIFY\"><i>(*) Se pueden consultar otros art\u00edculos y libros del autor en el blog : <a href=\"http:\/\/miradacrtica.blogspot.com\/\">http:\/\/miradacrtica.blogspot.com\/<\/a>, o en la direcci\u00f3n: <a href=\"http:\/\/www.scribd.com\/sanchezroje\">http:\/\/www.scribd.com\/sanchezroje<\/a><\/i><\/p>\n<p class=\"sdfootnote\" style=\"margin-top: 1.15cm; page-break-before: always;\" align=\"RIGHT\">3<\/p>\n<p class=\"sdfootnote\">\n","protected":false},"excerpt":{"rendered":"<p>Unos de los efectos m\u00e1s indeseables de la actual crisis econ\u00f3mica en Europa ha sido el continuo ascenso de los<\/p>\n","protected":false},"author":9,"featured_media":0,"comment_status":"open","ping_status":"open","sticky":false,"template":"","format":"standard","meta":{"footnotes":""},"categories":[3,42],"tags":[],"class_list":["post-1561","post","type-post","status-publish","format-standard","hentry","category-condiciones-de-vida","category-europa-europa"],"aioseo_notices":[],"_links":{"self":[{"href":"https:\/\/espai-marx.net\/index.php?rest_route=\/wp\/v2\/posts\/1561","targetHints":{"allow":["GET"]}}],"collection":[{"href":"https:\/\/espai-marx.net\/index.php?rest_route=\/wp\/v2\/posts"}],"about":[{"href":"https:\/\/espai-marx.net\/index.php?rest_route=\/wp\/v2\/types\/post"}],"author":[{"embeddable":true,"href":"https:\/\/espai-marx.net\/index.php?rest_route=\/wp\/v2\/users\/9"}],"replies":[{"embeddable":true,"href":"https:\/\/espai-marx.net\/index.php?rest_route=%2Fwp%2Fv2%2Fcomments&post=1561"}],"version-history":[{"count":0,"href":"https:\/\/espai-marx.net\/index.php?rest_route=\/wp\/v2\/posts\/1561\/revisions"}],"wp:attachment":[{"href":"https:\/\/espai-marx.net\/index.php?rest_route=%2Fwp%2Fv2%2Fmedia&parent=1561"}],"wp:term":[{"taxonomy":"category","embeddable":true,"href":"https:\/\/espai-marx.net\/index.php?rest_route=%2Fwp%2Fv2%2Fcategories&post=1561"},{"taxonomy":"post_tag","embeddable":true,"href":"https:\/\/espai-marx.net\/index.php?rest_route=%2Fwp%2Fv2%2Ftags&post=1561"}],"curies":[{"name":"wp","href":"https:\/\/api.w.org\/{rel}","templated":true}]}}