{"id":1562,"date":"2011-05-21T00:00:00","date_gmt":"2011-05-21T00:00:00","guid":{"rendered":"https:\/\/espai-marx.net\/?p=1562"},"modified":"2020-02-21T13:10:13","modified_gmt":"2020-02-21T12:10:13","slug":"la-rebelde-sensatez-politica-de-los-jovenes","status":"publish","type":"post","link":"https:\/\/espai-marx.net\/?p=1562","title":{"rendered":"La rebelde sensatez pol\u00edtica de los j\u00f3venes"},"content":{"rendered":"<p><em>Sobre el movimiento 15M<\/em><\/p>\n<p>&nbsp;<\/p>\n<p>&nbsp;<\/p>\n<p>Algunos abuelos cebolletas, el que suscribe en puesto destacado, hemos hablado m\u00e1s de una vez de forma nada positiva de la formaci\u00f3n e inquietudes pol\u00edticas de nuestros j\u00f3venes. Que si no tienen inter\u00e9s por los asuntos p\u00fablicos, que si apenas leen sobre estos temas, que si no se alimentan de ninguna de las tradiciones emancipatorias abonadas durante d\u00e9cadas de \u201cdif\u00edcil y heroica\u201d lucha antifranquista, que si se tragan casi todos los sapos, que si les falta coraje, que si lo tienen casi todo a su alcance, que si les tienen comido el coco, que d\u00f3nde est\u00e1 su rebeld\u00eda ante la injusticia al\u00e9fica que nos rodea. Y as\u00ed siguiendo con alg\u00fan improperio incluso. Mejor hubiera sido que nos hubi\u00e9ramos callado; en silencio salimos mejor en las fotos o, en cualquier caso, estamos un poco m\u00e1s presentable. Lo extraordinario, si lo pensamos con calma y sin prejuicios de hormig\u00f3n en la cabeza, es que nuestros j\u00f3venes. a pesar de la reconversi\u00f3n pol\u00edtico-cultural mayoritaria de varias generaciones de ciudadanos, ahora en puestos de mando, que supuestamente estuvieron en pie de combate contra el fascismo espa\u00f1ol y de d\u00e9cadas de gobiernos de izquierda, digamos, para ser generosos, poco presentable y de derecha neofranquista, a pesar de todo ello, dec\u00eda, nuestros j\u00f3venes tengan la madurez y sensatez que ha irrumpido, a caudal lleno, con el movimiento del 15 de mayo.<\/p>\n<p>Otro ejemplo m\u00e1s de lo quiero se\u00f1alar.<\/p>\n<p>Mientras arreglaba la cocina y preparaba las cosas del d\u00eda siguiente, escuch\u00e9 ayer noche, martes, 17 de mayo, el programa informativo de las 10 por la noche de Radio Nacional. El presentador, creo que Marc Sala (mejor imposible en esta ocasi\u00f3n) entrevist\u00f3 a una joven que forma parte del movimiento. Por la voz, unos 20 y pocos a\u00f1os; no logr\u00e9 retener el nombre. Incluso el presentador se dio cuenta de que lo mejor que pod\u00eda hacer en este caso era dejar hablar. Lo hizo. Y la joven habl\u00f3 con una sensatez, con una sabidur\u00eda, con una capacidad de convicci\u00f3n y argumentaci\u00f3n que para mi hubiera querido no ya a su edad sino en cualquier otro momento de mis largos a\u00f1os de activismo pol\u00edtico. Ella no era portavoz de nadie sino una voz de un movimiento plural; no abogaban por la abstenci\u00f3n en las elecciones municipales; puso en el sitio que hay que poner al PP, al PSOE y CiU; habl\u00f3 de dignidad y de la rebeld\u00eda del movimiento; habl\u00f3 de democracia real, distingui\u00e9ndola de la mera participaci\u00f3n electoral sin efectos pol\u00edticos reales; coment\u00f3 la necesidad de una mayor representatividad; habl\u00f3 de sus inquietudes, de sus dudas, de las cosas que hab\u00edan emprendido y que no sab\u00edan, por ahora, como continuar, sin esconderse, sin esconder sus l\u00edmites; anim\u00f3 a la participaci\u00f3n de todos, a aprender entre todos y con todos. Sin perder los nervios, con claridad de pensamiento, viviendo sin permiso, con ganas de continuar en acci\u00f3n.<\/p>\n<p>Cada uno tiene sus tradiciones; yo tengo las m\u00edas. Cuando escuch\u00e9 a la joven en cuesti\u00f3n pens\u00e9 en Julio Anguita y en Francisco Fern\u00e1ndez Buey. En mi opini\u00f3n, de lo mejor que nos ha pasado y de lo mejor que tenemos en el movimiento comunista ecologista hisp\u00e1nico. Como en el caso de Anguita y Fern\u00e1ndez Buey, cuando estaba oyendo a la rebelde compa\u00f1era tomaba notas mentalmente, sent\u00eda admiraci\u00f3n por la sensatez de sus propuestas, me conmov\u00edan sus dudas y la manifestaci\u00f3n expl\u00edcita de sus discusiones y b\u00fasquedas, y, por qu\u00e9 no, alguna gota acuosa de emoci\u00f3n asomaba por mi rostro.<\/p>\n<p>Toda una lecci\u00f3n de praxis pol\u00edtica, de la buena, de las imprescindibles. Toda una lecci\u00f3n de vida incluso. Como hubiera dicho y escrito Luis Cernuda: gracias, compa\u00f1era, gracias.<\/p>\n","protected":false},"excerpt":{"rendered":"<p>Sobre el movimiento 15M &nbsp; &nbsp; Algunos abuelos cebolletas, el que suscribe en puesto destacado, hemos hablado m\u00e1s de una<\/p>\n","protected":false},"author":9,"featured_media":1563,"comment_status":"open","ping_status":"open","sticky":false,"template":"","format":"standard","meta":{"footnotes":""},"categories":[14,45],"tags":[],"class_list":["post-1562","post","type-post","status-publish","format-standard","has-post-thumbnail","hentry","category-democracia-republica","category-proletariado-demos-multidud"],"aioseo_notices":[],"_links":{"self":[{"href":"https:\/\/espai-marx.net\/index.php?rest_route=\/wp\/v2\/posts\/1562","targetHints":{"allow":["GET"]}}],"collection":[{"href":"https:\/\/espai-marx.net\/index.php?rest_route=\/wp\/v2\/posts"}],"about":[{"href":"https:\/\/espai-marx.net\/index.php?rest_route=\/wp\/v2\/types\/post"}],"author":[{"embeddable":true,"href":"https:\/\/espai-marx.net\/index.php?rest_route=\/wp\/v2\/users\/9"}],"replies":[{"embeddable":true,"href":"https:\/\/espai-marx.net\/index.php?rest_route=%2Fwp%2Fv2%2Fcomments&post=1562"}],"version-history":[{"count":0,"href":"https:\/\/espai-marx.net\/index.php?rest_route=\/wp\/v2\/posts\/1562\/revisions"}],"wp:featuredmedia":[{"embeddable":true,"href":"https:\/\/espai-marx.net\/index.php?rest_route=\/wp\/v2\/media\/1563"}],"wp:attachment":[{"href":"https:\/\/espai-marx.net\/index.php?rest_route=%2Fwp%2Fv2%2Fmedia&parent=1562"}],"wp:term":[{"taxonomy":"category","embeddable":true,"href":"https:\/\/espai-marx.net\/index.php?rest_route=%2Fwp%2Fv2%2Fcategories&post=1562"},{"taxonomy":"post_tag","embeddable":true,"href":"https:\/\/espai-marx.net\/index.php?rest_route=%2Fwp%2Fv2%2Ftags&post=1562"}],"curies":[{"name":"wp","href":"https:\/\/api.w.org\/{rel}","templated":true}]}}