{"id":15649,"date":"2024-06-07T05:00:00","date_gmt":"2024-06-07T04:00:00","guid":{"rendered":"https:\/\/espai-marx.net\/?p=15649"},"modified":"2024-06-07T04:46:12","modified_gmt":"2024-06-07T03:46:12","slug":"nueva-caledonia-una-historia-francesa","status":"publish","type":"post","link":"https:\/\/espai-marx.net\/?p=15649","title":{"rendered":"Nueva Caledonia, una historia francesa"},"content":{"rendered":"<p><em>Francia fue una gran potencia colonial durante varios siglos, un pasado salpicado de esclavitud, trabajos forzados y racismo que hasta el m\u00e1s obtuso apenas puede negar. Pero el m\u00e1s obstinado de los nacionalistas franceses niega que en 2024 la naci\u00f3n est\u00e9 marcada por ello, sus mentalidades lastradas por un racismo que ahora se ha convertido en islamofobia, de Zemmour a CNews, y su actualidad salpicada de dramas en el \u00abconfeti del Imperio\u00bb, de Mayotte a Noum\u00e9a.<\/em><\/p>\n<p>La mayor\u00eda de estos falsos ingenuos franchutes se apresuran a contraponer el Imperio franc\u00e9s, que seg\u00fan ellos fue moral a pesar de sus errores, e impregnado de progresismo econ\u00f3mico y social, a la expansi\u00f3n anglosajona, basada en la \u00abcolonizaci\u00f3n de asentamientos<em>\u00bb<\/em> desde Am\u00e9rica del Norte hasta Australia, con la consiguiente erradicaci\u00f3n sin escr\u00fapulos de los pueblos ind\u00edgenas, amerindios y otros abor\u00edgenes. Pero esta oposici\u00f3n simplista es en gran medida un error hist\u00f3rico, cuando no una mentira deliberada.<\/p>\n<p>Recordemos que las islas o Antillas del Caribe fueron pobladas por colonos franceses y sus esclavos africanos, una vez eliminados los nativos. El ejemplo de Argelia, joya de la corona del Imperio franc\u00e9s, es igualmente revelador.<\/p>\n<p>Tras la improvisada invasi\u00f3n de 1830 y las dos d\u00e9cadas siguientes de conquista militar, los proyectos de colonizaci\u00f3n se multiplicaron en Francia bajo el Segundo Imperio y la Tercera Rep\u00fablica, y la mayor\u00eda de ellos ten\u00edan un objetivo muy claro: vaciar las \u00abzonas \u00fatiles<em>\u00bb<\/em> costeras de su poblaci\u00f3n isl\u00e1mica y repoblarlas con colonos franceses, empujando a los \u00abn\u00f3madas \u00e1rabes<em>\u00bb<\/em> de vuelta a las monta\u00f1as del Atlas y a los desiertos del sur, con la excepci\u00f3n de algunos <em>fellahs<\/em> necesarios para las granjas coloniales.<\/p>\n<p>Fue un proyecto coherente, que consigui\u00f3 transformar varias ciudades costeras y llanuras f\u00e9rtiles como la Mitidja en zonas coloniales, grandes latifundios y pueblos y ciudades \u00abblancos<em>\u00bb<\/em>, gracias al expolio de tierras que antes pertenec\u00edan a comunidades rurales o religiosas.<\/p>\n<p>A pesar de la deportaci\u00f3n de los insurgentes republicanos en 1851, a pesar de los numerosos alsacianos expulsados de su pa\u00eds por la anexi\u00f3n prusiana en 1870 y a pesar de la concesi\u00f3n de la nacionalidad francesa por la nueva Tercera Rep\u00fablica en 1870 a los jud\u00edos que hasta entonces hab\u00edan vivido en armon\u00eda con la mayor\u00eda musulmana, as\u00ed como a los corsos y malteses, hab\u00eda que decir lo obvio:<\/p>\n<p><strong> Francia no pudo alcanzar su objetivo colonial de sumersi\u00f3n demogr\u00e1fica. En la Argelia dominada del siglo XX, que deb\u00eda ser un departamento franc\u00e9s, el componente \u00ab\u00e1rabe<em>\u00bb<\/em> superaba el 80%.<\/strong><\/p>\n<p>Por tanto, el \u00abcolonialismo de asentamiento<em>\u00bb<\/em> tambi\u00e9n era un <strong>deseo <\/strong> de la burgues\u00eda francesa (que dio lugar a la isla de la Reuni\u00f3n, por ejemplo), pero hist\u00f3ricamente no pudo conseguirlo, sobre todo en el norte de \u00c1frica. Es m\u00e1s, este deseo sigue arraigado en su subconsciente hoy en d\u00eda, como demuestran los acontecimientos actuales en Nueva Caledonia.<\/p>\n<h3>Nueva Caledonia, una historia colonial compleja<\/h3>\n<p>Este archipi\u00e9lago tropical del Pac\u00edfico, frente a las costas de Australia (su \u00abisla grande<em>\u00bb<\/em>, la mayor del Pac\u00edfico Sur aparte del continente australiano, tiene unos 50 kil\u00f3metros de ancho y m\u00e1s de 400 kil\u00f3metros de largo. Seg\u00fan nuestra lectura occidental de la historia, fue \u00abdescubierta<em>\u00bb<\/em> en 1774 por el navegante brit\u00e1nico James Cook. Y lo que es m\u00e1s grave, fue el primer europeo que se top\u00f3 con estas islas, habitadas desde hac\u00eda 2.000 a\u00f1os por comunidades rurales cuyas huellas han sido desenterradas por los arque\u00f3logos (cer\u00e1mica lapita). Los historiadores coinciden en afirmar que exist\u00eda una \u00absociedad tradicional canaca 1000 a\u00f1os antes de la era cristiana, varios siglos antes de la llegada de los celtas o galos a Europa occidental, de los que durante mucho tiempo se dijo que eran nuestros antepasados<em>\u00bb<\/em>.<\/p>\n<p>Esta primera intrusi\u00f3n europea en el archipi\u00e9lago canaco interes\u00f3 poco a los colonizadores brit\u00e1nicos, que en cambio pusieron sus miras en la vasta extensi\u00f3n de Australia, convirti\u00e9ndola en su colonia penal a partir del siglo XIX. Sin embargo, gracias a Cook, el archipi\u00e9lago Kanak entr\u00f3 en la gran gesta colonial y nunca sali\u00f3 de ella. Todav\u00eda utilizamos el t\u00e9rmino Nueva Caledonia, inventado por Cook hace dos siglos y medio, porque cuando desembarc\u00f3 all\u00ed, \u00a1sus costas escarpadas y verdes le recordaron a Escocia (conocida en lat\u00edn como Caledonia)!<\/p>\n<p>Un ejemplo perfecto de c\u00f3mo la colonizaci\u00f3n ha distorsionado la historia de los pueblos, \u00a1hasta la sem\u00e1ntica!<img loading=\"lazy\" decoding=\"async\" class=\"aligncenter size-full wp-image-15652\" src=\"https:\/\/espai-marx.net\/wp-content\/uploads\/2024\/06\/kanaki-1636b.jpg\" alt=\"\" width=\"640\" height=\"800\" srcset=\"https:\/\/espai-marx.net\/wp-content\/uploads\/2024\/06\/kanaki-1636b.jpg 640w, https:\/\/espai-marx.net\/wp-content\/uploads\/2024\/06\/kanaki-1636b-240x300.jpg 240w\" sizes=\"auto, (max-width: 640px) 100vw, 640px\" \/><\/p>\n<p>Tras la instalaci\u00f3n de algunos escasos contingentes misioneros, hubo que esperar hasta 1853 para que un desconocido oficial del Segundo Imperio franc\u00e9s tomara posesi\u00f3n de \u00abNueva Caledonia<em>\u00bb<\/em> en nombre de Napole\u00f3n III. \u00c9ste, cuya mente era f\u00e9rtil en ambiciones coloniales a menudo malogradas (v\u00e9ase el desastre mexicano de 1867), decidi\u00f3 hacer de Nueva Caledonia la colonia penal francesa del Pac\u00edfico, como la Guayana Francesa lo era en Am\u00e9rica, a imagen de los colonos brit\u00e1nicos en Australia.<\/p>\n<p>En este contexto colonial se fund\u00f3 la ciudad \u00abeuropea<em>\u00bb<\/em> de Port de France, primer nombre de la actual Numea, y, a partir de 1868, las comunidades rurales canacas fueron confinadas en reservas ind\u00edgenas (\u00a1como en Estados Unidos en la misma \u00e9poca!). En este contexto, los comuneros condenados (Louise Michel, Rochefort, etc.) fueron deportados a Nueva Caledonia durante algunos a\u00f1os, antes de la amnist\u00eda de 1879-80. Algunos de sus descendientes forman parte de los actuales \u00abCaldoches<em>\u00bb<\/em>, de origen europeo.<\/p>\n<p>En 1874, los colonos franceses empezaron a extraer n\u00edquel a peque\u00f1a escala, utilizando mano de obra importada de Vanuatu, Melanesia y Vietnam.<\/p>\n<p>En 1878, un levantamiento de ciertas tribus canacas fue ferozmente aplastado por los colonos.\u00a0 (La anarquista Louise Michel fue una de las pocas deportadas de la Comuna que lo denunci\u00f3). A finales del siglo XIX, los canacos fueron agrupados en el 10% del territorio, seg\u00fan un procedimiento utilizado en el Oeste norteamericano.<\/p>\n<h3>El siglo XX y la crisis global de los imperios coloniales<\/h3>\n<p><img loading=\"lazy\" decoding=\"async\" class=\"aligncenter size-full wp-image-15651\" src=\"https:\/\/espai-marx.net\/wp-content\/uploads\/2024\/06\/14_18-0d5f0.jpg\" alt=\"\" width=\"500\" height=\"262\" srcset=\"https:\/\/espai-marx.net\/wp-content\/uploads\/2024\/06\/14_18-0d5f0.jpg 500w, https:\/\/espai-marx.net\/wp-content\/uploads\/2024\/06\/14_18-0d5f0-300x157.jpg 300w, https:\/\/espai-marx.net\/wp-content\/uploads\/2024\/06\/14_18-0d5f0-390x205.jpg 390w\" sizes=\"auto, (max-width: 500px) 100vw, 500px\" \/>&lt;<\/p>\n<p>La falta de combatientes durante la Primera Guerra Mundial llev\u00f3 a las autoridades francesas a aflojar un poco este cerco, lo que permiti\u00f3 enviar al frente en Francia un contingente de 900 fusileros canacos, de los cuales casi 400 no regresaron. En 1940, las autoridades del archipi\u00e9lago se unieron a la Francia Libre del general De Gaulle, que reclut\u00f3 al \u00abBatall\u00f3n del Pac\u00edfico<em>\u00bb<\/em>. De 1942 a 1946, la colonia francesa alberg\u00f3 el Centro de Mando Interaliado del Pac\u00edfico y casi un mill\u00f3n de soldados estadounidenses. Como consecuencia de la derrota de los nazis, y paralelamente a la creaci\u00f3n de la \u00abFrancia de Ultramar<em>\u00bb<\/em>, Nueva Caledonia ascendi\u00f3 al estatus de colonia francesa. Nueva Caledonia se convirti\u00f3 en \u00abTerritorio Franc\u00e9s de Ultramar<em>\u00bb<\/em>, y en 1946 se abolieron las medidas discriminatorias del Indig\u00e9nat.<\/p>\n<p><img loading=\"lazy\" decoding=\"async\" class=\"aligncenter size-full wp-image-15650\" src=\"https:\/\/espai-marx.net\/wp-content\/uploads\/2024\/06\/usine-2-9accb.jpg\" alt=\"\" width=\"500\" height=\"334\" srcset=\"https:\/\/espai-marx.net\/wp-content\/uploads\/2024\/06\/usine-2-9accb.jpg 500w, https:\/\/espai-marx.net\/wp-content\/uploads\/2024\/06\/usine-2-9accb-300x200.jpg 300w\" sizes=\"auto, (max-width: 500px) 100vw, 500px\" \/><\/p>\n<p>A partir de 1960, el desarrollo de la industria del n\u00edquel, principal fuente de riqueza mineral del archipi\u00e9lago, modific\u00f3 demogr\u00e1fica, social y pol\u00edticamente la sociedad neocaledonia.<\/p>\n<p data-dl-uid=\"72\" data-dl-original=\"true\" data-dl-translated=\"true\">La aglomeraci\u00f3n de Noum\u00e9a se agranda y contrasta los \u00abbarrios bonitos<em>\u00bb<\/em>, repletos de habitantes de la Francia continental atra\u00eddos por los placeres tropicales (\u00abel Saint Tropez del Pac\u00edfico<em>\u00bb<\/em>, seg\u00fan algunos), y las zonas perif\u00e9ricas pobres, superpobladas de j\u00f3venes canacos a menudo reducidos al paro por la importaci\u00f3n de mano de obra melanesia.<\/p>\n<p>Parad\u00f3jicamente, el n\u00edquel, la riqueza del territorio, ha tenido el efecto de agravar los antagonismos sociales e ideol\u00f3gicos.<\/p>\n<p>Pol\u00edticamente, se desarrollaron, por un lado, el partido independentista canaco, el FLNKS (Front de Lib\u00e9ration Nationale Kanak Socialiste), dirigido inicialmente por Tjibaou, y, por otro, los vinculados a la derecha francesa, conocidos como \u00ablealistas<em>\u00bb<\/em>, partidarios de mantener la tutela colonial (el partido RPR de Jacques Lafleur, apoyado por \u00abcaldoches<em>\u00bb<\/em> de origen europeo).<\/p>\n<p>Evidentemente, esta divisi\u00f3n se vio alimentada a partir de 1960 por la ola descolonial mundial, de la que se hizo eco la Asamblea General de la ONU, pero tambi\u00e9n por la destrucci\u00f3n del Imperio franc\u00e9s, gracias a los levantamientos de los pueblos de Indochina y Argelia, y a las independencias africanas. De 1984 a 1988, estas divisiones provocaron incidentes cada vez m\u00e1s violentos en el archipi\u00e9lago, que culminaron con la sangrienta represi\u00f3n de los secuestradores de la isla de Ouv\u00e9a.<\/p>\n<h3>Las esperanzas truncadas de un fin de siglo<\/h3>\n<p>La emoci\u00f3n internacional generada por estos sucesivos acontecimientos (incluidos los internos al movimiento nacional, que desembocaron en el asesinato del militante Tjibaou) llev\u00f3 a los dirigentes pol\u00edticos franceses m\u00e1s l\u00facidos, como Michel Rocard, a elaborar un proyecto de descolonizaci\u00f3n, que se concret\u00f3 en los Acuerdos de Matignon (1988) y Numea (1998).<\/p>\n<p>Este acuerdo entre los tres protagonistas \u2013las FNLKS, los \u00ableales<em>\u00bb<\/em> y el Estado franc\u00e9s\u2013 pod\u00eda permitir, en el espacio de unas d\u00e9cadas, el desarrollo pac\u00edfico del territorio, en cumplimiento de las resoluciones de la ONU que prescriben la autodeterminaci\u00f3n de los pueblos colonizados. Se basaba en la voluntad de los tres firmantes de conceder a la naci\u00f3n canaca la autonom\u00eda pol\u00edtica y econ\u00f3mica, la residencia garantizada de una minor\u00eda de origen metropolitano y la preservaci\u00f3n de las prerrogativas geopol\u00edticas de Francia en el Pac\u00edfico Sur, las zonas mar\u00edtimas y los fondos marinos costeros.<\/p>\n<p>Este \u00abcompromiso hist\u00f3rico<em>\u00bb<\/em> se basaba en la capacidad estadista de los dirigentes pol\u00edticos franceses y canacos de finales del siglo XX para proyectar un futuro progresista y pac\u00edfico \u00abbeneficioso para todos<em>\u00bb<\/em> para sus respectivas naciones. Escenificado en sucesivos referendos, s\u00f3lo pudo lograrse mediante un consenso entre los firmantes y los dirigentes de Francia.<\/p>\n<p>Por desgracia, s\u00ed parece que buena parte de la burgues\u00eda francesa y los pol\u00edticos que la representan dentro del Estado, son incapaces de deshacerse de su anticuado (y f\u00e1cilmente racista) apego a la colonizaci\u00f3n de asentamientos y al \u00abcolonialismo del abuelo<em>\u00bb<\/em>. Es el caso, en particular, de los macronianos, en el poder en Par\u00eds con su l\u00edder desde 2017, que confiaron el \u00abdossier Caledonia<em>\u00bb<\/em> al ministro del Interior Darmanin, que lo gestion\u00f3 con sus consejeros de la derecha caldoche. Su objetivo permanente, contrario al esp\u00edritu de los Acuerdos de Numea, es perpetuar la tutela francesa sobre el archipi\u00e9lago favoreciendo al m\u00e1ximo el crecimiento de los residentes de origen metropolitano.<\/p>\n<p>Este objetivo de sumersi\u00f3n demogr\u00e1fica ya se ha alcanzado:<br \/>\n<strong> S\u00f3lo el cuarenta por ciento de los 270.000 habitantes del archipi\u00e9lago son canacos. <\/strong><\/p>\n<p>Al mismo tiempo, los dirigentes del Estado franc\u00e9s han roto con su papel de \u00e1rbitros en el marco de los Acuerdos de Numea. Las decisiones pol\u00edticas tomadas por consenso han sido sustituidas por opciones impuestas al pueblo canaco: en 2021, en plena epidemia de Covid, organizaron un refer\u00e9ndum sobre la independencia a pesar de la oposici\u00f3n del pueblo canaco, oblig\u00e1ndole a abstenerse, para obtener un resultado absurdamente favorable a la tutela colonial.<\/p>\n<p>Y, como guinda del pastel, en mayo de 2024 los macronianos, gracias a diputados y senadores de derecha y extrema derecha, hicieron aprobar un proyecto de ley que preve\u00eda la ampliaci\u00f3n del electorado a nuevos residentes de origen metropolitano.<\/p>\n<p>Esta \u00faltima provocaci\u00f3n, destinada a clavar definitivamente el ata\u00fad de los acuerdos de descolonizaci\u00f3n, es la causa directa de los recientes disturbios que han envuelto los barrios de Numea, un incendio nacido de la miseria de los j\u00f3venes canacos junto a las calles del \u00abmetro\u00ab que rezuman riqueza, con el tel\u00f3n de fondo del desprecio colonial.<\/p>\n<p>Nuestros medios de comunicaci\u00f3n, siempre deseosos de hablar de delincuencia racista cuando se trata de los guetos del distrito 93, se llenaron de discursos moralizantes sobre los saqueos, los heridos y los 6 muertos. Evidentemente, esto es lamentable, y condenado por los dirigentes del FLNKS, pero deja a la opini\u00f3n p\u00fablica francesa al margen de la proliferaci\u00f3n de milicias armadas \u00abcaldoches<em>\u00bb<\/em>, similares a las de la OAS en Argelia en 1960, responsables de la mayor\u00eda de las v\u00edctimas por arma de fuego.<\/p>\n<p>En cualquier caso, est\u00e1 claro que las incendiarias proclamas de Darmanin sobre la represi\u00f3n como \u00fanica soluci\u00f3n, y sus inanes acusaciones contra la injerencia azer\u00ed (\u00a1!) y, m\u00e1s all\u00e1, rusa y china, no fueron m\u00e1s que le\u00f1a al fuego, dignas de los peores d\u00edas de la guerra de Argelia hace 70 a\u00f1os&#8230;<\/p>\n<h3>Finalmente, \u00bfel monarca Macron vino a aportar la soluci\u00f3n?<\/h3>\n<p>Las peque\u00f1as pantallas que supuestamente deben mantenernos informados el 22 de mayo est\u00e1n alborotadas: Emmanuel I Macron est\u00e1 en camino, en un avi\u00f3n que lo llevar\u00e1 al otro lado del mundo, a Nueva Caledonia, incendiada y ensangrentada por villanos pagados por azer\u00edes ambiciosos, escondiendo en sus faldas a rusos y chinos. De hecho, algunos chapuceros del Gobierno franc\u00e9s creyeron hacer lo correcto y demostraron ser indignos de la misi\u00f3n que \u00e9l les hab\u00eda confiado.<\/p>\n<p>\u00a1El pobre Presidente tiene que hacerlo todo \u00e9l solo!<\/p>\n<p>Pero una vez que llegue a la isla, resolver\u00e1 la disputa con unos cuantos pensamientos brillantes, apagar\u00e1 el fuego y \u00aborganizar\u00e1 el di\u00e1logo<em>\u00bb<\/em>: nuestro superhombre el\u00edseo llegar\u00e1 a Numea y todo estar\u00e1 por fin arreglado.<\/p>\n<p>Este cuento de hadas para imb\u00e9ciles olvid\u00f3 obviamente mencionar dos puntos clave:<\/p>\n<p>1\/ que en Francia nada se decide a nivel de Estado sin el asentimiento del Presidente.<\/p>\n<p>2\/ que el principal organizador del reciente desastre, el inefable Darmanin, tambi\u00e9n participa. Y sus gendarmes acuden en masa a Numea.<\/p>\n<p>Evidentemente, no sabemos cu\u00e1les fueron las verdaderas posiciones de Macron en sus diferentes reuniones, sobre todo porque este pol\u00edtico medi\u00e1tico siempre envuelve sus an\u00e1lisis en grandes palabras poco claras y nos tiene acostumbrados a frecuentes giros de 180 grados, con el objetivo esencial de poner en primer plano su ego, su personalidad de l\u00edder internacional. D\u00e9mosle la oportunidad de hacerlo, volviendo a poner en perspectiva la crisis de Nueva Caledonia: una gran isla del Pac\u00edfico cuyo pueblo canaco no debe verse privado por m\u00e1s tiempo de su derecho inalienable a la autodeterminaci\u00f3n.<\/p>\n<p><strong> En otras palabras, el derecho a elegir su propio destino, a gestionar sus riquezas minerales como mejor les parezca y a elegir libremente a sus socios internacionales, pol\u00edticos y econ\u00f3micos. Un paso en esta direcci\u00f3n ser\u00eda la \u00fanica manera de garantizar pac\u00edficamente la presencia de una minor\u00eda europea en la isla, herencia del pasado.<\/strong><\/p>\n<p>La \u00fanica manera de evitar un desenlace sangriento al estilo argelino, con la dram\u00e1tica \u00abrepatriaci\u00f3n<em>\u00bb<\/em> de decenas de miles de familias \u00abeuropeas<em>\u00bb<\/em>, como en 1962.<\/p>\n<p data-dl-uid=\"100\" data-dl-original=\"true\" data-dl-translated=\"true\">Si Macron quiere demostrar que es un hombre de Estado, clarividente y preocupado por el futuro de la naci\u00f3n francesa, debe volver a trabajar en el proceso descolonizador de los Acuerdos de Numea, reconociendo finalmente los derechos del pueblo canaco a su tierra.<\/p>\n<p>Evidentemente, esto implica una ruptura total con la connivencia anterior con los restos coloniales que llev\u00f3 a votar con la Derecha y la Extrema Derecha un proyecto de ley impregnado de colonizaci\u00f3n.<\/p>\n<p><strong> A \u00e9l le corresponde decidir qu\u00e9 imagen quiere dejar en la historia.<\/strong><\/p>\n<p>Fuente: Association Nationale des Communistes (ANC), s<abbr class=\"published\" title=\"2024-05-25T06:30:35Z\" data-dl-uid=\"19\" data-dl-original=\"true\" data-dl-translated=\"true\">\u00e1bado 25 de mayo de 2024<\/abbr><span class=\"auteurs\" data-dl-uid=\"20\" data-dl-original=\"true\" data-dl-translated=\"true\"> (<a href=\"https:\/\/ancommunistes.fr\/spip.php?article6511\">https:\/\/ancommunistes.fr\/spip.php?article6511<\/a>)<\/span><\/p>\n","protected":false},"excerpt":{"rendered":"<p>Francia fue una gran potencia colonial durante varios siglos, un pasado salpicado de esclavitud, trabajos forzados y racismo que hasta<\/p>\n","protected":false},"author":5,"featured_media":15653,"comment_status":"open","ping_status":"open","sticky":false,"template":"","format":"standard","meta":{"footnotes":""},"categories":[2130,2129],"tags":[],"class_list":["post-15649","post","type-post","status-publish","format-standard","has-post-thumbnail","hentry","category-kanaky","category-oceania"],"aioseo_notices":[],"_links":{"self":[{"href":"https:\/\/espai-marx.net\/index.php?rest_route=\/wp\/v2\/posts\/15649","targetHints":{"allow":["GET"]}}],"collection":[{"href":"https:\/\/espai-marx.net\/index.php?rest_route=\/wp\/v2\/posts"}],"about":[{"href":"https:\/\/espai-marx.net\/index.php?rest_route=\/wp\/v2\/types\/post"}],"author":[{"embeddable":true,"href":"https:\/\/espai-marx.net\/index.php?rest_route=\/wp\/v2\/users\/5"}],"replies":[{"embeddable":true,"href":"https:\/\/espai-marx.net\/index.php?rest_route=%2Fwp%2Fv2%2Fcomments&post=15649"}],"version-history":[{"count":0,"href":"https:\/\/espai-marx.net\/index.php?rest_route=\/wp\/v2\/posts\/15649\/revisions"}],"wp:featuredmedia":[{"embeddable":true,"href":"https:\/\/espai-marx.net\/index.php?rest_route=\/wp\/v2\/media\/15653"}],"wp:attachment":[{"href":"https:\/\/espai-marx.net\/index.php?rest_route=%2Fwp%2Fv2%2Fmedia&parent=15649"}],"wp:term":[{"taxonomy":"category","embeddable":true,"href":"https:\/\/espai-marx.net\/index.php?rest_route=%2Fwp%2Fv2%2Fcategories&post=15649"},{"taxonomy":"post_tag","embeddable":true,"href":"https:\/\/espai-marx.net\/index.php?rest_route=%2Fwp%2Fv2%2Ftags&post=15649"}],"curies":[{"name":"wp","href":"https:\/\/api.w.org\/{rel}","templated":true}]}}