{"id":1568,"date":"2011-05-27T00:00:00","date_gmt":"2011-05-27T00:00:00","guid":{"rendered":"https:\/\/espai-marx.net\/?p=1568"},"modified":"2020-02-21T13:07:36","modified_gmt":"2020-02-21T12:07:36","slug":"desalojo-ciudadano-de-la-policia","status":"publish","type":"post","link":"https:\/\/espai-marx.net\/?p=1568","title":{"rendered":"Desalojo\u2026 ciudadano de la polic\u00eda"},"content":{"rendered":"<p><em>Varios heridos tras las cargas de los mossos contra los acampados<\/em><\/p>\n<p>&nbsp;<\/p>\n<p><a href=\"http:\/\/www.rebelion.org\/\" target=\"_blank\" rel=\"noopener noreferrer\">Rebeli\u00f3n<\/a><\/p>\n<p><strong>\u00bfCreen en los milagros sociales? \u00bfSon algo esc\u00e9pticos? Les entiendo muy bien. Yo lo era, yo era un esc\u00e9ptico fuertemente ubicado en la duda e incluso en el principio de incertidumbre social pero, una vez m\u00e1s, la vieja dama marxiana de la pr\u00e1ctica pol\u00edtica ciudadana, responsable, documentada, activa, nada servil, rebelde, digna, acaba de enviar mi escepticismo al ba\u00fal de los recuerdos.<\/strong><\/p>\n<p><a href=\"http:\/\/rebelion-media.tumblr.com\/tagged\/Barcelona\">V\u00eddeos y fotos de la #acampadabcn<\/a><\/p>\n<p><a href=\"http:\/\/qik.com\/video\/40473736\">V\u00eddeo: camiones para desmontar la acampada<\/a><\/p>\n<p>Escribo a las 14 horas. La polic\u00eda catalana, los grises y tristes Mossos d\u2019Esquadra, han hecho de las suyas. Han recorrido a toda velocidad las calles c\u00e9ntricas de la ciudad, han disparado sus juguetes b\u00e9licos, han dado golpes a diestro y sobre todo a siniestro pero al final se han ido. SE HAN IDO, las may\u00fasculas est\u00e1n justificadas en esta ocasi\u00f3n. La plaza es nuestra, nuestra, la plaza de los indignados de nuevo est\u00e1 en nuestros manos, en las manos y en el cerebro de toda la ciudadan\u00eda. No ha quedado ni un solo polic\u00eda, ni uno. Se han dado cuenta un poco tarde pero han metido la pata hasta la yugular.<\/p>\n<p>Por otra parte, seg\u00fan han informado fuentes del Sistema de Emergencias M\u00e9dicas (SEM), 14 personas han resultado heridas por la carga policial contra los &#8216;indignados&#8217;. En total, por el momento, han atendido a 43 personas. Entre los heridos hay un Mosso d&#8217;Esquadra. Otro de los atendidos habr\u00eda sido trasladado al Hospital Cl\u00ednic.<\/p>\n<p>Pero los Mossos se han llevado las 100 mil firmas que los acampados ten\u00edan reunidas en apoyo de su acci\u00f3n. Les han robado tambi\u00e9n los ordenadores.<\/p>\n<p>Vale la pena acudir ahora. Vayamos todos y todas otra vez. No es imposible que puedan volver y hacer de las suyas e incluso con m\u00e1s contundencia. Debemos conseguir las mayores concentraciones populares de los \u00faltimos d\u00edas. Nosotros podemos, ustedes pueden. Es una victoria en toda regla del movimiento por la democracia real.<\/p>\n<p>D\u00e9jenme que me ponga tonto y me emocione, es lo mejor que he vivido en muchos a\u00f1os, en muchos y tengo casi seis d\u00e9cadas en mis espaldas. \u00bfRecuerdan aquel hermoso pensamiento desiderativo concretado en el slogan \u201cEl pueblo unido jam\u00e1s ser\u00e1 vencido\u201d? A mi me hace recordar con llanto contenido Chile, Allende, Neruda, la Unidad Popular, el primer sandinismo, la revoluci\u00f3n de los claveles\u2026 Se ha gritado en la plaza estos d\u00edas pasados, muchas veces y con fuerza, con convicci\u00f3n. Sonaba a m\u00fasica antigua pero no, no, est\u00e1bamos equivocados. Es una verdad de ahora y de las buenas, de las que gustaban a Antonio Machado.<\/p>\n<p>PS. Si el conseller de Interior tuviera decencia pol\u00edtica, dimitir\u00eda. Como la condici\u00f3n es obvio que no se da, no dimitir\u00e1. Los condicionales funcionan as\u00ed. Si el alcalde en funciones tuviera un poco de dignidad, se retirar\u00eda a alg\u00fan monasterio nacional-cat\u00f3lico de las proximidades. Como la dignidad pol\u00edtica tampoco es lo suyo precisamente, no es probable que lo haya. Sea como sea, bien pensado, \u00bfa nosotros qu\u00e9 nos importa lo que hagan gentes como Puig, Hereu o sus coleguillas?<\/p>\n<p>Los acampados est\u00e1n llamando a trav\u00e9s de las redes sociales a que la gente acuda hasta la plaza. Se est\u00e1 difundiendo una primera convocatoria para <strong>las 19 horas de esta tarde en Pla\u00e7a Catalunya<\/strong>.<\/p>\n","protected":false},"excerpt":{"rendered":"<p>Varios heridos tras las cargas de los mossos contra los acampados &nbsp; Rebeli\u00f3n \u00bfCreen en los milagros sociales? \u00bfSon algo<\/p>\n","protected":false},"author":9,"featured_media":1569,"comment_status":"open","ping_status":"open","sticky":false,"template":"","format":"standard","meta":{"footnotes":""},"categories":[14,45],"tags":[],"class_list":["post-1568","post","type-post","status-publish","format-standard","has-post-thumbnail","hentry","category-democracia-republica","category-proletariado-demos-multidud"],"aioseo_notices":[],"_links":{"self":[{"href":"https:\/\/espai-marx.net\/index.php?rest_route=\/wp\/v2\/posts\/1568","targetHints":{"allow":["GET"]}}],"collection":[{"href":"https:\/\/espai-marx.net\/index.php?rest_route=\/wp\/v2\/posts"}],"about":[{"href":"https:\/\/espai-marx.net\/index.php?rest_route=\/wp\/v2\/types\/post"}],"author":[{"embeddable":true,"href":"https:\/\/espai-marx.net\/index.php?rest_route=\/wp\/v2\/users\/9"}],"replies":[{"embeddable":true,"href":"https:\/\/espai-marx.net\/index.php?rest_route=%2Fwp%2Fv2%2Fcomments&post=1568"}],"version-history":[{"count":0,"href":"https:\/\/espai-marx.net\/index.php?rest_route=\/wp\/v2\/posts\/1568\/revisions"}],"wp:featuredmedia":[{"embeddable":true,"href":"https:\/\/espai-marx.net\/index.php?rest_route=\/wp\/v2\/media\/1569"}],"wp:attachment":[{"href":"https:\/\/espai-marx.net\/index.php?rest_route=%2Fwp%2Fv2%2Fmedia&parent=1568"}],"wp:term":[{"taxonomy":"category","embeddable":true,"href":"https:\/\/espai-marx.net\/index.php?rest_route=%2Fwp%2Fv2%2Fcategories&post=1568"},{"taxonomy":"post_tag","embeddable":true,"href":"https:\/\/espai-marx.net\/index.php?rest_route=%2Fwp%2Fv2%2Ftags&post=1568"}],"curies":[{"name":"wp","href":"https:\/\/api.w.org\/{rel}","templated":true}]}}