{"id":15681,"date":"2024-06-11T05:00:07","date_gmt":"2024-06-11T04:00:07","guid":{"rendered":"https:\/\/espai-marx.net\/?p=15681"},"modified":"2024-06-11T04:39:50","modified_gmt":"2024-06-11T03:39:50","slug":"clima-energia-y-recursos-naturales","status":"publish","type":"post","link":"https:\/\/espai-marx.net\/?p=15681","title":{"rendered":"Clima, energ\u00eda y recursos naturales"},"content":{"rendered":"<div class=\"col-md-11 group-right\">\n<div class=\"field field--name-body field--type-text-with-summary field--label-hidden field--item\">\n<p data-dl-uid=\"13\" data-dl-original=\"true\" data-dl-translated=\"true\"><em data-dl-uid=\"14\" data-dl-original=\"true\" data-dl-translated=\"true\">Discurso de Jason Hickel, Profesor del ICTA-UAB y Visiting Senior Fellow de la LSE, en el Congreso del 50 Aniversario en La Habana. <\/em><\/p>\n<p data-dl-uid=\"18\" data-dl-original=\"true\" data-dl-translated=\"true\">Gracias a la Internacional Progresista por organizar este acto, y gracias a nuestros anfitriones cubanos, que han mantenido viva esta revoluci\u00f3n contra todo pron\u00f3stico. El bloqueo estadounidense contra Cuba, al igual que el genocidio en Gaza, es un recordatorio constante de la atroz violencia del orden imperialista mundial y de por qu\u00e9 debemos superarlo.<\/p>\n<p data-dl-uid=\"19\" data-dl-original=\"true\" data-dl-translated=\"true\">Camaradas, no hace falta que les diga la gravedad de la situaci\u00f3n en la que nos encontramos. Pero el an\u00e1lisis dominante de esta crisis y de lo que hay que hacer al respecto es lamentablemente inadecuado. Lo llamamos el Antropoceno, pero debemos ser claros: no son los humanos <em data-dl-uid=\"20\" data-dl-original=\"true\" data-dl-translated=\"true\">como<\/em> tales los que est\u00e1n causando esta crisis. El colapso ecol\u00f3gico est\u00e1 siendo impulsado por el sistema econ\u00f3mico capitalista, y -como el propio capitalismo- est\u00e1 fuertemente caracterizado por din\u00e1micas coloniales.<\/p>\n<p data-dl-uid=\"21\" data-dl-original=\"true\" data-dl-translated=\"true\">Los pa\u00edses del Norte son responsables de cerca del 90% de todas las emisiones acumuladas que superan el l\u00edmite planetario de seguridad, es decir, las emisiones que provocan el cambio clim\u00e1tico. Por el contrario, los pa\u00edses del Sur, es decir, Asia, \u00c1frica y Am\u00e9rica Latina, s\u00f3lo son responsables de un 10%, y de hecho <em data-dl-uid=\"22\" data-dl-original=\"true\" data-dl-translated=\"true\">la mayor\u00eda de<\/em> los pa\u00edses del Sur se mantienen <em data-dl-uid=\"23\" data-dl-original=\"true\" data-dl-translated=\"true\">dentro de<\/em> los l\u00edmites planetarios y, por tanto, no han contribuido en absoluto a la crisis.<\/p>\n<p data-dl-uid=\"24\" data-dl-original=\"true\" data-dl-translated=\"true\">Sin embargo, la inmensa mayor\u00eda de los efectos del cambio clim\u00e1tico afectar\u00e1n a los territorios del Sur, y de hecho ya est\u00e1 ocurriendo. El Sur sufre entre el 80% y el 90% de los costes econ\u00f3micos y los da\u00f1os causados por el cambio clim\u00e1tico, y alrededor del 99% de todas las muertes relacionadas con el clima. Ser\u00eda dif\u00edcil exagerar la magnitud de esta injusticia. Con la pol\u00edtica actual, nos dirigimos hacia unos 3 grados de calentamiento global. A este nivel, unos 2.000 millones de personas en los tr\u00f3picos se ver\u00e1n expuestas a un calor extremo y a un riesgo de mortalidad sustancialmente mayor; las sequ\u00edas desestabilizar\u00e1n los sistemas agr\u00edcolas y provocar\u00e1n la quiebra de varios graneros; y cientos de millones de personas se ver\u00e1n desplazadas de sus hogares.<\/p>\n<p data-dl-uid=\"62\" data-dl-original=\"true\" data-dl-translated=\"true\">El colapso clim\u00e1tico es un proceso de colonizaci\u00f3n atmosf\u00e9rica. La atm\u00f3sfera es un bien com\u00fan, del que todos dependemos para nuestra existencia, y las econom\u00edas centrales se han apropiado de \u00e9l para su propio enriquecimiento, con consecuencias devastadoras para toda la vida en la Tierra, que se est\u00e1n desarrollando siguiendo l\u00edneas coloniales. Para el Sur global en particular, esta crisis es existencial y debe detenerse.<\/p>\n<p data-dl-uid=\"63\" data-dl-original=\"true\" data-dl-translated=\"true\">En 2015, los gobiernos del mundo acordaron limitar el calentamiento global a 1,5 grados o \u00abmuy por debajo\u00bb de 2 grados, respetando el principio de equidad. Para alcanzar este objetivo, los pa\u00edses <em data-dl-uid=\"64\" data-dl-original=\"true\" data-dl-translated=\"true\">de renta alta<\/em>, que tienen emisiones per c\u00e1pita extremadamente altas, deben lograr una descarbonizaci\u00f3n extremadamente r\u00e1pida.<\/p>\n<p data-dl-uid=\"65\" data-dl-original=\"true\" data-dl-translated=\"true\">De hecho, al ritmo actual, incluso los pa\u00edses de renta alta con mejores resultados tardar\u00e1n una media de m\u00e1s de 200 a\u00f1os en reducir sus emisiones a cero, quemando varias veces su parte correspondiente del presupuesto de carbono establecido en Par\u00eds. Hacer frente a la crisis clim\u00e1tica no es complicado. Sabemos exactamente lo que hay que hacer, pero no lo estamos haciendo. \u00bfPor qu\u00e9? Por culpa del capitalismo.<\/p>\n<p data-dl-uid=\"66\" data-dl-original=\"true\" data-dl-translated=\"true\">Si hoy quiero dejar claro un punto, es \u00e9ste: la crisis clim\u00e1tica no puede resolverse dentro del capitalismo, y cuanto antes afrontemos este hecho, mejor. Perm\u00edtanme describir brevemente lo que quiero decir.<\/p>\n<p data-dl-uid=\"67\" data-dl-original=\"true\" data-dl-translated=\"true\">El rasgo central que define al capitalismo es que es fundamentalmente antidemocr\u00e1tico. S\u00ed, muchos de nosotros vivimos en sistemas <em data-dl-uid=\"68\" data-dl-original=\"true\" data-dl-translated=\"true\">pol\u00edticos<\/em> democr\u00e1ticos, donde podemos elegir candidatos de vez en cuando. Pero cuando se trata del sistema <em data-dl-uid=\"69\" data-dl-original=\"true\" data-dl-translated=\"true\">econ\u00f3mico<\/em>, el sistema de <em data-dl-uid=\"70\" data-dl-original=\"true\" data-dl-translated=\"true\">producci\u00f3n<\/em>, no se permite ni la m\u00e1s superficial ilusi\u00f3n de democracia. La producci\u00f3n est\u00e1 controlada por el capital: las grandes corporaciones, los bancos comerciales y el 1% que posee la mayor\u00eda de los activos invertibles&#8230; ellos son los que determinan qu\u00e9 producir y c\u00f3mo utilizar nuestro trabajo colectivo y los recursos de nuestro planeta.<\/p>\n<p data-dl-uid=\"94\" data-dl-original=\"true\" data-dl-translated=\"true\">Y para el capital, la finalidad de la producci\u00f3n <em data-dl-uid=\"95\" data-dl-original=\"true\" data-dl-translated=\"true\">no<\/em> es satisfacer las necesidades humanas ni alcanzar objetivos sociales y ecol\u00f3gicos, sino maximizar y acumular beneficios. \u00c9se es el objetivo primordial. As\u00ed que tenemos patrones perversos de inversi\u00f3n: inversi\u00f3n masiva en la producci\u00f3n de cosas como los combustibles f\u00f3siles, los SUV, la moda r\u00e1pida, la carne de vacuno industrial, los cruceros y las armas, porque estas cosas son muy rentables para el capital&#8230; pero tenemos una <em data-dl-uid=\"96\" data-dl-original=\"true\" data-dl-translated=\"true\">subinversi\u00f3n cr\u00f3nica<\/em> en cosas necesarias como las energ\u00edas renovables, el transporte p\u00fablico y la agricultura regenerativa, porque son mucho menos rentables para el capital o no son rentables en absoluto. Este es un punto de importancia cr\u00edtica que hay que entender. En muchos casos, las energ\u00edas renovables son m\u00e1s baratas que los combustibles f\u00f3siles, pero tienen m\u00e1rgenes de beneficio mucho m\u00e1s bajos, porque son menos propicias para el poder monopol\u00edstico. As\u00ed que la inversi\u00f3n <em data-dl-uid=\"97\" data-dl-original=\"true\" data-dl-translated=\"true\">sigue<\/em> fluyendo hacia los combustibles f\u00f3siles, incluso mientras el mundo arde.<\/p>\n<p data-dl-uid=\"107\" data-dl-original=\"true\" data-dl-translated=\"true\">Confiar en el capital para llevar a cabo una transici\u00f3n energ\u00e9tica es una estrategia peligrosamente mala. La <em data-dl-uid=\"108\" data-dl-original=\"true\" data-dl-translated=\"true\">\u00fanica<\/em> forma de afrontar esta crisis es con planificaci\u00f3n p\u00fablica. Por un lado, necesitamos una inversi\u00f3n p\u00fablica masiva en energ\u00edas renovables, transporte p\u00fablico y otras estrategias de descarbonizaci\u00f3n. Y esto <em data-dl-uid=\"109\" data-dl-original=\"true\" data-dl-translated=\"true\">no<\/em> deber\u00eda consistir \u00fanicamente en desendeudar el capital privado, sino en la producci\u00f3n p\u00fablica de bienes p\u00fablicos. Para ello, basta con emitir la moneda nacional para movilizar las fuerzas productivas hacia los objetivos necesarios, en funci\u00f3n de las necesidades y no de los beneficios.<\/p>\n<p data-dl-uid=\"110\" data-dl-original=\"true\" data-dl-translated=\"true\">Ahora bien, una inversi\u00f3n p\u00fablica masiva como \u00e9sta <em data-dl-uid=\"111\" data-dl-original=\"true\" data-dl-translated=\"true\">podr\u00eda<\/em> provocar inflaci\u00f3n si choca contra los l\u00edmites de la capacidad productiva nacional. Para evitar este problema hay que <em data-dl-uid=\"112\" data-dl-original=\"true\" data-dl-translated=\"true\">reducir<\/em> las demandas <em data-dl-uid=\"112\" data-dl-translated=\"true\">privadas<\/em> sobre las fuerzas productivas. Primero, recortar el poder adquisitivo de los ricos; y segundo, introducir regulaciones crediticias en los bancos comerciales para limitar sus inversiones en sectores ecol\u00f3gicamente destructivos de los que queremos deshacernos de todos modos: combustibles f\u00f3siles, todoterrenos, moda r\u00e1pida, etc.<\/p>\n<p data-dl-uid=\"113\" data-dl-original=\"true\" data-dl-translated=\"true\">Lo que esto hace es <em data-dl-uid=\"114\" data-dl-original=\"true\" data-dl-translated=\"true\">desplazar<\/em> el trabajo y los recursos para que dejen de servir a los intereses de la acumulaci\u00f3n de capital y <em data-dl-uid=\"115\" data-dl-original=\"true\" data-dl-translated=\"true\">se dirijan a<\/em> la consecuci\u00f3n de objetivos social y ecol\u00f3gicamente necesarios. Esta es una estrategia ecol\u00f3gica socialista, y es lo <em data-dl-uid=\"116\" data-dl-original=\"true\" data-dl-translated=\"true\">\u00fanico<\/em> que nos salvar\u00e1. Para <strong data-dl-uid=\"117\" data-dl-original=\"true\" data-dl-translated=\"true\">resolver la crisis ecol\u00f3gica es necesario lograr el control democr\u00e1tico de los medios<\/strong> de producci\u00f3n. Tenemos que tener claro este hecho y empezar a construir <em data-dl-uid=\"118\" data-dl-original=\"true\" data-dl-translated=\"true\">ya<\/em> los movimientos pol\u00edticos necesarios para lograr esa transformaci\u00f3n.<\/p>\n<p data-dl-uid=\"119\" data-dl-original=\"true\" data-dl-translated=\"true\">Ahora bien, a estas alturas deber\u00eda ser obvio para todos que, para el Sur global, esto requiere soberan\u00eda econ\u00f3mica. No se puede hacer planificaci\u00f3n ecol\u00f3gica si no se tiene control soberano sobre las fuerzas productivas nacionales. La lucha por la liberaci\u00f3n econ\u00f3mica nacional es la condici\u00f3n previa para la transici\u00f3n ecol\u00f3gica, y se puede lograr con los pasos que mis colegas Ndongo y Fadhel han esbozado: pol\u00edtica industrial, planificaci\u00f3n regional y desvinculaci\u00f3n progresiva del n\u00facleo imperial.<\/p>\n<p data-dl-uid=\"120\" data-dl-original=\"true\" data-dl-translated=\"true\">Ese es el horizonte. Pero al mismo tiempo debemos <em data-dl-uid=\"121\" data-dl-original=\"true\" data-dl-translated=\"true\">avanzar<\/em> en nuestras posiciones negociadoras multilaterales. Esto es lo que tenemos que hacer:<\/p>\n<p data-dl-uid=\"122\" data-dl-original=\"true\" data-dl-translated=\"true\">En primer lugar, debemos impulsar la adopci\u00f3n universal del Tratado de No Proliferaci\u00f3n de Combustibles F\u00f3siles, que supera la principal limitaci\u00f3n del Acuerdo de Par\u00eds, ya que se centra directamente en el objetivo de reducir la industria de los combustibles f\u00f3siles en un calendario anual vinculante.El objetivo es hacerlo de una manera justa y equitativa: los pa\u00edses ricos deben liderar las reducciones r\u00e1pidas, los pa\u00edses del Sur deben tener garantizado el acceso a la energ\u00eda suficiente para su desarrollo, y aquellos que dependen de las exportaciones de combustibles f\u00f3siles para obtener divisas deben disponer de una rampa de salida segura que evite cualquier inestabilidad econ\u00f3mica.<\/p>\n<p data-dl-uid=\"123\" data-dl-original=\"true\" data-dl-translated=\"true\">En segundo lugar, los negociadores del Sur global deben colaborar para exigir una descarbonizaci\u00f3n mucho m\u00e1s r\u00e1pida en el Norte global, coherente con su reparto equitativo del presupuesto de carbono restante.<\/p>\n<p data-dl-uid=\"124\" data-dl-original=\"true\" data-dl-translated=\"true\">En tercer lugar, debemos exigir transferencias sustanciales de recursos al Sur global. Dado que el Norte global ha devorado la mayor parte del presupuesto de carbono, debe <em data-dl-uid=\"125\" data-dl-original=\"true\" data-dl-translated=\"true\">compensar<\/em> al Sur global por los costes adicionales de mitigaci\u00f3n que esto les impone. Nuestras investigaciones muestran que esta cantidad ascender\u00e1 a 192 billones de d\u00f3lares de aqu\u00ed a 2050, es decir, unos 6,4 billones de d\u00f3lares al a\u00f1o. Convenientemente, esta cantidad puede proporcionarse mediante un impuesto sobre la riqueza del 3,5% anual dirigido al 10% m\u00e1s rico del Norte global.<\/p>\n<p data-dl-uid=\"126\" data-dl-original=\"true\" data-dl-translated=\"true\">Por supuesto, debemos tener claro que los gobiernos occidentales no har\u00e1n nada de esto voluntariamente. Y no es razonable que depositemos nuestras esperanzas en la buena voluntad de Estados que nunca se han preocupado por los intereses del Sur ni por el bienestar de su poblaci\u00f3n.<\/p>\n<p data-dl-uid=\"127\" data-dl-original=\"true\" data-dl-translated=\"true\">La alternativa es que los gobiernos del Sur global se unan y aprovechen colectivamente las formas espec\u00edficas de poder que tienen en el sistema mundial. Las econom\u00edas occidentales dependen totalmente de la producci\u00f3n del Sur. De hecho, alrededor del 50% de todos los materiales que se consumen en el Norte global son apropiaci\u00f3n neta del Sur. Los gobiernos del Sur global pueden y deben formar c\u00e1rteles para obligar a los Estados imperialistas a tomar medidas m\u00e1s radicales hacia la descarbonizaci\u00f3n y la justicia clim\u00e1tica.<\/p>\n<p data-dl-uid=\"128\" data-dl-original=\"true\" data-dl-translated=\"true\">Y, por cierto, hablando de solidaridad Sur-Sur, los gobiernos del Sur global deber\u00edan negociar el acceso a las tecnolog\u00edas de energ\u00edas renovables estableciendo l\u00edneas swap con China para poder obtenerlas al margen de las monedas imperialistas y limitar as\u00ed su exposici\u00f3n al intercambio desigual.<\/p>\n<p data-dl-uid=\"129\" data-dl-original=\"true\" data-dl-translated=\"true\">Camaradas. Nos encontramos en una encrucijada: podemos quedarnos en el statu quo y contemplar impotentes c\u00f3mo arde nuestro mundo&#8230; o podemos unirnos y dar un <em data-dl-uid=\"130\" data-dl-original=\"true\" data-dl-translated=\"true\">nuevo rumbo<\/em> a la historia de la humanidad. La lucha del Sur por la liberaci\u00f3n es el verdadero agente de la transformaci\u00f3n hist\u00f3rica mundial. El mundo est\u00e1 esperando. Esta es la generaci\u00f3n. Ahora es el momento. Hasta la victoria siempre.<\/p>\n<p data-dl-uid=\"129\" data-dl-original=\"true\" data-dl-translated=\"true\">Fuente: <em data-dl-uid=\"16\" data-dl-original=\"true\" data-dl-translated=\"true\">Progressive International<\/em><em>, <\/em>1-5-2024 (<a href=\"https:\/\/progressive.international\/blueprint\/1f26392c-176d-405e-948e-75a6333edc45-climate-energy-and-natural-resources\/en\">https:\/\/progressive.international\/blueprint\/1f26392c-176d-405e-948e-75a6333edc45-climate-energy-and-natural-resources\/en<\/a>)<\/p>\n<\/div>\n<\/div>\n","protected":false},"excerpt":{"rendered":"<p>Discurso de Jason Hickel, Profesor del ICTA-UAB y Visiting Senior Fellow de la LSE, en el Congreso del 50 Aniversario<\/p>\n","protected":false},"author":5,"featured_media":15682,"comment_status":"open","ping_status":"open","sticky":false,"template":"","format":"standard","meta":{"footnotes":""},"categories":[1563],"tags":[],"class_list":["post-15681","post","type-post","status-publish","format-standard","has-post-thumbnail","hentry","category-crisis-ecosocial"],"aioseo_notices":[],"_links":{"self":[{"href":"https:\/\/espai-marx.net\/index.php?rest_route=\/wp\/v2\/posts\/15681","targetHints":{"allow":["GET"]}}],"collection":[{"href":"https:\/\/espai-marx.net\/index.php?rest_route=\/wp\/v2\/posts"}],"about":[{"href":"https:\/\/espai-marx.net\/index.php?rest_route=\/wp\/v2\/types\/post"}],"author":[{"embeddable":true,"href":"https:\/\/espai-marx.net\/index.php?rest_route=\/wp\/v2\/users\/5"}],"replies":[{"embeddable":true,"href":"https:\/\/espai-marx.net\/index.php?rest_route=%2Fwp%2Fv2%2Fcomments&post=15681"}],"version-history":[{"count":0,"href":"https:\/\/espai-marx.net\/index.php?rest_route=\/wp\/v2\/posts\/15681\/revisions"}],"wp:featuredmedia":[{"embeddable":true,"href":"https:\/\/espai-marx.net\/index.php?rest_route=\/wp\/v2\/media\/15682"}],"wp:attachment":[{"href":"https:\/\/espai-marx.net\/index.php?rest_route=%2Fwp%2Fv2%2Fmedia&parent=15681"}],"wp:term":[{"taxonomy":"category","embeddable":true,"href":"https:\/\/espai-marx.net\/index.php?rest_route=%2Fwp%2Fv2%2Fcategories&post=15681"},{"taxonomy":"post_tag","embeddable":true,"href":"https:\/\/espai-marx.net\/index.php?rest_route=%2Fwp%2Fv2%2Ftags&post=15681"}],"curies":[{"name":"wp","href":"https:\/\/api.w.org\/{rel}","templated":true}]}}