{"id":15723,"date":"2024-06-19T05:00:44","date_gmt":"2024-06-19T04:00:44","guid":{"rendered":"https:\/\/espai-marx.net\/?p=15723"},"modified":"2024-06-18T23:31:36","modified_gmt":"2024-06-18T22:31:36","slug":"seminario-jordi-torrent-bestit-el-barroco-jesuita-novohispano-27a-sesion-13-6-2024","status":"publish","type":"post","link":"https:\/\/espai-marx.net\/?p=15723","title":{"rendered":"Seminario \u00abJordi Torrent Bestit\u00bb: El barroco jesuita novohispano.  27\u00aa Sesi\u00f3n (13\/6\/2024)"},"content":{"rendered":"<p>Para concluir nuestro seminario de Espai Marx \u00abJordi Torrent Bestit\u00bb, centrado en el libro de Ram\u00f3n Kuri Camacho <em>El barroco jesuita novohispano: la forja de un M\u00e9xico posible<\/em>, seguimos como ep\u00edlogo con la discusi\u00f3n sobre la obra de Francisco de Su\u00e1rez. En concreto, sobre una de sus <em>Disputaciones metaf\u00edsicas<\/em>, la n\u00famero XIX.<\/p>\n<p><strong>Audio de la sesi\u00f3n<\/strong><\/p>\n<audio class=\"wp-audio-shortcode\" id=\"audio-15723-1\" preload=\"none\" style=\"width: 100%;\" controls=\"controls\"><source type=\"audio\/mpeg\" src=\"http:\/\/www.espai-marx.net\/academia\/wp-content\/uploads\/2024\/06\/Seminario-barroco-20240613.mp3?_=1\" \/><a href=\"http:\/\/www.espai-marx.net\/academia\/wp-content\/uploads\/2024\/06\/Seminario-barroco-20240613.mp3\">http:\/\/www.espai-marx.net\/academia\/wp-content\/uploads\/2024\/06\/Seminario-barroco-20240613.mp3<\/a><\/audio>\n<p><strong>V\u00edd<\/strong><strong>eo de la sesi\u00f3n<\/strong><\/p>\n<p><iframe loading=\"lazy\" title=\"Seminario El barroco jesuita novohispano. 27\u00aa sesi\u00f3n (13\/6\/2024)\" width=\"800\" height=\"450\" src=\"https:\/\/www.youtube.com\/embed\/eFnvuvnAZoE?feature=oembed\" frameborder=\"0\" allow=\"accelerometer; autoplay; clipboard-write; encrypted-media; gyroscope; picture-in-picture; web-share\" referrerpolicy=\"strict-origin-when-cross-origin\" allowfullscreen><\/iframe><\/p>\n","protected":false},"excerpt":{"rendered":"<p>Para concluir nuestro seminario de Espai Marx \u00abJordi Torrent Bestit\u00bb, centrado en el libro de Ram\u00f3n Kuri Camacho El barroco<\/p>\n","protected":false},"author":5,"featured_media":13665,"comment_status":"open","ping_status":"open","sticky":false,"template":"","format":"standard","meta":{"footnotes":""},"categories":[1969,8,17,870,869],"tags":[],"class_list":["post-15723","post","type-post","status-publish","format-standard","has-post-thumbnail","hentry","category-barroco-novohispano-2023","category-filosofia","category-historia","category-multimedia","category-seminarios"],"aioseo_notices":[],"_links":{"self":[{"href":"https:\/\/espai-marx.net\/index.php?rest_route=\/wp\/v2\/posts\/15723","targetHints":{"allow":["GET"]}}],"collection":[{"href":"https:\/\/espai-marx.net\/index.php?rest_route=\/wp\/v2\/posts"}],"about":[{"href":"https:\/\/espai-marx.net\/index.php?rest_route=\/wp\/v2\/types\/post"}],"author":[{"embeddable":true,"href":"https:\/\/espai-marx.net\/index.php?rest_route=\/wp\/v2\/users\/5"}],"replies":[{"embeddable":true,"href":"https:\/\/espai-marx.net\/index.php?rest_route=%2Fwp%2Fv2%2Fcomments&post=15723"}],"version-history":[{"count":0,"href":"https:\/\/espai-marx.net\/index.php?rest_route=\/wp\/v2\/posts\/15723\/revisions"}],"wp:featuredmedia":[{"embeddable":true,"href":"https:\/\/espai-marx.net\/index.php?rest_route=\/wp\/v2\/media\/13665"}],"wp:attachment":[{"href":"https:\/\/espai-marx.net\/index.php?rest_route=%2Fwp%2Fv2%2Fmedia&parent=15723"}],"wp:term":[{"taxonomy":"category","embeddable":true,"href":"https:\/\/espai-marx.net\/index.php?rest_route=%2Fwp%2Fv2%2Fcategories&post=15723"},{"taxonomy":"post_tag","embeddable":true,"href":"https:\/\/espai-marx.net\/index.php?rest_route=%2Fwp%2Fv2%2Ftags&post=15723"}],"curies":[{"name":"wp","href":"https:\/\/api.w.org\/{rel}","templated":true}]}}