{"id":15756,"date":"2024-06-25T05:00:17","date_gmt":"2024-06-25T04:00:17","guid":{"rendered":"https:\/\/espai-marx.net\/?p=15756"},"modified":"2024-06-24T23:48:05","modified_gmt":"2024-06-24T22:48:05","slug":"el-encarcelamiento-de-marwan-barghouti-niega-a-los-palestinos-un-camino-hacia-la-unidad","status":"publish","type":"post","link":"https:\/\/espai-marx.net\/?p=15756","title":{"rendered":"El encarcelamiento de Marwan Barghouti niega a los palestinos un camino hacia la unidad"},"content":{"rendered":"<section class=\"page-main-content\">\n<div class=\"region region-content\">\n<article class=\"opinion full article-type clearfix\" data-history-node-id=\"371626\">\n<div class=\"field field-body clearfix\">\n<p data-dl-uid=\"41\" data-dl-original=\"true\" data-dl-translated=\"true\">Palestina se encuentra en un punto muerto pol\u00edtico, en cuyo centro subyace una brecha de representaci\u00f3n sin resolver desde hace mucho tiempo.<\/p>\n<p data-dl-uid=\"42\" data-dl-original=\"true\" data-dl-translated=\"true\">No se puede negar la legitimidad de la resistencia contra la <a href=\"https:\/\/www.middleeasteye.net\/topics\/occupation\" target=\"_blank\" rel=\"noopener\" data-dl-uid=\"43\" data-dl-original=\"true\" data-dl-translated=\"true\">ocupaci\u00f3n<\/a>. Como miembro del Partido Popular Republicano, que organiz\u00f3 la Guerra de Independencia de <a href=\"https:\/\/www.middleeasteye.net\/countries\/turkey\" target=\"_blank\" rel=\"noopener\" data-dl-uid=\"44\" data-dl-original=\"true\" data-dl-translated=\"true\">Turqu\u00eda<\/a>, siento una profunda conexi\u00f3n con la causa <a href=\"https:\/\/www.middleeasteye.net\/countries\/palestine\" target=\"_blank\" rel=\"noopener\" data-dl-uid=\"45\" data-dl-original=\"true\" data-dl-translated=\"true\">palestina<\/a>.<\/p>\n<p data-dl-uid=\"46\" data-dl-original=\"true\" data-dl-translated=\"true\">Pero como en cualquier acci\u00f3n pol\u00edtica, la cuesti\u00f3n de la representaci\u00f3n es crucial. En este sentido, la falta de elecciones en Palestina desde 2006 ha provocado una importante brecha de representaci\u00f3n.<\/p>\n<p data-dl-uid=\"47\" data-dl-original=\"true\" data-dl-translated=\"true\">Uno de los principales motivos de la cancelaci\u00f3n de las elecciones palestinas <a href=\"https:\/\/www.aljazeera.com\/news\/2021\/4\/30\/palestinians-polls-hamas-plo\" target=\"_blank\" rel=\"noopener\" data-dl-uid=\"48\" data-dl-original=\"true\" data-dl-translated=\"true\">previstas para 2021<\/a> fue el temor a que <a href=\"https:\/\/www.middleeasteye.net\/countries\/israel\" target=\"_blank\" rel=\"noopener\" data-dl-uid=\"49\" data-dl-original=\"true\" data-dl-translated=\"true\">Israel<\/a> no permitiera votar en la Jerusal\u00e9n Oriental ocupada, violando as\u00ed los <a href=\"https:\/\/www.middleeasteye.net\/news\/what-are-oslo-accords\" target=\"_blank\" rel=\"noopener\" data-dl-uid=\"50\" data-dl-original=\"true\" data-dl-translated=\"true\">Acuerdos de Oslo<\/a>.<\/p>\n<p data-dl-uid=\"51\" data-dl-original=\"true\" data-dl-translated=\"true\">La Autoridad Palestina (AP) lo consider\u00f3, comprensiblemente, una violaci\u00f3n de su soberan\u00eda sobre una regi\u00f3n que es parte integrante de Palestina. Uno de los objetivos de la ocupaci\u00f3n y la represi\u00f3n israel\u00edes es socavar la legitimidad de la causa palestina a los ojos del mundo.<\/p>\n<\/div>\n<\/article>\n<\/div>\n<\/section>\n<p data-dl-uid=\"55\" data-dl-original=\"true\" data-dl-translated=\"true\">Hoy en d\u00eda, la falta de elecciones pone en tela de juicio la legitimidad de los dirigentes palestinos, haciendo invisibles las opciones en evoluci\u00f3n o las preferencias consolidadas del pueblo palestino.<\/p>\n<p data-dl-uid=\"56\" data-dl-original=\"true\" data-dl-translated=\"true\">Las democracias se rigen por los principios de responsabilidad y transparencia. Con el tiempo, el arraigado d\u00e9ficit democr\u00e1tico ha dado pie a que se asocie a la AP dividida con la ineficacia y la corrupci\u00f3n.<\/p>\n<p data-dl-uid=\"57\" data-dl-original=\"true\" data-dl-translated=\"true\"><strong>La \u00fanica oportunidad<\/strong><\/p>\n<p data-dl-uid=\"58\" data-dl-original=\"true\" data-dl-translated=\"true\">Creo que <a href=\"https:\/\/www.middleeasteye.net\/news\/war-gaza-palestinian-authority-oppose-marwan-barghouti-release-negotiations\" target=\"_blank\" rel=\"noopener\" data-dl-uid=\"59\" data-dl-original=\"true\" data-dl-translated=\"true\">Marwan Barghouti<\/a> es una figura clave capaz de romper el estancamiento pol\u00edtico en Palestina. Destacado dirigente durante la primera y la segunda Intifadas, Barghouti lleva 22 a\u00f1os encarcelado en Israel. Su caso exige nuestra atenci\u00f3n ahora m\u00e1s que nunca.<\/p>\n<p data-dl-uid=\"60\" data-dl-original=\"true\" data-dl-translated=\"true\">A menudo llamado \u00ab<a href=\"https:\/\/www.aljazeera.com\/opinions\/2013\/10\/27\/palestines-mandela\" target=\"_blank\" rel=\"noopener\" data-dl-uid=\"61\" data-dl-original=\"true\" data-dl-translated=\"true\">el Mandela palestino<\/a>\u00bb, Barghouti es una figura importante en <a href=\"https:\/\/www.ynetnews.com\/article\/s18bvmsca\" target=\"_blank\" rel=\"noopener\" data-dl-uid=\"62\" data-dl-original=\"true\" data-dl-translated=\"true\">las encuestas<\/a> de opini\u00f3n p\u00fablica de Cisjordania y Gaza ocupadas.<\/p>\n<p data-dl-uid=\"64\" data-dl-original=\"true\" data-dl-translated=\"true\">Barghouti fue un importante participante en las conversaciones de paz de Oslo, abogando por que tanto palestinos como israel\u00edes <a href=\"https:\/\/www.cbc.ca\/news\/world\/marwan-barghouti-peace-1.7154912\" target=\"_blank\" rel=\"noopener\" data-dl-uid=\"65\" data-dl-original=\"true\" data-dl-translated=\"true\">vivieran en condiciones de seguridad<\/a>. Expres\u00f3 su visi\u00f3n de dos Estados para dos pueblos, que convivan como vecinos.<\/p>\n<p data-dl-uid=\"72\" data-dl-original=\"true\" data-dl-translated=\"true\">El periodista Gideon Levy <a href=\"https:\/\/www.haaretz.com\/opinion\/2021-03-31\/ty-article\/.highlight\/a-president-in-handcuffs-why-palestinians-should-vote-for-barghouti\/0000017f-e4cf-d7b2-a77f-e7cfb9250000\" target=\"_blank\" rel=\"noopener\" data-dl-uid=\"73\" data-dl-original=\"true\" data-dl-translated=\"true\">describi\u00f3<\/a> recientemente a Barghouti como \u00abla \u00fanica oportunidad de inyectar nuevas esperanzas a la moribunda causa palestina\u00bb. Las <a href=\"https:\/\/www.arabnews.com\/node\/2466466\/middle-east\" target=\"_blank\" rel=\"noopener\" data-dl-uid=\"74\" data-dl-original=\"true\" data-dl-translated=\"true\">declaraciones<\/a> de Levy tras el 7 de octubre reflejaban una sombr\u00eda realidad: \u00abCreo mucho en \u00e9l. Y porque creo en \u00e9l, y porque mucha gente cree en \u00e9l, Israel nunca lo liberar\u00e1. Y eso es muy tr\u00e1gico\u00bb.<\/p>\n<p data-dl-uid=\"75\" data-dl-original=\"true\" data-dl-translated=\"true\">Barghouti es plenamente consciente de las pol\u00edticas israel\u00edes que lo mantienen encarcelado. Meses antes del 7 de octubre, escribi\u00f3 sobre una crisis dentro del sionismo, ya que Israel lucha por mantener una fachada democr\u00e1tica mientras niega derechos b\u00e1sicos a la poblaci\u00f3n aut\u00f3ctona.<\/p>\n<p data-dl-uid=\"77\" data-dl-original=\"true\" data-dl-translated=\"true\">Tambi\u00e9n se\u00f1al\u00f3 que el equilibrio en Israel entre militares y civiles, religiosos y laicos, jud\u00edos asquenaz\u00edes y jud\u00edos sefard\u00edes se ha inclinado a favor de las facciones m\u00e1s militaristas, religiosas y asquenaz\u00edes.<\/p>\n<p data-dl-uid=\"78\" data-dl-original=\"true\" data-dl-translated=\"true\"><strong>Extender una rama de olivo<\/strong><\/p>\n<p data-dl-uid=\"79\" data-dl-original=\"true\" data-dl-translated=\"true\">Este cambio, acompa\u00f1ado del auge de las fuerzas de extrema derecha, est\u00e1 erosionando la \u00e9tica democr\u00e1tica de Israel. El Estado margina y criminaliza cada vez m\u00e1s a los disidentes, no s\u00f3lo a los palestinos, sino a cualquiera que se oponga al gobierno de extrema derecha.<\/p>\n<p data-dl-uid=\"80\" data-dl-original=\"true\" data-dl-translated=\"true\">Para Barghouti, el bienestar del pueblo palestino es primordial. A sus 65 a\u00f1os, en duras condiciones carcelarias, critica el fragmentado panorama pol\u00edtico palestino, la debilitada autoridad de la AP y la ausencia de repercusiones para las actividades coloniales de Israel. Pide un di\u00e1logo nacional para fomentar la unidad palestina.<\/p>\n<p data-dl-uid=\"81\" data-dl-original=\"true\" data-dl-translated=\"true\">Sus palabras ofrecen una visi\u00f3n de unidad y paz, basada en el respeto mutuo a los vecinos. A pesar de esta actitud pac\u00edfica, <a href=\"https:\/\/www.theguardian.com\/world\/article\/2024\/may\/18\/israeli-abuse-of-jailed-palestinian-leader-marwan-barghouti-amounts-to-torture\" target=\"_blank\" rel=\"noopener\" data-dl-uid=\"82\" data-dl-original=\"true\" data-dl-translated=\"true\">informes recientes<\/a> indican que Barghouti ha soportado torturas y aislamiento en prisi\u00f3n. Tales actos se consideran cr\u00edmenes contra la humanidad y no prescriben.<\/p>\n<p data-dl-uid=\"85\" data-dl-original=\"true\" data-dl-translated=\"true\">La detenci\u00f3n continuada de un pol\u00edtico laico, considerado un s\u00edmbolo de paz y apreciado por su pueblo, pone en tela de juicio el compromiso de nuestra civilizaci\u00f3n con los derechos humanos compartidos.<\/p>\n<p data-dl-uid=\"86\" data-dl-original=\"true\" data-dl-translated=\"true\">El pueblo palestino es resistente y merece que se respeten sus derechos legales. Son capaces de extender una rama de olivo, aunque los colonos destruyan sus olivares.<\/p>\n<p data-dl-uid=\"87\" data-dl-original=\"true\" data-dl-translated=\"true\">En palabras del poeta <a href=\"https:\/\/www.middleeasteye.net\/opinion\/gaza-israel-mahmoud-darwish-never-ending-nightmare-become-how\" target=\"_blank\" rel=\"noopener\" data-dl-uid=\"88\" data-dl-original=\"true\" data-dl-translated=\"true\">Mahmoud Darwish<\/a>: \u00abNuestras manos heridas a\u00fan son capaces de extraer la rama de olivo marchita de los escombros de los olivares masacrados\u00bb.<\/p>\n<p data-dl-uid=\"87\" data-dl-original=\"true\" data-dl-translated=\"true\">O\u011fuz Kaan Sal\u0131c\u0131 estudi\u00f3 Ciencias Pol\u00edticas y Relaciones Internacionales en la Universidad Bo\u011fazi\u00e7i de Estambul. Es miembro fundador de la Fundaci\u00f3n para la Democracia Social (SODEV), creada en 1994, y es miembro de la Fundaci\u00f3n de Investigaci\u00f3n Econ\u00f3mica Pol\u00edtica Social de Turqu\u00eda (T\u00dcSES). Sal\u0131c\u0131 fue elegido diputado por primera vez en 2015, sigue siendo diputado por Estambul del CHP, principal partido de la oposici\u00f3n de T\u00fcrkiye. Miembro de la Comisi\u00f3n de Asuntos Exteriores de la Gran Asamblea Nacional de Turqu\u00eda.<\/p>\n<p data-dl-uid=\"87\" data-dl-original=\"true\" data-dl-translated=\"true\">Fuente: <em>Middle East Eye<\/em>, 18 de junio de 2024 (<a href=\"https:\/\/www.middleeasteye.net\/opinion\/marwan-barghoutis-imprisonment-deny-palestinians-way-unity\">https:\/\/www.middleeasteye.net\/opinion\/marwan-barghoutis-imprisonment-deny-palestinians-way-unity<\/a>)<\/p>\n","protected":false},"excerpt":{"rendered":"<p>Palestina se encuentra en un punto muerto pol\u00edtico, en cuyo centro subyace una brecha de representaci\u00f3n sin resolver desde hace<\/p>\n","protected":false},"author":5,"featured_media":15757,"comment_status":"open","ping_status":"open","sticky":false,"template":"","format":"standard","meta":{"footnotes":""},"categories":[1928],"tags":[],"class_list":["post-15756","post","type-post","status-publish","format-standard","has-post-thumbnail","hentry","category-palestina"],"aioseo_notices":[],"_links":{"self":[{"href":"https:\/\/espai-marx.net\/index.php?rest_route=\/wp\/v2\/posts\/15756","targetHints":{"allow":["GET"]}}],"collection":[{"href":"https:\/\/espai-marx.net\/index.php?rest_route=\/wp\/v2\/posts"}],"about":[{"href":"https:\/\/espai-marx.net\/index.php?rest_route=\/wp\/v2\/types\/post"}],"author":[{"embeddable":true,"href":"https:\/\/espai-marx.net\/index.php?rest_route=\/wp\/v2\/users\/5"}],"replies":[{"embeddable":true,"href":"https:\/\/espai-marx.net\/index.php?rest_route=%2Fwp%2Fv2%2Fcomments&post=15756"}],"version-history":[{"count":0,"href":"https:\/\/espai-marx.net\/index.php?rest_route=\/wp\/v2\/posts\/15756\/revisions"}],"wp:featuredmedia":[{"embeddable":true,"href":"https:\/\/espai-marx.net\/index.php?rest_route=\/wp\/v2\/media\/15757"}],"wp:attachment":[{"href":"https:\/\/espai-marx.net\/index.php?rest_route=%2Fwp%2Fv2%2Fmedia&parent=15756"}],"wp:term":[{"taxonomy":"category","embeddable":true,"href":"https:\/\/espai-marx.net\/index.php?rest_route=%2Fwp%2Fv2%2Fcategories&post=15756"},{"taxonomy":"post_tag","embeddable":true,"href":"https:\/\/espai-marx.net\/index.php?rest_route=%2Fwp%2Fv2%2Ftags&post=15756"}],"curies":[{"name":"wp","href":"https:\/\/api.w.org\/{rel}","templated":true}]}}