{"id":15764,"date":"2024-06-27T05:00:47","date_gmt":"2024-06-27T04:00:47","guid":{"rendered":"https:\/\/espai-marx.net\/?p=15764"},"modified":"2024-06-27T05:38:38","modified_gmt":"2024-06-27T04:38:38","slug":"incorporacion-a-nuestra-biblioteca-electronica-la-segunda-escolastica-una-propuesta-de-sintesis-historica-de-rafael-ramis-barcelo","status":"publish","type":"post","link":"https:\/\/espai-marx.net\/?p=15764","title":{"rendered":"Incorporaci\u00f3n a nuestra biblioteca electr\u00f3nica: <i>La segunda escol\u00e1stica : una propuesta de s\u00edntesis hist\u00f3rica<\/i> de Rafael Ramis Barcel\u00f3"},"content":{"rendered":"<p>En nuestra biblioteca electr\u00f3nica Els arbres de Fahrenheit hemos incorporado esta s\u00edntesis hist\u00f3rica de la corriente filos\u00f3fica sobre la que, en una de sus versiones, la de Francisco de Su\u00e1rez y otros autores, especialmente mexicanos, hemos estado trabajando en nuestro \u00faltimo seminario, <a href=\"https:\/\/espai-marx.net\/?cat=1969\">centrado en el libro de Ram\u00f3n Kuri Camacho <em>El barroco jesuita novohispano: la forja de un M\u00e9xico posible<\/em><\/a>.<\/p>\n<p>&nbsp;<\/p>\n<p><a href=\"https:\/\/espai-marx.net\/wp-content\/uploads\/2024\/06\/La-segunda-escolastica-libro-definitivo.pdf.png\"><img loading=\"lazy\" decoding=\"async\" class=\"alignleft wp-image-15767\" src=\"https:\/\/espai-marx.net\/wp-content\/uploads\/2024\/06\/La-segunda-escolastica-libro-definitivo.pdf-725x1024.png\" alt=\"\" width=\"200\" height=\"282\" srcset=\"https:\/\/espai-marx.net\/wp-content\/uploads\/2024\/06\/La-segunda-escolastica-libro-definitivo.pdf-725x1024.png 725w, https:\/\/espai-marx.net\/wp-content\/uploads\/2024\/06\/La-segunda-escolastica-libro-definitivo.pdf-212x300.png 212w, https:\/\/espai-marx.net\/wp-content\/uploads\/2024\/06\/La-segunda-escolastica-libro-definitivo.pdf-768x1085.png 768w, https:\/\/espai-marx.net\/wp-content\/uploads\/2024\/06\/La-segunda-escolastica-libro-definitivo.pdf.png 1028w\" sizes=\"auto, (max-width: 200px) 100vw, 200px\" \/><\/a>\u00abCuando visitamos un castillo construido en los siglos XII o XIII, el gu\u00eda que nos acompa\u00f1a se suele referir con m\u00e1s detalle a la idea inicial, a los motivos de la edificaci\u00f3n, a sus promotores, a los materiales y a su funci\u00f3n, que a las reformas posteriores. Si nos acercamos a un castillo \u201cmedieval\u201d, hacemos volar nuestra imaginaci\u00f3n, pensando que no ha pasado el tiempo, y que, en<br \/>\nsus comienzos, se hallaba esencialmente tal y como lo vemos en la actualidad.<\/p>\n<p>Algo similar sucede con la escol\u00e1stica. Nacida tambi\u00e9n en aquellos siglos, se ha conservado como un castillo que, desde hace poco m\u00e1s de medio siglo, ha quedado pr\u00e1cticamente deshabitado. Hasta el Concilio Vaticano II segu\u00eda teniendo moradores. Los \u201cescol\u00e1sticos\u201d proclamaban a los cuatro vientos que viv\u00edan en un castillo medieval, una fortaleza perenne, que hab\u00eda aguantado<br \/>\ninc\u00f3lume las embestidas del humanismo, del racionalismo, del empirismo, de la Ilustraci\u00f3n, de la ciencia moderna\u2026<\/p>\n<p>Sin embargo, \u00bfes as\u00ed? Javelli, Juan de Santo Tom\u00e1s, Roselli o Garrigou-Lagrange, \u00bfvivieron en el mismo castillo que hab\u00eda construido Tom\u00e1s de Aquino? Podr\u00edamos decir, por un lado, que s\u00ed, que habitaron la misma fortaleza, mientras que, por otro, que el castillo hab\u00eda cambiado tanto desde entonces, que no era el mismo, sino otro. Ambas respuestas son ciertas.<\/p>\n<p>La escol\u00e1stica, en tanto que sistema, reh\u00faye la historizaci\u00f3n. Incluso los historiadores de la escol\u00e1stica de nuestros tiempos prefieren centrarse en c\u00f3mo Su\u00e1rez, V\u00e1zquez, Mastri o Belluto trataron una determinada <em>quaestio<\/em> del Maestro de las Sentencias, de Santo Tom\u00e1s o de Escoto, que en determinar de qu\u00e9 modo, en nombre del Aquinate o del Doctor Sutil, estos autores<br \/>\nmodernos renovaban las doctrinas y las abr\u00edan a otros problemas.<\/p>\n<p>La escol\u00e1stica, como <em>scientia perennis<\/em>, no ten\u00eda historia. Sin embargo, en el castillo, a causa del deterioro, los incendios y los abandonos, se hab\u00edan construido paredes y rehecho muros, fabricado escaleras, modificado y redecorado las habitaciones\u2026 La labor iniciada por Werner, Grabmann, Gilson, De Wulf\u2026 ha ayudado a clarificar las profundas modificaciones en el castillo<br \/>\nescol\u00e1stico hasta llegar al siglo XX.<\/p>\n<p>En este libro se estudia la \u201csegunda escol\u00e1stica\u201d, con una propuesta de s\u00edntesis renovadora, que ofrece al lector una definici\u00f3n, una cronolog\u00eda y un estudio diacr\u00f3nico. Tiene la vocaci\u00f3n de ser un breve manual, apto tanto para los especialistas como para los estudiantes. Se ha intentado ofrecer una recapitulaci\u00f3n ordenada sobre un tema que no ten\u00eda, hasta la fecha, un trabajo completo de conjunto. Hab\u00eda estudios muy valiosos sobre diversas partes del castillo (las torres, los muros, las estancias\u2026). Sin embargo, faltaba una panor\u00e1mica con perspectiva. (&#8230;)\u00bb<\/p>\n<p>[<em>De la introducci\u00f3n del autor<\/em>]<\/p>\n<p><a href=\"http:\/\/espai-marx.net\/elsarbres\/wp-content\/uploads\/2024\/06\/La-segunda-escolastica-libro-de-finitivo.pdf\">La segunda escol\u00e1stica (PDF)<\/a><\/p>\n<p>Fuente original: <a href=\"http:\/\/www.moderna.ih.csic.es\/fmi\/xsl\/fehm\/anexos\/P3A\/La%20segunda%20escol%C3%A1stica%20(libro%20de%20finitivo).pdf\">http:\/\/www.moderna.ih.csic.es\/fmi\/xsl\/fehm\/anexos\/P3A\/La%20segunda%20escol%C3%A1stica%20(libro%20de%20finitivo).pdf<\/a><\/p>\n","protected":false},"excerpt":{"rendered":"<p>En nuestra biblioteca electr\u00f3nica Els arbres de Fahrenheit hemos incorporado esta s\u00edntesis hist\u00f3rica de la corriente filos\u00f3fica sobre la que,<\/p>\n","protected":false},"author":5,"featured_media":15766,"comment_status":"open","ping_status":"open","sticky":false,"template":"","format":"standard","meta":{"footnotes":""},"categories":[825,8],"tags":[],"class_list":["post-15764","post","type-post","status-publish","format-standard","has-post-thumbnail","hentry","category-elsarbres","category-filosofia"],"aioseo_notices":[],"_links":{"self":[{"href":"https:\/\/espai-marx.net\/index.php?rest_route=\/wp\/v2\/posts\/15764","targetHints":{"allow":["GET"]}}],"collection":[{"href":"https:\/\/espai-marx.net\/index.php?rest_route=\/wp\/v2\/posts"}],"about":[{"href":"https:\/\/espai-marx.net\/index.php?rest_route=\/wp\/v2\/types\/post"}],"author":[{"embeddable":true,"href":"https:\/\/espai-marx.net\/index.php?rest_route=\/wp\/v2\/users\/5"}],"replies":[{"embeddable":true,"href":"https:\/\/espai-marx.net\/index.php?rest_route=%2Fwp%2Fv2%2Fcomments&post=15764"}],"version-history":[{"count":0,"href":"https:\/\/espai-marx.net\/index.php?rest_route=\/wp\/v2\/posts\/15764\/revisions"}],"wp:featuredmedia":[{"embeddable":true,"href":"https:\/\/espai-marx.net\/index.php?rest_route=\/wp\/v2\/media\/15766"}],"wp:attachment":[{"href":"https:\/\/espai-marx.net\/index.php?rest_route=%2Fwp%2Fv2%2Fmedia&parent=15764"}],"wp:term":[{"taxonomy":"category","embeddable":true,"href":"https:\/\/espai-marx.net\/index.php?rest_route=%2Fwp%2Fv2%2Fcategories&post=15764"},{"taxonomy":"post_tag","embeddable":true,"href":"https:\/\/espai-marx.net\/index.php?rest_route=%2Fwp%2Fv2%2Ftags&post=15764"}],"curies":[{"name":"wp","href":"https:\/\/api.w.org\/{rel}","templated":true}]}}