{"id":15773,"date":"2024-06-28T05:00:23","date_gmt":"2024-06-28T04:00:23","guid":{"rendered":"https:\/\/espai-marx.net\/?p=15773"},"modified":"2024-06-27T23:42:56","modified_gmt":"2024-06-27T22:42:56","slug":"el-notable-declive-del-liderazgo-del-norte-global","status":"publish","type":"post","link":"https:\/\/espai-marx.net\/?p=15773","title":{"rendered":"El notable declive del liderazgo del Norte Global"},"content":{"rendered":"<p>Un grupo de j\u00f3venes parisinos toma algo en un caf\u00e9 en una tarde intempestivamente c\u00e1lida. La conversaci\u00f3n deriva hacia la pol\u00edtica, pero \u2013como dice una joven\u2013 \u00abno hablemos de Francia\u00bb. Los dem\u00e1s asienten con la cabeza. Se centran en las elecciones presidenciales de Estados Unidos, con un poco de arrogancia gala al burlarse de la certeza de que los principales candidatos ser\u00e1n el Presidente Joe Biden y el ex Presidente Donald Trump.<\/p>\n<p>Biden tiene 81 a\u00f1os y Trump 77. Un abogado especial de EE.UU. ha <a href=\"https:\/\/u36605228.ct.sendgrid.net\/ls\/click?upn=u001.irwnA1ZB8N-2BHNL3jUmYY-2BHJV6utVk6WpfHiAuLIxZwCQnH5SlR5u537Y7TpCFAtKIRlZchZkyxvyMSXgsffJpADa5Z1-2FAUHrBMT5h85SCOSKbk8xyWa5gZn-2FjBWJdxFo4a_V_7mSB6AST-2BTWI1w-2FKOvbUZKsqmVZheYwsrBtrg0-2F7VNJRCWuiI-2FEMbTWz2amgRQXWGcaSlRPclK36p3Z5h8xLBVMzg25WcxPjB4tfXqnEcwH-2BVv-2Bg3zsGQZ-2FHO5VTyTV2SbQvmClGs4F3PsaPvj6zivPPfj9E2JmPcZEKMTxdO8PuuEGSKChhOfi3dF76T2a1D5348WFecnM0Bzv6Cmuspc5MiI9KEE9Un6VxEU5JdEDuECDWD49gyQAQbT-2FHoPkJZqzOGcuZLztBzrliFJ9IrdNgcz-2F7LPVkjpfCMSSgTCf6jFO9YhxaFBMzkLjIC33jywx4lKE97R0DXeWaM8OJNNQrjgjlVdQIchWP-2FNyWohT-2BbQ6m6s39I2U7S8Ls-2BJamYNTSpOiuf14uNsKAasgnLV6p0HQVwScoRwVtcSBVcbynpz5srad6DtIhs7IWjpcuEXz4-2Bgc5oS10d2vpir-2FBarBJHzsCMZUtzOB5tyOZeKWOcEv4ab6mT25Yc1NpKhNP-2Ba-2Bx1fpUXtI01x02m72J9kppJ4evckOs8MH1HNwgrjRwKX11NB5ga1iYQmJ4v56KqxOH518bEWLBQW34COtMrGgHift8PjeepfZGqL2EfDAdD9mN68nW-2FqupOfSl9UfDmsns-2B07gO6-2BCR8cryXuvBBUqViv7XnQg1-2B2GfDAhlgFYrRUOS5yRQevk4LIH0gzMHojK50LbqLhFzC6NfLx-2FVvn96nosdIgcJd3nr1HV6NNzTerjm-2B0T3IQdrQ6vmGVcilfEeIJR4mrb7QP-2B-2BNEpSFtimFIsmQh7cP6Ie4c-2FMM22XkJffOQm-2BSRfAZCca2Lw\" target=\"_blank\" rel=\"noopener\" data-dl-uid=\"105\" data-dl-original=\"true\" data-dl-translated=\"true\">calificado<\/a> a Biden de \u00abanciano con mala memoria\u00bb, dif\u00edcilmente las palabras necesarias para inspirar confianza en el presidente. Tratando de defenderse, Biden cometi\u00f3 el tipo de metedura de pata que es pasto de los memes en Internet y afirm\u00f3 el informe que trat\u00f3 de socavar: <a href=\"https:\/\/u36605228.ct.sendgrid.net\/ls\/click?upn=u001.irwnA1ZB8N-2BHNL3jUmYY-2BK6ki9wV13ZHo6u9q6FVUDtQjDzM4Dd1jCeIZ67Y2yJJdNPnUHjLFgjiFzMNnccJptJvTAK-2FB1lUsCRv4TeP4Wa6oCRMDuDuD9gRBLtZjo3y9ye3_7mSB6AST-2BTWI1w-2FKOvbUZKsqmVZheYwsrBtrg0-2F7VNJRCWuiI-2FEMbTWz2amgRQXWGcaSlRPclK36p3Z5h8xLBVMzg25WcxPjB4tfXqnEcwH-2BVv-2Bg3zsGQZ-2FHO5VTyTV2SbQvmClGs4F3PsaPvj6zivPPfj9E2JmPcZEKMTxdO8PuuEGSKChhOfi3dF76T2a1D5348WFecnM0Bzv6Cmuspc5MiI9KEE9Un6VxEU5JdEDuECDWD49gyQAQbT-2FHoPkJZqzOGcuZLztBzrliFJ9IrdNgcz-2F7LPVkjpfCMSSgTCf6jFO9YhxaFBMzkLjIC33jywx4lKE97R0DXeWaM8OJNNQrjgjlVdQIchWP-2FNyWohT-2BbQ6m6s39I2U7S8Ls-2BJamYNTSpOiuf14uNsKAasgnLV6p0HQVwScoRwVtcSBVcbynpz5srad6DtIhs7IWjpcuEXz4-2Bgc5oS10d2vpir-2FBarBJHzsCMZUtzOB5tyOZeKWOcEv4ab6mT25Yc1NpKhNP-2Ba-2Bx1fpUXtI01x02m72J9kppJ4evckOs8MH1HNwgrjRwKX11NB5ga1iYQmJ4v56KqxOH518bEWLBQW34COtMrGgHift8PjeepfZGqL2EfDCCuhGO1ddFrGxjjwYAr9gaMD41Keum9UZqT6KfjG1tXOdhlfAG35psggW9soIq6UqZuzmQvLg9ADoj-2B6-2BwgTOGT8aaCGNsP-2Bm3qr-2B0DuV2CsgTXZ5yBIovDD6ZzXEnoP4Wh4Q0K4HhSvpl3-2Fp7YttWGzCzXCKkAPKF3RaEKd1sq2Or2uHIvA4gCV3jaQAkxBgSer-2BgW2-2BZysSLOcJwgaaN\" target=\"_blank\" rel=\"noopener\" data-dl-uid=\"107\" data-dl-original=\"true\" data-dl-translated=\"true\">llam\u00f3<\/a> \u00abpresidente de M\u00e9xico\u00bb al presidente Abdel Fattah El-Sisi de Egipto.<\/span><\/p>\n<p>No hacen falta nuevas pruebas, mientras tanto, para burlarse de la candidatura de Trump. \u00ab\u00bfEs esto lo mejor que puede ofrecer Estados Unidos?\u00bb, se pregunta Claudine, una joven estudiante de un prestigioso colegio parisino.<\/p>\n<p>Estos j\u00f3venes son suficientemente conscientes de que lo que parece c\u00f3mico al otro lado del Atl\u00e1ntico \u2013las elecciones presidenciales estadounidenses\u2013 no es menos rid\u00edculo, y por supuesto menos peligroso, en Europa. Cuando les pregunto qu\u00e9 piensan de los principales l\u00edderes europeos \u2013Olaf Scholz, de Alemania, y Emmanuel Macron, de Francia\u2013 se encogen de hombros, y las palabras \u00abimb\u00e9cil\u00bb y \u00abnulidad\u00bb entran en el debate.<\/p>\n<p>Cerca de Les Halles, estos j\u00f3venes acaban de participar en una manifestaci\u00f3n para poner fin a los bombardeos israel\u00edes sobre la regi\u00f3n de Rafah, en Gaza. \u00abRafah es del tama\u00f1o del aeropuerto de Heathrow\u00bb, dice un joven estudiante ingl\u00e9s que pasa 2024 en Francia. Que ninguno de los l\u00edderes europeos haya hablado claro sobre la muerte y la destrucci\u00f3n en Gaza les preocupa, y dicen que no est\u00e1n solos en estos sentimientos. Muchos de sus compa\u00f1eros sienten lo mismo.<\/p>\n<p>Los \u00edndices de aprobaci\u00f3n de Scholz y Macron descienden cada semana. Ni los alemanes ni los franceses creen que estos hombres puedan invertir el declive econ\u00f3mico o detener las guerras en Gaza o Ucrania.<\/p>\n<p>Claudine est\u00e1 disgustada porque los gobiernos del Norte Global han decidido recortar sus fondos para el Organismo de Obras P\u00fablicas y Socorro de las Naciones Unidas (UNRWA), la agencia de la ONU para Palestina, aunque otro joven, Oumar, interviene para decir que el Presidente de Brasil, Lula, ha <a href=\"https:\/\/u36605228.ct.sendgrid.net\/ls\/click?upn=u001.irwnA1ZB8N-2BHNL3jUmYY-2BH5YFco-2BsgOndGWrJ7bdmdBGrNLSZno9epaFZ-2BjBdLHii6CrQct9HDXIkPZ-2F0mTU5nfUjyveqaxCv8a37jf12jBpHTdioKsjN9gyhNzo9he1ZBHJPGj1lI8hYUGdfzF77A-3D-3De_F0_7mSB6AST-2BTWI1w-2FKOvbUZKsqmVZheYwsrBtrg0-2F7VNJRCWuiI-2FEMbTWz2amgRQXWGcaSlRPclK36p3Z5h8xLBVMzg25WcxPjB4tfXqnEcwH-2BVv-2Bg3zsGQZ-2FHO5VTyTV2SbQvmClGs4F3PsaPvj6zivPPfj9E2JmPcZEKMTxdO8PuuEGSKChhOfi3dF76T2a1D5348WFecnM0Bzv6Cmuspc5MiI9KEE9Un6VxEU5JdEDuECDWD49gyQAQbT-2FHoPkJZqzOGcuZLztBzrliFJ9IrdNgcz-2F7LPVkjpfCMSSgTCf6jFO9YhxaFBMzkLjIC33jywx4lKE97R0DXeWaM8OJNNQrjgjlVdQIchWP-2FNyWohT-2BbQ6m6s39I2U7S8Ls-2BJamYNTSpOiuf14uNsKAasgnLV6p0HQVwScoRwVtcSBVcbynpz5srad6DtIhs7IWjpcuEXz4-2Bgc5oS10d2vpir-2FBarBJHzsCMZUtzOB5tyOZeKWOcEv4ab6mT25Yc1NpKhNP-2Ba-2Bx1fpUXtI01x02m72J9kppJ4evckOs8MH1HNwgrjRwKX11NB5ga1iYQmJ4v56KqxOH518bEWLBQW34COtMrGgHift8PjeepfZGqL2EfDA9t9TzVWk92MrR8fYtYDA7tZy-2BLSxl3DiJKhgwBWjAO14FH6dcoPIykoHBZiajXZVl2ZwxBEaWOFUBjo2Cs82AAhohf9nWEots4eF2mMMBiJiV2H4RJH3OPN9eFrxsTnAeuQEKHQdI4yFQa1EoktBx9RaRAdjXRlY9gmMSFm-2FkKUDLdSfAovLbiVxzIBV0mbDL-2BVnFqoeSky-2BSDNgid2bq\" target=\"_blank\" rel=\"noopener\" data-dl-uid=\"216\" data-dl-original=\"true\" data-dl-translated=\"true\">dicho<\/a> que su pa\u00eds donar\u00e1 dinero al UNRWA. Todos asienten.<\/p>\n<p>Una semana despu\u00e9s, llega la noticia de que un joven soldado de las Fuerzas A\u00e9reas de Estados Unidos \u2013Aaron Bushnell\u2013 ha decidido quitarse la vida, afirmando que ya no ser\u00e1 c\u00f3mplice del genocidio contra los palestinos. Al ser preguntada por la muerte de Bushnell, la secretaria de prensa de la Casa Blanca, Karine Jean-Pierre, <a href=\"https:\/\/u36605228.ct.sendgrid.net\/ls\/click?upn=u001.irwnA1ZB8N-2BHNL3jUmYY-2BLADkCjuVhQIrHT6sfuqdV-2Bwn9BDxYrY2aK4-2F-2BZdkFSs1bUJKHtqaE4YAeyTaJzeQ5nMUslHZiih5xfAJBv5MPo5LlzoqnIu9D60uPp-2FjnIytgL32iapXdMf23NK31Jw0ZOQ33HJZwzWD0K2T85pxTGMg6TjXOy2x-2B6ifWOE2Y8H-2BlQBA-2B0mMDSnl8N30zpQyN18Ov0XGJV9iwA3eD7FAlwsepZpdIP0dUPkNgYSBt8xEe4x_7mSB6AST-2BTWI1w-2FKOvbUZKsqmVZheYwsrBtrg0-2F7VNJRCWuiI-2FEMbTWz2amgRQXWGcaSlRPclK36p3Z5h8xLBVMzg25WcxPjB4tfXqnEcwH-2BVv-2Bg3zsGQZ-2FHO5VTyTV2SbQvmClGs4F3PsaPvj6zivPPfj9E2JmPcZEKMTxdO8PuuEGSKChhOfi3dF76T2a1D5348WFecnM0Bzv6Cmuspc5MiI9KEE9Un6VxEU5JdEDuECDWD49gyQAQbT-2FHoPkJZqzOGcuZLztBzrliFJ9IrdNgcz-2F7LPVkjpfCMSSgTCf6jFO9YhxaFBMzkLjIC33jywx4lKE97R0DXeWaM8OJNNQrjgjlVdQIchWP-2FNyWohT-2BbQ6m6s39I2U7S8Ls-2BJamYNTSpOiuf14uNsKAasgnLV6p0HQVwScoRwVtcSBVcbynpz5srad6DtIhs7IWjpcuEXz4-2Bgc5oS10d2vpir-2FBarBJHzsCMZUtzOB5tyOZeKWOcEv4ab6mT25Yc1NpKhNP-2Ba-2Bx1fpUXtI01x02m72J9kppJ4evckOs8MH1HNwgrjRwKX11NB5ga1iYQmJ4v56KqxOH518bEWLBQW34COtMrGgHift8PjeepfZGqL2EfDDJ5cM83f5OtKak6-2Bl6voZTqt10TNRFH5redzvJtoHuia-2BIOQA5-2BSBjTZ-2BgAg5r2Cs7Il64RoTpyE8ybzTTyCDjDXrIyJ3hqdf-2B6eZkQMw2X-2FTv4vyWLG10DyGDOIJ8on-2Fg4-2BQBjvGiOsqvWAeLMlojLyzsOOlBZeWen-2F26Z450q2KP0PBmr5lTRwqJWfqGGJFTR8r2E92oEmmppBwMB0bw\" target=\"_blank\" rel=\"noopener\" data-dl-uid=\"241\" data-dl-original=\"true\" data-dl-translated=\"true\">dijo<\/a> que el Presidente est\u00e1 \u00abal corriente\u00bb y que se trata de una \u00abhorrible tragedia\u00bb. Pero no hubo ninguna declaraci\u00f3n sobre los motivos por los que el joven se quit\u00f3 la vida, ni nada para calmar a un p\u00fablico tenso sobre las implicaciones de este acto.<\/p>\n<p>Comiendo un helado en Nueva York, el presidente Biden <a href=\"https:\/\/u36605228.ct.sendgrid.net\/ls\/click?upn=u001.irwnA1ZB8N-2BHNL3jUmYY-2BKM-2Blr8K87ARQP0vJS4nsTDE-2FhIVQgi3aKci8-2FmHU9CkxV9cp8IeC5SQlkE5dtlPrA-3D-3Dl2sX_7mSB6AST-2BTWI1w-2FKOvbUZKsqmVZheYwsrBtrg0-2F7VNJRCWuiI-2FEMbTWz2amgRQXWGcaSlRPclK36p3Z5h8xLBVMzg25WcxPjB4tfXqnEcwH-2BVv-2Bg3zsGQZ-2FHO5VTyTV2SbQvmClGs4F3PsaPvj6zivPPfj9E2JmPcZEKMTxdO8PuuEGSKChhOfi3dF76T2a1D5348WFecnM0Bzv6Cmuspc5MiI9KEE9Un6VxEU5JdEDuECDWD49gyQAQbT-2FHoPkJZqzOGcuZLztBzrliFJ9IrdNgcz-2F7LPVkjpfCMSSgTCf6jFO9YhxaFBMzkLjIC33jywx4lKE97R0DXeWaM8OJNNQrjgjlVdQIchWP-2FNyWohT-2BbQ6m6s39I2U7S8Ls-2BJamYNTSpOiuf14uNsKAasgnLV6p0HQVwScoRwVtcSBVcbynpz5srad6DtIhs7IWjpcuEXz4-2Bgc5oS10d2vpir-2FBarBJHzsCMZUtzOB5tyOZeKWOcEv4ab6mT25Yc1NpKhNP-2Ba-2Bx1fpUXtI01x02m72J9kppJ4evckOs8MH1HNwgrjRwKX11NB5ga1iYQmJ4v56KqxOH518bEWLBQW34COtMrGgHift8PjeepfZGqL2EfDCMghogCxttiGWCn-2B2tN-2FlM-2BFFSt5zkQdWBa5wWvHXRnomtH9dQWWDF9Awdpur6viaR1sQVHG6hozgSvDTChzNgtIJcYbkCDIVOuHHRA-2Fd26RyxYTznF-2FY4ZDyXA77tX6jzQKyGQJTQwHzYf4q9yFf176LPltTzFehw3y3QtjMA-2FfiRIZBuAncryJ9GwF0iURsFpp8-2F7ndVcL8YeMo7f4SC\" target=\"_blank\" rel=\"noopener\" data-dl-uid=\"264\" data-dl-original=\"true\" data-dl-translated=\"true\">dijo<\/a> que esperaba que hubiera un alto el fuego \u00abpara principios del fin de semana\u00bb, pero luego lo traslad\u00f3 a \u00abpara el pr\u00f3ximo lunes\u00bb. Las declaraciones serpenteantes, la promesa de alto el fuego junto a las evasivas y las entregas de armas no despiertan la confianza de nadie en Biden ni en sus hom\u00f3logos en Europa.<\/p>\n<p>Con el emir de Qatar a su lado, el presidente de Francia, Emmanuel Macron, <a href=\"https:\/\/u36605228.ct.sendgrid.net\/ls\/click?upn=u001.irwnA1ZB8N-2BHNL3jUmYY-2BPxEkaXGSWBR3SrsEhxnlj-2FHXai-2Baue-2FFUANN79QhpmbK3MMf-2Bg8VcbRxOYBa5r4Q1mx0lDNXgGRNn-2FLDZgJ4Bf39GlXyEapM7Sz2-2BJsdIC2pf1jlC0Sz4UQ4rMnZ55eAg-3D-3Dc_si_7mSB6AST-2BTWI1w-2FKOvbUZKsqmVZheYwsrBtrg0-2F7VNJRCWuiI-2FEMbTWz2amgRQXWGcaSlRPclK36p3Z5h8xLBVMzg25WcxPjB4tfXqnEcwH-2BVv-2Bg3zsGQZ-2FHO5VTyTV2SbQvmClGs4F3PsaPvj6zivPPfj9E2JmPcZEKMTxdO8PuuEGSKChhOfi3dF76T2a1D5348WFecnM0Bzv6Cmuspc5MiI9KEE9Un6VxEU5JdEDuECDWD49gyQAQbT-2FHoPkJZqzOGcuZLztBzrliFJ9IrdNgcz-2F7LPVkjpfCMSSgTCf6jFO9YhxaFBMzkLjIC33jywx4lKE97R0DXeWaM8OJNNQrjgjlVdQIchWP-2FNyWohT-2BbQ6m6s39I2U7S8Ls-2BJamYNTSpOiuf14uNsKAasgnLV6p0HQVwScoRwVtcSBVcbynpz5srad6DtIhs7IWjpcuEXz4-2Bgc5oS10d2vpir-2FBarBJHzsCMZUtzOB5tyOZeKWOcEv4ab6mT25Yc1NpKhNP-2Ba-2Bx1fpUXtI01x02m72J9kppJ4evckOs8MH1HNwgrjRwKX11NB5ga1iYQmJ4v56KqxOH518bEWLBQW34COtMrGgHift8PjeepfZGqL2EfDCDOtlRm2BcR0xAKPcDb-2BSxmgUD9fezafxusut-2B0PJRazc-2BY1UOf9y5bHganxELkHe1UK2I8sLj7-2FWdOQtwMyJI99Voh9Fs6LcW7N6jaeqi507n3ja64xYw-2FjlA95yRYrVhtHlDZ8ucJ0WOyDRasCT53dikJ0lPLUxu9T8c9h4R85W64eakaRD3Kzj06miJ5xMCq3i51A7xHyFb5SS9ehtp\" target=\"_blank\" rel=\"noopener\" data-dl-uid=\"287\" data-dl-original=\"true\" data-dl-translated=\"true\">pidi\u00f3<\/a> un \u00abalto el fuego duradero\u00bb. Estas frases \u2013\u00abalto el fuego duradero\u00bb y \u00abalto el fuego sostenible\u00bb\u2013 se han barajado con estos adjetivos (duradero, sostenible) dise\u00f1ados para diluir el compromiso con un alto el fuego y fingir que realmente est\u00e1n a favor del fin de la guerra cuando siguen diciendo que est\u00e1n detr\u00e1s de los bombardeos de Israel.<\/p>\n<p>En Londres, el Parlamento brit\u00e1nico sufri\u00f3 un c\u00f3mico colapso ante una resoluci\u00f3n del Partido Nacional Escoc\u00e9s (SNP) a favor de un alto el fuego. En lugar de permitir una votaci\u00f3n para mostrar las opiniones reales de sus miembros, tanto el Partido Laborista como el Partido Conservador entraron en barrena y el portavoz del Parlamento incumpli\u00f3 las normas para garantizar que los cargos electos no tuvieran que manifestarse en contra de un alto el fuego.<\/p>\n<p>Brendan O&#8217;Hara, del SNP, expuso <a href=\"https:\/\/u36605228.ct.sendgrid.net\/ls\/click?upn=u001.irwnA1ZB8N-2BHNL3jUmYY-2BLMRbweDjEeO7StpprN8LzUiUDDKD8esflYyT7lxwtxCWq22m1O6RMkTXgTccQDg7laLhUBOIPn6LCMTET2zgVXuaD6rbibufVUDfwSO-2FPQ22HZ7lNhaaskfTEkJaNs3GjSSKhSgYA0h455BJRgjPnE-3DScXF_7mSB6AST-2BTWI1w-2FKOvbUZKsqmVZheYwsrBtrg0-2F7VNJRCWuiI-2FEMbTWz2amgRQXWGcaSlRPclK36p3Z5h8xLBVMzg25WcxPjB4tfXqnEcwH-2BVv-2Bg3zsGQZ-2FHO5VTyTV2SbQvmClGs4F3PsaPvj6zivPPfj9E2JmPcZEKMTxdO8PuuEGSKChhOfi3dF76T2a1D5348WFecnM0Bzv6Cmuspc5MiI9KEE9Un6VxEU5JdEDuECDWD49gyQAQbT-2FHoPkJZqzOGcuZLztBzrliFJ9IrdNgcz-2F7LPVkjpfCMSSgTCf6jFO9YhxaFBMzkLjIC33jywx4lKE97R0DXeWaM8OJNNQrjgjlVdQIchWP-2FNyWohT-2BbQ6m6s39I2U7S8Ls-2BJamYNTSpOiuf14uNsKAasgnLV6p0HQVwScoRwVtcSBVcbynpz5srad6DtIhs7IWjpcuEXz4-2Bgc5oS10d2vpir-2FBarBJHzsCMZUtzOB5tyOZeKWOcEv4ab6mT25Yc1NpKhNP-2Ba-2Bx1fpUXtI01x02m72J9kppJ4evckOs8MH1HNwgrjRwKX11NB5ga1iYQmJ4v56KqxOH518bEWLBQW34COtMrGgHift8PjeepfZGqL2EfDBN-2BNG7cdCNWaiZy-2Bbi7oCcCYicTL-2BnCjk2gIrccEmlVrT523uzwO6m-2FLCNJY5JB3v5kdKRO-2BI3susdWcHL1iQeGLDOkajySqXVBs-2BLK1l8eGsIDBNR8-2FJ9ILwscTHITCqICs6IoZvhybb5Gr0G9T9TdK8WvHNjmURdE22LPW7A27n6U-2FVixC-2FdHTlI1WjqqupyurvUPtAmYg7DKsXVVtbX\" target=\"_blank\" rel=\"noopener\" data-dl-uid=\"338\" data-dl-original=\"true\" data-dl-translated=\"true\">claramente<\/a> la cuesti\u00f3n ante el Parlamento antes de que sus palabras y la resoluci\u00f3n del SNP quedaran anuladas: \u00abAlgunos tendr\u00e1n que decir que optaron por enzarzarse en un debate sem\u00e1ntico sobre pausas \u00absostenibles\u00bb o \u00abhumanitarias\u00bb, mientras que otros dir\u00e1n que optaron por dar a Netanyahu tanto las armas como la cobertura pol\u00edtica que necesitaba para proseguir su implacable guerra\u00bb.<\/p>\n<p>El deseo mundial de que cesen inmediatamente los bombardeos israel\u00edes ha alcanzado su punto \u00e1lgido. Por tercera vez, Estados Unidos vet\u00f3 una resoluci\u00f3n de la ONU en el Consejo de Seguridad para obligar a los israel\u00edes a detener los bombardeos. Que Estados Unidos y sus aliados europeos sigan respaldando a Israel a pesar de la repulsa generalizada a esta guerra \u2013ejemplificada por la muerte de Aaron Bushnell\u2013 aumenta la frustraci\u00f3n con los dirigentes del Norte Global.<\/span><\/p>\n<p data-dl-uid=\"363\" data-dl-original=\"true\" data-dl-translated=\"true\"><span data-dl-uid=\"364\" data-dl-original=\"true\" data-dl-translated=\"true\">Lo que resulta especialmente desconcertante es que amplios sectores de la poblaci\u00f3n de los pa\u00edses del Norte desean un alto el fuego inmediato y, sin embargo, sus dirigentes hacen caso omiso de sus opiniones.<\/span><\/p>\n<p data-dl-uid=\"384\" data-dl-original=\"true\" data-dl-translated=\"true\"><span data-dl-uid=\"385\" data-dl-original=\"true\" data-dl-translated=\"true\">Una <a href=\"https:\/\/u36605228.ct.sendgrid.net\/ls\/click?upn=u001.irwnA1ZB8N-2BHNL3jUmYY-2BNxL1nscVfMp-2BSxDhJHqkOFFqT4KynniRRCurJ3oyPsFr5IT6WyrmL2GUVSj9ireJWbfBiP1UvAACkAJ1u-2F3bsmj4TMZXmUEvD8Lv1-2BLf19w-2BJ9HF1NQdnnsgDhz6SGXpat5spYpTcjnFd4yUCZ4V2VZm-2FkXPU3Dp5hw-2FjOuiHzz82SIl45D7ZjbOVsLSesxinIEy6mufGmWVy3D9I-2BhEaaO8vkTr1VRSBZBVhSnT6w-2BSchAD7gltQptTCVbW6D-2FRtVEDk-2FOxUhr6TuWe-2Bh2GL1cqSrt2KbHcvhcl0BSS9S1aRvm_7mSB6AST-2BTWI1w-2FKOvbUZKsqmVZheYwsrBtrg0-2F7VNJRCWuiI-2FEMbTWz2amgRQXWGcaSlRPclK36p3Z5h8xLBVMzg25WcxPjB4tfXqnEcwH-2BVv-2Bg3zsGQZ-2FHO5VTyTV2SbQvmClGs4F3PsaPvj6zivPPfj9E2JmPcZEKMTxdO8PuuEGSKChhOfi3dF76T2a1D5348WFecnM0Bzv6Cmuspc5MiI9KEE9Un6VxEU5JdEDuECDWD49gyQAQbT-2FHoPkJZqzOGcuZLztBzrliFJ9IrdNgcz-2F7LPVkjpfCMSSgTCf6jFO9YhxaFBMzkLjIC33jywx4lKE97R0DXeWaM8OJNNQrjgjlVdQIchWP-2FNyWohT-2BbQ6m6s39I2U7S8Ls-2BJamYNTSpOiuf14uNsKAasgnLV6p0HQVwScoRwVtcSBVcbynpz5srad6DtIhs7IWjpcuEXz4-2Bgc5oS10d2vpir-2FBarBJHzsCMZUtzOB5tyOZeKWOcEv4ab6mT25Yc1NpKhNP-2Ba-2Bx1fpUXtI01x02m72J9kppJ4evckOs8MH1HNwgrjRwKX11NB5ga1iYQmJ4v56KqxOH518bEWLBQW34COtMrGgHift8PjeepfZGqL2EfDBaKuX1Hn7a-2Bb98SFm8-2B-2BT0TiqkIEyxYFPQeAihXtsmsDwmDB1qqhQ5yU1qoG1jY8DyMkMTQVCrxk1k1MYQviREYLx-2BdxdzmESnqBHj1dzx-2FH7J7lFD6i1kvyoQzINw5JvODCblaeFVhwiIdMn8oj16H5SQ480kEun0auSWpQgJMx56QkKT3TdF1VFoIVdPpA-2BqA9Fk8o2QH-2B59aGdipc7K\" target=\"_blank\" rel=\"noopener\" data-dl-uid=\"405\" data-dl-original=\"true\" data-dl-translated=\"true\">encuesta<\/a> muestra que dos tercios de los votantes en Estados Unidos \u2013incluidas mayor\u00edas de dem\u00f3cratas (77%), independientes (69%) y republicanos (56%)\u2013 est\u00e1n a favor de un alto el fuego en Gaza. Curiosamente, el 59% de los votantes estadounidenses afirma que debe garantizarse a los palestinos el derecho a regresar a sus hogares en Gaza, mientras que el 52% afirma que deben celebrarse conversaciones de paz para una soluci\u00f3n de dos Estados. Todas estas son posiciones ignoradas por la principal clase pol\u00edtica a ambos lados del Oc\u00e9ano Atl\u00e1ntico. Los calificativos de \u00abduradero\u00bb y \u00absostenible\u00bb no hacen sino aumentar el cinismo entre las poblaciones que ven c\u00f3mo sus dirigentes pol\u00edticos hacen caso omiso de su insistencia en un alto el fuego inmediato.<\/span><\/p>\n<p>La claridad no hay que buscarla en la Casa Blanca, en el n\u00famero 10 de Downing Street o en el El\u00edseo. Se encuentra en las palabras de la gente corriente de estos pa\u00edses, angustiada por la violencia. Las protestas parecen aumentar en intensidad a medida que aumenta el n\u00famero de muertos. \u00bfCu\u00e1l es la reacci\u00f3n ante estas protestas? En el Reino Unido, los miembros del Parlamento <a href=\"https:\/\/u36605228.ct.sendgrid.net\/ls\/click?upn=u001.irwnA1ZB8N-2BHNL3jUmYY-2BIEmOE3l7xBsu-2BvxRgZajq0Pe3qhHZzFBpqSRcyiPPa6NKwJ_7mSB6AST-2BTWI1w-2FKOvbUZKsqmVZheYwsrBtrg0-2F7VNJRCWuiI-2FEMbTWz2amgRQXWGcaSlRPclK36p3Z5h8xLBVMzg25WcxPjB4tfXqnEcwH-2BVv-2Bg3zsGQZ-2FHO5VTyTV2SbQvmClGs4F3PsaPvj6zivPPfj9E2JmPcZEKMTxdO8PuuEGSKChhOfi3dF76T2a1D5348WFecnM0Bzv6Cmuspc5MiI9KEE9Un6VxEU5JdEDuECDWD49gyQAQbT-2FHoPkJZqzOGcuZLztBzrliFJ9IrdNgcz-2F7LPVkjpfCMSSgTCf6jFO9YhxaFBMzkLjIC33jywx4lKE97R0DXeWaM8OJNNQrjgjlVdQIchWP-2FNyWohT-2BbQ6m6s39I2U7S8Ls-2BJamYNTSpOiuf14uNsKAasgnLV6p0HQVwScoRwVtcSBVcbynpz5srad6DtIhs7IWjpcuEXz4-2Bgc5oS10d2vpir-2FBarBJHzsCMZUtzOB5tyOZeKWOcEv4ab6mT25Yc1NpKhNP-2Ba-2Bx1fpUXtI01x02m72J9kppJ4evckOs8MH1HNwgrjRwKX11NB5ga1iYQmJ4v56KqxOH518bEWLBQW34COtMrGgHift8PjeepfZGqL2EfDBV4UTRbjOAzdtUQDCXlPNGWATOwGhrdwm9vZ6nVqGkcpL0Xp5s4Us2xY-2BFfn1CbTkbD0lJuR6GaoSeGYldCKNASS3pQuAfc32bVe4W9cddkUewZxx1HfelQcxLnjyAoz22M0y47KP7nIIX4s-2F3nI-2FPxiushym1z11i5NtGuhOd2nYOZaReabrE5HhVHRuLjMEbt8-2Bfg5djmgPackDKfJ4U\" target=\"_blank\" rel=\"noopener\" data-dl-uid=\"430\" data-dl-original=\"true\" data-dl-translated=\"true\">se quejaron<\/a> de que estas protestas est\u00e1n sometiendo a la polic\u00eda a una \u00abpresi\u00f3n sostenida\u00bb. Ese es quiz\u00e1s el objetivo de las protestas.<\/p>\n<p>Fuente: <em>Newsclick<\/em>, <time data-dl-uid=\"31\" data-dl-original=\"true\" data-dl-translated=\"true\">5 marzo de 2024 (<a href=\"https:\/\/www.newsclick.in\/remarkable-decline-global-norths-leadership\">https:\/\/www.newsclick.in\/remarkable-decline-global-norths-leadership<\/a>)<\/time><\/p>\n","protected":false},"excerpt":{"rendered":"<p>Un grupo de j\u00f3venes parisinos toma algo en un caf\u00e9 en una tarde intempestivamente c\u00e1lida. La conversaci\u00f3n deriva hacia la<\/p>\n","protected":false},"author":5,"featured_media":15774,"comment_status":"open","ping_status":"open","sticky":false,"template":"","format":"standard","meta":{"footnotes":""},"categories":[1928],"tags":[],"class_list":["post-15773","post","type-post","status-publish","format-standard","has-post-thumbnail","hentry","category-palestina"],"aioseo_notices":[],"_links":{"self":[{"href":"https:\/\/espai-marx.net\/index.php?rest_route=\/wp\/v2\/posts\/15773","targetHints":{"allow":["GET"]}}],"collection":[{"href":"https:\/\/espai-marx.net\/index.php?rest_route=\/wp\/v2\/posts"}],"about":[{"href":"https:\/\/espai-marx.net\/index.php?rest_route=\/wp\/v2\/types\/post"}],"author":[{"embeddable":true,"href":"https:\/\/espai-marx.net\/index.php?rest_route=\/wp\/v2\/users\/5"}],"replies":[{"embeddable":true,"href":"https:\/\/espai-marx.net\/index.php?rest_route=%2Fwp%2Fv2%2Fcomments&post=15773"}],"version-history":[{"count":0,"href":"https:\/\/espai-marx.net\/index.php?rest_route=\/wp\/v2\/posts\/15773\/revisions"}],"wp:featuredmedia":[{"embeddable":true,"href":"https:\/\/espai-marx.net\/index.php?rest_route=\/wp\/v2\/media\/15774"}],"wp:attachment":[{"href":"https:\/\/espai-marx.net\/index.php?rest_route=%2Fwp%2Fv2%2Fmedia&parent=15773"}],"wp:term":[{"taxonomy":"category","embeddable":true,"href":"https:\/\/espai-marx.net\/index.php?rest_route=%2Fwp%2Fv2%2Fcategories&post=15773"},{"taxonomy":"post_tag","embeddable":true,"href":"https:\/\/espai-marx.net\/index.php?rest_route=%2Fwp%2Fv2%2Ftags&post=15773"}],"curies":[{"name":"wp","href":"https:\/\/api.w.org\/{rel}","templated":true}]}}