{"id":15792,"date":"2024-07-01T05:00:21","date_gmt":"2024-07-01T04:00:21","guid":{"rendered":"https:\/\/espai-marx.net\/?p=15792"},"modified":"2024-07-01T03:59:53","modified_gmt":"2024-07-01T02:59:53","slug":"mas-horrible-que-abu-ghraib-un-abogado-relata-su-visita-a-un-centro-de-detencion-israeli","status":"publish","type":"post","link":"https:\/\/espai-marx.net\/?p=15792","title":{"rendered":"\u00abM\u00e1s horrible que Abu Ghraib\u00bb: Un abogado relata su visita a un centro de detenci\u00f3n israel\u00ed"},"content":{"rendered":"<p>\u00abLa situaci\u00f3n all\u00ed es m\u00e1s horrible que todo lo que hemos o\u00eddo sobre Abu Ghraib y Guant\u00e1namo\u00bb. As\u00ed describe Khaled Mahajneh el <a href=\"https:\/\/www.972mag.com\/sde-teiman-torture-prisoners\/\" data-dl-uid=\"30\" data-dl-original=\"true\" data-dl-translated=\"true\"><span data-dl-uid=\"31\" data-dl-original=\"true\" data-dl-translated=\"true\">centro de detenci\u00f3n de Sde Teiman<\/span><\/a> el<span data-dl-uid=\"32\" data-dl-original=\"true\" data-dl-translated=\"true\"> primer abogado que visita las instalaciones. M\u00e1s de 4.000 palestinos a los que Israel detuvo en Gaza permanecen recluidos en la base militar de Naqab\/Negev desde el 7 de octubre; algunos de ellos han sido liberados posteriormente, pero la mayor\u00eda siguen bajo custodia israel\u00ed.<\/span><\/p>\n<p data-dl-uid=\"33\" data-dl-original=\"true\" data-dl-translated=\"true\"><span data-dl-uid=\"34\" data-dl-original=\"true\" data-dl-translated=\"true\">Mahajneh, ciudadano palestino de Israel, fue contactado inicialmente por Al Araby TV, que buscaba informaci\u00f3n sobre Muhammad Arab, reportero de la cadena detenido en marzo mientras cubr\u00eda el asedio israel\u00ed al hospital Al-Shifa de la ciudad de Gaza. \u00abMe puse en contacto con el centro de control del ej\u00e9rcito israel\u00ed y, tras facilitarles una foto y un documento de identidad del detenido, as\u00ed como mi documento oficial de poder, me informaron de que [Arab] estaba detenido en Sde Teiman y que se le pod\u00eda visitar\u00bb.<\/span><\/p>\n<p data-dl-uid=\"35\" data-dl-original=\"true\" data-dl-translated=\"true\"><span data-dl-uid=\"36\" data-dl-original=\"true\" data-dl-translated=\"true\">Cuando Mahajneh lleg\u00f3 a la base el 19 de junio, tuvo que dejar su coche lejos del lugar, donde le esperaba un jeep del ej\u00e9rcito para trasladarle al interior. Esto era \u00abalgo que nunca me hab\u00eda encontrado en ninguna visita anterior a ninguna prisi\u00f3n\u00bb, declar\u00f3 a <em>+972<\/em>. Condujeron durante unos 10 minutos por las instalaciones \u2013una extensa red de remolques\u2013 antes de llegar a un gran almac\u00e9n, que conten\u00eda un remolque custodiado por soldados enmascarados.<\/span><\/p>\n<p data-dl-uid=\"40\" data-dl-original=\"true\" data-dl-translated=\"true\"><span data-dl-uid=\"41\" data-dl-original=\"true\" data-dl-translated=\"true\">\u00abRepitieron que la visita se limitar\u00eda a 45 minutos, y que cualquier acci\u00f3n que pudiera perjudicar la seguridad del Estado, del campamento o de los soldados provocar\u00eda el cese inmediato de la visita. Sigo sin entender lo que quer\u00edan decir\u00bb, dijo Mahajneh.<\/span><\/p>\n<p data-dl-uid=\"42\" data-dl-original=\"true\" data-dl-translated=\"true\"><span data-dl-uid=\"43\" data-dl-original=\"true\" data-dl-translated=\"true\">Los soldados sacaron al periodista detenido con los brazos y las piernas atados, mientras Mahajneh permanec\u00eda detr\u00e1s de una barrera. Despu\u00e9s de que los soldados le quitaran la venda, Arab se frot\u00f3 los ojos durante cinco minutos, desacostumbrado a la luz brillante. \u00ab\u00bfD\u00f3nde estoy?\u00bb, fue la primera pregunta que hizo a Mahajneh.<\/span> La <span data-dl-uid=\"43\" data-dl-translated=\"true\">mayor\u00eda de los palestinos de Sde Teiman<\/span><span data-dl-uid=\"44\" data-dl-original=\"true\" data-dl-translated=\"true\"> ni siquiera saben d\u00f3nde est\u00e1n recluidos; como al menos 35 detenidos han <a href=\"https:\/\/www.nytimes.com\/2024\/06\/06\/world\/middleeast\/israel-gaza-detention-base.html\" data-dl-uid=\"45\" data-dl-original=\"true\" data-dl-translated=\"true\">muerto en circunstancias desconocidas<\/a> desde que comenz\u00f3 la guerra, muchos lo llaman simplemente \u00ab<a href=\"https:\/\/www.972mag.com\/sde-teiman-torture-prisoners\/\" data-dl-uid=\"46\" data-dl-original=\"true\" data-dl-translated=\"true\">el campo de la muerte<\/a>\u00bb.<\/span><\/p>\n<p data-dl-uid=\"47\" data-dl-original=\"true\" data-dl-translated=\"true\"><span data-dl-uid=\"48\" data-dl-original=\"true\" data-dl-translated=\"true\">\u00abLlevo a\u00f1os visitando a detenidos y presos pol\u00edticos y de seguridad en c\u00e1rceles israel\u00edes, incluso despu\u00e9s del 7 de octubre\u00bb, se\u00f1al\u00f3 Mahajneh. \u00abS\u00e9 que las condiciones de detenci\u00f3n se han <a href=\"https:\/\/www.972mag.com\/palestinian-prisoners-ben-gvir\/\" data-dl-uid=\"49\" data-dl-original=\"true\" data-dl-translated=\"true\">endurecido mucho<\/a> y que los presos <a href=\"https:\/\/www.972mag.com\/palestinians-abused-israeli-prisons-torture\/\" data-dl-uid=\"50\" data-dl-original=\"true\" data-dl-translated=\"true\">sufren abusos<\/a> a diario. Pero lo de Sde Teiman no se parece a nada que haya visto u o\u00eddo antes\u00bb.<\/span><\/p>\n<figure id=\"attachment_15795\" aria-describedby=\"caption-attachment-15795\" style=\"width: 550px\" class=\"wp-caption aligncenter\"><a href=\"https:\/\/espai-marx.net\/wp-content\/uploads\/2024\/07\/Sde-Teiman_1.jpeg\"><img loading=\"lazy\" decoding=\"async\" class=\"wp-image-15795\" src=\"https:\/\/espai-marx.net\/wp-content\/uploads\/2024\/07\/Sde-Teiman_1-1024x861.jpeg\" alt=\"\" width=\"550\" height=\"462\" srcset=\"https:\/\/espai-marx.net\/wp-content\/uploads\/2024\/07\/Sde-Teiman_1-1024x861.jpeg 1024w, https:\/\/espai-marx.net\/wp-content\/uploads\/2024\/07\/Sde-Teiman_1-300x252.jpeg 300w, https:\/\/espai-marx.net\/wp-content\/uploads\/2024\/07\/Sde-Teiman_1-768x646.jpeg 768w, https:\/\/espai-marx.net\/wp-content\/uploads\/2024\/07\/Sde-Teiman_1-1536x1292.jpeg 1536w, https:\/\/espai-marx.net\/wp-content\/uploads\/2024\/07\/Sde-Teiman_1-1320x1110.jpeg 1320w, https:\/\/espai-marx.net\/wp-content\/uploads\/2024\/07\/Sde-Teiman_1.jpeg 1600w\" sizes=\"auto, (max-width: 550px) 100vw, 550px\" \/><\/a><figcaption id=\"caption-attachment-15795\" class=\"wp-caption-text\">Khaled Mahajneh, abogado que visit\u00f3 el centro de detenci\u00f3n de Sde Teiman. (Cortes\u00eda<\/figcaption><\/figure>\n<p data-dl-uid=\"52\" data-dl-original=\"true\" data-dl-translated=\"true\"><b data-dl-uid=\"53\" data-dl-original=\"true\" data-dl-translated=\"true\">Incluso los tribunales est\u00e1n llenos de odio<\/b><\/p>\n<p data-dl-uid=\"54\" data-dl-original=\"true\" data-dl-translated=\"true\"><span data-dl-uid=\"55\" data-dl-original=\"true\" data-dl-translated=\"true\">Mahajneh dijo a +972 que Arab estaba casi irreconocible despu\u00e9s de 100 d\u00edas en el centro de detenci\u00f3n; su cara, pelo y color de piel hab\u00edan cambiado, y estaba cubierto de suciedad y excrementos de paloma. El periodista llevaba casi dos meses sin recibir ropa nueva, y s\u00f3lo se le permiti\u00f3 cambiarse de pantalones por primera vez ese d\u00eda, debido a la visita del abogado.<\/span><\/p>\n<p data-dl-uid=\"56\" data-dl-original=\"true\" data-dl-translated=\"true\"><span data-dl-uid=\"57\" data-dl-original=\"true\" data-dl-translated=\"true\">Seg\u00fan Arab, a los detenidos se les vendan continuamente los ojos y se les ata con las manos a la espalda, oblig\u00e1ndoles a dormir encorvados en el suelo sin ropa de cama. S\u00f3lo les quitan las esposas de hierro durante una ducha semanal de un minuto de duraci\u00f3n. \u00abPero los presos empezaron a negarse a ducharse porque no tienen reloj, y sobrepasar el minuto asignado expone a los presos a severos castigos, incluidas horas a la intemperie bajo el calor o la lluvia\u00bb, dijo Mahajneh.<\/span><\/p>\n<p data-dl-uid=\"58\" data-dl-original=\"true\" data-dl-translated=\"true\"><span data-dl-uid=\"59\" data-dl-original=\"true\" data-dl-translated=\"true\">Todos los detenidos, se\u00f1al\u00f3 Mahajneh, se enfrentan a un deterioro de su estado de salud debido a la mala calidad de la dieta diaria en prisi\u00f3n: una peque\u00f1a cantidad de labaneh y un trozo de pepino o tomate. Tambi\u00e9n padecen estre\u00f1imiento grave, y por cada 100 presos s\u00f3lo se suministra un rollo de papel higi\u00e9nico al d\u00eda.<\/span><\/p>\n<p data-dl-uid=\"60\" data-dl-original=\"true\" data-dl-translated=\"true\"><span data-dl-uid=\"61\" data-dl-original=\"true\" data-dl-translated=\"true\">\u00abA los presos se les impide hablar entre ellos, a pesar de que hay m\u00e1s de 100 personas encerradas en un almac\u00e9n, algunos de ellos ancianos y menores\u00bb, dijo Mahajneh a +972. \u00abNo se les permite rezar ni siquiera leer el Cor\u00e1n\u00bb.<\/span><\/p>\n<p data-dl-uid=\"62\" data-dl-original=\"true\" data-dl-translated=\"true\"><span data-dl-uid=\"63\" data-dl-original=\"true\" data-dl-translated=\"true\">Arab tambi\u00e9n declar\u00f3 a su abogado que los guardias israel\u00edes agredieron sexualmente a seis presos con un palo delante de los dem\u00e1s detenidos despu\u00e9s de que hubieran violado las \u00f3rdenes de la prisi\u00f3n. \u00abCuando habl\u00f3 de violaciones, le pregunt\u00e9: &#8216;Muhammad, eres periodista, \u00bfest\u00e1s seguro de esto?&#8217;\u00bb. relat\u00f3 Mahajneh. \u00abPero me dijo que lo hab\u00eda visto con sus propios ojos, y que lo que me estaba contando era s\u00f3lo una peque\u00f1a parte de lo que ocurr\u00eda all\u00ed\u00bb.<\/span><\/p>\n<p data-dl-uid=\"64\" data-dl-original=\"true\" data-dl-translated=\"true\"><span data-dl-uid=\"65\" data-dl-original=\"true\" data-dl-translated=\"true\">M\u00faltiples medios de comunicaci\u00f3n, entre ellos <\/span><a href=\"https:\/\/edition.cnn.com\/2024\/05\/10\/middleeast\/israel-sde-teiman-detention-whistleblowers-intl-cmd\/index.html\" data-dl-uid=\"66\" data-dl-original=\"true\" data-dl-translated=\"true\"><span data-dl-uid=\"67\" data-dl-original=\"true\" data-dl-translated=\"true\">la CNN<\/span><\/a><span data-dl-uid=\"68\" data-dl-original=\"true\" data-dl-translated=\"true\"> y el <\/span><a href=\"https:\/\/www.nytimes.com\/2024\/06\/06\/world\/middleeast\/israel-gaza-detention-base.html\" data-dl-uid=\"69\" data-dl-original=\"true\" data-dl-translated=\"true\"><span data-dl-uid=\"70\" data-dl-original=\"true\" data-dl-translated=\"true\">New York Times<\/span><\/a><span data-dl-uid=\"71\" data-dl-original=\"true\" data-dl-translated=\"true\">, han informado sobre casos de violaci\u00f3n y agresi\u00f3n sexual en Sde Teiman. En un v\u00eddeo que circul\u00f3 por las redes sociales a principios de esta semana, un preso palestino recientemente liberado del campo de detenci\u00f3n afirm\u00f3 que hab\u00eda presenciado personalmente m\u00faltiples violaciones y casos en los que soldados israel\u00edes hac\u00edan que los perros agredieran sexualmente a los presos.<\/span><\/p>\n<figure id=\"attachment_15794\" aria-describedby=\"caption-attachment-15794\" style=\"width: 400px\" class=\"wp-caption aligncenter\"><a href=\"https:\/\/espai-marx.net\/wp-content\/uploads\/2024\/07\/Sde-Teiman_2.jpeg\"><img loading=\"lazy\" decoding=\"async\" class=\"wp-image-15794 size-full\" src=\"https:\/\/espai-marx.net\/wp-content\/uploads\/2024\/07\/Sde-Teiman_2.jpeg\" alt=\"\" width=\"400\" height=\"225\" srcset=\"https:\/\/espai-marx.net\/wp-content\/uploads\/2024\/07\/Sde-Teiman_2.jpeg 400w, https:\/\/espai-marx.net\/wp-content\/uploads\/2024\/07\/Sde-Teiman_2-300x169.jpeg 300w\" sizes=\"auto, (max-width: 400px) 100vw, 400px\" \/><\/a><figcaption id=\"caption-attachment-15794\" class=\"wp-caption-text\">Muhammad Arab, periodista palestino de Al Araby TV. (Cortes\u00eda)<\/figcaption><\/figure>\n<p>S\u00f3lo en el \u00faltimo mes, seg\u00fan Arab, varios presos murieron durante interrogatorios violentos. A otros detenidos heridos en Gaza se les amputaron miembros o se les extrajeron balas del cuerpo sin anestesia, y fueron tratados por estudiantes de enfermer\u00eda.<\/p>\n<p data-dl-uid=\"75\" data-dl-original=\"true\" data-dl-translated=\"true\"><span data-dl-uid=\"76\" data-dl-original=\"true\" data-dl-translated=\"true\">Los equipos de defensa legal y las organizaciones de derechos humanos han sido en gran medida incapaces de contrarrestar estas graves violaciones de los derechos de los presos en Sde Teiman, y a la mayor\u00eda se les impide incluso visitar el centro para evitar un mayor escrutinio. <\/span> \u00abLa <span data-dl-uid=\"76\" data-dl-translated=\"true\">Fiscal\u00eda General del <\/span> Estado <a href=\"https:\/\/www.kikar.co.il\/security-news\/sellhp\" data-dl-uid=\"77\" data-dl-original=\"true\" data-dl-translated=\"true\"><span data-dl-uid=\"78\" data-dl-original=\"true\" data-dl-translated=\"true\">dijo<\/span><\/a> que<span data-dl-uid=\"79\" data-dl-original=\"true\" data-dl-translated=\"true\"> este centro de detenci\u00f3n iba a cerrarse tras las duras cr\u00edticas recibidas, pero no ha ocurrido nada\u00bb, afirm\u00f3 Mahajneh. \u00abIncluso los tribunales est\u00e1n plagados de odio y racismo contra la poblaci\u00f3n de Gaza\u00bb.<\/span><\/p>\n<p data-dl-uid=\"80\" data-dl-original=\"true\" data-dl-translated=\"true\"><span data-dl-uid=\"81\" data-dl-original=\"true\" data-dl-translated=\"true\">La mayor\u00eda de los detenidos, se\u00f1al\u00f3 Mahajneh, no est\u00e1n acusados formalmente de pertenecer a ninguna organizaci\u00f3n ni de participar en ninguna actividad militar; el propio Arab sigue sin saber por qu\u00e9 lo detuvieron ni cu\u00e1ndo lo pondr\u00e1n en libertad. Desde su llegada a Sde Teiman, soldados de las unidades especiales del ej\u00e9rcito israel\u00ed han interrogado a Arab en dos ocasiones. Tras el primer interrogatorio, le informaron de que su detenci\u00f3n se hab\u00eda prolongado indefinidamente, por \u00absospecha de afiliaci\u00f3n a una organizaci\u00f3n cuya identidad no se le revel\u00f3\u00bb.<\/span><\/p>\n<p data-dl-uid=\"82\" data-dl-original=\"true\" data-dl-translated=\"true\"><b data-dl-uid=\"83\" data-dl-original=\"true\" data-dl-translated=\"true\">\u00ab\u00bfPara vengarse de qui\u00e9n?<span data-dl-uid=\"34\" data-dl-original=\"true\" data-dl-translated=\"true\">\u00bb<\/span><\/b><\/p>\n<p data-dl-uid=\"84\" data-dl-original=\"true\" data-dl-translated=\"true\"><span data-dl-uid=\"85\" data-dl-original=\"true\" data-dl-translated=\"true\">En los \u00faltimos meses, los medios de comunicaci\u00f3n internacionales han publicado varios testimonios de presos liberados y de m\u00e9dicos que trabajaron en Sde Teiman. Para el m\u00e9dico israel\u00ed Dr. Yoel Donchin, que habl\u00f3 con el <em>New York Times<\/em>, no estaba claro por qu\u00e9 los soldados israel\u00edes hab\u00edan detenido a muchas de las personas a las que trataba, algunas de las cuales era \u00abmuy improbable que hubieran sido combatientes implicados en la guerra\u00bb bas\u00e1ndose en dolencias o discapacidades f\u00edsicas preexistentes. <\/span><\/p>\n<p data-dl-uid=\"86\" data-dl-original=\"true\" data-dl-translated=\"true\"><span data-dl-uid=\"87\" data-dl-original=\"true\" data-dl-translated=\"true\">El <em>Times<\/em> tambi\u00e9n inform\u00f3 de que los m\u00e9dicos del centro recibieron instrucciones de no escribir sus nombres en los documentos oficiales ni dirigirse entre ellos por su nombre en presencia de los pacientes, por temor a ser identificados m\u00e1s tarde y acusados de <\/span><a href=\"https:\/\/www.972mag.com\/icc-israel-surveillance-investigation\/\" data-dl-uid=\"88\" data-dl-original=\"true\" data-dl-translated=\"true\"><span data-dl-uid=\"89\" data-dl-original=\"true\" data-dl-translated=\"true\">cr\u00edmenes de guerra<\/span><\/a><span data-dl-uid=\"90\" data-dl-original=\"true\" data-dl-translated=\"true\"> ante el Tribunal Penal Internacional.<\/span><\/p>\n<p data-dl-uid=\"91\" data-dl-original=\"true\" data-dl-translated=\"true\"><span data-dl-uid=\"92\" data-dl-original=\"true\" data-dl-translated=\"true\">\u00abLos despojaron de cualquier cosa que se pareciera a un ser humano\u00bb, declar\u00f3 a la CNN un testigo que trabajaba como m\u00e9dico en el hospital improvisado de las instalaciones. \u00abLas palizas no se produjeron para obtener informaci\u00f3n. Se hicieron por venganza\u00bb, dijo otro testigo. \u00abFue un castigo por lo que ellos [los palestinos] hicieron el 7 de octubre y un castigo por el comportamiento en el campo\u00bb.<\/span><\/p>\n<figure id=\"attachment_15793\" aria-describedby=\"caption-attachment-15793\" style=\"width: 600px\" class=\"wp-caption aligncenter\"><a href=\"https:\/\/espai-marx.net\/wp-content\/uploads\/2024\/07\/Sde-Teiman_3.jpeg\"><img loading=\"lazy\" decoding=\"async\" class=\"wp-image-15793 \" src=\"https:\/\/espai-marx.net\/wp-content\/uploads\/2024\/07\/Sde-Teiman_3-1024x683.jpeg\" alt=\"\" width=\"600\" height=\"400\" srcset=\"https:\/\/espai-marx.net\/wp-content\/uploads\/2024\/07\/Sde-Teiman_3-1024x683.jpeg 1024w, https:\/\/espai-marx.net\/wp-content\/uploads\/2024\/07\/Sde-Teiman_3-300x200.jpeg 300w, https:\/\/espai-marx.net\/wp-content\/uploads\/2024\/07\/Sde-Teiman_3-768x512.jpeg 768w, https:\/\/espai-marx.net\/wp-content\/uploads\/2024\/07\/Sde-Teiman_3-1536x1025.jpeg 1536w, https:\/\/espai-marx.net\/wp-content\/uploads\/2024\/07\/Sde-Teiman_3-1320x880.jpeg 1320w, https:\/\/espai-marx.net\/wp-content\/uploads\/2024\/07\/Sde-Teiman_3.jpeg 2048w\" sizes=\"auto, (max-width: 600px) 100vw, 600px\" \/><\/a><figcaption id=\"caption-attachment-15793\" class=\"wp-caption-text\">Miembros de la unidad Keter, una unidad de respuesta del servicio penitenciario israel\u00ed, vistos mientras los detenidos se ponen las manos en la cabeza, en una prisi\u00f3n del sur de Israel, 14 de febrero de 2024. (Chaim Goldberg\/Flash90)<\/figcaption><\/figure>\n<p>Desde su visita a Sde Teiman, Mahajneh ha sentido una profunda frustraci\u00f3n y rabia, pero sobre todo horror. \u00abLlevo 15 a\u00f1os en esta profesi\u00f3n&#8230; Nunca esper\u00e9 o\u00edr hablar de violaciones de presos ni de humillaciones de ese tipo. Y todo ello no con fines de interrogatorio <span data-dl-uid=\"36\" data-dl-original=\"true\" data-dl-translated=\"true\">\u2013<\/span>ya que a la mayor\u00eda de los presos s\u00f3lo se les interroga tras muchos d\u00edas de detenci\u00f3n<span data-dl-uid=\"36\" data-dl-original=\"true\" data-dl-translated=\"true\">\u2013<\/span>, sino como un acto de venganza. \u00bfPara vengarse de qui\u00e9n? Todos son ciudadanos, j\u00f3venes, adultos y ni\u00f1os. No hay miembros de Ham\u00e1s en Sde Teiman porque est\u00e1n en manos del Shabas [Servicio de Prisiones israel\u00ed]<span data-dl-uid=\"34\" data-dl-original=\"true\" data-dl-translated=\"true\">\u00bb<\/span>.<\/p>\n<p data-dl-uid=\"96\" data-dl-original=\"true\" data-dl-translated=\"true\"><span data-dl-uid=\"97\" data-dl-original=\"true\" data-dl-translated=\"true\">En su respuesta a las preguntas formuladas para este art\u00edculo, el ej\u00e9rcito israel\u00ed declar\u00f3: \u00abLas FDI rechazan las acusaciones de malos tratos sistem\u00e1ticos a los detenidos, incluso mediante violencia o tortura&#8230; Si es necesario, se abren investigaciones de la polic\u00eda militar cuando hay sospechas de un comportamiento inusual que lo justifique\u00bb. El ej\u00e9rcito neg\u00f3 las versiones de Arab y Mahajneh sobre privaciones, e insisti\u00f3 en que a los detenidos se les proporciona ropa y mantas suficientes, alimentos y agua (\u00abtres comidas al d\u00eda\u00bb), acceso a aseos y duchas (\u00abentre 7 y 10 minutos\u00bb), y otras comodidades.<\/span><\/p>\n<p data-dl-uid=\"98\" data-dl-original=\"true\" data-dl-translated=\"true\"><span data-dl-uid=\"99\" data-dl-original=\"true\" data-dl-translated=\"true\">El ej\u00e9rcito tambi\u00e9n a\u00f1adi\u00f3: \u00abDesde el comienzo de la guerra se han producido muertes de detenidos, incluidos detenidos que llegaron heridos del campo de batalla o en condiciones m\u00e9dicas problem\u00e1ticas. Cada muerte es investigada por la polic\u00eda militar. Al final de las investigaciones, sus conclusiones se remitir\u00e1n a la Fiscal\u00eda General Militar\u00bb.<\/span><\/p>\n<p data-dl-uid=\"107\" data-dl-original=\"true\" data-dl-translated=\"true\"><span data-dl-uid=\"108\" data-dl-original=\"true\" data-dl-translated=\"true\">Mahajneh transmiti\u00f3 un mensaje claro de Sde Teiman: \u00abMuhammad Arab y los dem\u00e1s presos del centro de detenci\u00f3n piden a la comunidad internacional y a los tribunales internacionales que act\u00faen para salvarlos. Es inconcebible que todo el mundo hable de los secuestrados israel\u00edes y nadie hable de los presos palestinos\u00bb.<\/span><\/p>\n<p data-dl-uid=\"109\" data-dl-original=\"true\" data-dl-translated=\"true\"><span data-dl-uid=\"110\" data-dl-original=\"true\" data-dl-translated=\"true\">Mahajneh no sabe qu\u00e9 le ocurri\u00f3 al periodista detenido tras su breve entrevista de 45 minutos. \u00ab\u00bfLe atacaron? \u00bfLe mataron? Pienso en ello todo el tiempo\u00bb.<\/span><\/p>\n<p data-dl-uid=\"111\" data-dl-original=\"true\" data-dl-translated=\"true\"><em data-dl-uid=\"112\" data-dl-original=\"true\" data-dl-translated=\"true\">\u00a0<\/em><\/p>\n<p data-dl-uid=\"124\" data-dl-original=\"true\" data-dl-translated=\"true\"><span style=\"font-size: 10pt;\">Baker Zoubi es un periodista de Kufr Misr que vive actualmente en Nazaret. Baker trabaja en el campo del periodismo desde 2010, al principio como reportero para medios de comunicaci\u00f3n \u00e1rabes locales y m\u00e1s tarde como editor del sitio web Bokra. En la actualidad, tambi\u00e9n trabaja como investigador y redactor para programas de televisi\u00f3n en los canales Makan y Musawa. Escribe y publica en su p\u00e1gina de Facebook diversos art\u00edculos de opini\u00f3n sobre pol\u00edtica y asuntos sociales relacionados con la sociedad palestina. Recientemente, tambi\u00e9n ha empezado a escribir para Local Call.<\/span><\/p>\n<p data-dl-uid=\"124\" data-dl-original=\"true\" data-dl-translated=\"true\">Fuente: <em>+972<\/em>, <span class=\"date\" data-dl-uid=\"25\" data-dl-original=\"true\" data-dl-translated=\"true\">27 de junio de 2024<\/span> (<a href=\"https:\/\/www.972mag.com\/sde-teiman-prisoners-lawyer-mahajneh\/\">https:\/\/www.972mag.com\/sde-teiman-prisoners-lawyer-mahajneh\/<\/a>)<\/p>\n","protected":false},"excerpt":{"rendered":"<p>\u00abLa situaci\u00f3n all\u00ed es m\u00e1s horrible que todo lo que hemos o\u00eddo sobre Abu Ghraib y Guant\u00e1namo\u00bb. As\u00ed describe Khaled<\/p>\n","protected":false},"author":5,"featured_media":15796,"comment_status":"open","ping_status":"open","sticky":false,"template":"","format":"standard","meta":{"footnotes":""},"categories":[1928],"tags":[],"class_list":["post-15792","post","type-post","status-publish","format-standard","has-post-thumbnail","hentry","category-palestina"],"aioseo_notices":[],"_links":{"self":[{"href":"https:\/\/espai-marx.net\/index.php?rest_route=\/wp\/v2\/posts\/15792","targetHints":{"allow":["GET"]}}],"collection":[{"href":"https:\/\/espai-marx.net\/index.php?rest_route=\/wp\/v2\/posts"}],"about":[{"href":"https:\/\/espai-marx.net\/index.php?rest_route=\/wp\/v2\/types\/post"}],"author":[{"embeddable":true,"href":"https:\/\/espai-marx.net\/index.php?rest_route=\/wp\/v2\/users\/5"}],"replies":[{"embeddable":true,"href":"https:\/\/espai-marx.net\/index.php?rest_route=%2Fwp%2Fv2%2Fcomments&post=15792"}],"version-history":[{"count":0,"href":"https:\/\/espai-marx.net\/index.php?rest_route=\/wp\/v2\/posts\/15792\/revisions"}],"wp:featuredmedia":[{"embeddable":true,"href":"https:\/\/espai-marx.net\/index.php?rest_route=\/wp\/v2\/media\/15796"}],"wp:attachment":[{"href":"https:\/\/espai-marx.net\/index.php?rest_route=%2Fwp%2Fv2%2Fmedia&parent=15792"}],"wp:term":[{"taxonomy":"category","embeddable":true,"href":"https:\/\/espai-marx.net\/index.php?rest_route=%2Fwp%2Fv2%2Fcategories&post=15792"},{"taxonomy":"post_tag","embeddable":true,"href":"https:\/\/espai-marx.net\/index.php?rest_route=%2Fwp%2Fv2%2Ftags&post=15792"}],"curies":[{"name":"wp","href":"https:\/\/api.w.org\/{rel}","templated":true}]}}