{"id":1582,"date":"2011-06-06T00:00:00","date_gmt":"2011-06-06T00:00:00","guid":{"rendered":"https:\/\/espai-marx.net\/?p=1582"},"modified":"2020-02-21T12:53:46","modified_gmt":"2020-02-21T11:53:46","slug":"de-barcelona-a-barein-cambiando-el-paisaje-hegemonico","status":"publish","type":"post","link":"https:\/\/espai-marx.net\/?p=1582","title":{"rendered":"De Barcelona a Bar\u00e9in: Cambiando el paisaje hegem\u00f3nico"},"content":{"rendered":"<p lang=\"es-ES\" style=\"margin-top: 0.16cm; margin-bottom: 0cm; background: #ffffff; font-weight: normal;\" align=\"JUSTIFY\"><i>El gobierno construye sus s\u00edmbolos y luego los tiene que derribar si el pueblo les da sus propios significados.<\/i><\/p>\n<p lang=\"es-ES\" style=\"margin-top: 0.16cm; margin-bottom: 0cm; background: #ffffff; font-weight: normal;\" align=\"CENTER\">\n<p class=\"western\" lang=\"es-ES\" style=\"margin-bottom: 0cm; background: #ffffff;\" align=\"RIGHT\">\n<p lang=\"es-ES\" style=\"margin-top: 0.42cm; margin-bottom: 0.42cm; background: #ffffff;\" align=\"JUSTIFY\">Cuando el Conseller de Interior de Catalunya intentaba justificar el violento desalojo de la acampada del movimiento 15-M de la Plaza de Catalunya el 27 de mayo, pas\u00f3 de decir, titubeando, que era por razones de \u201chigiene p\u00fablica\u201d a que era por si ganaba el Bar\u00e7a la Champions, y a, finalmente, pronunciar: \u201c\u2026es que no se pueden hacer acampadas en sitios p\u00fablicos\u201d.<\/p>\n<p lang=\"es-ES\" style=\"margin-top: 0.42cm; margin-bottom: 0.42cm; background: #ffffff;\" align=\"JUSTIFY\">Con esas palabras Puig puso en evidencia algo crucial sobre las acampadas de este movimiento (y de las de otros movimientos y pa\u00edses): que el espacio no es neutro.<\/p>\n<p lang=\"es-ES\" style=\"margin-top: 0.42cm; margin-bottom: 0.42cm; background: #ffffff;\" align=\"JUSTIFY\"><a name=\"_ednref1\"><\/a><a name=\"_ednref2\"><\/a> El espacio es una pieza central en la lucha de clases porque tiene un rol clave en los comportamientos y en la identidad social<u><a href=\"http:\/\/www.kaosenlared.net\/publica_noticia.php#_edn1\">[i]<\/a><\/u> y por eso hay un control tan f\u00e9rreo del mismo. El capitalismo ha sobrevivido ocupando espacio y produciendo espacio<u><a href=\"http:\/\/www.kaosenlared.net\/publica_noticia.php#_edn2\">[ii]<\/a><\/u>.<\/p>\n<p lang=\"es-ES\" style=\"margin-top: 0.42cm; margin-bottom: 0.42cm; background: #ffffff;\" align=\"JUSTIFY\"><a name=\"_ednref3\"><\/a><a name=\"_ednref4\"><\/a> El espacio social es el producto de una serie de acciones (la historia) que han dado permiso a ciertas acciones y han prohibido otras. La Plaza de Catalunya, para nombrar un ejemplo, ha tenido hasta ahora, el significado que el Poder intenta mantener: el centro de un parque tem\u00e1tico tur\u00edstico y comercial definido y promocionado por varias administraciones (\u201cBarcelona Marca Registrada\u201d<u><a href=\"http:\/\/www.kaosenlared.net\/publica_noticia.php#_edn3\">[iii]<\/a><\/u>), con sus numerosas alianzas en la industria privada, un espacio como mercanc\u00eda tur\u00edstica<u><a href=\"http:\/\/www.kaosenlared.net\/publica_noticia.php#_edn4\">[iv]<\/a><\/u>.<\/p>\n<p lang=\"es-ES\" style=\"margin-top: 0.42cm; margin-bottom: 0.42cm; background: #ffffff;\" align=\"JUSTIFY\"><a name=\"_ednref5\"><\/a><a name=\"_ednref6\"><\/a> Pero para que ese significado se mantenga y se reproduzca, el Estado necesita que los ciudadanos, sin posiblemente ser conscientes, sigan la ideolog\u00eda dominante y utilice la Plaza de Catalunya para eso: para el turismo y para comprar en los establecimientos que la rodean. Ese uso de la Plaza de Catalunya parece el bueno, el justo y correcto<u><a href=\"http:\/\/www.kaosenlared.net\/publica_noticia.php#_edn5\">[v]<\/a><\/u>, el de \u201ctoda la vida\u201d, el del \u201csentido com\u00fan\u201d<u><a href=\"http:\/\/www.kaosenlared.net\/publica_noticia.php#_edn6\">[vi]<\/a><\/u>.<\/p>\n<p lang=\"es-ES\" style=\"margin-top: 0.42cm; margin-bottom: 0.42cm; background: #ffffff;\" align=\"JUSTIFY\">Ese espacio se ha ido haciendo y nos ha ido haciendo a nosotros cada vez que lo utilizamos para lo establecido. Es como arrodillarse en una iglesia. \u00bfLa gente se arrodilla en ese edificio porque es una iglesia o es una iglesia porque la gente se arrodilla en ese edificio?<\/p>\n<p lang=\"es-ES\" style=\"margin-top: 0.42cm; margin-bottom: 0.42cm; background: #ffffff;\" align=\"JUSTIFY\"><a name=\"_ednref7\"><\/a> El Poder define qu\u00e9 significa un espacio, qui\u00e9n pertenece a \u00e9l, niega la diferencia y excluye a los que no llevan a cabo las acciones consideradas \u201cbuenas\u201d<u><a href=\"http:\/\/www.kaosenlared.net\/publica_noticia.php#_edn7\">[vii]<\/a><\/u> (por ejemplo: los sin techo que intentan dormir en plazas, parques, cajeros, etc.).<\/p>\n<p lang=\"es-ES\" style=\"margin-top: 0.42cm; margin-bottom: 0.42cm; background: #ffffff;\" align=\"JUSTIFY\"><a name=\"_ednref8\"><\/a> El Poder, a trav\u00e9s de sus formas varias, establece las normas y los l\u00edmites de los espacios<u><a href=\"http:\/\/www.kaosenlared.net\/publica_noticia.php#_edn8\">[viii]<\/a><\/u>. Las clasificaciones de los espacios son eficaces porque, casi siempre, funcionan por debajo de la conciencia y del lenguaje de los ciudadanos.<\/p>\n<p lang=\"es-ES\" style=\"margin-top: 0.42cm; margin-bottom: 0.42cm; background: #ffffff;\" align=\"JUSTIFY\"><a name=\"_ednref9\"><\/a> Pero hay momentos en los que las contradicciones se hacen demasiado obvias (altos niveles de personas sin hogar y sin empleo en una ciudad \u201cde moda\u201d), que existe la posibilidad de desenmascarar c\u00f3mo se produce el espacio<u><a href=\"http:\/\/www.kaosenlared.net\/publica_noticia.php#_edn9\">[ix]<\/a><\/u> y es a trav\u00e9s de articular esa clasificaci\u00f3n de los espacios como se puede cambiar el significado.<\/p>\n<p lang=\"es-ES\" style=\"margin-top: 0.42cm; margin-bottom: 0.42cm; background: #ffffff;\" align=\"JUSTIFY\">Esa articulaci\u00f3n se lleva a cabo cuando los ciudadanos dejan de excluirse a ellos mismos de esos espacios y los cuestionan con actividades que parecen \u201cfuera de sitio\u201d.<\/p>\n<p lang=\"es-ES\" style=\"margin-top: 0.42cm; margin-bottom: 0.42cm; background: #ffffff;\" align=\"JUSTIFY\">A medida de que el movimiento 15-M ha continuado su acampada en la Plaza de Catalunya, se ha ido redefiniendo el significado de ese espacio, de un espacio tur\u00edstico-comercial a uno de reflexi\u00f3n, di\u00e1logo, convivencia y de construcci\u00f3n de una nueva participaci\u00f3n de los excluidos.<\/p>\n<p lang=\"es-ES\" style=\"margin-top: 0.42cm; margin-bottom: 0.42cm; background: #ffffff;\" align=\"JUSTIFY\">La reacci\u00f3n del gobierno catal\u00e1n, a trav\u00e9s del Conseller Puig, a la redefinici\u00f3n de la Plaza de Catalunya ha sido violenta, pero a\u00fan m\u00e1s violenta y obvia ha sido la del gobierno de Bar\u00e9in.<\/p>\n<p lang=\"es-ES\" style=\"margin-top: 0.42cm; margin-bottom: 0.42cm; background: #ffffff;\" align=\"JUSTIFY\">En febrero de este a\u00f1o, miles de ciudadanos de Bar\u00e9in comenzaron una acampada en la Plaza de la Perla en Manama para exigir democracia y el fin de la monarqu\u00eda represiva.<\/p>\n<p lang=\"es-ES\" style=\"margin-top: 0.42cm; margin-bottom: 0.42cm; background: #ffffff;\" align=\"JUSTIFY\">En esa plaza, en 1982, el gobierno construy\u00f3 un gran monumento para el Tercer Encuentro del Consejo del Golfo que consist\u00eda en seis velas (representando a los seis estados miembros del Consejo) coronadas con una gran bola, una perla, que simbolizaba la larga historia de la perla en la econom\u00eda de Bar\u00e9in.<\/p>\n<p lang=\"es-ES\" style=\"margin-top: 0.42cm; margin-bottom: 0.42cm; background: #ffffff;\" align=\"JUSTIFY\">Tal importancia ten\u00eda el monumento que figuraba en la moneda de medio dinar. Era un s\u00edmbolo del gobierno.<\/p>\n<p lang=\"es-ES\" style=\"margin-top: 0.42cm; margin-bottom: 0.42cm; background: #ffffff;\" align=\"JUSTIFY\"><a name=\"_ednref10\"><\/a> Pero la Plaza de la Perla, como la Plaza Tahrir enEl Cairo, en s\u00f3lo un mes, lleg\u00f3 a significar la indignaci\u00f3n del pueblo de Bar\u00e9in hasta tal punto que el ministro de asuntos exteriores, Khalid bin Ahmed Al Kalifa dijo, despu\u00e9s de que el gobierno llevara a cabo la matanza y el desalojo en la Plaza de la Perla, que hab\u00eda que destruir el monumento porque traer\u00eda \u201cmalos recuerdos en el futuro\u201d y que se hab\u00eda \u201censuciado\u201d la imagen del monumento<u><a href=\"http:\/\/www.kaosenlared.net\/publica_noticia.php#_edn10\">[x]<\/a><\/u>.<\/p>\n<p lang=\"es-ES\" style=\"margin-top: 0.42cm; margin-bottom: 0.42cm; background: #ffffff;\" align=\"JUSTIFY\">El gobierno construye sus s\u00edmbolos y luego los tiene que derribar si el pueblo les da sus propios significados.<\/p>\n<p lang=\"es-ES\" style=\"margin-top: 0.42cm; margin-bottom: 0.42cm; background: #ffffff;\" align=\"JUSTIFY\">A medida que el movimiento 15-M en Catalunya se va afincando en los barrios, pueblos y ciudades, \u00bfqu\u00e9 significado mantendr\u00e1 la Plaza de Catalunya de la Acampada de los Indignados? Y \u00bfqu\u00e9 har\u00e1 el gobierno para intentar \u201cderribar\u201d ese nuevo significado?<\/p>\n<p lang=\"es-ES\" style=\"margin-top: 0.42cm; margin-bottom: 0.42cm; background: #ffffff;\" align=\"JUSTIFY\"><a name=\"_ednref11\"><\/a> El 2 de junio, en un reportaje sobre las continuas protestas en Bar\u00e9in, se puede ver a los manifestantes poniendo, en todos los espacios en los que protestan peque\u00f1as r\u00e9plicas de cart\u00f3n del Monumento de la Perla<u><a href=\"http:\/\/www.kaosenlared.net\/publica_noticia.php#_edn11\">[xi]<\/a><\/u>.<\/p>\n<p lang=\"es-ES\" style=\"margin-top: 0.42cm; margin-bottom: 0.42cm; background: #ffffff;\" align=\"JUSTIFY\">Son s\u00edmbolos port\u00e1tiles para cambiar el paisaje hegem\u00f3nico.<\/p>\n<p lang=\"es-ES\" style=\"margin-top: 0.42cm; margin-bottom: 0.42cm; background: #ffffff;\" align=\"JUSTIFY\">\n<p lang=\"es-ES\" style=\"margin-top: 0.42cm; margin-bottom: 0.42cm; background: #ffffff;\" align=\"JUSTIFY\"><a name=\"_edn1\"><\/a> <u><a href=\"http:\/\/www.kaosenlared.net\/publica_noticia.php#_ednref1\">[i]<\/a><\/u> Harvey D (2000), <i>Spaces of Hope<\/i>. Edinburgh: Edinburgh University Press.<\/p>\n<p lang=\"es-ES\" style=\"margin-top: 0.42cm; margin-bottom: 0.42cm; background: #ffffff;\" align=\"JUSTIFY\"><a name=\"_edn2\"><\/a> <u><a href=\"http:\/\/www.kaosenlared.net\/publica_noticia.php#_ednref2\">[ii]<\/a><\/u> Lefebvre H (1974) <i>La production de l&#8217;espace<\/i>, Paris: Anthropos.<\/p>\n<p lang=\"es-ES\" style=\"margin-top: 0.42cm; margin-bottom: 0.42cm; background: #ffffff;\" align=\"JUSTIFY\"><a name=\"_edn3\"><\/a> <u><a href=\"http:\/\/www.kaosenlared.net\/publica_noticia.php#_ednref3\">[iii]<\/a><\/u> Uni\u00f3 Temporal d\u2019Escribes (2004), <i>Barcelona Marca Registrada, Un model per desarmar<\/i>. Barcelona: Virus.<\/p>\n<p lang=\"es-ES\" style=\"margin-top: 0.42cm; margin-bottom: 0.42cm; background: #ffffff;\" align=\"JUSTIFY\"><a name=\"_edn4\"><\/a> <u><a href=\"http:\/\/www.kaosenlared.net\/publica_noticia.php#_ednref4\">[iv]<\/a><\/u> Benach N (2009). \u201cEl centro hist\u00f3rico de Barcelona bajo presi\u00f3n: flujos globales y derecho a la ciudad\u201d en Tello R y Quiroz H (eds.), <i>Ciudad y diferencia: G\u00e9nero, cotidianeidad y alternativas. <\/i>Barcelona: Ediciones Bellaterra.<\/p>\n<p lang=\"es-ES\" style=\"margin-top: 0.42cm; margin-bottom: 0.42cm; background: #ffffff;\" align=\"JUSTIFY\"><a name=\"_edn5\"><\/a> <u><a href=\"http:\/\/www.kaosenlared.net\/publica_noticia.php#_ednref5\">[v]<\/a><\/u> Cresswell T (1996), <i>In place\/out of place: geography, ideology, and transgression<\/i>. Minneapolis: University of Minnesota Press.<\/p>\n<p lang=\"es-ES\" style=\"margin-top: 0.42cm; margin-bottom: 0.42cm; background: #ffffff;\" align=\"JUSTIFY\"><a name=\"_edn6\"><\/a> <u><a href=\"http:\/\/www.kaosenlared.net\/publica_noticia.php#_ednref6\">[vi]<\/a><\/u> Gramsci dec\u00eda que un grupo no puede ser dominante si no define lo qu\u00e9 es el \u201csentido com\u00fan\u201d. Gramsci A (1981). <i>Cuadernos de la c\u00e1rcel. <\/i>M\u00e9xico D.F.: Ediciones Era.<\/p>\n<p lang=\"es-ES\" style=\"margin-top: 0.42cm; margin-bottom: 0.42cm; background: #ffffff;\" align=\"JUSTIFY\"><a name=\"_edn7\"><\/a> <u><a href=\"http:\/\/www.kaosenlared.net\/publica_noticia.php#_ednref7\">[vii]<\/a><\/u> Bourdieu P (1984). <i>Distinction: A Social Critique of the Judgement of Taste<\/i>. Traducci\u00f3n: Richard Nice. Cambridge, Massachussets: Harvard University Press.<\/p>\n<p lang=\"es-ES\" style=\"margin-top: 0.42cm; margin-bottom: 0.42cm; background: #ffffff;\" align=\"JUSTIFY\"><a name=\"_edn8\"><\/a> <u><a href=\"http:\/\/www.kaosenlared.net\/publica_noticia.php#_ednref8\">[viii]<\/a><\/u> Lefebvre, <i>Ibid.<\/i><\/p>\n<p lang=\"es-ES\" style=\"margin-top: 0.42cm; margin-bottom: 0.42cm; background: #ffffff;\" align=\"JUSTIFY\"><a name=\"_edn9\"><\/a> <u><a href=\"http:\/\/www.kaosenlared.net\/publica_noticia.php#_ednref9\">[ix]<\/a><\/u> Harvey, <i>Ibid.<\/i><\/p>\n<p lang=\"es-ES\" style=\"margin-top: 0.42cm; margin-bottom: 0.42cm; background: #ffffff;\" align=\"JUSTIFY\"><a name=\"_edn10\"><\/a> <u><a href=\"http:\/\/www.kaosenlared.net\/publica_noticia.php#_ednref10\">[x]<\/a><\/u> Associated Press, \u201cBahrain demolishes monument at Pearl Square\u201d, 18 de marzo del 2011.<\/p>\n<p lang=\"es-ES\" style=\"margin-top: 0.42cm; margin-bottom: 0.42cm; background: #ffffff;\" align=\"JUSTIFY\"><a name=\"_edn11\"><\/a> <u><a href=\"http:\/\/www.kaosenlared.net\/publica_noticia.php#_ednref11\">[xi]<\/a><\/u> Al Jazeera English Televisi\u00f3n, \u201cSecurity forces attack Bahraini protesters\u201d, 2 de junio del 2011.<\/p>\n<p class=\"western\" lang=\"es-ES\" style=\"margin-bottom: 0cm;\">\n","protected":false},"excerpt":{"rendered":"<p>El gobierno construye sus s\u00edmbolos y luego los tiene que derribar si el pueblo les da sus propios significados. Cuando<\/p>\n","protected":false},"author":9,"featured_media":1583,"comment_status":"open","ping_status":"open","sticky":false,"template":"","format":"standard","meta":{"footnotes":""},"categories":[14],"tags":[],"class_list":["post-1582","post","type-post","status-publish","format-standard","has-post-thumbnail","hentry","category-democracia-republica"],"aioseo_notices":[],"_links":{"self":[{"href":"https:\/\/espai-marx.net\/index.php?rest_route=\/wp\/v2\/posts\/1582","targetHints":{"allow":["GET"]}}],"collection":[{"href":"https:\/\/espai-marx.net\/index.php?rest_route=\/wp\/v2\/posts"}],"about":[{"href":"https:\/\/espai-marx.net\/index.php?rest_route=\/wp\/v2\/types\/post"}],"author":[{"embeddable":true,"href":"https:\/\/espai-marx.net\/index.php?rest_route=\/wp\/v2\/users\/9"}],"replies":[{"embeddable":true,"href":"https:\/\/espai-marx.net\/index.php?rest_route=%2Fwp%2Fv2%2Fcomments&post=1582"}],"version-history":[{"count":0,"href":"https:\/\/espai-marx.net\/index.php?rest_route=\/wp\/v2\/posts\/1582\/revisions"}],"wp:featuredmedia":[{"embeddable":true,"href":"https:\/\/espai-marx.net\/index.php?rest_route=\/wp\/v2\/media\/1583"}],"wp:attachment":[{"href":"https:\/\/espai-marx.net\/index.php?rest_route=%2Fwp%2Fv2%2Fmedia&parent=1582"}],"wp:term":[{"taxonomy":"category","embeddable":true,"href":"https:\/\/espai-marx.net\/index.php?rest_route=%2Fwp%2Fv2%2Fcategories&post=1582"},{"taxonomy":"post_tag","embeddable":true,"href":"https:\/\/espai-marx.net\/index.php?rest_route=%2Fwp%2Fv2%2Ftags&post=1582"}],"curies":[{"name":"wp","href":"https:\/\/api.w.org\/{rel}","templated":true}]}}