{"id":15849,"date":"2024-07-10T05:00:52","date_gmt":"2024-07-10T04:00:52","guid":{"rendered":"https:\/\/espai-marx.net\/?p=15849"},"modified":"2024-07-09T14:48:04","modified_gmt":"2024-07-09T13:48:04","slug":"paco-en-mientras-tanto","status":"publish","type":"post","link":"https:\/\/espai-marx.net\/?p=15849","title":{"rendered":"Paco en <i>mientras tanto<\/i>"},"content":{"rendered":"<p align=\"justify\"><span style=\"font-family: Times New Roman, serif;\"><span style=\"font-size: large;\"><span style=\"color: #000000;\">Con Paco Fern\u00e1ndez Buey nos conocimos en 1979, en el seminario de econ\u00f3micas y en el Comit\u00e9 Antinuclear de Catalu\u00f1a. Paco me propuso si quer\u00eda ayudar a la creaci\u00f3n de <\/span><span style=\"color: #000000;\"><i>mientras tanto<\/i><\/span><span style=\"color: #000000;\">: 5.000 pesetas. Dije que s\u00ed, \u00a1c\u00f3mo no! <\/span><\/span><\/span><\/p>\n<p align=\"justify\"><span style=\"color: #000000;\"><span style=\"font-family: Times New Roman, serif;\"><span style=\"font-size: large;\">Fuimos tres de Comisiones Obreras a la presentaci\u00f3n de la revista en el Centre de Treball i Documentaci\u00f3, en un d\u00eda lluvioso y de granizos tormentosos. Luego, sol\u00eda ayudar cuando hab\u00eda un n\u00famero que enviar. Ya he contado que se hac\u00eda todo con trabajo voluntario. Cuando viv\u00eda en Igualada, colaboraba repartiendo en bicicleta ejemplares de la revista, ahorrando los gastos de correos.<\/span><\/span><\/span><\/p>\n<p align=\"justify\"><span style=\"color: #000000;\"><span style=\"font-family: Times New Roman, serif;\"><span style=\"font-size: large;\">La redacci\u00f3n estaba compuesta por Giulia Adinolfi, Rafael Argullol, Maria-Jos\u00e9 Aubet, Miguel Candel, Antoni Dom\u00e8nech, Paco Fern\u00e1ndez Buey, Ram\u00f3n Garrabou y Manuel Sacrist\u00e1n.<\/span><\/span><\/span><\/p>\n<p align=\"justify\"><span style=\"color: #000000;\"><span style=\"font-family: Times New Roman, serif;\"><span style=\"font-size: large;\">De 1992 en adelante, estuve ya en Barcelona y ve\u00eda a Paco en cualquiera de los actos del CTD o de los antinucleares. Tambi\u00e9n coincid\u00edamos en un restaurante de Gracia, que frecuent\u00e1bamos a veces en los d\u00edas de env\u00edo de la revista. Pero mi militancia era el CANC: hice una veintena de charlas (o m\u00e1s) en Barcelona y ciudades de alrededores. Una vez se acerc\u00f3 un profesor y me dijo: \u00abEres del grupo de Manuel Sacrist\u00e1n\u00bb. Me dejo atontado. Y el otro, sonriendo, a\u00f1adi\u00f3: \u00abTienes su mismo lenguaje\u00bb. Tuve que darle la raz\u00f3n: le\u00eda y rele\u00eda algunos art\u00edculos \u2013de Paco, de Manuel, de Miguel Candel, etc\u00e9tera\u2014 para aprender despu\u00e9s <\/span><\/span><\/span><span style=\"color: #000000;\"><span style=\"font-family: Times New Roman, serif;\"><span style=\"font-size: large;\"><i>a dar las charlas<\/i><\/span><\/span><\/span><span style=\"color: #000000;\"><span style=\"font-family: Times New Roman, serif;\"><span style=\"font-size: large;\">. Despu\u00e9s vinieron los a\u00f1os de 1979 con <\/span><\/span><\/span><a href=\"https:\/\/es.wikipedia.org\/wiki\/MGM-31_Pershing\"><span style=\"font-family: Times New Roman, serif;\"><span style=\"font-size: large;\">Pershing<\/span><\/span><\/a><span style=\"color: #000000;\"><span style=\"font-family: Times New Roman, serif;\"><span style=\"font-size: large;\">\u00a0<\/span><\/span><\/span><span style=\"color: #000000;\"><span style=\"font-family: Times New Roman, serif;\"><span style=\"font-size: large;\"><i>II <\/i><\/span><\/span><\/span><span style=\"color: #000000;\"><span style=\"font-family: Times New Roman, serif;\"><span style=\"font-size: large;\">y\u00a0los <\/span><\/span><\/span><a href=\"https:\/\/es.wikipedia.org\/wiki\/Misil_de_crucero\"><span style=\"font-family: Times New Roman, serif;\"><span style=\"font-size: large;\">misiles de crucero<\/span><\/span><\/a><span style=\"color: #000000;\"><span style=\"font-family: Times New Roman, serif;\"><span style=\"font-size: large;\"> de la OTAN, y los del CANC nos reconvertimos en pacifistas.<\/span><\/span><\/span><\/p>\n<p align=\"justify\"><span style=\"font-family: Times New Roman, serif;\"><span style=\"font-size: large;\"><span style=\"color: #000000;\">En 1988, Enric Tello me propuso integrarme en <\/span><span style=\"color: #000000;\"><i>mientras tanto<\/i><\/span><span style=\"color: #000000;\">. Era algo que me colmaba tanto de alegr\u00eda \u2013era el lugar de <\/span><span style=\"color: #000000;\"><i>los maestros del comunismo<\/i><\/span><span style=\"color: #000000;\">\u2014 que dije inmediatamente que s\u00ed. Aunque algunas personas me advirtieron de que <\/span><span style=\"color: #000000;\"><i>uno<\/i><\/span><span style=\"color: #000000;\"> de los redactores hab\u00eda dicho que yo no era <\/span><span style=\"color: #000000;\"><i>m\u00e1s que un iletrado<\/i><\/span><span style=\"color: #000000;\">. <\/span><\/span><\/span><\/p>\n<p align=\"justify\"><span style=\"font-family: Times New Roman, serif;\"><span style=\"font-size: large;\"><span style=\"color: #000000;\">Entr\u00e9 en el n\u00famero 33, con Jos\u00e9 Antonio Est\u00e9vez Araujo, Josep Gonz\u00e1lez Calvet<\/span> <span style=\"color: #000000;\">y Albert Recio (al que conoc\u00eda del entierro de Manolo en Guils, de la Cerdanya). En la redacci\u00f3n, adem\u00e1s de Paco, estaban V\u00edctor R\u00edos (que hab\u00edan entrado en la redacci\u00f3n en el n\u00ba 4), Juan-Ram\u00f3n Capella (entra en el n\u00ba 5), Enric Tello (en el n\u00ba 12), Joaquim Sempere (en el n\u00ba 18, y desde el n\u00ba 20, asumi\u00f3 el trabajo de Neus), Jos\u00e9 Luis Gordillo (en el n\u00ba 34) y Antonio Izquierdo. Vera Sacrist\u00e1n hab\u00eda desaparecido (lamentablemente) en el n\u00famero anterior. Como las cenas, a las que nunca dimos la importancia simb\u00f3lica que ten\u00edan.<\/span><\/span><\/span><\/p>\n<p align=\"justify\"><span style=\"font-family: Times New Roman, serif;\"><span style=\"font-size: large;\"><span style=\"color: #000000;\">Por la redacci\u00f3n de la revista, desde las muertes de Giulia (1980) y Manolo (1985), hab\u00edan pasado infinidad de personas: veintitr\u00e9s hombres y nueve mujeres. Es harto evidente que no hab\u00eda mujeres en <\/span><span style=\"color: #000000;\"><i>mientras tanto<\/i><\/span><span style=\"color: #000000;\">. A muchos de ellos no les conoc\u00ed. A otros, un poco: Miguel Candel, V\u00edctor R\u00edos, Ram\u00f3n Garrabou (en la direcci\u00f3n del CTD) o Xavier Pedrol (que es qui\u00e9n me reescribe mis notas, llenas de erratas). Ahora lo pienso: \u00bfpor qu\u00e9 se fueron? Cada uno ten\u00eda sus razones. Pero con su desaparici\u00f3n se detectaba un problema persistente <\/span><span style=\"color: #000000;\">en<\/span><span style=\"color: #000000;\"> la redacci\u00f3n. Que no hemos sabido nunca solucionarlo (como ha sucedido con el asunto de la incorporaci\u00f3n de las mujeres). <\/span><\/span><\/span><\/p>\n<p align=\"justify\"><span style=\"font-family: Times New Roman, serif;\"><span style=\"font-size: large;\"><span style=\"color: #000000;\">No s\u00e9 desde cuando fue que yo asum\u00ed la tarea de escribir en un cuaderno el t\u00edtulo de los art\u00edculos que se iban a publicar. En el n\u00ba 70, se decidi\u00f3 crear una estructura doble entre <\/span><span style=\"color: #000000;\"><i>Consejo Editorial<\/i><\/span><span style=\"color: #000000;\"> y <\/span><span style=\"color: #000000;\"><i>Consejo de Redacci\u00f3n de esta entrega<\/i><\/span><span style=\"color: #000000;\">. A partir del n\u00ba 77 los env\u00edos de la revista pasaron a ser gestionados por la editorial Icaria. En el n\u00ba 85 (invierno 2002), sali\u00f3 el \u00faltimo art\u00edculo de Paco, <\/span><span style=\"color: #000000;\"><i>Sobre la desobediencia civil. <\/i><\/span><\/span><\/span><\/p>\n<p align=\"justify\"><span style=\"font-family: Times New Roman, serif;\"><span style=\"font-size: large;\"><span style=\"color: #000000;\">Poco despu\u00e9s, en 2003, Paco rompi\u00f3 definitivamente con <\/span><span style=\"color: #000000;\"><i>mientras tanto<\/i><\/span><span style=\"color: #000000;\">. Juan-Ram\u00f3n mont\u00f3 un rifirrafe con la publicaci\u00f3n del libro <\/span><span style=\"color: #000000;\"><i>M.<\/i><\/span><span style=\"color: #000000;\"><i>A.R.X. M\u00e1ximas, a<\/i><\/span><span style=\"color: #000000;\"><i>forismos <\/i><\/span><span style=\"color: #000000;\"><i>y <\/i><\/span><span style=\"color: #000000;\"><i>reflexiones con algunas variables libres<\/i><\/span><span style=\"color: #000000;\">, incitando a que alguien hiciera una rese\u00f1a negativa. (Yo no estuve en la reuni\u00f3n.) Cuando Paco se enter\u00f3 del foll\u00f3n \u2013pues segu\u00eda en la revista, pero no iba ya a las reuniones\u2014 envi\u00f3 su firme resoluci\u00f3n de que sacar\u00e1n su nombre de <\/span><span style=\"color: #000000;\"><i>mientras tanto. <\/i><\/span><span style=\"color: #000000;\">En el n\u00ba 90, Paco sa<\/span><span style=\"color: #000000;\">c\u00f3<\/span><span style=\"color: #000000;\"> su nombre del consejo editorial. <\/span><\/span><\/span><\/p>\n<p align=\"justify\"><span style=\"font-family: Times New Roman, serif;\"><span style=\"font-size: large;\"><span style=\"color: #000000;\">Pero antes del 2000 cuando se produjo el primer distanciamiento de Paco con la redacci\u00f3n de <\/span><span style=\"color: #000000;\"><i>mientras tanto<\/i><\/span><span style=\"color: #000000;\">, pero no estoy seguro. <\/span><\/span><\/span><\/p>\n<p align=\"justify\"><span style=\"font-family: Times New Roman, serif;\"><span style=\"font-size: large;\"><span style=\"color: #000000;\">Est\u00e1bamos en la mesa inmensa de la sala de reuniones de CTD. Paco estaba frente a m\u00ed, y Juan-Ram\u00f3n a su izquierda. Juan-Ram\u00f3n inici\u00f3 la pol\u00e9mica por la publicaci\u00f3n de un art\u00edculo de un tipo del Partido Comunista Portugu\u00e9s. Paco argument\u00f3 que si un texto val\u00eda la pena era l\u00f3gico publicarlo aunque no se compartiera completamente su contenido. La funci\u00f3n de la revista hab\u00eda de ser contribuir al debate en la izquierda. Entonces, empez\u00f3 una serie de intervenciones (creo recordar que mayoritariamente del grupo de los fil\u00f3sofos del Derecho) que eran <\/span><span style=\"color: #000000;\">subliminalmente<\/span><span style=\"color: #000000;\"> en contra de Paco<\/span><span style=\"color: #000000;\">. Paco se fue encrespando (yo ten\u00eda la cara de Paco y ve\u00eda c\u00f3mo se estaba cabreando por momentos). Entonces Quim Sempere, intervino tratando de entender la situaci\u00f3n y preguntando por los motivos de la discusi\u00f3n. Juan-Ram\u00f3n, con la cabeza inclinada, solt\u00f3 un exabrupto insolente (pero en voz baja). Quim, creo, que ni se enter\u00f3. Pero Paco s\u00ed lo hizo. Dej\u00f3 pasar unos momentos, para sosegarse, y despu\u00e9s dijo: <\/span><span style=\"color: #000000;\">\u00ab<\/span><span style=\"color: #000000;\"><i>Esto<\/i><\/span><span style=\"color: #000000;\"> es inaceptable. Aqu\u00ed os qued\u00e1is\u00bb. Se levant\u00f3 y se fue. No volvi\u00f3 jam\u00e1s. <\/span><\/span><\/span><\/p>\n<p align=\"justify\"><span style=\"font-family: Times New Roman, serif;\"><span style=\"font-size: large;\"><span style=\"color: #000000;\">Entonces, H\u00e9ctor C. Silveira, se dirigi\u00f3 hacia m\u00ed, tratando de encontrar respuestas sobre lo qu\u00e9 estaba ocurriendo. Recuerdo que m\u00e1s o menos mi razonamiento fue el siguiente: \u00abPara publicar un art\u00edculo en la revista, en teor\u00eda, se requiere la aprobaci\u00f3n de tres miembros de la redacci\u00f3n. Pero en la pr\u00e1ctica no siempre los art\u00edculos que se publican se comparten con todos los miembros. A m\u00ed, al menos, no siempre me llegan los art\u00edculos antes de la publicaci\u00f3n\u00bb. Y para que quedara claro lo que acababa de decir, enumer\u00e9 todos los art\u00edculos que yo no hab\u00eda conseguido leer hasta que el n\u00famero hab\u00eda salido a la venta. El rostro alucinado de H\u00e9ctor evidenciaron este d\u00eda los problemas de lo que estaba pasando en <\/span><span style=\"color: #000000;\"><i>mientras tanto<\/i><\/span><span style=\"color: #000000;\">. <\/span><\/span><\/span><\/p>\n<p align=\"justify\"><span style=\"color: #000000;\"><span style=\"font-family: Times New Roman, serif;\"><span style=\"font-size: large;\">Primero: la desaparici\u00f3n de <\/span><\/span><\/span><a href=\"https:\/\/dialnet.unirioja.es\/servlet\/autor?codigo=40434\"><span style=\"font-family: Times New Roman, serif;\"><span style=\"font-size: large;\">Antoni Dom\u00e8nech<\/span><\/span><\/a><span style=\"color: #000000;\"><span style=\"font-family: Times New Roman, serif;\"><span style=\"font-size: large;\"><b>,\u00a0<\/b><\/span><\/span><\/span><a href=\"https:\/\/dialnet.unirioja.es\/servlet\/autor?codigo=233412\"><span style=\"font-family: Times New Roman, serif;\"><span style=\"font-size: large;\">Jordi Guiu<\/span><\/span><\/a><span style=\"color: #000000;\"><span style=\"font-family: Times New Roman, serif;\"><span style=\"font-size: large;\"><b> y <\/b><\/span><\/span><\/span><a href=\"https:\/\/dialnet.unirioja.es\/servlet\/autor?codigo=146752\"><span style=\"font-family: Times New Roman, serif;\"><span style=\"font-size: large;\">F\u00e9lix Ovejero Lucas<\/span><\/span><\/a><span style=\"color: #000000;\"><span style=\"font-family: Times New Roman, serif;\"><span style=\"font-size: large;\"> con el articulo <\/span><\/span><\/span><span style=\"color: #000000;\"><span style=\"font-family: Times New Roman, serif;\"><span style=\"font-size: large;\"><i>13 tesis sobre el futuro de la izquierda<\/i><\/span><\/span><\/span><span style=\"color: #000000;\"><span style=\"font-family: Times New Roman, serif;\"><span style=\"font-size: large;\"> (n\u00ba 26). Este art\u00edculo cre\u00f3 una cierta <\/span><\/span><\/span><span style=\"color: #000000;\"><span style=\"font-family: Times New Roman, serif;\"><span style=\"font-size: large;\"><i>desconfianza<\/i><\/span><\/span><\/span><span style=\"color: #000000;\"><span style=\"font-family: Times New Roman, serif;\"><span style=\"font-size: large;\"> porqu\u00e9 hizo patente un tipo de desacuerdos en el seno de la redacci\u00f3n, hasta entonces inexistentes. Creo que fue entonces cuando se implant\u00f3 el criterio de que un texto ten\u00eda que ser aprobado, como m\u00ednimo, por tres redactores. (Pero, <\/span><\/span><\/span><span style=\"color: #000000;\"><span style=\"font-family: Times New Roman, serif;\"><span style=\"font-size: large;\"><i>si ya hab\u00eda tres redactores<\/i><\/span><\/span><\/span><span style=\"color: #000000;\"><span style=\"font-family: Times New Roman, serif;\"><span style=\"font-size: large;\">, no hab\u00eda necesidad de pas\u00e1rselo al conjunto de la redacci\u00f3n).<\/span><\/span><\/span><\/p>\n<p align=\"justify\"><span style=\"font-family: Times New Roman, serif;\"><span style=\"font-size: large;\"><span style=\"color: #000000;\">Eso gener\u00f3 ciertas tensiones. Recuerdo, por ejemplo, el texto <\/span><span style=\"color: #000000;\"><i>Por una alternativa verde en Europa &#8211; Manifiesto ecosocialista<\/i><\/span><span style=\"color: #000000;\"> (n\u00ba 41) publicado en 1990, del que se hizo una tirada m\u00e1s amplia que la habitual y que no se vendi\u00f3. (Durante a\u00f1os, he tenido pesadillas: de <\/span><span style=\"color: #000000;\"><i>alguien<\/i><\/span><span style=\"color: #000000;\"> que me ordenaba que me deshiciera de aquellos ejemplares.) <\/span><span style=\"color: #000000;\"><i>De locos<\/i><\/span><span style=\"color: #000000;\">.<\/span><\/span><\/span><\/p>\n<p align=\"justify\"><span style=\"color: #000000;\"><span style=\"font-family: Times New Roman, serif;\"><span style=\"font-size: large;\">Adem\u00e1s afloraba un problema generacional: los miembros mayores (comunistas) y los miembros menores (en general, sin ning\u00fan v\u00ednculo con los comunistas). Digo \u00aben general\u00bb porque yo segu\u00eda siendo comunista, por ejemplo.<\/span><\/span><\/span><\/p>\n<p align=\"justify\"><span style=\"font-family: Times New Roman, serif;\"><span style=\"font-size: large;\"><span style=\"color: #000000;\">Posiblemente \u2013con los matices que se quiera-, por debajo de ambos problemas subyac\u00eda la nueva situaci\u00f3n abierta en 1991 por el derrumbamiento de la URSS. En todo caso, el resultado en la redacci\u00f3n fue que Paco se marchara cabreado de <\/span><span style=\"color: #000000;\"><i>mientras tanto<\/i><\/span><span style=\"color: #000000;\"> y V\u00edctor R\u00edos se fuera a Madrid con Julio Anguita. <\/span><\/span><\/span><\/p>\n<p align=\"justify\"><span style=\"font-family: Times New Roman, serif;\"><span style=\"font-size: large;\"><span style=\"color: #000000;\">Y<\/span><span style=\"color: #000000;\">o me que qued\u00e9 en la <\/span><span style=\"color: #000000;\"><i>redacci\u00f3n demediada<\/i><\/span><span style=\"color: #000000;\"> porque ni sab\u00eda si Paco iba a volver (esto se vio mucho m\u00e1s tarde), y me deb\u00eda tambi\u00e9n a los lazos de Quim Sempere, Albert Recio y, porque no decirlo tambi\u00e9n, de Juan-Ram\u00f3n. <\/span><\/span><\/span><\/p>\n<p align=\"justify\"><span style=\"font-family: Times New Roman, serif;\"><span style=\"font-size: large;\"><span style=\"color: #000000;\">Han pasado muchos a\u00f1os. Paco muri\u00f3 (2012), la revista <\/span><span style=\"color: #000000;\"><i>mientras tanto<\/i><\/span><span style=\"color: #000000;\"> en papel pas\u00f3 a mejor vida (2014), y la <\/span><span style=\"color: #000000;\"><i>mientrastanto.org<\/i><\/span><span style=\"color: #000000;\"> ha alcanzado el n\u00famero 236, contando con los miembros de la revista anterior: Jos\u00e9 <\/span><span style=\"color: #000000;\">Antonio Est\u00e9vez Ara\u00fajo, Antonio Gim\u00e9nez, Jos\u00e9 Luis Gordillo,\u00a0Antonio Madrid y<\/span> <span style=\"color: #000000;\">Albert Recio. <\/span><\/span><\/span><\/p>\n<p align=\"justify\"><span style=\"font-family: Times New Roman, serif;\"><span style=\"font-size: large;\"><span style=\"color: #000000;\">No est\u00e1 mal, a pesar de los pesares. Aunque cuando estuvo Paco fue <\/span><span style=\"color: #000000;\"><i>mucho mejor<\/i><\/span><span style=\"color: #000000;\">. O as\u00ed lo siento yo. <\/span><\/span><\/span><\/p>\n<p align=\"justify\"><span style=\"font-family: Times New Roman, serif;\"><span style=\"font-size: large;\"><span style=\"color: #000000;\">[<\/span><span style=\"color: #000000;\"><i>La historia de <\/i><\/span><span style=\"color: #000000;\"><i><b>mientras tanto<\/b><\/i><\/span><span style=\"color: #000000;\"><i> es una favor que me hecho mi amigo Xavier Pedrol, al que le agradezco infinitamente <\/i><\/span><span style=\"color: #000000;\"><i>su apoyo<\/i><\/span><span style=\"color: #000000;\">.]<\/span><\/span><\/span><\/p>\n<p align=\"justify\"><span style=\"color: #000000;\"><span style=\"font-family: Times New Roman, serif;\"><span style=\"font-size: large;\">4-VII-2024<\/span><\/span><\/span><\/p>\n","protected":false},"excerpt":{"rendered":"<p>Con Paco Fern\u00e1ndez Buey nos conocimos en 1979, en el seminario de econ\u00f3micas y en el Comit\u00e9 Antinuclear de Catalu\u00f1a.<\/p>\n","protected":false},"author":5,"featured_media":12344,"comment_status":"open","ping_status":"open","sticky":false,"template":"","format":"standard","meta":{"footnotes":""},"categories":[19,1948,26],"tags":[],"class_list":["post-15849","post","type-post","status-publish","format-standard","has-post-thumbnail","hentry","category-cultura","category-francisco-fernandez-buey","category-historia-del-comunismo"],"aioseo_notices":[],"_links":{"self":[{"href":"https:\/\/espai-marx.net\/index.php?rest_route=\/wp\/v2\/posts\/15849","targetHints":{"allow":["GET"]}}],"collection":[{"href":"https:\/\/espai-marx.net\/index.php?rest_route=\/wp\/v2\/posts"}],"about":[{"href":"https:\/\/espai-marx.net\/index.php?rest_route=\/wp\/v2\/types\/post"}],"author":[{"embeddable":true,"href":"https:\/\/espai-marx.net\/index.php?rest_route=\/wp\/v2\/users\/5"}],"replies":[{"embeddable":true,"href":"https:\/\/espai-marx.net\/index.php?rest_route=%2Fwp%2Fv2%2Fcomments&post=15849"}],"version-history":[{"count":0,"href":"https:\/\/espai-marx.net\/index.php?rest_route=\/wp\/v2\/posts\/15849\/revisions"}],"wp:featuredmedia":[{"embeddable":true,"href":"https:\/\/espai-marx.net\/index.php?rest_route=\/wp\/v2\/media\/12344"}],"wp:attachment":[{"href":"https:\/\/espai-marx.net\/index.php?rest_route=%2Fwp%2Fv2%2Fmedia&parent=15849"}],"wp:term":[{"taxonomy":"category","embeddable":true,"href":"https:\/\/espai-marx.net\/index.php?rest_route=%2Fwp%2Fv2%2Fcategories&post=15849"},{"taxonomy":"post_tag","embeddable":true,"href":"https:\/\/espai-marx.net\/index.php?rest_route=%2Fwp%2Fv2%2Ftags&post=15849"}],"curies":[{"name":"wp","href":"https:\/\/api.w.org\/{rel}","templated":true}]}}