{"id":15878,"date":"2024-07-15T05:00:39","date_gmt":"2024-07-15T04:00:39","guid":{"rendered":"https:\/\/espai-marx.net\/?p=15878"},"modified":"2024-07-14T20:27:52","modified_gmt":"2024-07-14T19:27:52","slug":"euromiseria","status":"publish","type":"post","link":"https:\/\/espai-marx.net\/?p=15878","title":{"rendered":"Euromiseria"},"content":{"rendered":"<div class=\"entry-content\">\n<p>Las elecciones al Parlamento Europeo, las de Francia y Gran Breta\u00f1a, ilustran la dimensi\u00f3n de la euromiseria. En el pa\u00eds con la mas rica tradici\u00f3n social de Europa, donde la vida casi siempre fue mucho m\u00e1s llevadera y libre que en el resto, se disputa un regreso a Vichy. En la Gran Breta\u00f1a de rancia tradici\u00f3n parlamentaria e imperial, el cambio de figuras pronosticado por la derrota conservadora no cambia ni un \u00e1pice el asunto. La situaci\u00f3n en Alemania, por citar otro pa\u00eds de peso, va en la misma l\u00ednea. Estamos asistiendo al colapso del sistema pol\u00edtico europeo, como ocurri\u00f3 con la ola parda de los a\u00f1os treinta del pasado siglo.<\/p>\n<p>Incluso en el caso de que en Francia venciera el \u00abFrente Popular\u00bb, no estar\u00edamos ni a mitad del camino. La mitad de ese frente est\u00e1 compuesto por miembros del <em>Partido Neoliberal Unificado Europeo<\/em> (\u00absocialistas\u00bb y verdes), grandes responsables de haber llevado al pa\u00eds a su situaci\u00f3n actual. Los Faure, Hollande, Glucksmann, Starmer en Gran Breta\u00f1a, Scholz y Baerbock en Alemania, son t\u00edpicos ejemplares de la \u00ab<em>izquierda de derechas<\/em>\u00bb: sostenedores del capitalismo neoliberal, atlantistas y c\u00f3mplices de la repugnante masacre de Israel. Y hace a\u00f1os que sabemos que no se puede ser de izquierdas si se apoya el belicismo imperial y el orden socioecon\u00f3mico neoliberal, garant\u00eda de injusticia y desigualdad estructural. El resto, la genuina socialdemocracia de la <em>France Insoumise<\/em> de Melenchon (rid\u00edculamente tachada de \u00abizquierda radical\u00bb) est\u00e1 siendo tan demonizada por el periodismo t\u00f3xico de los magnates, que incluso si el tal milagro de una victoria se produjera, el callej\u00f3n sin salida est\u00e1 servido. Unicamente la aparici\u00f3n de ese \u00abpueblo\u00bb que invoca el reclamo \u00abFrente Popular\u00bb podr\u00eda cambiar las cosas en Francia.<\/p>\n<p><span id=\"more-1680\"><\/span>En su dram\u00e1tico art\u00edculo \u00bf<em><u>Qui\u00e9n defender\u00e1 a los ni\u00f1os bombardeados y hambrientos de Gaza en las elecciones del Reino Unido<\/u><\/em>?, Jonathan Cook, expone el estado de la cuesti\u00f3n: <a href=\"https:\/\/jonathancook.substack.com\/p\/who-will-champion-gazas-bombed-and\">Who will champion Gaza\u2019s bombed and starved children in the UK elections? (substack.com)<\/a><\/p>\n<p>\u2013<em>En los \u00faltimos nueve meses, las bombas israel\u00edes han matado oficialmente al menos a 15.500 ni\u00f1os palestinos, as\u00ed como a otros 22.000 adultos. El n\u00famero real de muertos es sin duda mucho mayor. Gaza, bombardeada hasta la Edad de Piedra por un liderazgo pol\u00edtico y militar israel\u00ed que lleva mucho tiempo prometiendo que su objetivo es la destrucci\u00f3n, perdi\u00f3 hace meses la capacidad de contar adecuadamente sus muertos<\/em>.<\/p>\n<p>\u2013<em>Save the Children revel\u00f3 esta semana que hay otros 21.000 ni\u00f1os desaparecidos, de los cuales se calcula que al menos 4.000 est\u00e1n enterrados bajo los edificios derrumbados<\/em>.<\/p>\n<p>\u2013<em>La semana pasada, <\/em><em>meses despu\u00e9s de que aquel enero en el que su alto tribunal dictaminara la plausibilidad de un genocidio, <\/em><em>una comisi\u00f3n independiente creada por la ONU concluy\u00f3 que, desde el 7 de octubre de 2023, Israel hab\u00eda aplicado en Gaza \u00abuna estrategia intencionada para causar el m\u00e1ximo da\u00f1o\u00bb, incluido \u00abun ataque intencionado y directo contra la poblaci\u00f3n civil\u00bb que equival\u00eda a una pol\u00edtica de \u00abexterminio\u00ab. <\/em><em>Chris Sidoti, investigador de la ONU, declar\u00f3 que su investigaci\u00f3n hab\u00eda demostrado que el ej\u00e9rcito israel\u00ed es \u00abuno de los ej\u00e9rcitos m\u00e1s criminales del mundo<\/em>\u00bb.<\/p>\n<p>\u00ab<em>Los cr\u00edmenes de guerra cometidos por Israel contra ni\u00f1os no tienen parang\u00f3n en los tiempos modernos, y superan a los cometidos el a\u00f1o pasado en la Rep\u00fablica Democr\u00e1tica del Congo, Myanmar, Somalia, Nigeria y Sud\u00e1n juntos\u00bb<\/em>, dice Cook.<\/p>\n<p>\u00ab<em>Israel<\/em>\u00bb, contin\u00faa, \u00ab<em>lleva d\u00e9cadas ocupando Gaza y 17 a\u00f1os bloqueando el enclave, negando a los ni\u00f1os de all\u00ed lo esencial de la vida, la libertad y una infancia. Israel los ha dejado, junto con sus familias, pudrirse en lo que ha equivalido a un gigantesco campo de concentraci\u00f3n. <\/em><em>Ahora, los est\u00e1 matando de hambre colectivamente dentro de su jaula despu\u00e9s de que Ham\u00e1s se sublevara en una brutal revuelta de un d\u00eda el 7 de octubre. Los ni\u00f1os de Gaza est\u00e1n siendo castigados por la negativa de Ham\u00e1s a seguir sirviendo indefinidamente como guardias de campos de concentraci\u00f3n<\/em>\u00bb.<\/p>\n<p>Lo que Cook describe representa el principal esc\u00e1ndalo internacional y humano de lo que llevamos de siglo. Pero no es tema para las elecciones que se celebran en Europa. No lo es para el nuevo directorio de guerra no electo, con la incompetente pero fiel a Estados Unidos Ursula von der Leyen al frente, el socialista Antonio Costa de comparsa y la estoniana Kaja Kallas dirigiendo una pol\u00edtica exterior euro-americana que apoya el loco proyecto de Brzezinsky de disolver Rusia en diversos estados. Tampoco lo ha sido para los pol\u00edticos laboristas apoyados por Murdoch que ganar\u00e1n las elecciones. Su partido expuls\u00f3 a su anterior l\u00edder, Jeremy Corbyn, precisamente por defender los derechos de los palestinos. Fue acusado de \u00abantisemita\u00bb de la misma forma en que lo es en Francia Jean-Luc Melenchon, por el mismo delito y la misma corrupta toxicidad medi\u00e1tica. Para la mitad del \u00abFrente Popular\u00bb franc\u00e9s ese esc\u00e1ndalo tampoco es tema, m\u00e1s all\u00e1 de la mera declaraci\u00f3n de condena de las \u00abmasacres terroristas\u00bb de Hamas y del ritual llamamiento a \u00abimponer un alto el fuego inmediato\u00bb y a respetar \u00abla ordenanza de la Corte Internacional de Justicia que evoca sin ambig\u00fcedades un riesgo de genocidio\u00bb.<\/p>\n<p>Es importante que no ganen los neofascistas de Vichy en Francia, pero eso no remediar\u00e1 la actual euromiseria expuesta por toda esa galer\u00eda de pol\u00edticos c\u00f3mplices de la gran masacre de Palestina. Cada vez se hace m\u00e1s claro que la Uni\u00f3n Europea, ese conglomerado de viejas potencias coloniales y pa\u00edses perif\u00e9ricos, todos ellos vasallos del imperio de Estados Unidos, gobernado por la Comisi\u00f3n, la OTAN y el Banco Central Europeo, forma parte del problema. Su enfermedad es irremediable. Su evoluci\u00f3n demuestra el colapso moral de su sistema pol\u00edtico. El contraste entre su discurso de<em> valores y democracia<\/em> y su miserable realidad es tan crudo y flagrante para el resto del mundo que permite cuestionar su pretendida superioridad moral sobre las denostadas <em>oligarqu\u00edas <\/em><em>sociales<\/em> de Rusia y China, contra las que se arma en busca del tercer gran incendio b\u00e9lico.<\/p>\n<p>Fuente: <em>Ctxt<\/em>, 4 de julio de 2024 (<a href=\"https:\/\/ctxt.es\/es\/20240701\/Politica\/46920\/Rafael-Poch-euromiseria-colapso-moral-elecciones-Europa-Gaza.htm\">https:\/\/ctxt.es\/es\/20240701\/Politica\/46920\/Rafael-Poch-euromiseria-colapso-moral-elecciones-Europa-Gaza.htm<\/a>)<\/p>\n<\/div>\n","protected":false},"excerpt":{"rendered":"<p>Las elecciones al Parlamento Europeo, las de Francia y Gran Breta\u00f1a, ilustran la dimensi\u00f3n de la euromiseria. En el pa\u00eds<\/p>\n","protected":false},"author":5,"featured_media":15879,"comment_status":"open","ping_status":"open","sticky":false,"template":"","format":"standard","meta":{"footnotes":""},"categories":[41,1548],"tags":[],"class_list":["post-15878","post","type-post","status-publish","format-standard","has-post-thumbnail","hentry","category-europa","category-politica"],"aioseo_notices":[],"_links":{"self":[{"href":"https:\/\/espai-marx.net\/index.php?rest_route=\/wp\/v2\/posts\/15878","targetHints":{"allow":["GET"]}}],"collection":[{"href":"https:\/\/espai-marx.net\/index.php?rest_route=\/wp\/v2\/posts"}],"about":[{"href":"https:\/\/espai-marx.net\/index.php?rest_route=\/wp\/v2\/types\/post"}],"author":[{"embeddable":true,"href":"https:\/\/espai-marx.net\/index.php?rest_route=\/wp\/v2\/users\/5"}],"replies":[{"embeddable":true,"href":"https:\/\/espai-marx.net\/index.php?rest_route=%2Fwp%2Fv2%2Fcomments&post=15878"}],"version-history":[{"count":0,"href":"https:\/\/espai-marx.net\/index.php?rest_route=\/wp\/v2\/posts\/15878\/revisions"}],"wp:featuredmedia":[{"embeddable":true,"href":"https:\/\/espai-marx.net\/index.php?rest_route=\/wp\/v2\/media\/15879"}],"wp:attachment":[{"href":"https:\/\/espai-marx.net\/index.php?rest_route=%2Fwp%2Fv2%2Fmedia&parent=15878"}],"wp:term":[{"taxonomy":"category","embeddable":true,"href":"https:\/\/espai-marx.net\/index.php?rest_route=%2Fwp%2Fv2%2Fcategories&post=15878"},{"taxonomy":"post_tag","embeddable":true,"href":"https:\/\/espai-marx.net\/index.php?rest_route=%2Fwp%2Fv2%2Ftags&post=15878"}],"curies":[{"name":"wp","href":"https:\/\/api.w.org\/{rel}","templated":true}]}}