{"id":1588,"date":"2011-06-06T00:00:00","date_gmt":"2011-06-06T00:00:00","guid":{"rendered":"https:\/\/espai-marx.net\/?p=1588"},"modified":"2020-02-21T12:56:00","modified_gmt":"2020-02-21T11:56:00","slug":"democracia-real-todavia-no","status":"publish","type":"post","link":"https:\/\/espai-marx.net\/?p=1588","title":{"rendered":"Democracia real, todav\u00eda no"},"content":{"rendered":"<p class=\"western\" lang=\"es-ES\" style=\"margin-top: 0.21cm; margin-bottom: 0cm; background: #ffffff;\" align=\"JUSTIFY\"><b>Bravo muchachos<\/b>. Ya me sorprend\u00eda que no acabarais saltando un d\u00eda. Pero todo tiene sus ritmos, y la indignaci\u00f3n social tambi\u00e9n. No comparto eso de democracia real \u201cya\u201d, porque tardar\u00e1 bastante. Pero agradezco vuestra proclama de que nuestra democracia es profundamente irreal, casi s\u00f3lo virtual. Quienes os critican desde sus butacas dicen que \u201cno propon\u00e9is soluciones\u201d, sin darse cuenta de que est\u00e1is haciendo un diagn\u00f3stico muy exacto. Y que, como pas\u00f3 con el sida o con el c\u00e1ncer, s\u00f3lo cuando se tiene el diagn\u00f3stico podemos comenzar a buscar el remedio o la vacuna.<\/p>\n<p class=\"western\" lang=\"es-ES\" style=\"margin-top: 0.21cm; margin-bottom: 0cm; background: #ffffff;\" align=\"JUSTIFY\"><b>Hab\u00e9is comprendido en vuestras carnes que este capitalismo global es incompatible con la democracia<\/b> y que, de seguir por \u00e9l, nos encaminamos no s\u00f3lo a crisis sucesivas, a niveles masivos de paro y a generaciones perdidas como la vuestra, sino a una forma de fascismo permisivo.<b> Nuestra democracia es irreal porque no puede haber aut\u00e9ntica democracia pol\u00edtica sin democracia econ\u00f3mica y, en el campo econ\u00f3mico, vivimos bajo la dictadura de \u201clos mercados\u201d<\/b>.<\/p>\n<p class=\"western\" lang=\"es-ES\" style=\"margin-top: 0.21cm; margin-bottom: 0cm; background: #ffffff;\" align=\"JUSTIFY\">Soy de los que creen que mejorar\u00e1n algo las cosas cuando gobierne el PP: pero no porque tenga un mejor programa econ\u00f3mico (demasiado tiempo llevamos viendo que no tiene ninguno), sino porque entonces los poderes econ\u00f3micos aflojar\u00e1n, los grifos financieros abrir\u00e1n un poco la mano del cr\u00e9dito, y aceptar\u00e1n correr alg\u00fan riesgo a cambio de asegurar un gobierno perpetuo de la derecha. Luego, tras los primeros \u00e9xitos aparentes en las cifras de paro y de crecimiento, ya <b>se encargar\u00e1n de imponer sucesivos pasos hacia el desmonte del estado del bienestar<\/b>: privatizaciones de la salud y dem\u00e1s bocados apetitosos. Y entonces ser\u00e1 la hora del palo.<\/p>\n<p class=\"western\" lang=\"es-ES\" style=\"margin-top: 0.21cm; margin-bottom: 0cm; background: #ffffff;\" align=\"JUSTIFY\">Supongo que conoc\u00e9is un escrito ejemplar de<b> Julio Anguita<\/b> renunciando a su pensi\u00f3n como ex-diputado porque \u201ccon la pensi\u00f3n como maestro ya se puede vivir suficientemente\u201d. Carta que, a su tiempo, compararon algunos con los emolumentos que Aznar o Felipe Gonz\u00e1lez a\u00f1aden a sus \u201cmodestas\u201d pensiones de ex-presidentes. Y que a otros les mereci\u00f3 el comentario de que Anguita ser\u00e1 un buen hombre \u201cpero desfasado\u201d. Sin percibir que diciendo eso echaban piedras a su propio tejado: porque reconoc\u00edan que la honradez es algo desfasado en un sistema como el nuestro.<\/p>\n<p class=\"western\" lang=\"es-ES\" style=\"margin-top: 0.21cm; margin-bottom: 0cm; background: #ffffff;\" align=\"JUSTIFY\">Como lo muestra la presencia de corruptos en todas las listas y que los partidos no reaccionen elimin\u00e1ndolos sino pretendiendo que los otros tienen m\u00e1s. Como lo demuestra la obscena negativa a reformar una ley electoral que les asegura la poltrona por muy enemigos que parezcan entre s\u00ed. Como lo demuestra tambi\u00e9n el bueno de E. Abidal que, tras una experiencia en que vio la muerte de cerca, comprende que en la vida hay cosas m\u00e1s humanas y m\u00e1s importantes que el dinero y vende sus coches para dar limosnas a enfermos y hospitales; pero no se da cuenta de que de este modo no hace m\u00e1s que agravar la crisis porque si todos hacen lo mismo, baja la venta de coches y nuestra econom\u00eda no remonta. Que <b>nuestro sistema s\u00f3lo puede funcionar malgastando; y s\u00f3lo sabe producir mucho a base de repartir muy poco<\/b>.<\/p>\n<p class=\"western\" lang=\"es-ES\" style=\"margin-top: 0.21cm; margin-bottom: 0cm; background: #ffffff;\" align=\"JUSTIFY\">Por eso vosotros hab\u00e9is dicho muy bien que <b>no sois anti-sistema sino alter-sistema<\/b>. Mucho m\u00e1s cuando hemos visto c\u00f3mo, pasado el primer terror que despert\u00f3 la crisis, no se ha cumplido absolutamente nada de aquello de \u201crefundar el capitalismo\u201d que prometieron cuando les embargaba el p\u00e1nico: ni supresi\u00f3n de para\u00edsos fiscales, ni tasa Tobin\u2026 \u201c\u00a1Es que son cosas muy dif\u00edciles!\u201d. Como si no fuera m\u00e1s dif\u00edcil a\u00fan combatir al Sida cuando estall\u00f3 y ni sab\u00edamos lo que era. Pero claro: el sida podr\u00eda afectarles tambi\u00e9n a ellos. Ah\u00ed ten\u00e9is al se\u00f1or DSK y al FMI que levantan un esc\u00e1ndalo por una (supuesta o real) violaci\u00f3n de una camarera, cuando llevan a\u00f1os violando poblaciones enteras de pa\u00edses pobres sin esc\u00e1ndalo de nadie.<\/p>\n<p class=\"western\" lang=\"es-ES\" style=\"margin-top: 0.21cm; margin-bottom: 0cm; background: #ffffff;\" align=\"JUSTIFY\">Tengo suficientes a\u00f1os como para que estas palabras cobren cierto car\u00e1cter de testamento. Permitidme pues sugerir algunos horizontes para vuestro trabajo futuro. En primer lugar, <b>no acept\u00e9is la palabra de nadie que no haya visto y palpado la crisis de cerca<\/b>: que no conozca esos rostros tristes de ni\u00f1os hambrientos, ni la desesperaci\u00f3n de las madres cuando oyen llorar de hambre al ni\u00f1o; que no haya visto la mirada baja del se\u00f1or en paro cr\u00f3nico que no se atreve ni a levantar la vista porque se culpabiliza \u00e9l de lo que pasa a su familia; a nadie que no haya puesto los pies con cierta asiduidad en lugares como la Mina de Barcelona, la Ca\u00f1ada real de Madrid y otros semejantes.<\/p>\n<p class=\"western\" lang=\"es-ES\" style=\"margin-top: 0.21cm; margin-bottom: 0cm; background: #ffffff;\" align=\"JUSTIFY\">En segundo lugar dos consejos del Nuevo Testamento (al que no creo que conozc\u00e1is mucho, pero eso ahora importa menos): \u201cLa ra\u00edz de todos los males es la pasi\u00f3n por el dinero\u201d (1 Tim 6,10): sabia constataci\u00f3n hecha hace veinte siglos y mucho m\u00e1s valiosa en la actual estructura econ\u00f3mica. A esa observaci\u00f3n a\u00f1ad\u00eda san Pablo que deb\u00e9is \u201ctrabajar vuestra liberaci\u00f3n con temor y temblor\u201d: porque vais a tener no s\u00f3lo muchos enemigos sino inevitables problemas o divisiones entre vosotros, y las t\u00edpicas tentaciones de incoherencia propias de nuestra pasta humana. Pero sab\u00e9is ya que <b>la \u00fanica posible soluci\u00f3n de nuestro mundo es lo que el m\u00e1rtir Ignacio Ellacur\u00eda llamaba \u201cuna civilizaci\u00f3n de la sobriedad compartida\u201d<\/b>. Porque por el camino que vamos se incuba un doble terrorismo (pol\u00edtico y ecol\u00f3gico) que un d\u00eda acabar\u00e1 con nosotros.<\/p>\n<p class=\"western\" lang=\"es-ES\" style=\"margin-top: 0.21cm; margin-bottom: 0cm; background: #ffffff;\" align=\"JUSTIFY\">Gracias, \u00e1nimo y mucha paciencia.<\/p>\n","protected":false},"excerpt":{"rendered":"<p>Bravo muchachos. Ya me sorprend\u00eda que no acabarais saltando un d\u00eda. Pero todo tiene sus ritmos, y la indignaci\u00f3n social<\/p>\n","protected":false},"author":9,"featured_media":0,"comment_status":"open","ping_status":"open","sticky":false,"template":"","format":"standard","meta":{"footnotes":""},"categories":[14,13],"tags":[],"class_list":["post-1588","post","type-post","status-publish","format-standard","hentry","category-democracia-republica","category-la-izquierda-a-debate"],"aioseo_notices":[],"_links":{"self":[{"href":"https:\/\/espai-marx.net\/index.php?rest_route=\/wp\/v2\/posts\/1588","targetHints":{"allow":["GET"]}}],"collection":[{"href":"https:\/\/espai-marx.net\/index.php?rest_route=\/wp\/v2\/posts"}],"about":[{"href":"https:\/\/espai-marx.net\/index.php?rest_route=\/wp\/v2\/types\/post"}],"author":[{"embeddable":true,"href":"https:\/\/espai-marx.net\/index.php?rest_route=\/wp\/v2\/users\/9"}],"replies":[{"embeddable":true,"href":"https:\/\/espai-marx.net\/index.php?rest_route=%2Fwp%2Fv2%2Fcomments&post=1588"}],"version-history":[{"count":0,"href":"https:\/\/espai-marx.net\/index.php?rest_route=\/wp\/v2\/posts\/1588\/revisions"}],"wp:attachment":[{"href":"https:\/\/espai-marx.net\/index.php?rest_route=%2Fwp%2Fv2%2Fmedia&parent=1588"}],"wp:term":[{"taxonomy":"category","embeddable":true,"href":"https:\/\/espai-marx.net\/index.php?rest_route=%2Fwp%2Fv2%2Fcategories&post=1588"},{"taxonomy":"post_tag","embeddable":true,"href":"https:\/\/espai-marx.net\/index.php?rest_route=%2Fwp%2Fv2%2Ftags&post=1588"}],"curies":[{"name":"wp","href":"https:\/\/api.w.org\/{rel}","templated":true}]}}