{"id":15919,"date":"2024-07-21T05:00:45","date_gmt":"2024-07-21T04:00:45","guid":{"rendered":"https:\/\/espai-marx.net\/?p=15919"},"modified":"2024-07-23T07:04:17","modified_gmt":"2024-07-23T06:04:17","slug":"entre-filosofos-republicanos-en-el-exilio","status":"publish","type":"post","link":"https:\/\/espai-marx.net\/?p=15919","title":{"rendered":"Entre fil\u00f3sofos republicanos en el exilio"},"content":{"rendered":"<p>Rese\u00f1a de Mar\u00eda Zambrano-Jos\u00e9 Ferrater, <i>Epistolario 1944-1947<\/i>, Sevilla: Renacimiento, 2022 (edici\u00f3n de Miguel Osset Hern\u00e1ndez)<\/p>\n<p><a href=\"https:\/\/espai-marx.net\/wp-content\/uploads\/2024\/07\/Epistolario-zambrano-ferrater.jpg\"><img loading=\"lazy\" decoding=\"async\" class=\"alignleft wp-image-15920\" src=\"https:\/\/espai-marx.net\/wp-content\/uploads\/2024\/07\/Epistolario-zambrano-ferrater.jpg\" alt=\"\" width=\"200\" height=\"280\" srcset=\"https:\/\/espai-marx.net\/wp-content\/uploads\/2024\/07\/Epistolario-zambrano-ferrater.jpg 229w, https:\/\/espai-marx.net\/wp-content\/uploads\/2024\/07\/Epistolario-zambrano-ferrater-214x300.jpg 214w\" sizes=\"auto, (max-width: 200px) 100vw, 200px\" \/><\/a>La Habana fue lugar de encuentro. As\u00ed escrib\u00eda Ferrater Mora en un art\u00edculo escrito antes de su fallecimiento (30 de enero de 1991) y publicado en <i>La Vanguardia<\/i> al d\u00eda siguiente de la muerte de Mar\u00eda Zambrano (6 de febrero de 1991): \u00abConoc\u00ed a Mar\u00eda Zambrano hace muchos a\u00f1os, un poco m\u00e1s de medio siglo en La Habana. Nos hicimos amigos de inmediato y nuestra amistad continu\u00f3 inamovible, a trav\u00e9s del tiempo.\u00bb El editor, Miguel Osset Hern\u00e1ndez, da cuento de ello en la magn\u00edfica introducci\u00f3n que ha escrito para esta correspondencia entre dos grandes fil\u00f3sofos espa\u00f1oles republicanos (incluye tambi\u00e9n una breve carta de Ferrater Mora enviada Alfonso Rodr\u00edguez Aldave, marido de Zambrano) cuya lectura, como puede imaginar el lector, es absolutamente recomendable, iluminadora de una de las m\u00faltiples caras de lo que ha sido la filosof\u00eda espa\u00f1ola, esa gran desconocida entre nosotros (incluidas muchas Facultades de Filosof\u00eda espa\u00f1olas).<\/p>\n<p>Un apunte sobre el editor, tambi\u00e9n anotador, injustamente desconocido para este rese\u00f1ador. Miquel Osset Hern\u00e1ndez (1961) es doctor en Bioqu\u00edmica y en Filolog\u00eda Hisp\u00e1nica. Directivo es varias empresas internacionales del sector qu\u00edmico, es autor tambi\u00e9n un numeroso conjunto de poemarios, libros infantiles y libros de divulgaci\u00f3n sobre Derechos Humanos. Ex presidente de Amnisty International Catalunya (1995-1998) es fundador de Proteus libros, una editorial especializada en la divulgaci\u00f3n de la \u00e9tica (especialmente entre los ni\u00f1os). Reside en La Habana y en sus \u00faltimos a\u00f1os se ha dedicado al estudio del exilio republicano espa\u00f1ol en Cuba.<\/p>\n<p>El epistolario se abre con una carta de Mar\u00eda Zambrano al \u00abamigo Ferrater\u00bb fechada en La Habana, el 18 de diciembre de 1944, y se cierra con otra de Zambrano dirigida a \u00abMi bueno y siempre estimado amigo Ferrater Mora\u00bb fechada en La Piece, el de febrero de 1967. La pen\u00faltima es una carta de Ferrater Mora a su \u00abQuerida Mar\u00eda Zambrano\u00bb, enviada desde el Departamento de Filosof\u00eda del Bryn Mawr College, 9 de abril de 1966. En total, 38 cartas de una extensi\u00f3n media de tres p\u00e1ginas.<\/p>\n<p>No crean que el exilio o la situaci\u00f3n pol\u00edtica espa\u00f1ola en el interior es tem\u00e1tica omnipresente en estas p\u00e1ginas, tem\u00e1tica \u00fanica. Nada de eso. La filosof\u00eda en el puesto de mando, como no pod\u00eda ser menos. Algunos ejemplos para abrir el apetito lector:<\/p>\n<p>1. \u00abEspero que prosiga su Unamuno, su di\u00e1logo con \u00e9l y en torno a \u00e9l, entrando en su poes\u00eda y en su novela, aunque desde luego ya ha entrado, pues no ha hecho usted an\u00e1lisis de la obra, sino descubrimiento de la tragedia que hay en el hombre que las ha escrito. Si usted estuviera aqu\u00ed hablar\u00edamos, creo, interminablemente del tema, aunque, seg\u00fan le digo, est\u00e1 soterrado en m\u00ed ahora pero Unamuno siempre levanta algo nuevo, siempre se le ve como por primera vez y esto tambi\u00e9n he de agradecer a su libro: hacerme ver y sentir nuevamente a Don Miguel\u00bb. (De MZ a FM, 18\/IX\/1944).<\/p>\n<p>2. \u00abNo tengo que decirle cu\u00e1ndo me alegra lo que me dice usted de mi ensayo sobre la muerte ; su juicio me importaba mucho y de \u00e9l depend\u00eda en una buena parte que uo pensara proseguirlo. Seguir\u00e1, as\u00ed, pensando en \u00e9l, pero me temo que \u2013en parte por temor al mismo problema, en parte tambi\u00e9n porque los quehaceres que uno tiene no suelen coincidir con el verdadero quehacer de uno\u2013 tarde todav\u00eda un poco en seguir trabaj\u00e1ndolo.\u00bb (De FM a MZ, 7\/XI\/1945).<\/p>\n<p>3. \u00abPorque estoy encantada en Par\u00eds, pero no es posible ganarse la vida y lo de Espa\u00f1a se aleja hasta el l\u00edmite perceptible de nuestra previsi\u00f3n, m\u00e1s all\u00e1 del cual llamamos a los mortales, infinito. S\u00ed, Ferrater, desde aqu\u00ed cerca de Espa\u00f1a y de las canciller\u00edas europeas se ve que no hay soluciones para nosotros; la Historia tiene la mala costumbre de medir el tiempo en medida inadeucada a la modesta vida de los Hombres; parece producirse como el espect\u00e1culo de alg\u00fan Dios \u2013modesto\u2013 o tit\u00e1n que se divierta con nuestra desventura, pues si la Historia fuese humana su ritmo ser\u00eda el de los hombres y ya se ve.\u00bb (de MZ a FM, 4\/VIII\/1947).<\/p>\n<p>4. \u00abLo que me dice sobre su volumen de ensayos en Gallimard me ha alegrado mucho. Por dos motivos: primero, por ser un libro suyo, tambi\u00e9n, porque me causa alegr\u00eda ver que de vez en cuando (\u00a1ay!, muy de vez en cuando) algo nuestro puede llegar a manos no hispanas. Ya hemos hablado varias veces con usted sobre esto; en ocasiones uno llega a pensar si no habr\u00e1 una extra\u00f1a y absurda conspiraci\u00f3n de silencio que hace que tantas cosas casi est\u00fapidas alcancen difusi\u00f3n (inclusive en los mejores c\u00edruclos de cada pa\u00eds; no hablo de la popularizaci\u00f3n de lo popularizable), y que, en cambio, muchas cosas en espa\u00f1ol, que dicen lo que nadie dice, permanezcan confinadas en nuestra zona que, claro est\u00e1, es amplia, pero en fin.\u00bb (De FM a MZ, 19\/VIII\/1951).<\/p>\n<p>Para futuras reediciones, convendr\u00eda un \u00edndice onom\u00e1stico (de indudable ayuda para el lector interesado en determinados autores) y acaso una indicaci\u00f3n en el \u00edndice del libro (aunque sea extenso) de las cartas incluidas. Tal como est\u00e1, con la indicaci\u00f3n de la Introducci\u00f3n y sus apartados y Epistolario, resulta extra\u00f1o.<\/p>\n<p>Fuente: <i>El Viejo Topo<\/i>, mayo de 2024.<\/p>\n","protected":false},"excerpt":{"rendered":"<p>Rese\u00f1a de Mar\u00eda Zambrano-Jos\u00e9 Ferrater, Epistolario 1944-1947, Sevilla: Renacimiento, 2022 (edici\u00f3n de Miguel Osset Hern\u00e1ndez) La Habana fue lugar de<\/p>\n","protected":false},"author":5,"featured_media":15922,"comment_status":"open","ping_status":"open","sticky":false,"template":"","format":"standard","meta":{"footnotes":""},"categories":[8,5],"tags":[],"class_list":["post-15919","post","type-post","status-publish","format-standard","has-post-thumbnail","hentry","category-filosofia","category-literatura"],"aioseo_notices":[],"_links":{"self":[{"href":"https:\/\/espai-marx.net\/index.php?rest_route=\/wp\/v2\/posts\/15919","targetHints":{"allow":["GET"]}}],"collection":[{"href":"https:\/\/espai-marx.net\/index.php?rest_route=\/wp\/v2\/posts"}],"about":[{"href":"https:\/\/espai-marx.net\/index.php?rest_route=\/wp\/v2\/types\/post"}],"author":[{"embeddable":true,"href":"https:\/\/espai-marx.net\/index.php?rest_route=\/wp\/v2\/users\/5"}],"replies":[{"embeddable":true,"href":"https:\/\/espai-marx.net\/index.php?rest_route=%2Fwp%2Fv2%2Fcomments&post=15919"}],"version-history":[{"count":0,"href":"https:\/\/espai-marx.net\/index.php?rest_route=\/wp\/v2\/posts\/15919\/revisions"}],"wp:featuredmedia":[{"embeddable":true,"href":"https:\/\/espai-marx.net\/index.php?rest_route=\/wp\/v2\/media\/15922"}],"wp:attachment":[{"href":"https:\/\/espai-marx.net\/index.php?rest_route=%2Fwp%2Fv2%2Fmedia&parent=15919"}],"wp:term":[{"taxonomy":"category","embeddable":true,"href":"https:\/\/espai-marx.net\/index.php?rest_route=%2Fwp%2Fv2%2Fcategories&post=15919"},{"taxonomy":"post_tag","embeddable":true,"href":"https:\/\/espai-marx.net\/index.php?rest_route=%2Fwp%2Fv2%2Ftags&post=15919"}],"curies":[{"name":"wp","href":"https:\/\/api.w.org\/{rel}","templated":true}]}}