{"id":1595,"date":"2011-06-13T00:00:00","date_gmt":"2011-06-13T00:00:00","guid":{"rendered":"https:\/\/espai-marx.net\/?p=1595"},"modified":"2020-02-21T12:51:59","modified_gmt":"2020-02-21T11:51:59","slug":"tristeza-verguenza-y-esperanza","status":"publish","type":"post","link":"https:\/\/espai-marx.net\/?p=1595","title":{"rendered":"Tristeza, verg\u00fcenza y esperanza"},"content":{"rendered":"<p lang=\"es-ES\" style=\"margin-bottom: 0cm;\" align=\"JUSTIFY\"><i>Plataforma per Catalunya obtuvo un concejal en las recientes elecciones municipales en Badia del Vall\u00e8s. Este art\u00edculo fue escrito la misma noche de las elecciones tras conocerse este resultado. <\/i><\/p>\n<p class=\"western\" lang=\"es-ES\" style=\"margin-bottom: 0cm;\" align=\"JUSTIFY\">Somos un pueblo de trabajadores. Gente que tuvo que dejar atr\u00e1s a sus familias y amigos para encontrar y ganarse el pan de sus hijos: mi pan y el de tanta gente que ha crecido junto a m\u00ed. Vinimos a una tierra entonces extra\u00f1a en condiciones penosas y fuimos construyendo un futuro para ellos. Un futuro para m\u00ed, para nosotros.<\/p>\n<p class=\"western\" lang=\"es-ES\" style=\"margin-bottom: 0cm;\" align=\"JUSTIFY\">Algunos nos sentimos repudiados y despreciados porque \u00e9ramos extra\u00f1os y porque acept\u00e1bamos menos dinero por el mismo trabajo, as\u00ed como los trabajos que los trabajadores catalanes no quer\u00edan hacer. Y lo hac\u00edamos contentos porque era el pan de nuestros hijos y porque en el lugar de donde ven\u00edamos escaseaba el pan, como tantas otras cosas. En aquellos tiempos y entre los trabajadores locales corr\u00edan tambi\u00e9n bulos y malas palabras sobre nosotros (\u00e9ramos \u00abels mursianus\u00bb): que si \u00e9ramos ladrones, que si \u00e9ramos ruidosos, que si ol\u00edamos mal o que si \u00e9ramos analfabetos. Pero los trabajadores locales supieron ver que ahora \u00e9ramos trabajadores locales; que lo que ellos, sus padres y sus abuelos hab\u00edan sufrido era lo mismo que sufr\u00edamos nosotros, que ahora \u201cnosotros\u201d \u00e9ramos \u201ctodos\u201d y que todos \u00e9ramos trabajadores catalanes. Y todos juntos luchamos por un futuro para nuestros hijos: por mi futuro y por el de tanta gente que ha crecido junto a m\u00ed.<\/p>\n<p class=\"western\" lang=\"es-ES\" style=\"margin-bottom: 0cm;\" align=\"JUSTIFY\">Y lucha que luchar\u00e1s conseguimos nuestras casas, conseguimos un ambulatorio que daba envidia, conseguimos escuelas p\u00fablicas en condiciones y tantas otras cosas por las que vali\u00f3 la pena luchar. Conseguimos el pan&#8230; y el futuro de nuestros hijos. Ese mismo futuro que ahora nos roban porque ya no somos \u201cnosotros\u201d sino que somos \u201cuno\u201d y \u201cotro\u201d y \u201cotro\u201d.<\/p>\n<p class=\"western\" lang=\"es-ES\" style=\"margin-bottom: 0cm;\" align=\"JUSTIFY\">Ese futuro, este presente, por el que ahora debemos luchar. Nos lo roban y nos dicen que la culpa es de otro. La culpa es del gobierno o de quien gobern\u00f3. Y cuando no, la culpa es nuestra porque no nos \u00abadaptamos al mercado\u00bb (como han hecho ellos tambi\u00e9n). Un mercado que (dicen) no es de nadie y contra el que no podemos luchar porque (dicen) no se puede nada contra \u00e9l. Y como no se puede nada, no toca otra que apretarse el cintur\u00f3n una y otra vez.<\/p>\n<p class=\"western\" lang=\"es-ES\" style=\"margin-bottom: 0cm;\" align=\"JUSTIFY\">Y aprieta que apretar\u00e1s ya casi no respiramos. Nos ahogamos mientras ellos se han dedicado y se dedican a gastar nuestro aire a toneladas con sus pulmones de gigante, sus dedos de gran pol\u00edtico y su coraz\u00f3n inexistente.<\/p>\n<p class=\"western\" lang=\"es-ES\" style=\"margin-bottom: 0cm;\" align=\"JUSTIFY\">Mientras en nuestra desesperaci\u00f3n algunos caemos en la cuenta que no somos \u201cuno\u201d y \u201cotro\u201d y \u201cotro\u201d sino que al juntarnos volvemos a ser \u201cnosotros\u201d, otros se tragan mentiras dictadas por los mismos que nos quitaron la voz durante tantos largos a\u00f1os de hambre y silencio, que a\u00fan con piel de cordero siguen siendo lobos. Mentiras que hablan de aquellos quienes vienen a una tierra extra\u00f1a en condiciones penosas, dejando atr\u00e1s a familias y amigos para ganarse el pan y el futuro de sus hijos. El pan y el futuro de sus hijos y el de tantos otros que van a crecer junto a los m\u00edos.<\/p>\n<p class=\"western\" lang=\"es-ES\" style=\"margin-bottom: 0cm;\" align=\"JUSTIFY\">\u00bfEs que no tenemos memoria? \u00bfNo sabemos qui\u00e9nes somos? \u00bfNo sabemos que \u201cellos\u201d somos \u201cnosotros\u201d y que todos somos trabajadores catalanes? Bancos y grandes empresas, con el benepl\u00e1cito de muchos pol\u00edticos y la aceptaci\u00f3n de muchos otros, siguen y seguir\u00e1n ganando; mientras ellos ganan nosotros nos comemos la crisis con patatas. Frente a esto algunos descargamos nuestra impotencia contra nuestros iguales, pero otros nos reagrupamos para volver a ser nosotros y para tener un poco de dignidad en lugar de tener que justificar una verg\u00fcenza transformada en voto.<\/p>\n<p class=\"western\" lang=\"es-ES\" style=\"margin-bottom: 0cm;\" align=\"JUSTIFY\">Miremos a nuestros hijos jugar en los colegios y decidamos si queremos que cuando sean mayores se odien entre ellos o luchen juntos por sus casas, por un ambulatorio que d\u00e9 envidia, por unas escuelas p\u00fablicas en condiciones y por tantas y tantas cosas por las que valdr\u00e1 la pena luchar&#8230; por el pan y por el futuro de nuestros hijos y nietos.<\/p>\n<p class=\"western\" lang=\"es-ES\" style=\"margin-bottom: 0cm;\" align=\"RIGHT\">\n<p class=\"western\" lang=\"es-ES\" style=\"margin-bottom: 0cm;\" align=\"RIGHT\">Ellos no me representan,<\/p>\n<p class=\"western\" lang=\"es-ES\" style=\"margin-bottom: 0cm;\" align=\"RIGHT\">nosotros nos representamos<\/p>\n","protected":false},"excerpt":{"rendered":"<p>Plataforma per Catalunya obtuvo un concejal en las recientes elecciones municipales en Badia del Vall\u00e8s. Este art\u00edculo fue escrito la<\/p>\n","protected":false},"author":9,"featured_media":1596,"comment_status":"open","ping_status":"open","sticky":false,"template":"","format":"standard","meta":{"footnotes":""},"categories":[13],"tags":[],"class_list":["post-1595","post","type-post","status-publish","format-standard","has-post-thumbnail","hentry","category-la-izquierda-a-debate"],"aioseo_notices":[],"_links":{"self":[{"href":"https:\/\/espai-marx.net\/index.php?rest_route=\/wp\/v2\/posts\/1595","targetHints":{"allow":["GET"]}}],"collection":[{"href":"https:\/\/espai-marx.net\/index.php?rest_route=\/wp\/v2\/posts"}],"about":[{"href":"https:\/\/espai-marx.net\/index.php?rest_route=\/wp\/v2\/types\/post"}],"author":[{"embeddable":true,"href":"https:\/\/espai-marx.net\/index.php?rest_route=\/wp\/v2\/users\/9"}],"replies":[{"embeddable":true,"href":"https:\/\/espai-marx.net\/index.php?rest_route=%2Fwp%2Fv2%2Fcomments&post=1595"}],"version-history":[{"count":0,"href":"https:\/\/espai-marx.net\/index.php?rest_route=\/wp\/v2\/posts\/1595\/revisions"}],"wp:featuredmedia":[{"embeddable":true,"href":"https:\/\/espai-marx.net\/index.php?rest_route=\/wp\/v2\/media\/1596"}],"wp:attachment":[{"href":"https:\/\/espai-marx.net\/index.php?rest_route=%2Fwp%2Fv2%2Fmedia&parent=1595"}],"wp:term":[{"taxonomy":"category","embeddable":true,"href":"https:\/\/espai-marx.net\/index.php?rest_route=%2Fwp%2Fv2%2Fcategories&post=1595"},{"taxonomy":"post_tag","embeddable":true,"href":"https:\/\/espai-marx.net\/index.php?rest_route=%2Fwp%2Fv2%2Ftags&post=1595"}],"curies":[{"name":"wp","href":"https:\/\/api.w.org\/{rel}","templated":true}]}}