{"id":15965,"date":"2024-07-31T05:00:07","date_gmt":"2024-07-31T04:00:07","guid":{"rendered":"https:\/\/espai-marx.net\/?p=15965"},"modified":"2024-07-30T20:31:35","modified_gmt":"2024-07-30T19:31:35","slug":"desde-una-izquierda-informada-y-critica","status":"publish","type":"post","link":"https:\/\/espai-marx.net\/?p=15965","title":{"rendered":"Desde una izquierda informada y cr\u00edtica"},"content":{"rendered":"<p align=\"justify\"><span style=\"font-family: Times New Roman, serif;\"><span style=\"font-size: large;\">Rese\u00f1a de: Javier Couso Permuy, <i>Rusofobia. La propaganda antirrusa al servicio de la guerra<\/i>, Buenos Aires: Acerc\u00e1ndonos Ediciones, 2023, 82 p\u00e1ginas<\/span><\/span><\/p>\n<p align=\"justify\"><span style=\"font-family: Times New Roman, serif;\"><span style=\"font-size: large;\"><a href=\"https:\/\/espai-marx.net\/wp-content\/uploads\/2024\/07\/rusofobia.jpg\"><img loading=\"lazy\" decoding=\"async\" class=\"alignleft  wp-image-15966\" src=\"https:\/\/espai-marx.net\/wp-content\/uploads\/2024\/07\/rusofobia.jpg\" alt=\"\" width=\"200\" height=\"266\" srcset=\"https:\/\/espai-marx.net\/wp-content\/uploads\/2024\/07\/rusofobia.jpg 500w, https:\/\/espai-marx.net\/wp-content\/uploads\/2024\/07\/rusofobia-225x300.jpg 225w\" sizes=\"auto, (max-width: 200px) 100vw, 200px\" \/><\/a>Dig\u00e1moslo de entrada: Ojal\u00e1 la lectura de este libro, se\u00f1ala Javier Couso Permuy [JCP], \u00abayude a desenmascarar esta impresionante campa\u00f1a que pretende convertinos en parte activa de una guerra al servicio de la unipolaridad de EEUU, en un mundo que est\u00e1 naciendo y que desaf\u00eda la primac\u00eda estadounidense que comenz\u00f3 tras la ca\u00edda de la Uni\u00f3n Sovi\u00e9tica.\u00bb. El autor no deber\u00eda tener dudas: ayuda, ayuda mucho. No solo nos jugamos nuestra libertad o la posibilidad de disentir, a\u00f1ade, \u00abnos jugamos las soberan\u00edas nacionales, el equilibrio mundial, la paz y hasta la propia existencia humana por el peligro de una guerra nuclear\u00bb. No es alarmista en mi opini\u00f3n, es realista, y con realismo del bueno, el que no paraliza, el que ayuda a la acci\u00f3n.<\/span><\/span><\/p>\n<p align=\"justify\"><span style=\"font-family: Times New Roman, serif;\"><span style=\"font-size: large;\">El peque\u00f1o libro que tiene el lector entre sus manos (recordemos: lo breve si bueno, dos o tres veces bueno), comenta el que fuera vicepresidente de la Comisi\u00f3n de Asuntos Exteriores del Parlamento europeo entre 2014 y 2019, es la reedici\u00f3n de un trabajo de investigaci\u00f3n que elabor\u00f3 mientras era eurodiputado en la VIII legislatura. Se trata de un trabajo \u00abque a pesar de los escasos cuatro a\u00f1os transcurridos desde su publicaci\u00f3n, sigue estando de rabiosa actualidad\u00bb. De acuerdo, sin atisbo para ninguna dusa.<\/span><\/span><\/p>\n<p align=\"justify\"><span style=\"font-family: Times New Roman, serif;\"><span style=\"font-size: large;\">La sensaci\u00f3n de alarma de JCP ante la irrupci\u00f3n de la rusofobia comenz\u00f3 nada m\u00e1s estrenar su actividad parlamentaria que coincidi\u00f3 con los acontecimientos posteriores a lo que llama, con claridad, sin subterfugio, golpe de estado en Ucrania, \u00abllamado por los grandes medios Euromaid\u00e1n\u00bb, un golpe \u00abimpulsado claramente por EE.UU. y apoyado indisimuladamente por la UE\u00bb, que condujo a la implementaci\u00f3n \u00abde los valores rus\u00f3fobos del nacionalismo ucraniano inspirado en las ideas de los colaboracionistas nazis como Stephan Bandera, logrando romper la multi\u00e9tnica composici\u00f3n del pa\u00eds e iniciando una guerra interna contra las provincias de cultura rusa que se negaron a aceptar el hecho golpista\u00bb. Como es evidente, para JCP la guerra en Ucrania no empez\u00f3 en febrero de 2022. Tampoco para para m\u00ed.<\/span><\/span><\/p>\n<p align=\"justify\"><span style=\"font-family: Times New Roman, serif;\"><span style=\"font-size: large;\">Arropando este agresivo esfuerzo pol\u00edtico-militar, la propaganda ha actuado para disciplinar y convencer a la poblaciones occidentales, una propaganda que, se\u00f1ala JCP, no es propaganda al uso sino un paso m\u00e1s: \u00abcomo se ha demostrado en recientes filtraciones, que constituye una guerra cognitiva en la que est\u00e1 trabajando la OTAN- la mente definida como un nuevo campo de batalla.\u00bb<\/span><\/span><\/p>\n<p align=\"justify\"><span style=\"font-family: Times New Roman, serif;\"><span style=\"font-size: large;\">Componen <i>Rusofobia<\/i> un pr\u00f3logo, una introducci\u00f3n, siglas y acr\u00f3nimos, y cuatro cap\u00edtulos: \u00abAntecedentes: la constancia de un proyecto\u00bb, \u00abLas iniciativas antirrusas en Estados Unidos\u00bb, \u00abLa OTAN: Los recursos del conflicto contra Rusia\u00bb y \u00abEuropa: La paranoia subordinada\u00bb. Los cap\u00edtulos est\u00e1n estructurados en breves apartados (el que m\u00e1s, seis p\u00e1ginas; la mayor\u00eda de dos o tres p\u00e1ginas, algunos m\u00e1s breves incluso) para facilitar la lectura y concentraci\u00f3n del lector. JCP tiene adem\u00e1s la gentileza de definir, de explicar m\u00e1s bien, algunas nociones claves que se suelen dar por sabidas, y no siempre se conocen bien. Por ejemplo: guerra h\u00edbrida, ciberguerra, etc. <\/span><\/span><\/p>\n<p align=\"justify\"><span style=\"font-family: Times New Roman, serif;\"><span style=\"font-size: large;\">Entre los apartados, ninguno de ellos insustantivo, me permito sugerir a t\u00edtulo de ejemplo: \u00abLos or\u00edgenes de la obsesi\u00f3n antirrusa\u00bb, \u00abPropaganda antirrusa en Estados Unidos\u00bb, \u00abIdeas a la carta: El papel de los <em>think tanks<\/em> espa\u00f1oles\u00bb.<\/span><\/span><\/p>\n<p align=\"justify\"><span style=\"font-family: Times New Roman, serif;\"><span style=\"font-size: large;\">Desde la perspectiva de un ciudadano no nacionalista de Catalu\u00f1a, el apartado que exigir\u00eda matices complementarios a los apuntados por el autor es el titulado: \u00abLa obsesi\u00f3n antirrusa llega a Espa\u00f1a. Catalu\u00f1a: Capital, Mosc\u00fa.\u00bb<\/span><\/span><\/p>\n<p align=\"justify\"><span style=\"font-family: Times New Roman, serif;\"><span style=\"font-size: large;\">Un sucinto cap\u00edtulo final de conclusiones hubiera redondeado a\u00fan m\u00e1s un libro que merece lectura, relectura y discusi\u00f3n, excelente material para un seminario de pol\u00edtica internacional o de geopol\u00edtica, como suele decirse ahora.<\/span><\/span><\/p>\n<p align=\"justify\"><span style=\"font-family: Times New Roman, serif;\"><span style=\"font-size: large;\">Alguien que conoce muy bien y desde dentro el coraz\u00f3n real de la instituci\u00f3n no tiene ninguna duda en se\u00f1alar: \u00abEl Parlamento europeo juega un papel fundamental en la movilizaci\u00f3n ideol\u00f3gica de la rusofobia. En realidad, es un instrumento gracias al cual una serie de actores pol\u00edticos, normalmente vinculados a la derecha y los sectores liberales y verdes, procedentes de pa\u00edses del centro y el este de Europa, proyecten como postura com\u00fan aquello que inicialmente empez\u00f3 siendo una postura de parte: el alejamiento pol\u00edtico, social y econ\u00f3mico respecto a Rusia, en paralelo a un cerco militar.\u00bb Las fuerzas conservadoras, verdes y liberales consiguen prevalecer \u00abgracias a la postura de la socialdemocracia, que en muchos casos se pone de perfil.\u00bb<\/span><\/span><\/p>\n<p align=\"justify\"><span style=\"font-family: Times New Roman, serif;\"><span style=\"font-size: large;\">Este trabajo de investigaci\u00f3n, observa JCP, \u00abpretende ser una herramienta para identificar las motivaciones que arrancan en el siglo pasado, y a los principales sostenedores de esta campa\u00f1a xen\u00f3foba personificados en la propia OTAN, la UE o los estamentos de poder estadounidenses y que se nutre de periodistas, supuestos externos, la mayor\u00eda de los grandes medios y los instrumentos creados para difundir mentiras, miedos y noticias negativas con el fin de lograr la demonizaci\u00f3n de un rival al que hay primero que contener, luego desgastar y finalmente derrotar\u00bb. Lo es, es un excelente instrumento. <\/span><\/span><\/p>\n<p align=\"justify\"><span style=\"font-family: Times New Roman, serif;\"><span style=\"font-size: large;\">Una errata sin importancia en el subt\u00edtulo que deber\u00eda corregirse en futuras reediciones: antirusas por antirrusas. <\/span><\/span><\/p>\n<p align=\"justify\">\n","protected":false},"excerpt":{"rendered":"<p>Rese\u00f1a de: Javier Couso Permuy, Rusofobia. La propaganda antirrusa al servicio de la guerra, Buenos Aires: Acerc\u00e1ndonos Ediciones, 2023, 82<\/p>\n","protected":false},"author":5,"featured_media":15967,"comment_status":"open","ping_status":"open","sticky":false,"template":"","format":"standard","meta":{"footnotes":""},"categories":[1814],"tags":[2148,917,2149],"class_list":["post-15965","post","type-post","status-publish","format-standard","has-post-thumbnail","hentry","category-rusia","tag-javier-couso-permuy","tag-resenas","tag-rusofobia-la-propaganda-antirrusa-al-servicio-de-la-guerra"],"aioseo_notices":[],"_links":{"self":[{"href":"https:\/\/espai-marx.net\/index.php?rest_route=\/wp\/v2\/posts\/15965","targetHints":{"allow":["GET"]}}],"collection":[{"href":"https:\/\/espai-marx.net\/index.php?rest_route=\/wp\/v2\/posts"}],"about":[{"href":"https:\/\/espai-marx.net\/index.php?rest_route=\/wp\/v2\/types\/post"}],"author":[{"embeddable":true,"href":"https:\/\/espai-marx.net\/index.php?rest_route=\/wp\/v2\/users\/5"}],"replies":[{"embeddable":true,"href":"https:\/\/espai-marx.net\/index.php?rest_route=%2Fwp%2Fv2%2Fcomments&post=15965"}],"version-history":[{"count":0,"href":"https:\/\/espai-marx.net\/index.php?rest_route=\/wp\/v2\/posts\/15965\/revisions"}],"wp:featuredmedia":[{"embeddable":true,"href":"https:\/\/espai-marx.net\/index.php?rest_route=\/wp\/v2\/media\/15967"}],"wp:attachment":[{"href":"https:\/\/espai-marx.net\/index.php?rest_route=%2Fwp%2Fv2%2Fmedia&parent=15965"}],"wp:term":[{"taxonomy":"category","embeddable":true,"href":"https:\/\/espai-marx.net\/index.php?rest_route=%2Fwp%2Fv2%2Fcategories&post=15965"},{"taxonomy":"post_tag","embeddable":true,"href":"https:\/\/espai-marx.net\/index.php?rest_route=%2Fwp%2Fv2%2Ftags&post=15965"}],"curies":[{"name":"wp","href":"https:\/\/api.w.org\/{rel}","templated":true}]}}