{"id":15976,"date":"2024-08-02T05:59:29","date_gmt":"2024-08-02T04:59:29","guid":{"rendered":"https:\/\/espai-marx.net\/?p=15976"},"modified":"2024-08-02T05:59:29","modified_gmt":"2024-08-02T04:59:29","slug":"nuevo-prefacio-y-epilogo-a-the-divide","status":"publish","type":"post","link":"https:\/\/espai-marx.net\/?p=15976","title":{"rendered":"Nuevo prefacio y ep\u00edlogo a <i>The Divide<\/i>"},"content":{"rendered":"<div dir=\"ltr\"><em>Jason Hickel ha publicado en su blog un nuevo prefacio y un nuevo ep\u00edlogo a uno de sus libros, <\/em>The divide, <em>para una edici\u00f3n coreana.<\/em><\/div>\n<div dir=\"ltr\">\n<div class=\"yiv4887371396ydp572725a0yiv8277969305ydpa71aae5fpasted-link\">\n<h3 class=\"yiv4887371396ydp572725a0yiv8277969305ydpa71aae5fentry-title\">Nuevo prefacio de <em>The Divide<\/em><\/h3>\n<div class=\"yiv4887371396ydp572725a0yiv8277969305ydpa71aae5fbody yiv4887371396ydp572725a0yiv8277969305ydpa71aae5fentry-content\">\n<div id=\"yiv4887371396ydp572725a0yiv8277969305ydpa71aae5fitem-669a3eed1947de2c263d5aea\" class=\"yiv4887371396ydp572725a0yiv8277969305ydpa71aae5fsqs-layout yiv4887371396ydp572725a0yiv8277969305ydpa71aae5fsqs-grid-12 yiv4887371396ydp572725a0yiv8277969305ydpa71aae5fcolumns-12\" data-type=\"item\">\n<div class=\"yiv4887371396ydp572725a0yiv8277969305ydpa71aae5frow yiv4887371396ydp572725a0yiv8277969305ydpa71aae5fsqs-row\">\n<div class=\"yiv4887371396ydp572725a0yiv8277969305ydpa71aae5fcol yiv4887371396ydp572725a0yiv8277969305ydpa71aae5fsqs-col-8 yiv4887371396ydp572725a0yiv8277969305ydpa71aae5fspan-8\">\n<div id=\"yiv4887371396ydp572725a0yiv8277969305ydpa71aae5fblock-6e05fbd9705ddc124e84\" class=\"yiv4887371396ydp572725a0yiv8277969305ydpa71aae5fsqs-block yiv4887371396ydp572725a0yiv8277969305ydpa71aae5fhtml-block yiv4887371396ydp572725a0yiv8277969305ydpa71aae5fsqs-block-html\">\n<div class=\"yiv4887371396ydp572725a0yiv8277969305ydpa71aae5fsqs-block-content\">\n<div class=\"yiv4887371396ydp572725a0yiv8277969305ydpa71aae5fsqs-html-content\">\n<p><a href=\"https:\/\/espai-marx.net\/wp-content\/uploads\/2024\/08\/the-divide.jpg\"><img loading=\"lazy\" decoding=\"async\" class=\"alignleft  wp-image-15977\" src=\"https:\/\/espai-marx.net\/wp-content\/uploads\/2024\/08\/the-divide.jpg\" alt=\"\" width=\"200\" height=\"307\" srcset=\"https:\/\/espai-marx.net\/wp-content\/uploads\/2024\/08\/the-divide.jpg 652w, https:\/\/espai-marx.net\/wp-content\/uploads\/2024\/08\/the-divide-196x300.jpg 196w\" sizes=\"auto, (max-width: 200px) 100vw, 200px\" \/><\/a>Algunos pa\u00edses disfrutan de una riqueza material inimaginable, mientras que otros sufren privaciones masivas, y miles de millones de personas carecen de necesidades b\u00e1sicas como alimentos nutritivos y agua potable. La injusticia mira a la cara a cualquier observador sensato. Este libro demuestra que la desigualdad mundial no es un fen\u00f3meno natural. No es la caracter\u00edstica inevitable de una econom\u00eda normal, sino el resultado del <em>tipo <\/em>concreto de econom\u00eda que domina nuestro mundo. Capitalismo.<\/p>\n<p>La palabra capitalismo tiende a causar una confusi\u00f3n inmediata. A la mayor\u00eda de la gente le viene a la mente cosas como empresas, mercados y comercio: la capacidad de las personas para producir y venderse cosas unas a otras. \u00bfQui\u00e9n podr\u00eda estar en contra? Pero en realidad las empresas, los mercados y el comercio exist\u00edan desde miles de a\u00f1os antes del capitalismo. El capitalismo es un sistema relativamente reciente, que surgi\u00f3 en Europa Occidental hace s\u00f3lo unos 500 a\u00f1os. Si hubiera que se\u00f1alar la caracter\u00edstica m\u00e1s importante de este sistema econ\u00f3mico, ser\u00eda que es fundamentalmente antidemocr\u00e1tico.<\/p>\n<p>Perm\u00edtanme aclarar lo que quiero decir. S\u00ed, muchos de nosotros vivimos en sistemas electorales en los que elegimos l\u00edderes pol\u00edticos de vez en cuando. Tenemos algo parecido a la democracia <em>pol\u00edtica <\/em>, por corrupta e imperfecta que sea. Pero cuando se trata de la <em>econom\u00eda, <\/em>el sistema de <em>producci\u00f3n<\/em> , no entra ni la m\u00e1s superficial ilusi\u00f3n de democracia. La producci\u00f3n est\u00e1 controlada abrumadoramente por el capital, es decir, las grandes corporaciones, las grandes empresas financieras y el 1% que posee la mayor parte de los activos invertibles. El capital determina lo que se produce, c\u00f3mo se utilizar\u00e1n nuestro trabajo y nuestros recursos, y en beneficio de qui\u00e9n. Y para el capital, la <em>finalidad<\/em> de la producci\u00f3n no es satisfacer las necesidades de las personas ni lograr el progreso social, sino maximizar y acumular beneficios: \u00e9se es el objetivo primordial.<\/p>\n<p>El capital busca una acumulaci\u00f3n en constante aumento. Para lograrlo, necesita abaratar al m\u00e1ximo los precios de los insumos (mano de obra, tierra, energ\u00eda y materiales) y mantenerlos a un nivel bajo. Este proceso no puede durar mucho tiempo dentro de una econom\u00eda nacional limitada. Si sobreexplotas a tu clase obrera nacional, tarde o temprano te enfrentar\u00e1s a una revoluci\u00f3n o a una crisis de sobreproducci\u00f3n. Y si sobreexplotas tu medio ambiente nacional, acabar\u00e1s degradando la base ecol\u00f3gica sobre la que se asienta toda la producci\u00f3n.<\/p>\n<p>Para superar estas contradicciones, el capitalismo siempre necesita un \u00abexterior\u00bb, externo a s\u00ed mismo, donde pueda abaratar impunemente la mano de obra y la naturaleza y apropi\u00e1rselas a gran escala; un exterior donde pueda \u00abexternalizar\u00bb los da\u00f1os sociales y ecol\u00f3gicos, donde se puedan contener las rebeliones y donde no tenga que negociar con las quejas o demandas locales. Aqu\u00ed es donde entran en juego las colonias. Desde los or\u00edgenes del capitalismo a finales del siglo XV, el crecimiento del \u00abn\u00facleo\u00bb de la econom\u00eda mundial (Europa Occidental, Estados Unidos, Canad\u00e1, Australia, Nueva Zelanda y Jap\u00f3n) siempre ha dependido de la apropiaci\u00f3n masiva de mano de obra y recursos de la \u00abperiferia\u00bb (Am\u00e9rica Latina, Asia y \u00c1frica). No hubo desfase entre el auge del capitalismo y el proyecto imperial. El capitalismo <em>siempre<\/em> ha requerido un acuerdo imperial.<\/p>\n<p>Esto fue obvio durante los primeros cientos de a\u00f1os de historia capitalista, que detallo en este libro. Los colonizadores europeos se dedicaron a destruir las industrias autosuficientes de la periferia y a reorganizar por la fuerza la producci\u00f3n para ponerla al servicio del consumo y la acumulaci\u00f3n en el n\u00facleo. Los historiadores han documentado que cantidades extraordinarias de valor fueron desviadas de la periferia hacia el centro, sometiendo a la primera a la privaci\u00f3n, la miseria y la mortalidad masiva, mientras que proporcionaban a la segunda una riqueza sin precedentes.<\/p>\n<p>Entonces, a mediados del siglo XX, se produjo una revoluci\u00f3n. Los movimientos anticoloniales consiguieron derrocar a sus ocupantes e inmediatamente se pusieron a reclamar sus fuerzas productivas. Su objetivo era organizar la producci\u00f3n en torno a las necesidades humanas locales y el desarrollo nacional. Y lo consiguieron con notable \u00e9xito. Pero las potencias centrales no estaban satisfechas. El desarrollo soberano significaba que los pueblos del Sur global produc\u00edan para s\u00ed mismos y aumentaban su consumo de los recursos del Sur. Esto reduc\u00eda la cuota de recursos disponibles para el n\u00facleo &#8211; encareciendo estos insumos &#8211; y la acumulaci\u00f3n de capital se hac\u00eda mucho m\u00e1s dif\u00edcil de conseguir.<\/p>\n<p>Para resolver esta crisis, las principales potencias -encabezadas por Estados Unidos, Gran Breta\u00f1a y Francia- intervinieron. En muchos casos utilizaron la fuerza militar para derrocar gobiernos independientes e instalar en su lugar reg\u00edmenes conformistas. Adem\u00e1s, a partir de la d\u00e9cada de 1980, tambi\u00e9n impusieron programas de ajuste estructural en todo el Sur global, que desmantelaron industrias soberanas, abarataron de nuevo la mano de obra y los recursos y reorganizaron la producci\u00f3n en torno a las exportaciones al n\u00facleo en posiciones subordinadas con las cadenas mundiales de mercanc\u00edas. El ajuste estructural restableci\u00f3 el acuerdo imperial sin necesidad de ocupaci\u00f3n.<\/p>\n<p>El resultado de este acuerdo es que hoy -seg\u00fan nuevas investigaciones emp\u00edricas que no se incluyen en el texto principal de este libro- el crecimiento de la riqueza en el centro sigue dependiendo de una masiva apropiaci\u00f3n neta de mano de obra, recursos y bienes del Sur global, por valor de billones de d\u00f3lares al a\u00f1o<sup>1<\/sup>. La situaci\u00f3n es bastante extrema: el Sur global aporta el 80% de los recursos y el 90% de la mano de obra que alimenta la econom\u00eda mundial capitalista, pero estas capacidades productivas, que <em>podr\u00edan <\/em>utilizarse para proporcionar alimentos nutritivos, buenas viviendas y atenci\u00f3n sanitaria a todos los habitantes de la regi\u00f3n, se movilizan en su lugar para producir cultivos de plantaci\u00f3n y productos de explotaci\u00f3n laboral para las empresas y los consumidores del centro.<\/p>\n<p>Investigaciones recientes han descubierto que tenemos capacidad productiva m\u00e1s que suficiente para acabar con la pobreza para siempre y garantizar una buena vida a los 8.000 millones de habitantes del planeta -con incluso menos recursos y energ\u00eda de los que utilizamos actualmente, alcanzando as\u00ed tambi\u00e9n nuestros objetivos ecol\u00f3gicos<sup>2,3 <\/sup>&#8211; <em>si <\/em>la producci\u00f3n se organizara en torno a las necesidades humanas y no a la acumulaci\u00f3n de capital. Pero para conseguirlo, la mayor\u00eda mundial debe conquistar el control democr\u00e1tico de los medios de producci\u00f3n. \u00c9sa es la lucha. \u00c9se es el futuro por el que debemos luchar. Espero que este libro sirva de inspiraci\u00f3n para lograrlo.<\/p>\n<p>Jason Hickel, marzo de 2024<\/p>\n<p>Escrito para la traducci\u00f3n coreana de <em>The Divide<\/em><\/p>\n<p><strong>Notas<\/strong><\/p>\n<div class=\"col sqs-col-8 span-8\">\n<div id=\"block-6e05fbd9705ddc124e84\" class=\"sqs-block html-block sqs-block-html\" data-block-type=\"2\">\n<div class=\"sqs-block-content\">\n<div class=\"sqs-html-content\">\n<p class=\"\"><sup>1<\/sup> Hickel, J., Dorninger, C., Wieland, H., &amp; Suwandi, I. (2022). <a href=\"https:\/\/www.sciencedirect.com\/science\/article\/pii\/S095937802200005X\" target=\"_blank\" rel=\"noopener\">Imperialist appropriation in the world economy: Drain from the global South through unequal exchange, 1990\u20132015<\/a>.\u00a0<em>Global Environmental Change<\/em>,\u00a0<em>73<\/em>, 102467.<\/p>\n<p class=\"\"><sup>2<\/sup> Millward-Hopkins, J., Steinberger, J. K., Rao, N. D., &amp; Oswald, Y. (2020). <a href=\"https:\/\/www.sciencedirect.com\/science\/article\/pii\/S0959378020307512\" target=\"_blank\" rel=\"noopener\">Providing decent living with minimum energy: A global scenario<\/a>.\u00a0<em>Global Environmental Change<\/em>,\u00a0<em>65<\/em>, 102168.<\/p>\n<p class=\"\"><sup>3<\/sup> V\u00e9lez-Henao, J. A., &amp; Pauliuk, S. (2023). <a href=\"https:\/\/pubs.acs.org\/doi\/10.1021\/acs.est.3c03957\" target=\"_blank\" rel=\"noopener\">Material requirements of Decent Living Standards<\/a>.\u00a0<em>Environmental Science &amp; Technology<\/em>,\u00a0<em>57<\/em>(38), 14206-14217.<\/p>\n<\/div>\n<\/div>\n<\/div>\n<\/div>\n<\/div>\n<\/div>\n<\/div>\n<\/div>\n<div class=\"yiv4887371396ydp572725a0yiv8277969305ydpa71aae5fcol yiv4887371396ydp572725a0yiv8277969305ydpa71aae5fsqs-col-2 yiv4887371396ydp572725a0yiv8277969305ydpa71aae5fspan-2\">\n<div id=\"yiv4887371396ydp572725a0yiv8277969305ydpa71aae5fblock-yui_3_17_2_1_1721384801234_5275\" class=\"yiv4887371396ydp572725a0yiv8277969305ydpa71aae5fsqs-block yiv4887371396ydp572725a0yiv8277969305ydpa71aae5fspacer-block yiv4887371396ydp572725a0yiv8277969305ydpa71aae5fsqs-block-spacer yiv4887371396ydp572725a0yiv8277969305ydpa71aae5fsized yiv4887371396ydp572725a0yiv8277969305ydpa71aae5fvsize-1\">\n<div class=\"yiv4887371396ydp572725a0yiv8277969305ydpa71aae5fsqs-block-content\"><\/div>\n<\/div>\n<\/div>\n<\/div>\n<\/div>\n<\/div>\n<h3 class=\"yiv4887371396ydp572725a0yiv8277969305ydpa71aae5fentry-title\">Nuevo ep\u00edlogo para <em>The Divide<\/em><\/h3>\n<div class=\"yiv4887371396ydp572725a0yiv8277969305ydpa71aae5fbody yiv4887371396ydp572725a0yiv8277969305ydpa71aae5fentry-content\">\n<div id=\"yiv4887371396ydp572725a0yiv8277969305ydpa71aae5fitem-669a410f3037e14d61d55d9e\" class=\"yiv4887371396ydp572725a0yiv8277969305ydpa71aae5fsqs-layout yiv4887371396ydp572725a0yiv8277969305ydpa71aae5fsqs-grid-12 yiv4887371396ydp572725a0yiv8277969305ydpa71aae5fcolumns-12\" data-type=\"item\">\n<div class=\"yiv4887371396ydp572725a0yiv8277969305ydpa71aae5frow yiv4887371396ydp572725a0yiv8277969305ydpa71aae5fsqs-row\">\n<div class=\"yiv4887371396ydp572725a0yiv8277969305ydpa71aae5fcol yiv4887371396ydp572725a0yiv8277969305ydpa71aae5fsqs-col-8 yiv4887371396ydp572725a0yiv8277969305ydpa71aae5fspan-8\">\n<div id=\"yiv4887371396ydp572725a0yiv8277969305ydpa71aae5fblock-3ba529f9cda7ead00319\" class=\"yiv4887371396ydp572725a0yiv8277969305ydpa71aae5fsqs-block yiv4887371396ydp572725a0yiv8277969305ydpa71aae5fhtml-block yiv4887371396ydp572725a0yiv8277969305ydpa71aae5fsqs-block-html\">\n<div class=\"yiv4887371396ydp572725a0yiv8277969305ydpa71aae5fsqs-block-content\">\n<div class=\"yiv4887371396ydp572725a0yiv8277969305ydpa71aae5fsqs-html-content\">\n<p><em>The Divide<\/em> se public\u00f3 por primera vez en 2017. En los a\u00f1os transcurridos desde entonces, muchas personas me han escrito, o se han acercado a m\u00ed durante actos p\u00fablicos, para compartir el impacto que tuvo en ellas. Siempre estoy agradecido por ello. Y, sin embargo, como investigadora, ahora miro hacia atr\u00e1s y me gustar\u00eda que el texto pudiera incluir todo lo que he aprendido en los \u00faltimos siete a\u00f1os. El conocimiento avanza r\u00e1pidamente, y quiero ponerlo a disposici\u00f3n de los lectores. Mi objetivo con <em>The Divide <\/em>era servir como una introducci\u00f3n accesible. Pero, hasta que Penguin se disponga a publicar una nueva edici\u00f3n, he aqu\u00ed algunos recursos que animo a explorar para obtener m\u00e1s informaci\u00f3n y nuevos conocimientos.<\/p>\n<p><strong>1. Sobre el auge del capitalismo en Europa<\/strong><\/p>\n<p><em>The Divide <\/em>describe brevemente el violento proceso de cercamiento y desposesi\u00f3n que acompa\u00f1\u00f3 al auge del capitalismo en Europa durante el largo siglo XVI. Esta descripci\u00f3n se actualiza con nueva informaci\u00f3n, ampliada y mejorada en los primeros cap\u00edtulos de <em>Menos es m\u00e1s<\/em>. Los lectores que deseen un relato m\u00e1s completo podr\u00e1n encontrarlo all\u00ed, junto con importantes referencias.<\/p>\n<p><strong>2. Sobre el coste humano del colonialismo y la integraci\u00f3n capitalista<\/strong><\/p>\n<p><em>The Divide <\/em>describe el sufrimiento devastador que padecieron los pueblos de Asia, \u00c1frica y Am\u00e9rica al ser colonizados e integrados por la fuerza en la econom\u00eda mundial capitalista. En un reciente art\u00edculo para <em>World<\/em> <em>Development<\/em>, evaluamos esta historia de forma m\u00e1s sistem\u00e1tica, examinando datos emp\u00edricos sobre salarios reales, altura humana y tasas de mortalidad a partir del siglo XVI. Descubrimos que el auge del capitalismo y su imposici\u00f3n en todo el mundo estuvieron asociados a un sorprendente declive de los indicadores sociales, con salarios que a menudo se desplomaban por debajo de la subsistencia y crisis de mortalidad masiva en varias regiones. En el Sur global, la recuperaci\u00f3n no comenz\u00f3 hasta el siglo XX, coincidiendo con el auge de movimientos anticoloniales progresistas y radicales que reclamaron el control de los recursos y la producci\u00f3n nacionales<sup>1<\/sup>.<\/p>\n<p>Esta historia ofrece un importante contrapunto a las narrativas dominantes que afirman que el capitalismo rescat\u00f3 a la gente de la pobreza extrema generalizada. Todo lo contrario: el capitalismo <em>caus\u00f3 la <\/em>pobreza extrema generalizada, y el progreso en el desarrollo humano lo trajeron los movimientos sociales progresistas y los gobiernos de la era poscolonial. Esta historia tambi\u00e9n se recoge en el libro de Amya Kumar Bagchi <em>Perilous Passage: Mankind and the Global Ascendancy of Capital.<\/em><\/p>\n<p><strong>3. Sobre la reacci\u00f3n neocolonial<\/strong><\/p>\n<p><em>The Divide <\/em>describe c\u00f3mo EE.UU., Gran Breta\u00f1a, Francia y otras potencias imperialistas intervinieron violentamente para detener el ascenso de gobiernos progresistas y radicales en el Sur global a mediados del siglo XX, deponiendo y a veces asesinando a l\u00edderes progresistas en golpes de estado, e imponiendo programas de ajuste estructural para revertir sus reformas econ\u00f3micas progresistas. Esta historia se ha descrito a\u00fan m\u00e1s desde entonces en varios excelentes libros nuevos: <em>The Jakarta Method (El m\u00e9todo Yakarta <\/em>, de Vincent Bevin), que narra la historia de las sangrientas cruzadas anticomunistas perpetradas en todo el Sur por Estados Unidos y sus aliados, y <em>Capital and Imperialism (Capital e imperialismo<\/em>, de Utsa Patnaik y Prabhat Patnaik), que describe los mecanismos econ\u00f3micos de la econom\u00eda imperialista mundial pasada y presente. Tambi\u00e9n recomiendo <em>Imperialism in the 21st<\/em> <em>Century<\/em> ( <em>Imperialismo en el siglo XXI<\/em>, de John Smith), y <em>Value Chains: The New Economic Imperialism <\/em>(de Intan Suwandi).<\/p>\n<p><strong>4. Sobre la sangr\u00eda del Sur global<\/strong><\/p>\n<p><em>The Divide <\/em>describe c\u00f3mo las econom\u00edas ricas del Norte global se apropian de mucho m\u00e1s del Sur global de lo que dan en ayuda. En los \u00faltimos a\u00f1os, los investigadores han cuantificado este drenaje de forma m\u00e1s exhaustiva, bas\u00e1ndose en m\u00e9todos descritos por primera vez por los primeros te\u00f3ricos del \u00abintercambio desigual\u00bb. Mis colegas y yo hemos contribuido a este trabajo en varios art\u00edculos recientes. En uno de ellos, describimos c\u00f3mo el crecimiento del Norte global depende de una gran apropiaci\u00f3n <em>neta<\/em> de mano de obra, tierra, energ\u00eda y materiales del Sur global, materializada en bienes comercializados. Esta apropiaci\u00f3n tiene un valor de m\u00e1s de 10 billones de d\u00f3lares al a\u00f1o, representados en precios del Norte, lo que bastar\u00eda para acabar con la pobreza extrema en el Sur global 70 veces<sup>2<\/sup>. Esto drena al Sur de los recursos necesarios para el desarrollo, perpet\u00faa la privaci\u00f3n masiva y significa que los <em>costes <\/em>sociales y <em>ecol\u00f3gicos <\/em>del crecimiento del Norte se sufren abrumadoramente en el Sur.<\/p>\n<p><strong>5. Sobre las dimensiones coloniales de la ruptura ecol\u00f3gica<\/strong><\/p>\n<p>Desde que escrib\u00ed <em>The Divide<\/em>, mis investigaciones se han centrado cada vez m\u00e1s en la crisis del cambio clim\u00e1tico y el colapso ecol\u00f3gico. En art\u00edculos recientes, mis colegas y yo hemos presentado datos que demuestran que los pa\u00edses ricos del Norte global son abrumadoramente responsables de causar esta crisis, mientras que las consecuencias (en t\u00e9rminos de da\u00f1os sociales y ecol\u00f3gicos) recaen con mayor dureza en el Sur.Esto se ve claramente en las emisiones: el Norte es responsable del 92% de todas las emisiones que superan el l\u00edmite planetario de seguridad, es decir, las emisiones que est\u00e1n causando da\u00f1os clim\u00e1ticos.<sup>3<\/sup> Y los pa\u00edses de renta alta son responsables del 74% del exceso acumulado de uso de materiales desde 1970, lo que est\u00e1 provocando la p\u00e9rdida de biodiversidad y otras formas de degradaci\u00f3n ecol\u00f3gica<sup>4<\/sup> Esto representa procesos de colonizaci\u00f3n -de la atm\u00f3sfera y los ecosistemas- y las consecuencias se est\u00e1n produciendo siguiendo l\u00edneas coloniales. En un documento reciente, tambi\u00e9n descubrimos que los pa\u00edses de renta alta han sobrepasado la parte que les corresponde del presupuesto de carbono del Acuerdo de Par\u00eds y deber\u00e1n 192 billones de d\u00f3lares en compensaciones a los pa\u00edses del Sur<sup>5<\/sup>.<\/p>\n<p><strong>6. Sobre las estrategias de descolonizaci\u00f3n<\/strong><\/p>\n<p>En el pen\u00faltimo cap\u00edtulo de <em>The Divide, <\/em>describo algunos de los principales cambios estructurales por los que debemos luchar para que la econom\u00eda mundial sea m\u00e1s justa y garantizar que los pa\u00edses del Sur global tengan v\u00edas hacia un verdadero desarrollo soberano. Sigo defendiendo muchos de estos principios y creo que los movimientos pol\u00edticos progresistas del Norte global deber\u00edan adoptarlos como reivindicaciones fundamentales.Pero tambi\u00e9n creo que es ingenuo suponer que las potencias imperialistas aceptar\u00e1n estos cambios a corto plazo. Los pa\u00edses del Sur Global no deben limitarse a esperar a ser descolonizados. Pueden dar pasos activos hacia la descolonizaci\u00f3n unilateral, para alcanzar la soberan\u00eda econ\u00f3mica. Hemos desarrollado este enfoque junto con mi colega Ndongo Samba Sylla<sup>6<\/sup>, cuyos escritos recomiendo. En cuanto a la estrategia de desarrollo, exigir\u00e1 utilizar la pol\u00edtica industrial y la planificaci\u00f3n para superar los obst\u00e1culos que presenta el capitalismo en la periferia<sup>7<\/sup>. La tarea de los movimientos sociales progresistas del Norte global es alinearse con las luchas del Sur por la emancipaci\u00f3n y la autodeterminaci\u00f3n y apoyarlas.<\/p>\n<p><strong>7. Sobre \u00abdecrecimiento\u00bb y justicia global<\/strong><\/p>\n<p>En el \u00faltimo cap\u00edtulo de <em>The Divide<\/em>, exploro una idea que no abord\u00e9 hasta las \u00faltimas semanas de redacci\u00f3n del libro: el \u00abdecrecimiento\u00bb.El decrecimiento describe la necesidad de que las econom\u00edas ricas del Norte reduzcan el uso que hacen de los recursos del planeta para detener el colapso ecol\u00f3gico y poner fin a la apropiaci\u00f3n imperialista del Sur, y c\u00f3mo se puede conseguir al tiempo que se <em>mejora <\/em>la vida de las personas y se obtienen mejores resultados sociales. La idea era nueva para m\u00ed y en aquel momento estaba poco desarrollada.Para los lectores que no conozcan el concepto de decrecimiento, o que lo encuentren confuso o dif\u00edcil, he escrito una descripci\u00f3n completa y accesible en mi reciente libro <em>Menos es m\u00e1s. <\/em>Tambi\u00e9n <em>he escrito<\/em> varios art\u00edculos que desarrollan la base emp\u00edrica<sup>8,9,10,11,12<\/sup> En \u00faltima instancia, para m\u00ed, el decrecimiento no es s\u00f3lo ecolog\u00eda, sino tambi\u00e9n justicia econ\u00f3mica, descolonizaci\u00f3n<sup>13<\/sup> y la urgente necesidad de una transici\u00f3n postcapitalista<sup>14<\/sup>.<\/p>\n<p>Los cambios que necesitamos no son reformistas, sino revolucionarios. Las revoluciones exigen liberar primero nuestra imaginaci\u00f3n, para pensar m\u00e1s all\u00e1 de las limitaciones de nuestra econom\u00eda actual y sus ideolog\u00edas, e imaginar un mundo poscapitalista. Pero tambi\u00e9n exigen el duro trabajo de la organizaci\u00f3n y la lucha.<\/p>\n<p>Jason Hickel, marzo de 2024<\/p>\n<p>Escrito para la traducci\u00f3n coreana de <em>The Divide<\/em> y actualizado.<\/p>\n<p><strong>Notas<\/strong><\/p>\n<p class=\"\"><sup>1<\/sup> Sullivan, D., &amp; Hickel, J. (2023). <a href=\"https:\/\/www.sciencedirect.com\/science\/article\/pii\/S0305750X22002169\" target=\"_blank\" rel=\"noopener\">Capitalism and extreme poverty: A global analysis of real wages, human height, and mortality since the long 16th century<\/a>.\u00a0<em>World development<\/em>.\u00a0 See also: Hickel, J. and Sullivan, D. (2023). Capitalism, poverty, and the case for democratic socialism. <em>Monthly Review<\/em>.<\/p>\n<p class=\"\"><sup>2<\/sup> Hickel, J., Dorninger, C., Wieland, H., &amp; Suwandi, I. (2022). <a href=\"https:\/\/www.sciencedirect.com\/science\/article\/pii\/S095937802200005X\" target=\"_blank\" rel=\"noopener\">Imperialist appropriation in the world economy: Drain from the global South through unequal exchange, 1990\u20132015<\/a>.\u00a0<em>Global Environmental Change<\/em>.\u00a0 See also: Hickel, J., Sullivan, D., &amp; Zoomkawala, H. (2021). Plunder in the post-colonial era: quantifying drain from the global south through unequal exchange, 1960\u20132018.\u00a0<em>New Political Economy<\/em>,\u00a0<em>26<\/em>(6).<\/p>\n<p class=\"\"><sup>3<\/sup> Hickel, J. (2020). <a href=\"https:\/\/www.sciencedirect.com\/science\/article\/pii\/S2542519620301960\" target=\"_blank\" rel=\"noopener\">Quantifying national responsibility for climate breakdown: an equality-based attribution approach for carbon dioxide emissions in excess of the planetary boundary<\/a>.\u00a0<em>The Lancet Planetary Health<\/em>,\u00a0<em>4<\/em>(9), e399-e404.<\/p>\n<p class=\"\"><sup>4<\/sup> Hickel, J., O\u2019Neill, D. W., Fanning, A. L., &amp; Zoomkawala, H. (2022). <a href=\"https:\/\/www.sciencedirect.com\/science\/article\/pii\/S2542519622000444\" target=\"_blank\" rel=\"noopener\">National responsibility for ecological breakdown: A fair-shares assessment of resource use, 1970\u20132017<\/a>.\u00a0<em>The Lancet Planetary Health<\/em>,\u00a0<em>6<\/em>(4), e342-e349.<\/p>\n<p class=\"\"><sup>5<\/sup> Fanning, A. L., &amp; Hickel, J. (2023). <a href=\"https:\/\/www.nature.com\/articles\/s41893-023-01130-8\" target=\"_blank\" rel=\"noopener\">Compensation for atmospheric appropriation<\/a>. <em>Nature Sustainability<\/em>, <em>6<\/em>(9), 1077-1086.<\/p>\n<p class=\"\"><sup>6<\/sup> Sylla, N., and Hickel, J. (2024). <a href=\"https:\/\/progressive.international\/blueprint\/e994437c-ce94-4980-99c1-470464cfbc15-proposals-for-unilateral-decolonization-and-economic-sovereignty\/en\/\" target=\"_blank\" rel=\"noopener\">Proposals for unilateral decolonization and economic sovereignty<\/a>. <em>Progressive International<\/em>. V\u00e9ase tambi\u00e9n Hickel, J. (2022). <a href=\"https:\/\/newint.org\/features\/2021\/08\/09\/money-ultimate-decolonizer-fjf\" target=\"_blank\" rel=\"noopener\">How to achieve full decolonization<\/a>. <em>New Internationalist<\/em>.<\/p>\n<p class=\"\"><sup>7<\/sup> H\u0131ckel, J., &amp; Sull\u0131van, D. (2023). <a href=\"https:\/\/monthlyreview.org\/2023\/07\/01\/capitalism-global-poverty-and-the-case-for-democratic-socialism\/\" target=\"_blank\" rel=\"noopener\">Capitalism, global poverty, and the case for democratic socialism<\/a>. <em>Monthly Review<\/em>, <em>75<\/em>(3), 99-113.<\/p>\n<p class=\"\"><sup>8<\/sup> Vogel, J., &amp; Hickel, J. (2023). <a href=\"https:\/\/www.thelancet.com\/journals\/lanplh\/article\/PIIS2542-5196(23)00174-2\/fulltext\" target=\"_blank\" rel=\"noopener\">Is green growth happening? An empirical analysis of achieved versus Paris-compliant CO2\u2013GDP decoupling in high-income countries<\/a>. <em>The Lancet Planetary Health<\/em>, <em>7<\/em>(9), e759-e769.<\/p>\n<p class=\"\"><sup>9<\/sup> Hickel, J., &amp; Kallis, G. (2020). <a href=\"https:\/\/www.tandfonline.com\/doi\/full\/10.1080\/13563467.2019.1598964\" target=\"_blank\" rel=\"noopener\">Is green growth possible?<\/a>.\u00a0<em>New political economy<\/em>,\u00a0<em>25<\/em>(4), 469-486.<\/p>\n<p class=\"\"><sup>10<\/sup> Hickel, J., Brockway, P., Kallis, G., Key\u00dfer, L., Lenzen, M., Slamer\u0161ak, A., &#8230; &amp; \u00dcrge-Vorsatz, D. (2021). <a href=\"https:\/\/www.jasonhickel.org\/s\/Hickel-et-al-Urgent-need-for-post-growth-climate-mitigation-scenarios.pdf\" target=\"_blank\" rel=\"noopener\">Urgent need for post-growth climate mitigation scenarios<\/a>.\u00a0<em>Nature Energy<\/em>,\u00a0<em>6<\/em>(8), 766-768.<\/p>\n<p class=\"\"><sup>11<\/sup> Hickel, J. (2021). <a href=\"https:\/\/www.tandfonline.com\/doi\/full\/10.1080\/14747731.2020.1812222\" target=\"_blank\" rel=\"noopener\">What does degrowth mean? A few points of clarification<\/a>. <em>Globalizations<\/em>,\u00a0<em>18<\/em>(7), 1105-1111<\/p>\n<p class=\"\"><sup>12<\/sup> Hickel, J., Kallis, G., Jackson, T., O\u2019Neill, D. W., Schor, J. B., Steinberger, J. K., &#8230; &amp; \u00dcrge-Vorsatz, D. (2022). <a href=\"https:\/\/www.nature.com\/articles\/d41586-022-04412-x\" target=\"_blank\" rel=\"noopener\">Degrowth can work\u2014here\u2019s how science can help<\/a>.\u00a0<em>Nature<\/em>,\u00a0<em>612<\/em>(7940), 400-403.<\/p>\n<p class=\"\"><sup>13<\/sup> Hickel, J. (2021). <a href=\"https:\/\/www.jasonhickel.org\/s\/Hickel-The-anti-colonial-politics-of-degrowth.pdf\" target=\"_blank\" rel=\"noopener\">The anti-colonial politics of degrowth<\/a>.\u00a0<em>Political Geography<\/em>,\u00a0<em>88<\/em>.<\/p>\n<p class=\"\"><sup>14<\/sup> Hickel, J. (2023). <a href=\"https:\/\/monthlyreview.org\/2023\/09\/01\/the-double-objective-of-democratic-ecosocialism\/\" target=\"_blank\" rel=\"noopener\">The double objective of democratic ecosocialism<\/a>. <em>Monthly Review.<\/em><\/p>\n<\/div>\n<p>Fuente: blog del autor, <span class=\"yiv4887371396ydp572725a0yiv8277969305ydpa71aae5fdate\">19 de julio de 2024 <a href=\"https:\/\/www.jasonhickel.org\/blog\/2024\/7\/19\/new-preface-to-the-divide\">https:\/\/www.jasonhickel.org\/blog\/2024\/7\/19\/new-preface-to-the-divide<\/a>, <a href=\"https:\/\/www.jasonhickel.org\/blog\/2024\/7\/19\/new-afterword-for-the-divide\">https:\/\/www.jasonhickel.org\/blog\/2024\/7\/19\/new-afterword-for-the-divide<\/a><\/span><\/p>\n<\/div>\n<\/div>\n<\/div>\n<\/div>\n<\/div>\n<\/div>\n<\/div>\n<\/div>\n","protected":false},"excerpt":{"rendered":"<p>Jason Hickel ha publicado en su blog un nuevo prefacio y un nuevo ep\u00edlogo a uno de sus libros, The<\/p>\n","protected":false},"author":5,"featured_media":12926,"comment_status":"open","ping_status":"open","sticky":false,"template":"","format":"standard","meta":{"footnotes":""},"categories":[44,16],"tags":[1973,2150,953,2151],"class_list":["post-15976","post","type-post","status-publish","format-standard","has-post-thumbnail","hentry","category-economia","category-imperio-imperialismo","tag-jason-hickel","tag-pr","tag-prologos","tag-the-divide"],"aioseo_notices":[],"_links":{"self":[{"href":"https:\/\/espai-marx.net\/index.php?rest_route=\/wp\/v2\/posts\/15976","targetHints":{"allow":["GET"]}}],"collection":[{"href":"https:\/\/espai-marx.net\/index.php?rest_route=\/wp\/v2\/posts"}],"about":[{"href":"https:\/\/espai-marx.net\/index.php?rest_route=\/wp\/v2\/types\/post"}],"author":[{"embeddable":true,"href":"https:\/\/espai-marx.net\/index.php?rest_route=\/wp\/v2\/users\/5"}],"replies":[{"embeddable":true,"href":"https:\/\/espai-marx.net\/index.php?rest_route=%2Fwp%2Fv2%2Fcomments&post=15976"}],"version-history":[{"count":1,"href":"https:\/\/espai-marx.net\/index.php?rest_route=\/wp\/v2\/posts\/15976\/revisions"}],"predecessor-version":[{"id":15978,"href":"https:\/\/espai-marx.net\/index.php?rest_route=\/wp\/v2\/posts\/15976\/revisions\/15978"}],"wp:featuredmedia":[{"embeddable":true,"href":"https:\/\/espai-marx.net\/index.php?rest_route=\/wp\/v2\/media\/12926"}],"wp:attachment":[{"href":"https:\/\/espai-marx.net\/index.php?rest_route=%2Fwp%2Fv2%2Fmedia&parent=15976"}],"wp:term":[{"taxonomy":"category","embeddable":true,"href":"https:\/\/espai-marx.net\/index.php?rest_route=%2Fwp%2Fv2%2Fcategories&post=15976"},{"taxonomy":"post_tag","embeddable":true,"href":"https:\/\/espai-marx.net\/index.php?rest_route=%2Fwp%2Fv2%2Ftags&post=15976"}],"curies":[{"name":"wp","href":"https:\/\/api.w.org\/{rel}","templated":true}]}}