{"id":16004,"date":"2024-08-07T05:00:44","date_gmt":"2024-08-07T04:00:44","guid":{"rendered":"https:\/\/espai-marx.net\/?p=16004"},"modified":"2024-08-05T16:07:48","modified_gmt":"2024-08-05T15:07:48","slug":"por-que-las-politicas-climaticas-no-funcionan","status":"publish","type":"post","link":"https:\/\/espai-marx.net\/?p=16004","title":{"rendered":"\u00bfPor qu\u00e9 las pol\u00edticas clim\u00e1ticas no funcionan?"},"content":{"rendered":"<p>Que no funcionan es algo que se evidencia por la evoluci\u00f3n que tienen las emisiones de gases de efecto invernadero. Recordemos que en torno al 2020 buena parte de los gobiernos de los principales pa\u00edses emisores adquirieron compromisos que, m\u00e1s o menos, implicaban reducir en el 2030 a la mitad las emisiones que se daban al inicio de esta d\u00e9cada. El <a href=\"about:blank\">informe<\/a> que present\u00f3 el PNUMA (Programa de Naciones Unidas para el Medio Ambiente) en la \u00faltima cumbre del clima mostraba que en el 2022 se hab\u00eda batido una vez m\u00e1s el r\u00e9cord hist\u00f3rico de emisiones. Y ya en el 2024, La NOAA (agencia estadounidense para la atm\u00f3sfera y el oc\u00e9ano) <a href=\"https:\/\/research.noaa.gov\/2024\/04\/05\/no-sign-of-greenhouse-gases-increases-slowing-in-2023\/\">ha informado<\/a> de que las emisiones siguieron creciendo en el 2023 y que a lo largo de ese a\u00f1o no aparecieron se\u00f1ales de desaceleraci\u00f3n. Ello indica que en el 2024 continuar\u00e1 esa tendencia con toda probabilidad.<\/p>\n<p>Si a mediados de esta d\u00e9cada siguen creciendo las emisiones, es del todo improbable que a finales de la misma se hayan reducido a la mitad las que hab\u00eda a sus inicios. Algo que ya advirti\u00f3 el PNUMA en el mencionado <a href=\"about:blank\">informe<\/a>, se\u00f1alando que, con los compromisos presentados por los gobiernos, las emisiones en el 2030 solo habr\u00edan disminuido un 2% respecto a las de principios de d\u00e9cada.<\/p>\n<p>En la cumbre clim\u00e1tica del 2009, la de Copenhague, se dijo que se hab\u00eda perdido la primera d\u00e9cada de este siglo en la lucha contra el cambio clim\u00e1tico y que no pod\u00eda perderse la segunda. En la cumbre del 2021, la de Glasgow, volvi\u00f3 a decirse algo parecido: que se hab\u00eda perdido la segunda d\u00e9cada y que de ninguna manera pod\u00eda perderse ya la tercera. Estamos en el 2024 y vamos camino de perder tambi\u00e9n esta.<\/p>\n<p>\u00bfC\u00f3mo es que estamos tan lejos de afrontar con eficacia la emergencia clim\u00e1tica cuando los compromisos de los gobiernos son mayores que nunca, cuando las pol\u00edticas clim\u00e1ticas disponen de tantos recursos, cuando avanzan a tanta velocidad las energ\u00edas renovables?<\/p>\n<p>La lucha contra el cambio clim\u00e1tico es, en esencia, una lucha por reducir nuestras emisiones de gases de efecto invernadero, y esto solo se logra si disminuyen las fuentes de emisi\u00f3n. La principal de ellas es el consumo de combustibles f\u00f3siles; otras son la agricultura industrial de monocultivos, la ganader\u00eda industrial, las industrias del acero y del cemento\u2026 Ninguna de ellas est\u00e1 menguando. Otro <a href=\"about:blank\">informe<\/a> del PNUMA, tambi\u00e9n presentado antes de la \u00faltima cumbre del clima, advirti\u00f3 de que \u00ablos planes de los gobiernos provocar\u00e1n en todo el mundo aumentos en la producci\u00f3n de carb\u00f3n hasta el 2030, y en la producci\u00f3n de gas y petr\u00f3leo hasta el 2050, cuanto menos\u00bb.<\/p>\n<p>\u00bfPor qu\u00e9 ocurre eso cuando las energ\u00edas renovables est\u00e1n teniendo un desarrollo tan extraordinario? B\u00e1sicamente, porque el crecimiento econ\u00f3mico demanda toda la energ\u00eda que aportan los combustibles f\u00f3siles y toda la que puedan a\u00f1adir las renovables. Esto se entiende mejor si vemos de d\u00f3nde sale la energ\u00eda que el mundo consume. Seg\u00fan el <a href=\"about:blank\">informe<\/a> del Energy Institute, emitido en junio del 2024, de la energ\u00eda total que consumimos (620 EJ en el 2023), el petr\u00f3leo aporta el 31,7%, el carb\u00f3n el 26,5%, el gas el 23,3%, la hidroel\u00e9ctrica el 6,5%, la nuclear el 4,0% y, finalmente, las renovables junto con los agrocombustibles el 8,2%. Si solo tenemos en cuenta las renovables solar y e\u00f3lica, su aportaci\u00f3n es del 2,3% (3.967 TWh, o sea, 14,3 EJ).<\/p>\n<p>Como vemos, los combustibles f\u00f3siles aportan el 81,5% de la energ\u00eda mundial, pero lo m\u00e1s significativo es que ese porcentaje se mantiene casi invariable desde hace a\u00f1os. Igualmente, el 2,3% de aportaci\u00f3n energ\u00e9tica de las renovables solar y e\u00f3lica es el mismo porcentaje que hace un a\u00f1o y muy parecido al de los a\u00f1os anteriores. Los porcentajes apenas se alteran porque, aunque aumentan mucho las renovables, paralelamente aumenta tambi\u00e9n el consumo de combustibles f\u00f3siles. Y, dados los porcentajes mostrados, basta con un aumento del 0,6% de los combustibles f\u00f3siles para que un incremento del 20% de las renovables no sea suficiente para alterar las proporciones finales.<\/p>\n<p>La emergencia clim\u00e1tica nos exige reducciones inmediatas e importantes en el consumo de combustibles f\u00f3siles (un 6% anual, <a href=\"https:\/\/productiongap.org\/2020report\/\">nos dijo<\/a> Naciones Unidas), pero eso solo ser\u00e1 posible si reducimos el gasto energ\u00e9tico, cosa que no ocurrir\u00e1 si todos los grandes negocios (las petroleras, las automovil\u00edsticas, las l\u00edneas a\u00e9reas, el transporte de mercanc\u00edas por mar y carreteras, la agroganader\u00eda industrial, la moda, el turismo, las tecnol\u00f3gicas, los ej\u00e9rcitos, etc.) siguen creciendo. Esta es la raz\u00f3n \u00faltima por la que las pol\u00edticas clim\u00e1ticas no est\u00e1n teniendo eficacia alguna.<\/p>\n<p>No tenemos por qu\u00e9 dudar sobre las buenas intenciones y el compromiso de las personas que est\u00e1n al frente de las pol\u00edticas clim\u00e1ticas, pero lo cierto es que, en lugar de reducir las emisiones, lo que hacen los gobiernos es autoenga\u00f1arse (y gastar dinero) con medidas que no nos llevar\u00e1n a ninguna parte, como la compensaci\u00f3n de emisiones, la captura de carbono de la atm\u00f3sfera, el desarrollo del hidr\u00f3geno\u2026 Sobre la captura de carbono, el mencionado <a href=\"about:blank\">informe<\/a> del Energy Institute dice que a finales del 2023 se capturaba el 0,1% del que se emit\u00eda, un porcentaje que es el mismo que hace una d\u00e9cada. Sobre el hidr\u00f3geno baste se\u00f1alar lo que <a href=\"https:\/\/www.iea.org\/reports\/the-future-of-hydrogen\">dijo<\/a> la Agencia Internacional de la Energ\u00eda: que la energ\u00eda que finalmente nos entrega el hidr\u00f3geno est\u00e1 por debajo del 30% de la usada para producirlo. El hidr\u00f3geno es necesario en la transici\u00f3n energ\u00e9tica, pero no es ninguna panacea.<\/p>\n<p>Lo que nos exige la emergencia clim\u00e1tica es una profunda transformaci\u00f3n del sistema productivo y de consumo. Tenemos que cambiar lo que producimos, c\u00f3mo lo producimos, como lo transportamos y c\u00f3mo lo consumimos. Tenemos que organizar a gran escala el consumo de proximidad. Tenemos que reducir dr\u00e1sticamente el consumo suntuario de los ricos. Por decirlo gr\u00e1ficamente, hay que ponerlo todo patas arriba, y eso es algo que no har\u00e1 el mercado y que solo puede lograrse desde las pol\u00edticas p\u00fablicas y la econom\u00eda social. No es algo que pueda hacerse de la noche a la ma\u00f1ana, pero hay que comenzar a hacerlo. Y hay que darse prisa.<\/p>\n<p>Fuente: <em>El Salto<\/em>, 30 de julio de 2024 (<a href=\"https:\/\/www.elsaltodiario.com\/cambio-climatico\/politicas-climaticas-no-funcionan\">https:\/\/www.elsaltodiario.com\/cambio-climatico\/politicas-climaticas-no-funcionan<\/a>)<\/p>\n","protected":false},"excerpt":{"rendered":"<p>Que no funcionan es algo que se evidencia por la evoluci\u00f3n que tienen las emisiones de gases de efecto invernadero.<\/p>\n","protected":false},"author":5,"featured_media":11114,"comment_status":"open","ping_status":"open","sticky":false,"template":"","format":"standard","meta":{"footnotes":""},"categories":[1563],"tags":[],"class_list":["post-16004","post","type-post","status-publish","format-standard","has-post-thumbnail","hentry","category-crisis-ecosocial"],"aioseo_notices":[],"_links":{"self":[{"href":"https:\/\/espai-marx.net\/index.php?rest_route=\/wp\/v2\/posts\/16004","targetHints":{"allow":["GET"]}}],"collection":[{"href":"https:\/\/espai-marx.net\/index.php?rest_route=\/wp\/v2\/posts"}],"about":[{"href":"https:\/\/espai-marx.net\/index.php?rest_route=\/wp\/v2\/types\/post"}],"author":[{"embeddable":true,"href":"https:\/\/espai-marx.net\/index.php?rest_route=\/wp\/v2\/users\/5"}],"replies":[{"embeddable":true,"href":"https:\/\/espai-marx.net\/index.php?rest_route=%2Fwp%2Fv2%2Fcomments&post=16004"}],"version-history":[{"count":1,"href":"https:\/\/espai-marx.net\/index.php?rest_route=\/wp\/v2\/posts\/16004\/revisions"}],"predecessor-version":[{"id":16005,"href":"https:\/\/espai-marx.net\/index.php?rest_route=\/wp\/v2\/posts\/16004\/revisions\/16005"}],"wp:featuredmedia":[{"embeddable":true,"href":"https:\/\/espai-marx.net\/index.php?rest_route=\/wp\/v2\/media\/11114"}],"wp:attachment":[{"href":"https:\/\/espai-marx.net\/index.php?rest_route=%2Fwp%2Fv2%2Fmedia&parent=16004"}],"wp:term":[{"taxonomy":"category","embeddable":true,"href":"https:\/\/espai-marx.net\/index.php?rest_route=%2Fwp%2Fv2%2Fcategories&post=16004"},{"taxonomy":"post_tag","embeddable":true,"href":"https:\/\/espai-marx.net\/index.php?rest_route=%2Fwp%2Fv2%2Ftags&post=16004"}],"curies":[{"name":"wp","href":"https:\/\/api.w.org\/{rel}","templated":true}]}}