{"id":16007,"date":"2024-08-08T05:00:37","date_gmt":"2024-08-08T04:00:37","guid":{"rendered":"https:\/\/espai-marx.net\/?p=16007"},"modified":"2024-08-05T16:32:22","modified_gmt":"2024-08-05T15:32:22","slug":"incorporacion-a-nuestra-biblioteca-de-la-patagonia-tragica-a-la-patagonia-rebelde-cronica-de-una-pelicula","status":"publish","type":"post","link":"https:\/\/espai-marx.net\/?p=16007","title":{"rendered":"Incorporaci\u00f3n a nuestra biblioteca: <i>De la Patagonia Tr\u00e1gica a La Patagonia Rebelde. Cr\u00f3nica de una pel\u00edcula<\/i>"},"content":{"rendered":"<div dir=\"ltr\"><a href=\"https:\/\/espai-marx.net\/wp-content\/uploads\/2024\/08\/Screenshot-2024-08-05-at-17-16-56-Silva-De-la-Patagonia-Tragica-a-la-Patagonia-Rebelde.-Cronica-de-una-pelicula_Combinar-SILVA-De-la-Patagonia-Tragica-a-la-Patagonia-Rebelde.pdf.png\"><img loading=\"lazy\" decoding=\"async\" class=\"alignleft  wp-image-16009\" src=\"https:\/\/espai-marx.net\/wp-content\/uploads\/2024\/08\/Screenshot-2024-08-05-at-17-16-56-Silva-De-la-Patagonia-Tragica-a-la-Patagonia-Rebelde.-Cronica-de-una-pelicula_Combinar-SILVA-De-la-Patagonia-Tragica-a-la-Patagonia-Rebelde.pdf.png\" alt=\"\" width=\"200\" height=\"277\" srcset=\"https:\/\/espai-marx.net\/wp-content\/uploads\/2024\/08\/Screenshot-2024-08-05-at-17-16-56-Silva-De-la-Patagonia-Tragica-a-la-Patagonia-Rebelde.-Cronica-de-una-pelicula_Combinar-SILVA-De-la-Patagonia-Tragica-a-la-Patagonia-Rebelde.pdf.png 1060w, https:\/\/espai-marx.net\/wp-content\/uploads\/2024\/08\/Screenshot-2024-08-05-at-17-16-56-Silva-De-la-Patagonia-Tragica-a-la-Patagonia-Rebelde.-Cronica-de-una-pelicula_Combinar-SILVA-De-la-Patagonia-Tragica-a-la-Patagonia-Rebelde.pdf-216x300.png 216w, https:\/\/espai-marx.net\/wp-content\/uploads\/2024\/08\/Screenshot-2024-08-05-at-17-16-56-Silva-De-la-Patagonia-Tragica-a-la-Patagonia-Rebelde.-Cronica-de-una-pelicula_Combinar-SILVA-De-la-Patagonia-Tragica-a-la-Patagonia-Rebelde.pdf-738x1024.png 738w, https:\/\/espai-marx.net\/wp-content\/uploads\/2024\/08\/Screenshot-2024-08-05-at-17-16-56-Silva-De-la-Patagonia-Tragica-a-la-Patagonia-Rebelde.-Cronica-de-una-pelicula_Combinar-SILVA-De-la-Patagonia-Tragica-a-la-Patagonia-Rebelde.pdf-768x1065.png 768w\" sizes=\"auto, (max-width: 200px) 100vw, 200px\" \/><\/a>Con motivo del reciente cincuentenario de\u00a0<em><strong>La Patagonia Rebelde<\/strong><\/em>, uno de los grandes cl\u00e1sicos del cine argentino de todos los tiempos (el film se estren\u00f3 un 13 de junio de 1974), la editorial\u00a0<strong>Libros de\u00a0Anarres\u00a0<\/strong>ha lanzado un nuevo t\u00edtulo, en el marco de su colecci\u00f3n Utop\u00eda Libertaria:\u00a0<strong><em>De la Patagonia Tr\u00e1gica a\u00a0<\/em>La Patagonia Rebelde<em>. Cr\u00f3nica de una pel\u00edcula<\/em><\/strong>. La obra es p\u00f3stuma y pertenece al historiador, periodista y escritor\u00a0<strong>Horacio Ricardo Silva\u00a0<\/strong>(1959-2023), disc\u00edpulo de Osvaldo Bayer, autor \u2013entre otros libros\u2013 de\u00a0<em>D\u00edas Rojos, verano negro\u00a0<\/em>(Anarres, 2011), la investigaci\u00f3n hist\u00f3rica m\u00e1s rigurosa y actualizada que existe hasta ahora sobre la Semana Tr\u00e1gica de Buenos Aires (1919), prologada por Bayer.<\/div>\n<div dir=\"ltr\"><\/div>\n<div dir=\"ltr\"><em>De la Patagonia Tr\u00e1gica a\u00a0<\/em><strong>La Patagonia Rebelde<\/strong><strong>\u00a0<\/strong>es una cr\u00f3nica exhaustiva, s\u00f3lidamente\u00a0documentada con infinidad de fuentes (tanto material bibliogr\u00e1fico, hemerogr\u00e1fico y audiovisual de archivo como testimonios orales de figuras cruciales que fueron especialmente entrevistadas por Silva).\u00a0Narra en 400 p\u00e1ginas la historia del c\u00e9lebre largometraje de H\u00e9ctor Olivera: su concepci\u00f3n a partir de los dos primeros tomos de\u00a0<em>Los vengadores de la Patagonia Tr\u00e1gica<\/em>\u00a0de Bayer (quien coescribir\u00eda el guion y colaborar\u00eda como asesor hist\u00f3rico), las distintas etapas de su realizaci\u00f3n (preproducci\u00f3n, rodaje, postproducci\u00f3n), su exhibici\u00f3n en salas, la recepci\u00f3n del p\u00fablico y la cr\u00edtica, sus repercusiones sociales y pol\u00edticas, los problemas de censura, el calvario de la persecuci\u00f3n ideol\u00f3gica a sus hacedores, su legado cultural. Cr\u00f3nica exhaustiva dec\u00edamos, pero muy amena y atrapante, magistralmente escrita, llena de an\u00e9cdotas y entretelones sabrosos, pinceladas de humor, emotividad y dramatismo, observaciones agudas, valoraciones cr\u00edticas, nostalgia&#8230; Cabe destacar tambi\u00e9n la amplia contextualizaci\u00f3n espacio-temporal. La cr\u00f3nica ofrece un verdadero \u00abfresco hist\u00f3rico\u00bb de la convulsionada y fren\u00e9tica Argentina de los primeros a\u00f1os 70, desde los grandes sucesos de la coyuntura pol\u00edtica hasta los peque\u00f1os detalles de la cultura cotidiana.<\/div>\n<div dir=\"ltr\"><\/div>\n<div dir=\"ltr\"><strong>El libro ha sido editado de forma electr\u00f3nica, en PDF.<\/strong><\/div>\n<div dir=\"ltr\"><strong>Es un material de acceso totalmente libre y gratuito.<\/strong><\/div>\n<div dir=\"ltr\">Enlace de descarga original:<\/div>\n<div dir=\"ltr\"><a href=\"http:\/\/www.librosdeanarres.com.ar\/#!\/producto\/110\" target=\"_blank\" rel=\"nofollow noopener noreferrer\"><strong>http:\/\/www.librosdeanarres.com.ar\/#!\/producto\/110<\/strong><\/a><\/div>\n<div dir=\"ltr\">Descarga en nuestra biblioteca:<\/div>\n<div dir=\"ltr\"><a href=\"http:\/\/espai-marx.net\/elsarbres\/wp-content\/uploads\/2024\/08\/SILVA-De-la-Patagonia-Tragica-a-la-Patagonia-Rebelde.pdf\">SILVA &#8211; De la Patagonia Tr\u00e1gica a la Patagonia Rebelde (PDF)<\/a><\/div>\n","protected":false},"excerpt":{"rendered":"<p>Con motivo del reciente cincuentenario de\u00a0La Patagonia Rebelde, uno de los grandes cl\u00e1sicos del cine argentino de todos los tiempos<\/p>\n","protected":false},"author":5,"featured_media":16008,"comment_status":"open","ping_status":"open","sticky":false,"template":"","format":"standard","meta":{"footnotes":""},"categories":[6,825],"tags":[],"class_list":["post-16007","post","type-post","status-publish","format-standard","has-post-thumbnail","hentry","category-cine","category-elsarbres"],"aioseo_notices":[],"_links":{"self":[{"href":"https:\/\/espai-marx.net\/index.php?rest_route=\/wp\/v2\/posts\/16007","targetHints":{"allow":["GET"]}}],"collection":[{"href":"https:\/\/espai-marx.net\/index.php?rest_route=\/wp\/v2\/posts"}],"about":[{"href":"https:\/\/espai-marx.net\/index.php?rest_route=\/wp\/v2\/types\/post"}],"author":[{"embeddable":true,"href":"https:\/\/espai-marx.net\/index.php?rest_route=\/wp\/v2\/users\/5"}],"replies":[{"embeddable":true,"href":"https:\/\/espai-marx.net\/index.php?rest_route=%2Fwp%2Fv2%2Fcomments&post=16007"}],"version-history":[{"count":1,"href":"https:\/\/espai-marx.net\/index.php?rest_route=\/wp\/v2\/posts\/16007\/revisions"}],"predecessor-version":[{"id":16010,"href":"https:\/\/espai-marx.net\/index.php?rest_route=\/wp\/v2\/posts\/16007\/revisions\/16010"}],"wp:featuredmedia":[{"embeddable":true,"href":"https:\/\/espai-marx.net\/index.php?rest_route=\/wp\/v2\/media\/16008"}],"wp:attachment":[{"href":"https:\/\/espai-marx.net\/index.php?rest_route=%2Fwp%2Fv2%2Fmedia&parent=16007"}],"wp:term":[{"taxonomy":"category","embeddable":true,"href":"https:\/\/espai-marx.net\/index.php?rest_route=%2Fwp%2Fv2%2Fcategories&post=16007"},{"taxonomy":"post_tag","embeddable":true,"href":"https:\/\/espai-marx.net\/index.php?rest_route=%2Fwp%2Fv2%2Ftags&post=16007"}],"curies":[{"name":"wp","href":"https:\/\/api.w.org\/{rel}","templated":true}]}}