{"id":1602,"date":"2011-06-19T00:00:00","date_gmt":"2011-06-19T00:00:00","guid":{"rendered":"https:\/\/espai-marx.net\/?p=1602"},"modified":"2020-02-21T12:47:52","modified_gmt":"2020-02-21T11:47:52","slug":"una-terbola-operacio-d-imatge","status":"publish","type":"post","link":"https:\/\/espai-marx.net\/?p=1602","title":{"rendered":"Una t\u00e8rbola operaci\u00f3 d&#8217;imatge"},"content":{"rendered":"<p style=\"margin-bottom: 0.42cm; border: none; padding: 0cm;\" align=\"JUSTIFY\"><b>Reflexions sobre els incidents del 15 de juny al parlament<\/b><\/p>\n<p style=\"margin-bottom: 0.42cm; border: none; padding: 0cm;\" align=\"JUSTIFY\">A qui beneficia?, es preguntaven els antics romans quan en l&#8217;\u00e0mbit p\u00fablic es produ\u00efa una situaci\u00f3 en aparen\u00e7a incontrolada i imprevista. Qui pro quo. L&#8217;operaci\u00f3 d&#8217;arribada en helic\u00f2pter del president Mas i bona part del seu govern em sembla t\u00e8rbola, fins antidemocr\u00e0tica. I sens dubte, els ha beneficiat. La Vanguardia diu, en la portada, que no s&#8217;havia produ\u00eft una de tant grossa des del 23-F. Vinga, apa, no faltava sin\u00f3: el 15-M, quan justament feia un mes, equiparat als colpistes de Tejero i tutti quanti. Quin gran r\u00e8dit, president Mas.<\/p>\n<p style=\"border: none; padding: 0cm;\" align=\"JUSTIFY\">L&#8217;operaci\u00f3 helic\u00f2pter beneficia el sentit de l&#8217;ordre p\u00fablic d&#8217;aquest govern, que ha tornat a activar la viol\u00e8ncia on no hi era, com va fer el passat dia 27 de maig a la pla\u00e7a de Catalunya. Ho vaig escriure en un article, i ho torno a dir ara. Que m&#8217;equivoco? Que els concentrats aquest dimecres davant el Parlament van exercir viol\u00e8ncia contra diputats i periodistes, verbal i f\u00edsica? Potser s\u00ed que m&#8217;equivoco, per\u00f2 per estar-ne segura necessitaria que alg\u00fa m&#8217;ho demostr\u00e9s amb dades a la m\u00e0. Voldria saber m\u00e9s d&#8217;aquests violents. El periodisme d\u2019investigaci\u00f3 \u00e9s avui imprescindible, en tots els ordres. Demanem transpar\u00e8ncia a tothom menys, ves per on, al nostre sistema comunicatiu. Qui ens assegura que no hi va haver \u2013que no hi ha\u2014 infiltrats entre els concentrats davant el Parlament? Infiltrats que podrien ser de la policia, dels &#8216;radikals&#8217; violents, d\u2019altres partits&#8230;, vagi vost\u00e8 a saber. Si no ho investiguem, no ho sabem ni ho sabrem.<\/p>\n<p style=\"border: none; padding: 0cm;\" align=\"JUSTIFY\">La primera cosa que va dir Puig en baixar del seu periple aeri victori\u00f3s i entrar al Parlament va ser: &#8216;Veieu, com tenia ra\u00f3 jo el dia 27?&#8217;. Nom\u00e9s una frase aix\u00ed ja permet sospitar que l&#8217;actuaci\u00f3 d&#8217;alguns dels concentrats li va anar la mar de b\u00e9, al govern. I \u00bfqu\u00e8 en diu, el conseller, del fet que se sabia des de feia dies que els concentrats del 15-M s&#8217;ubicarien davant del Parlament precisament aquest dimecres?<\/p>\n<p style=\"border: none; padding: 0cm;\" align=\"JUSTIFY\">La matinada del 29 de maig, la gent del 15-M va donar una lli\u00e7\u00f3 d&#8217;imaginaci\u00f3 pol\u00edtica quan amb les mans al\u00e7ades i formant cadena van desactivar els mossos, que se&#8217;n van anar de la pla\u00e7a de Catalunya enmig d&#8217;aplaudiments que dignificaven la seva retirada. En una situaci\u00f3 social tan greu com la present, \u00bfno hauria un govern democr\u00e0tic\u2014i la seva oposici\u00f3, per cert que tamb\u00e9\u2014 d&#8217;esfor\u00e7ar-se en f\u00f3rmules d&#8217;imaginaci\u00f3 pol\u00edtica que evitin la viol\u00e8ncia, en aquest cas dels concentrats? Si no ho fa, i no ho ha fet, no hi ha res que impedeixi pensar que potser ha provocat d&#8217;alguna manera aquesta viol\u00e8ncia.<\/p>\n<p style=\"border: none; padding: 0cm;\" align=\"JUSTIFY\">\n","protected":false},"excerpt":{"rendered":"<p>Reflexions sobre els incidents del 15 de juny al parlament A qui beneficia?, es preguntaven els antics romans quan en<\/p>\n","protected":false},"author":9,"featured_media":0,"comment_status":"open","ping_status":"open","sticky":false,"template":"","format":"standard","meta":{"footnotes":""},"categories":[14],"tags":[],"class_list":["post-1602","post","type-post","status-publish","format-standard","hentry","category-democracia-republica"],"aioseo_notices":[],"_links":{"self":[{"href":"https:\/\/espai-marx.net\/index.php?rest_route=\/wp\/v2\/posts\/1602","targetHints":{"allow":["GET"]}}],"collection":[{"href":"https:\/\/espai-marx.net\/index.php?rest_route=\/wp\/v2\/posts"}],"about":[{"href":"https:\/\/espai-marx.net\/index.php?rest_route=\/wp\/v2\/types\/post"}],"author":[{"embeddable":true,"href":"https:\/\/espai-marx.net\/index.php?rest_route=\/wp\/v2\/users\/9"}],"replies":[{"embeddable":true,"href":"https:\/\/espai-marx.net\/index.php?rest_route=%2Fwp%2Fv2%2Fcomments&post=1602"}],"version-history":[{"count":0,"href":"https:\/\/espai-marx.net\/index.php?rest_route=\/wp\/v2\/posts\/1602\/revisions"}],"wp:attachment":[{"href":"https:\/\/espai-marx.net\/index.php?rest_route=%2Fwp%2Fv2%2Fmedia&parent=1602"}],"wp:term":[{"taxonomy":"category","embeddable":true,"href":"https:\/\/espai-marx.net\/index.php?rest_route=%2Fwp%2Fv2%2Fcategories&post=1602"},{"taxonomy":"post_tag","embeddable":true,"href":"https:\/\/espai-marx.net\/index.php?rest_route=%2Fwp%2Fv2%2Ftags&post=1602"}],"curies":[{"name":"wp","href":"https:\/\/api.w.org\/{rel}","templated":true}]}}