{"id":1603,"date":"2011-06-19T00:00:00","date_gmt":"2011-06-19T00:00:00","guid":{"rendered":"https:\/\/espai-marx.net\/?p=1603"},"modified":"2020-02-21T12:49:01","modified_gmt":"2020-02-21T11:49:01","slug":"vicenc-navarro-analiza-los-sucesos-de-barcelona","status":"publish","type":"post","link":"https:\/\/espai-marx.net\/?p=1603","title":{"rendered":"Vicen\u00e7 Navarro analiza los sucesos de Barcelona"},"content":{"rendered":"<p align=\"JUSTIFY\">Uno de los movimientos m\u00e1s positivos que han surgido en la vida pol\u00edtica de Catalu\u00f1a (y del resto de Espa\u00f1a) ha sido el movimiento definido como el de los Indignados o 15M. Su fuerza se basa en que las causas de su indignaci\u00f3n son ampliamente compartidas por la mayor\u00eda de la poblaci\u00f3n, como atestiguan las encuestas publicadas en varios medios. Una de estas causas ha sido los recortes del gasto p\u00fablico en las transferencias y servicios p\u00fablicos del estado del bienestar en Catalu\u00f1a (y, muy en particular, en sanidad, educaci\u00f3n y servicios sociales). Estos recortes se est\u00e1n realizando a pesar de que ninguno de ellos estaba anunciado en el programa electoral de Convergencia i Uni\u00f3, el partido que gan\u00f3 las elecciones hace s\u00f3lo unos meses. Es m\u00e1s, el entonces candidato de CiU, Artur Mas, durante la campa\u00f1a electoral hab\u00eda subrayado que no har\u00eda recortes ni en sanidad, ni en educaci\u00f3n. Y ahora lo est\u00e1 haciendo con el apoyo del Partido Popular, cuya suma de parlamentarios significa la mayor\u00eda del Parlamento. Estos recortes son impopulares y ello a pesar de que la mayor\u00eda de los medios, incluyendo los medios p\u00fablicos de la Generalitat de Catalunya, tales como TV3 y Catalunya R\u00e0dio, los han presentado como necesarios e inevitables, sin considerar alternativas a los recortes como el aumento de los impuestos de los sectores m\u00e1s pudientes que se han beneficiado durante estos a\u00f1os de los recortes de impuestos, recortes que siempre han contado con el apoyo de CiU y del PP. El gobierno de la Generalitat, y por tanto el Gobierno CiU, tiene plena responsabilidad fiscal para aumentar tales impuestos.<\/p>\n<p align=\"JUSTIFY\">Los recortes del gasto p\u00fablico que afectar\u00e1n muy negativamente al estado del bienestar en Catalu\u00f1a, as\u00ed como otras medidas y propuestas (que cuentan y\/o contar\u00e1n con el apoyo del Partido Popular) da\u00f1ar\u00e1n sobre todo a las clases populares. De ah\u00ed la gran simpat\u00eda de estas clases populares hacia el movimiento de los indignados e incluso en los medios de mayor difusi\u00f3n (tanto escritos, como orales, como visuales), que son de clara persuasi\u00f3n conservadora y\/o neoliberal, han aparecido voces de apoyo a tal movimiento, aunque son claramente la excepci\u00f3n. Algunas voces, sin embargo, han sido claramente hostiles, aunque la mayor\u00eda han sido condescendientes, considerando al movimiento como gente joven, bien intencionada, pero profundamente equivocada. Esta actitud hacia el movimiento ha persistido hasta hoy, en que un cambio importante ha ocurrido.<\/p>\n<p align=\"JUSTIFY\"><b>LO QUE OCURRI\u00d3 ESTA MA\u00d1ANA EN EL PARQUE DE LA CIUTADELLA<\/b><\/p>\n<p align=\"JUSTIFY\">El movimiento de los indignados hab\u00eda decidido en su \u00faltima asamblea hacer un acto simb\u00f3lico de protesta frente a las decisiones que se iban a tomar en el Parlamento esta ma\u00f1ana, que inclu\u00eda la apertura de un proceso parlamentario que conducir\u00eda a tales recortes aprobados por CiU con el apoyo del PP. En este acto simb\u00f3lico se inclu\u00eda rodear el Parlamento con una cadena humana, protestando por las decisiones que se iban a tomar en el Parlamento, dificultando adem\u00e1s el acceso al mismo por parte de los parlamentarios. Estaba claro que una consigna de este movimiento (como consta en su web) era ser meticulosamente antiviolencia, habiendo enviado la consigna a todos los participantes. Esta consigna no se respet\u00f3 y hubo unos grupos no representativos del colectivo general que cometieron actos de violencia, agrediendo a algunos parlamentarios (parad\u00f3jicamente algunos parlamentarios de partidos de izquierda que iban a oponerse a tales recortes).<\/p>\n<p align=\"JUSTIFY\">A partir de entonces ha habido un intento de los medios de mayor difusi\u00f3n de utilizar los actos irresponsables de algunos grupos poco representativos del movimiento 15M para desacreditar a todo el movimiento. Hubo una movilizaci\u00f3n masiva, incluyendo de los medios p\u00fablicos de la Generalitat para desacreditar tal movimiento. De ah\u00ed que me vea en la necesidad de hacer las siguientes declaraciones:<\/p>\n<p align=\"JUSTIFY\">1. Mi apoyo al movimiento de los indignados, a su causa y a sus m\u00e9todos no violentos. Son continuadores de las generaciones anteriores que lucharon y luchamos por la democracia durante la dictadura y otras, m\u00e1s tarde, que lucharon para mejorarla. Como indiqu\u00e9 en una charla en la Plaza Catalu\u00f1a a los indignados la semana pasada, tienen que ser conscientes de que son herederos de nuestros padres que perdieron la Guerra Civil defendiendo la Rep\u00fablica democr\u00e1tica, de mi generaci\u00f3n que en los a\u00f1os 50 y 60, en condiciones muy duras, luchamos contra la dictadura y de los trabajadores que con sus huelgas forzaron la ca\u00edda de aquel odiado r\u00e9gimen en los a\u00f1os 70. De ah\u00ed su enorme valor y responsabilidad, en su intento de reformar la democracia tan incompleta y el bienestar tan insuficiente que todav\u00eda existe en Catalunya y en Espa\u00f1a treinta y tres a\u00f1os despu\u00e9s de terminar la dictadura.<\/p>\n<p align=\"JUSTIFY\">2. Su gran fuerza deriva de tener raz\u00f3n, tener la simpat\u00eda de la mayor\u00eda de la poblaci\u00f3n y ser herederos de otros que lucharon para alcanzar la democracia que el pueblo catal\u00e1n y los pueblos de las otras naciones de Espa\u00f1a se merecen. Ello conlleva tambi\u00e9n una gran responsabilidad, lo cual implica que deban organizarse y excluir de sus movimiento a aquellos que con sus m\u00e9todos violentos (que hasta ahora son una min\u00fascula minor\u00eda) hacen al movimiento muy vulnerable a que pierdan el recurso m\u00e1s valioso que tienen, que es el apoyo de las clases populares. La estructura de poder en Catalunya y sus medios son enormemente poderosos y utilizar\u00e1n todos los medios para desacreditarlos. De ah\u00ed la necesidad de organizarse, lo cual no quiere decir convertirse en partido o cualquier otra asociaci\u00f3n, sino tener un criterio claro de pertenencia y de acci\u00f3n con un compromiso de no dar pie a que el adversario te destruya.<\/p>\n<p align=\"JUSTIFY\">De ah\u00ed que deben reconocer que fue un error (tal como se lo comuniqu\u00e9 cuando lo estaban planificando) el intentar evitar el acceso de los parlamentarios al Parlamento, puesto que ello conllevaba un elevado riesgo de violencia y adem\u00e1s asum\u00eda err\u00f3neamente que todos los pol\u00edticos son iguales, postura que tambi\u00e9n hab\u00eda criticado en la presentaci\u00f3n del domingo en Plaza Catalu\u00f1a. Las fuerzas democr\u00e1ticas quedan debilitadas enormemente cuando estos errores son utilizados autom\u00e1ticamente para desacreditar al movimiento, como est\u00e1 ocurriendo ahora. El objetivo de un movimiento reformista no es la anulaci\u00f3n del Parlamento, si no su necesaria y urgente mejora, exigi\u00e9ndole que sea m\u00e1s sensible a los deseos ciudadanos y que no lo sea s\u00f3lo cada cuatro a\u00f1os para, al d\u00eda siguiente de salir elegido, hacer lo contrario.<\/p>\n<p align=\"JUSTIFY\">3. Lo que ha ocurrido esta ma\u00f1ana no debe ocultar que la causa mayor de tales disturbios son aquellos pol\u00edticos gobernantes en Catalu\u00f1a y sus aliados, el PP, que est\u00e1n actuando de una manera antidemocr\u00e1tica, llevando a cabo pol\u00edticas que no estaban explicitadas en sus programas electorales. Como bien dijo recientemente el Arzobispo de Canterbury, Rowan Williams, en su denuncia a los recortes de gasto p\u00fablico social de David Cameron, en Gran Breta\u00f1a, recortes que tampoco hab\u00edan sido anunciados en su programa electoral, \u201cel gobierno no tiene ni moralidad, ni legitimidad democr\u00e1tica para llevar a cabo estos recortes, excus\u00e1ndose bajo el argumento de que el d\u00e9ficit del Estado era mayor del esperado\u201d. Como dijo tal dirigente eclesi\u00e1stico brit\u00e1nico, la rapidez con que el gobierno ha hecho estos recortes muestra claramente que esto ya estaba planificado. Es una l\u00e1stima, aunque sea predecible, que los mal llamados \u201cportavoces de la moralidad de Catalunya y de Espa\u00f1a\u201d no hayan hecho declaraciones semejantes. Es un indicador de su baja calidad moral y escasa conciencia democr\u00e1tica que las autoridades eclesi\u00e1sticas hayan permanecido silenciosas frente a tales recortes no programados en las ofertas electorales de sus partidos afines.<\/p>\n<p align=\"JUSTIFY\">4. El argumento que se est\u00e1 utilizando m\u00e1s en el discurso pol\u00edtico y medi\u00e1tico en Catalu\u00f1a es que tales recortes son necesarios debido a la presi\u00f3n de los mercados financieros. Esta nota es plena admisi\u00f3n de que la democracia no funciona en Catalu\u00f1a (y en Espa\u00f1a), puesto que nadie ha elegido a estos mercados. Pero la realidad es que no son los mercados los determinantes de estos recortes, puesto que \u00e9stas y otras medidas, como la desregulaci\u00f3n del mercado de trabajo, son las medidas que los grupos que predominantemente apoyan y financian a CiU y PP han estado deseando que se hicieran, mucho antes de que aparecieran los mercados financieros.<\/p>\n<p align=\"JUSTIFY\">5. Aunque la cr\u00edtica mayor del movimiento 15M es hacia los partidos conservadores y neoliberales, el hecho es que tambi\u00e9n incluye a fuerzas y partidos pol\u00edticos de izquierdas, que han tambi\u00e9n realizado pol\u00edticas criticables en Catalu\u00f1a e inaceptables en Espa\u00f1a. Debieran hacer una autocr\u00edtica m\u00e1s profunda de la que est\u00e1n realizando.<\/p>\n<p align=\"JUSTIFY\">6. La democracia catalana y espa\u00f1ola es dram\u00e1ticamente insuficiente. Indicadores de ellos son m\u00faltiples. Uno de ellos es que en las \u00faltimas elecciones municipales los votos a los partidos de izquierda suman m\u00e1s que los votos a los partidos de derecha. Y si a ellos se suman los votos en blanco y la abstenci\u00f3n (la mayor\u00eda de izquierda, seg\u00fan muestran los sondeos de intenci\u00f3n de voto), resulta que Catalu\u00f1a contin\u00faa siendo un pa\u00eds de izquierdas y centro izquierda. Y es tambi\u00e9n interesante resaltar que incluso muchos votantes de centroderecha y derecha simpatizan claramente con pol\u00edticas redistributivas y pol\u00edticas expansivas del estado del bienestar, con una reforma fiscal profunda y progresista. De ah\u00ed que haber ganado unas elecciones no es suficiente para llevar a cabo pol\u00edticas que no cuentan con un apoyo amplio de la sociedad. Como consecuencia, la distancia entre los gobernantes y los gobernados se est\u00e1 ampliando peligrosamente, cuestionando la propia legitimidad del sistema democr\u00e1tico, lo cual es sumamente preocupante para todas las personas que hemos luchado por tener democracia en este pa\u00eds.<\/p>\n<p align=\"JUSTIFY\">7. La democracia no es s\u00f3lo democracia representativa (que en Catalu\u00f1a est\u00e1 muy limitada), sino democracia directa y participativa. Democracia no es s\u00f3lo votar cada cuatro a\u00f1os, democracia es tambi\u00e9n la participaci\u00f3n ciudadana a trav\u00e9s de varias formas y modos, tales como refer\u00e9ndums, formas comunitarias y asamblearias de participaci\u00f3n, y otras formas de intervenci\u00f3n m\u00e1s directa y menos delegada por parte de la ciudadan\u00eda. La transici\u00f3n inmod\u00e9lica de la dictadura a la democracia se hizo en t\u00e9rminos muy favorables a las fuerzas conservadoras que controlaban el estado. De ah\u00ed que tengamos una democracia que parece temer a la poblaci\u00f3n, limitando enormemente las v\u00edas de participaci\u00f3n. La poblaci\u00f3n no tiene mecanismos para corregir decisiones que no tienen el apoyo popular, limit\u00e1ndose a expresar su frustraci\u00f3n cuatro despu\u00e9s del voto anterior. Esto es lo que est\u00e1 pasando hoy en Catalu\u00f1a. El gobierno est\u00e1 proponiendo y haciendo pol\u00edticas que no estaban en su programa electoral, lo cual tambi\u00e9n est\u00e1 ocurriendo con el gobierno espa\u00f1ol. Ello explica el enorme descr\u00e9dito del partido gobernante espa\u00f1ol. No es democr\u00e1tico en Catalunya decirle a la poblaci\u00f3n frustrada e indignada que se espere cuatro a\u00f1os m\u00e1s.<\/p>\n<p align=\"JUSTIFY\">8. Para que exista una democracia es necesario que los medios de comunicaci\u00f3n sean plurales y diversos ideol\u00f3gicamente. Esto no ocurre en Catalu\u00f1a, como lo muestra que el mayor debate que ha tenido lugar en Catalu\u00f1a sobre los recortes ha sido como hacerlos, sin nunca (o casi nunca) incluir voces que presentaran otras alternativas como la correcci\u00f3n de las pol\u00edticas fiscales regresivas que se han ido siguiendo estos \u00faltimos a\u00f1os. Por cada recorte hay una alternativa que ni siquiera se ha considerado en el debate medi\u00e1tico. Uno de los mayores problemas que tiene la democracia catalana y espa\u00f1ola es precisamente esta falta de diversidad ideol\u00f3gica de los mayores medios de comunicaci\u00f3n,<\/p>\n<p align=\"JUSTIFY\">9. La criminalizaci\u00f3n de este movimiento 15-M por parte de un n\u00famero significativo de estos medios es profundamente antidemocr\u00e1tica y es una defensa grosera y vulgar del pensamiento conservador y neoliberal dominante en tales medios que est\u00e1 asfixiando a este pa\u00eds.<\/p>\n<p align=\"JUSTIFY\">10. La violencia debe denunciarse, ya sea f\u00edsica, oral o emotiva. De ah\u00ed que los que agredieron a los parlamentarios deben denunciarse con toda intensidad. Pero los medios que est\u00e1n utilizando esta evidencia para desacreditar a un movimiento aut\u00e9nticamente democr\u00e1tico y no violento, debieran tambi\u00e9n denunciar y condenar la violencia de la polic\u00eda y sus responsables, as\u00ed como los insultos y las agresiones verbales que realizan algunas y algunos periodistas que abusan de su forum p\u00fablico (pagado por todos los ciudadanos) para insultar constantemente a aquellos con los que est\u00e1n en desacuerdo (casi siempre son de izquierdas) y que saben que no les pueden responder porque no tienen acceso a tales medios. Esto es tambi\u00e9n violencia.<\/p>\n<p align=\"JUSTIFY\"><i>Publicado en: <a href=\"http:\/\/www.juantorreslopez.com\/impertinencias\/147-impertinencias-de-junio-de-2011\/2417-vicenc-navarro-analiza-los-sucesos-de-barcelona-\">http:\/\/www.juantorreslopez.com\/impertinencias\/147-impertinencias-de-junio-de-2011\/2417-vicenc-navarro-analiza-los-sucesos-de-barcelona-<\/a><\/i><\/p>\n<p align=\"CENTER\">\n<p style=\"margin-bottom: 0cm;\">\n","protected":false},"excerpt":{"rendered":"<p>Uno de los movimientos m\u00e1s positivos que han surgido en la vida pol\u00edtica de Catalu\u00f1a (y del resto de Espa\u00f1a)<\/p>\n","protected":false},"author":9,"featured_media":0,"comment_status":"open","ping_status":"open","sticky":false,"template":"","format":"standard","meta":{"footnotes":""},"categories":[14],"tags":[],"class_list":["post-1603","post","type-post","status-publish","format-standard","hentry","category-democracia-republica"],"aioseo_notices":[],"_links":{"self":[{"href":"https:\/\/espai-marx.net\/index.php?rest_route=\/wp\/v2\/posts\/1603","targetHints":{"allow":["GET"]}}],"collection":[{"href":"https:\/\/espai-marx.net\/index.php?rest_route=\/wp\/v2\/posts"}],"about":[{"href":"https:\/\/espai-marx.net\/index.php?rest_route=\/wp\/v2\/types\/post"}],"author":[{"embeddable":true,"href":"https:\/\/espai-marx.net\/index.php?rest_route=\/wp\/v2\/users\/9"}],"replies":[{"embeddable":true,"href":"https:\/\/espai-marx.net\/index.php?rest_route=%2Fwp%2Fv2%2Fcomments&post=1603"}],"version-history":[{"count":0,"href":"https:\/\/espai-marx.net\/index.php?rest_route=\/wp\/v2\/posts\/1603\/revisions"}],"wp:attachment":[{"href":"https:\/\/espai-marx.net\/index.php?rest_route=%2Fwp%2Fv2%2Fmedia&parent=1603"}],"wp:term":[{"taxonomy":"category","embeddable":true,"href":"https:\/\/espai-marx.net\/index.php?rest_route=%2Fwp%2Fv2%2Fcategories&post=1603"},{"taxonomy":"post_tag","embeddable":true,"href":"https:\/\/espai-marx.net\/index.php?rest_route=%2Fwp%2Fv2%2Ftags&post=1603"}],"curies":[{"name":"wp","href":"https:\/\/api.w.org\/{rel}","templated":true}]}}