{"id":1605,"date":"2011-06-20T00:00:00","date_gmt":"2011-06-20T00:00:00","guid":{"rendered":"https:\/\/espai-marx.net\/?p=1605"},"modified":"2020-02-21T12:44:49","modified_gmt":"2020-02-21T11:44:49","slug":"contrareforma","status":"publish","type":"post","link":"https:\/\/espai-marx.net\/?p=1605","title":{"rendered":"Contrareforma"},"content":{"rendered":"<p class=\"western\" style=\"margin-top: 0.1cm; margin-bottom: 0.1cm;\" align=\"JUSTIFY\">Res no fa m\u00e9s s\u00f2lida la pertinen\u00e7a a un majoritari grup de correcci\u00f3 en fons i forma que l\u2019exist\u00e8ncia d\u2019un desqualificable grup\u00fascul d\u2019outsiders. Res no fa m\u00e9s indiscutiblement positiva una discutible realitat majorit\u00e0ria que l\u2019exist\u00e8ncia d\u2019una realitat minorit\u00e0ria discutidora que empra m\u00e8todes discutibles.<\/p>\n<p class=\"western\" lang=\"ca-ES\" style=\"margin-top: 0.1cm; margin-bottom: 0.1cm;\" align=\"JUSTIFY\">Quan es donen aquestes circumst\u00e0ncies, els grisos desapareixen. D\u2019una banda, el gran grup, el del seny, el de l\u2019ordre, el dels rectes i centrats, en definitiva, els \u201ctots\u201d. De l\u2019altra, el grup\u00fascul, el de la rauxa, el de l\u2019extrema radicalitat, en resum, els \u201cning\u00fa\u201d. I entremig, no res, cap atenuant, cap mat\u00eds, cap vas conductor entre ambdues indiscutibles realitats.<\/p>\n<p class=\"western\" lang=\"ca-ES\" style=\"margin-top: 0.1cm; margin-bottom: 0.1cm;\" align=\"JUSTIFY\">Quan es donen aquestes circumst\u00e0ncies, quan de sobte se\u2019ns fa visible la pres\u00e8ncia d\u2019una \u201cl\u00ednia roja\u201d perqu\u00e8 alg\u00fa l\u2019ha traspassada, es posa en marxa tota la maquin\u00e0ria necess\u00e0ria per tornar a cimentar els fonaments que sostenen la correcta realitat majorit\u00e0ria ressituant, de retruc, el grup\u00fascul discutidor en aquella \u00e0rea del mapa social que referma la idone\u00eftat de la l\u00ednia predominant de manera doble: primer, atribuint buidor, \u00e9s a dir, contingut zero a l\u2019exist\u00e8ncia vital del grup\u00fascul i, en segon lloc, per contrast, atribuint no nom\u00e9s contingut sin\u00f3 veritat absoluta als plantejaments de la realitat majorit\u00e0ria.<\/p>\n<p class=\"western\" lang=\"ca-ES\" style=\"margin-top: 0.1cm; margin-bottom: 0.1cm;\" align=\"JUSTIFY\">Per aix\u00f2, quan es donen aquestes circumst\u00e0ncies, \u00e9s del tot apassionant ser testimoni privilegiat del comportament de tots els actors que intervenen en el magma de la generaci\u00f3 d\u2019opini\u00f3 p\u00fablica del nostre pa\u00eds. La maquin\u00e0ria es posa en marxa i ho fa sense pal\u00b7liatius i sense rubor, perqu\u00e8 \u00e9s ben coneixedora que, en s\u00ed, \u00e9s tranmissora de veritat inq\u00fcestionable, de veritat no profanable.<\/p>\n<p>El contraatac medi\u00e0tic<\/p>\n<p class=\"western\" lang=\"ca-ES\" style=\"margin-top: 0.1cm; margin-bottom: 0.1cm;\" align=\"JUSTIFY\">El 15 de juny de 2011 \u00e9s, ja, una jornada gloriosa de recol\u00b7locaci\u00f3 de les peces desendre\u00e7ades, de ratificaci\u00f3 del model dominant. Despr\u00e9s d\u2019un mes clavat de tremolor social que ha desfigurat els aparentment indestructibles blocs de formig\u00f3 armat sobre els que s\u2019aixeca aquest model, avui assistim a un veritable acte de contrareforma.<\/p>\n<p class=\"western\" lang=\"ca-ES\" style=\"margin-top: 0.1cm; margin-bottom: 0.1cm;\" align=\"JUSTIFY\">Medi\u00e0ticament, aix\u00f2 es tradueix amb portades amb titulars escrits en grans car\u00e0cters tipogr\u00e0fics, de contingut no informatiu sin\u00f3 qualificador, amb la pres\u00e8ncia d\u2019editorials en portada -que referma la transcend\u00e8ncia de l\u2019esdeveniment- i amb profusi\u00f3 de columnistes als diaris, de tertulians a les ones, d\u2019opinadors de tota mena i condici\u00f3, d\u2019on es despr\u00e8n una sola idea, un \u00fanic i indubtable missatge: que aquest sistema parlamentari que tenim, tot i que imperfecte, \u00e9s inq\u00fcestionable i que els fets d\u2019ahir deslegitimen les reivindicacions del grup\u00fascul reformador.<\/p>\n<p class=\"western\" style=\"margin-top: 0.1cm; margin-bottom: 0.1cm;\" align=\"JUSTIFY\">Un passeig pels titulars d\u2019alguns dels articles d\u2019opini\u00f3 que avui han vist la llum p\u00fablica:<\/p>\n<p class=\"western\" style=\"margin-top: 0.1cm; margin-bottom: 0.1cm;\" align=\"JUSTIFY\">Avui. <strong>Editorial<\/strong>: <a href=\"http:\/\/www.avui.cat\/noticia\/article\/7-vista\/7-editorials\/424519-els-indignats-que-insulten-la-democracia.html\" target=\"_blank\" rel=\"noopener noreferrer\"><u><b>Els \u2018Indignats\u2019 que insulten la democr\u00e0cia<\/b><\/u><\/a><\/p>\n<p class=\"western\" style=\"margin-top: 0.1cm; margin-bottom: 0.1cm;\" align=\"JUSTIFY\">Avui. <strong>Manuel Cuy\u00e0s<\/strong>:<a href=\"http:\/\/www.avui.cat\/noticia\/article\/7-vista\/8-articles\/424427.html\" target=\"_blank\" rel=\"noopener noreferrer\"><u> <\/u><strong><i><u>Tejero amb rastes<\/u><\/i><\/strong><\/a><\/p>\n<p class=\"western\" style=\"margin-top: 0.1cm; margin-bottom: 0.1cm;\" align=\"JUSTIFY\">Avui. <strong>Vicent Sanch\u00eds<\/strong>: <a href=\"http:\/\/www.avui.cat\/noticia\/article\/7-vista\/8-articles\/424654.html\" target=\"_blank\" rel=\"noopener noreferrer\"><u><b>Sense interrupcions, sisplau<\/b><\/u><\/a>, on sota un titular moderat el periodista hi fa apar\u00e8ixer tres fets hist\u00f2rics d\u2019interrupci\u00f3 parlament\u00e0ria: la del general Pav\u00eda entrant al Congr\u00e9s a cavall, la de la derogaci\u00f3 de la vida parlament\u00e0ria catalana per part de Franco i la del m\u00e9s recent 23-F.<\/p>\n<p class=\"western\" style=\"margin-top: 0.1cm; margin-bottom: 0.1cm;\" align=\"JUSTIFY\">El Peri\u00f3dico. <strong>Editorial<\/strong>: <strong><a href=\"http:\/\/www.elperiodico.cat\/ca\/noticias\/opinio\/defensa-democracia-1044182\" target=\"_blank\" rel=\"noopener noreferrer\"><i><u>En defensa de la democr\u00e0cia<\/u><\/i><\/a><\/strong><\/p>\n<p class=\"western\" style=\"margin-top: 0.1cm; margin-bottom: 0.1cm;\" align=\"JUSTIFY\">La Vanguardia. <strong>Editorial<\/strong>: <strong><a href=\"http:\/\/www.lavanguardia.com\/opinion\/editorial\/20110616\/54171282937\/ataque-a-la-democracia-en-catalunya.html\" target=\"_blank\" rel=\"noopener noreferrer\"><i><u>Ataque a la democracia en Catalunya<\/u><\/i><\/a><\/strong><\/p>\n<p class=\"western\" style=\"margin-top: 0.1cm; margin-bottom: 0.1cm;\" align=\"JUSTIFY\">La Vanguardia. <strong>Artur Mas<\/strong>: <strong><a href=\"http:\/\/www.lavanguardia.com\/opinion\/articulos\/20110616\/54171075401\/de-la-indignacion-a-la-indignidad.html\" target=\"_blank\" rel=\"noopener noreferrer\"><i><u>De la indignaci\u00f3 a la indignidad<\/u><\/i><\/a><\/strong><\/p>\n<p class=\"western\" style=\"margin-top: 0.1cm; margin-bottom: 0.1cm;\" align=\"JUSTIFY\">La Vanguardia. <strong>Jos\u00e9 Antich<\/strong>: <strong><a href=\"http:\/\/www.lavanguardia.com\/opinion\/20110616\/54171087054\/aquel-15-j.html\" target=\"_blank\" rel=\"noopener noreferrer\"><i><u>Aquel 15-J<\/u><\/i><\/a><\/strong><\/p>\n<p class=\"western\" style=\"margin-top: 0.1cm; margin-bottom: 0.1cm;\" align=\"JUSTIFY\">La Vanguardia. <strong>Pilar Rahola<\/strong>: <strong><a href=\"http:\/\/www.lavanguardia.com\/opinion\/articulos\/20110616\/54171080053\/indignados-indignos.html\" target=\"_blank\" rel=\"noopener noreferrer\"><i><u>Indignados indignos<\/u><\/i><\/a><\/strong><\/p>\n<p class=\"western\" style=\"margin-top: 0.1cm; margin-bottom: 0.1cm;\" align=\"JUSTIFY\">La Vanguardia. <strong>Llu\u00eds Foix<\/strong>: <strong><a href=\"http:\/\/www.lavanguardia.com\/opinion\/articulos\/20110616\/54171060805\/una-jornada-inquietante.html\" target=\"_blank\" rel=\"noopener noreferrer\"><i><u>Una jornada inquietante<\/u><\/i><\/a><\/strong><\/p>\n<p class=\"western\" style=\"margin-top: 0.1cm; margin-bottom: 0.1cm;\" align=\"JUSTIFY\">El Pa\u00eds. <strong>Editorial<\/strong>. <a href=\"http:\/\/www.elpais.com\/articulo\/opinion\/Cerco\/violento\/elpepuopi\/20110616elpepiopi_1\/Tes\" target=\"_blank\" rel=\"noopener noreferrer\"><strong><i><u>Cerco violento<\/u><\/i><\/strong><u>. <\/u><strong><i><u>Los grupos radicales del 15-M ejercen una coacci\u00f3n inadmisible sobre el Parlamento catal\u00e1n<\/u><\/i><\/strong><u> <\/u><\/a><\/p>\n<p class=\"western\" style=\"margin-top: 0.1cm; margin-bottom: 0.1cm;\" align=\"JUSTIFY\">La l\u00ednia de condemna al setge del Parlament i les agressions que van patir alguns parlamentaris \u00e9s tan un\u00e0nime en els mitjans de comunicaci\u00f3 que ha obligat diversos intel\u00b7lectuals favorables a les peticions dels \u2018indignats\u2019 a posicionar-se contra les formes exhibides per una part dels revoltats. \u00c9s el cas, en primer lloc, d\u2019St\u00e9phanne Hessel, que ha estat l\u2019ide\u00f2leg indirecte del moviment. Aix\u00f2 afirmava en la <a href=\"http:\/\/www.planetadelibros.com\/prensa.html\" target=\"_blank\" rel=\"noopener noreferrer\"><strong><i><u>carta<\/u><\/i><\/strong><u> <\/u><\/a>adre\u00e7ada als seus editors espanyols:<\/p>\n<p class=\"western\" lang=\"ca-ES\" style=\"margin-top: 0.1cm; margin-bottom: 0.1cm;\" align=\"JUSTIFY\">Considero intolerable cualquier intento de paralizaci\u00f3n de las instituciones de representaci\u00f3n democr\u00e1tica, as\u00ed como la coacci\u00f3n de todo tipo ejercida contra los representantes de la voluntad popular. Eso nada tiene que ver con la resistencia pac\u00edfica ni con la leg\u00edtima disidencia democr\u00e1tica<\/p>\n<p class=\"western\" style=\"margin-top: 0.1cm; margin-bottom: 0.1cm;\" align=\"JUSTIFY\">Tamb\u00e9 el president de Just\u00edcia i Pau, <strong><a href=\"http:\/\/www.avui.cat\/noticia\/article\/3-politica\/17-politica\/424482-arcadi-oliveres-condemna-la-violencia-dels-indignats-pero-mante-el-suport-al-moviment.html\" target=\"_blank\" rel=\"noopener noreferrer\"><i><u>Arcadi Oliveres<\/u><\/i><\/a><\/strong>, ha hagut de donar explicacions p\u00fabliques sobre la defensa d\u2019un moviment que, de cop i volta, \u00e9s ja minimitzat, quan no despreciat.<\/p>\n<p class=\"western\" style=\"margin-top: 0.1cm; margin-bottom: 0.1cm;\" align=\"JUSTIFY\">Des de les p\u00e0gines de <strong>P\u00fablico<\/strong>, el diari d\u2019abast estatal amb m\u00e9s simpaties pel moviment del 15-M, tamb\u00e9 els seus columnistes m\u00e9s combatents s\u2019han vist obligats a inserir una condemna als actes de viol\u00e8ncia en articles que segueixen, per\u00f2, essent cr\u00edtics. \u00c9s el cas de <strong><a href=\"http:\/\/blogs.publico.es\/trabajarcansa\/2011\/06\/16\/violencia-en-el-parlament-en-el-exterior\/\" target=\"_blank\" rel=\"noopener noreferrer\"><i><u>Violencia en el Parlament (en el exterior)<\/u><\/i><\/a><\/strong>, on <strong>Isaac Rosa<\/strong> l\u2019amaga enmig d\u2019un discurs eminentment sarc\u00e0stic:<\/p>\n<p class=\"western\" lang=\"ca-ES\" style=\"margin-top: 0.1cm; margin-bottom: 0.1cm;\" align=\"JUSTIFY\">Estoy sobrecogido por la violencia vivida ayer en el Parlament: fue tremendo ver c\u00f3mo varias decenas de diputados violentos se mostraban violentamente partidarios de aprobar unos violentos recortes que afectar\u00e1n de manera violenta a todas las partidas, incluidas sanidad y educaci\u00f3n.<\/p>\n<p class=\"western\" lang=\"ca-ES\" style=\"margin-top: 0.1cm; margin-bottom: 0.1cm;\" align=\"JUSTIFY\">Un momento, un momento. Borren el p\u00e1rrafo anterior, que olvid\u00e9 los gritos de rigor. Empiezo otra vez, \u00e9sta es la buena: mi m\u00e1s rotunda condena a la actitud violenta de quienes intentaron impedir a los representantes del pueblo ejercer su funci\u00f3n, algo inadmisible en democracia<\/p>\n<p class=\"western\" lang=\"ca-ES\" style=\"margin-top: 0.1cm; margin-bottom: 0.1cm;\" align=\"JUSTIFY\">Despr\u00e9s dels successos d\u2019ahir no hi ha \u201cper\u00f2s\u201d, no hi ha \u201ctinguem en compte que\u201d, no hi ha \u201cminories no representatives\u201d. El que des d\u2019ahir existeix \u00e9s un \u00fanic missatge possible, que \u00e9s el que ha de quallar de manera rotunda en l\u2019opini\u00f3 p\u00fablica del pa\u00eds: que aquest moviment que ha gaudit fins ara de gran simpatia i recolzament social \u00e9s en realitat tan sols un moviment antisistema que utilitza la viol\u00e8ncia urbana com a mitj\u00e0 d\u2019expressi\u00f3.<\/p>\n<p class=\"western\" style=\"margin-top: 0.1cm; margin-bottom: 0.1cm;\" align=\"JUSTIFY\">Trobem aquest missatge \u00fanic en les declaracions institucionals posteriors als incidents. Primer, de part del conseller d\u2019interior, <strong><a href=\"http:\/\/www.ara.cat\/societat\/Felip-Puig-Aquests-comportaments-impunitat_0_500350334.html\" target=\"_blank\" rel=\"noopener noreferrer\"><i><u>Felip Puig<\/u><\/i><\/a><\/strong>, una figura pol\u00edtica que necessitava amb urg\u00e8ncia una neteja completa de la seva imatge p\u00fablica:<\/p>\n<p class=\"western\" lang=\"ca-ES\" style=\"margin-top: 0.1cm; margin-bottom: 0.1cm;\" align=\"JUSTIFY\">Estem davant de nous m\u00e8todes de viol\u00e8ncia urbana que sota una falsa resist\u00e8ncia pac\u00edfica i passiva posen en dificultat la intervenci\u00f3 policial<\/p>\n<p class=\"western\" style=\"margin-top: 0.1cm; margin-bottom: 0.1cm;\" align=\"JUSTIFY\">I despr\u00e9s, per part de la presidenta del Parlament de Catalunya, <strong><a href=\"http:\/\/www.lavanguardia.com\/politica\/20110616\/54172232524\/de-gispert-critica-la-permisividad-que-ha-habido-en-barcelona-hacia-los-antisistema.html\" target=\"_blank\" rel=\"noopener noreferrer\"><i><u>N\u00faria de Gispert<\/u><\/i><\/a><\/strong>, la qual ha redirigit un moviment perillosament trasbalsador cap a aquella \u00e0rea del mapa social a qu\u00e8 abans feia refer\u00e8ncia on nom\u00e9s hi t\u00e9 cabuda el no-discurs, els no-valors i la radicalitat m\u00e9s execrable:<\/p>\n<p class=\"western\" lang=\"ca-ES\" style=\"margin-top: 0.1cm; margin-bottom: 0.1cm;\" align=\"JUSTIFY\">(\u2026) Y yo creo que ayer marc\u00f3 un antes y un despu\u00e9s. Ayer hubo un punto de inflexi\u00f3n porque lo que ocurri\u00f3 fue excepcionalmente grave y yo creo que much\u00edsima gente que, de buena fe, hubieran apoyado o apoyaron, en su d\u00eda, unos manifestantes del 15 de mayo, ayer, si quedaba alguno de ellos en esos grupos, perdieron su legitimidad y la gente, por suerte, ha respondido a la democracia y a los valores democr\u00e1ticos<\/p>\n<p class=\"western\" style=\"margin-top: 0.1cm; margin-bottom: 0.1cm;\" align=\"JUSTIFY\">Doncs aix\u00f2. Ni rastre del cl\u00e0ssic discurs que es repeteix quan es produeixen aldarulls en els estadis de futbol o en les celebracions a Caneletes: \u201caquests violents no representen al conjunt\u201d. Aqu\u00ed no. Dels milers de manifestants d\u2019ahir potser n\u2019hi haur\u00e0 hagut ben pocs de violents -entre ells potser alguns <strong><a href=\"http:\/\/www.ara.cat\/el_radar\/indignats-insinuen-infiltrats-provocant-aldarulls_3_500379958.html\" target=\"_blank\" rel=\"noopener noreferrer\"><i><u>infiltrats<\/u><\/i><\/a><\/strong>&#8211; per\u00f2 en aquest cas no nom\u00e9s representen al conjunt dels concentrats sin\u00f3 que fins i tot semblen ser l\u2019ess\u00e8ncia del moviment en global. En el missatge \u00fanic que institucions i partits pol\u00edtics i grans mitjans de comunicaci\u00f3 estan transmetent des d\u2019ahir queda ben clar que la democr\u00e0cia (institucional) n\u2019ha sortit vencedora i que la intoler\u00e0ncia (el moviment 15-M) ha perdut per golejada. Punt i final.<\/p>\n<p>C\u00e0lcul erroni<\/p>\n<p class=\"western\" style=\"margin-top: 0.1cm; margin-bottom: 0.1cm;\" align=\"JUSTIFY\">Aix\u00ed com en l\u2019entrada anterior d\u2019aquest blog, <strong><a href=\"http:\/\/rogervilalta.wordpress.com\/2011\/05\/31\/vies-daigua-en-el-control-de-la-informacio\/\"><i><u>Vies d\u2019aigua en el control de la informaci\u00f3<\/u><\/i><\/a><\/strong>, qualificava d\u2019estrat\u00e8gicament desastrosa l\u2019operaci\u00f3 policial engegada pel conseller d\u2019Interior contra els acampats de la pla\u00e7a Catalunya, en aquest cas considero que la decisi\u00f3 dels acampats de traslladar la seva veu a les portes del Parlament de Catalunya ha estat tamb\u00e9 una errada del mateix calibre.<\/p>\n<p class=\"western\" lang=\"ca-ES\" style=\"margin-top: 0.1cm; margin-bottom: 0.1cm;\" align=\"JUSTIFY\">I no pel fet en s\u00ed. \u00c9s obvi que una mostra reivindicativa pac\u00edfica com la que havien dut fins aleshores hagu\u00e9s estat altre cop una expressi\u00f3 del tot leg\u00edtima i una demostraci\u00f3 de for\u00e7a col\u00b7lectiva. El problema -i aix\u00f2 ho haurien d\u2019haver tingut en compte els acampats- \u00e9s que no hi havia ni una sola possibilitat que l\u2019acte reivindicatiu d\u2019ahir acab\u00e9s amb el triomf p\u00fablic i medi\u00e0tic de les seves demandes. Ahir era simplement impossible que aix\u00f2 succe\u00eds. Venint de l\u2019error de c\u00e0lcul maj\u00fascul dels responsables d\u2019interior en l\u2019intent de desallotjament de la pla\u00e7a Catalunya, la repetici\u00f3 d\u2019aquell desenlla\u00e7 no era una eventualitat plantejable. I com que era indubtable que d\u2019una o altra manera els diputats acabarien entrant a la cambra i que no era acceptable un nou retrat demolidor de les forces d\u2019ordre p\u00fablic, era del tot imprescindible que es cometessin -i que fossin evidents- actes de viol\u00e8ncia per part dels revoltats. No afegirem res m\u00e9s per no entrar en terreny pantan\u00f3s.<\/p>\n<p class=\"western\" lang=\"ca-ES\" style=\"margin-top: 0.1cm; margin-bottom: 0.1cm;\" align=\"JUSTIFY\">Va haver-hi un c\u00e0lcul erroni -i certa mostra de sup\u00e8rbia- en el dispositiu policial ordenat el 27 de maig a la pla\u00e7a Catalunya. El 15 de juny es va cometre tamb\u00e9 un evident error estrat\u00e8gic, aquest cop per part dels manifestants. A m\u00e9s, al de per s\u00ed impossible desenlla\u00e7 victori\u00f3s se li ha de sumar un element que, de tan potentment simb\u00f2lic, se\u2019ls ha tornat en contra amb una pot\u00e8ncia encara m\u00e9s brutal: la viol\u00e8ncia emprada ahir es va exercir als voltants de l\u2019edifici que representa el di\u00e0leg democr\u00e0tic i contra els representants -millors o pitjors- de la voluntat del poble.<\/p>\n<p class=\"western\" style=\"margin-top: 0.1cm; margin-bottom: 0.1cm;\" align=\"JUSTIFY\"><strong>Ignacio Escolar<\/strong> ho sintetitza perfectament a les p\u00e0gines de <strong>P\u00fablico<\/strong> en el seu article <strong><a href=\"http:\/\/www.escolar.net\/MT\/archives\/2011\/06\/no-me-representan.html\" target=\"_blank\" rel=\"noopener noreferrer\"><i><u>No me representan<\/u><\/i><\/a><\/strong>:<\/p>\n<p class=\"western\" lang=\"ca-ES\" style=\"margin-top: 0.1cm; margin-bottom: 0.1cm;\" align=\"JUSTIFY\">(\u2026) ayer todo el 15-M perdi\u00f3 fuerza por culpa de esta minor\u00eda violenta, con la que habr\u00eda que poner kil\u00f3metros de distancia. Si hay alguna esperanza de que este movimiento consiga plantar cara a los abusos que est\u00e1 provocando la crisis no es porque 4.000 o 40.000 personas se manifiesten frente al Parlament, sino porque una gran mayor\u00eda social (entre el 66% y el 80%, seg\u00fan las encuestas) simpatice con sus propuestas<\/p>\n<p class=\"western\" lang=\"ca-ES\" style=\"margin-top: 0.1cm; margin-bottom: 0.1cm;\" align=\"JUSTIFY\">I \u00e9s que els fonaments que sostenen la correcta realitat majorit\u00e0ria -com deia a l\u2019inici- no tremolen davant l\u2019empenta d\u2019uns quants revoltats que sovint s\u00f3n etiquetats d\u2019antisistema, de radicals, de violents. Aquests pilars han patit -i han patit m\u00e9s del que creiem- en el moment que per cada acampat poc etiquetable que hem vist a les places de tot arreu hi ha hagut milers de simpatitzants fora d\u2019aquests espais de via p\u00fablica autogestionats.<\/p>\n<p class=\"western\" lang=\"ca-ES\" style=\"margin-top: 0.1cm; margin-bottom: 0.1cm;\" align=\"JUSTIFY\">El futur immediat ser\u00e0 implacable. Implacable amb els detinguts, que pagaran pel que no s\u2019ha pogut fer pagar al moviment durant el mes de revoltes. Implacable amb la dissid\u00e8ncia fora dels espais de debat institucionalitzat. Igual d\u2019implacable que una realitat que ning\u00fa no pot oblidar ni menystenir en l\u2019actualitat: no \u00e9s tan important el que ets o el que vols transmetre sin\u00f3 el que sembles a ulls de la majoria.<\/p>\n<p class=\"western\" lang=\"ca-ES\" style=\"margin-top: 0.1cm; margin-bottom: 0.1cm;\" align=\"JUSTIFY\">La imatge dirigeix conductes i mou passions. Fa pocs dies pens\u00e0vem en els \u2018indignats\u2019 i se\u2019ns apareixien assemblees multitudin\u00e0ries ben condu\u00efdes a les places i cassolades espont\u00e0nies de ve\u00efns; aleshores hi v\u00e8iem aparences f\u00edsiques ben diverses, rostres joves per\u00f2 tamb\u00e9 adults i gent d\u2019edat avan\u00e7ada, i fam\u00edlies senceres que col\u00b7laboraven amb l\u2019organitzaci\u00f3 de les acampades. Avui, 16 de juny, per un enorme error de c\u00e0lcul, on hi v\u00e8iem diversitat i discurs ara ja nom\u00e9s hi veiem crestes, cadenes i gossos fastigosos.<\/p>\n<p class=\"western\" lang=\"ca-ES\" style=\"margin-top: 0.1cm; margin-bottom: 0.1cm;\" align=\"JUSTIFY\">Felip Puig va menysprear fa unes setmanes el poder de les xarxes socials i el tarann\u00e0 veritablement pac\u00edfic de les acampades. Ahir, els acampats van tamb\u00e9 menystenir unes eines de control que el poder domina de sempre a la perfecci\u00f3. I la difer\u00e8ncia la trobem en la desproporci\u00f3 de forces. Una errada descomunal pot ser rescabalada nom\u00e9s per aquells que disposen dels instruments de correci\u00f3 necessaris. Les noves eines de comunicaci\u00f3 s\u00f3n sens dubte unes grans aliades dels moviments socials que s\u2019originen fora de l\u2019espectre pol\u00edtic i medi\u00e0tic institucionalitzat. Alhora, per\u00f2, la seva llunyania del circuit de generaci\u00f3 d\u2019opini\u00f3 massiva els fa molt m\u00e9s fr\u00e0gils davant de qualsevol errada comesa.<\/p>\n<p class=\"western\" style=\"margin-top: 0.1cm; margin-bottom: 0.1cm;\" align=\"JUSTIFY\">La feina ara ser\u00e0 ben dura per al moviment dels 15-M o dels \u2018indignats\u2019. Perqu\u00e8 el que han aconseguit amb suor, especialment la simpatia majorit\u00e0ria d\u2019una societat igualment fatigada i ensopida, pot haver-se fet miques per un simple menysteniment d\u2019unes conseq\u00fc\u00e8ncies que semblaven \u00f2bvies. Netejar la imatge tacada que massivament ha arribat a totes les llars del pa\u00eds ser\u00e0 en la meva opini\u00f3 una tasca ingent per als integrants d\u2019un moviment no nom\u00e9s interessant, sin\u00f3 absolutament l\u00f2gic i necessari.<\/p>\n<p class=\"western\" style=\"margin-top: 0.1cm; margin-bottom: 0.1cm;\" align=\"CENTER\"><i>Publicat a: <\/i><a href=\"http:\/\/rogervilalta.wordpress.com\/\"><i>http:\/\/rogervilalta.wordpress.com\/<\/i><\/a><\/p>\n<p class=\"western\" style=\"margin-top: 0.1cm; margin-bottom: 0.1cm;\" align=\"JUSTIFY\">\n","protected":false},"excerpt":{"rendered":"<p>Res no fa m\u00e9s s\u00f2lida la pertinen\u00e7a a un majoritari grup de correcci\u00f3 en fons i forma que l\u2019exist\u00e8ncia d\u2019un<\/p>\n","protected":false},"author":9,"featured_media":0,"comment_status":"open","ping_status":"open","sticky":false,"template":"","format":"standard","meta":{"footnotes":""},"categories":[14],"tags":[],"class_list":["post-1605","post","type-post","status-publish","format-standard","hentry","category-democracia-republica"],"aioseo_notices":[],"_links":{"self":[{"href":"https:\/\/espai-marx.net\/index.php?rest_route=\/wp\/v2\/posts\/1605","targetHints":{"allow":["GET"]}}],"collection":[{"href":"https:\/\/espai-marx.net\/index.php?rest_route=\/wp\/v2\/posts"}],"about":[{"href":"https:\/\/espai-marx.net\/index.php?rest_route=\/wp\/v2\/types\/post"}],"author":[{"embeddable":true,"href":"https:\/\/espai-marx.net\/index.php?rest_route=\/wp\/v2\/users\/9"}],"replies":[{"embeddable":true,"href":"https:\/\/espai-marx.net\/index.php?rest_route=%2Fwp%2Fv2%2Fcomments&post=1605"}],"version-history":[{"count":0,"href":"https:\/\/espai-marx.net\/index.php?rest_route=\/wp\/v2\/posts\/1605\/revisions"}],"wp:attachment":[{"href":"https:\/\/espai-marx.net\/index.php?rest_route=%2Fwp%2Fv2%2Fmedia&parent=1605"}],"wp:term":[{"taxonomy":"category","embeddable":true,"href":"https:\/\/espai-marx.net\/index.php?rest_route=%2Fwp%2Fv2%2Fcategories&post=1605"},{"taxonomy":"post_tag","embeddable":true,"href":"https:\/\/espai-marx.net\/index.php?rest_route=%2Fwp%2Fv2%2Ftags&post=1605"}],"curies":[{"name":"wp","href":"https:\/\/api.w.org\/{rel}","templated":true}]}}