{"id":1608,"date":"2011-06-20T00:00:00","date_gmt":"2011-06-20T00:00:00","guid":{"rendered":"https:\/\/espai-marx.net\/?p=1608"},"modified":"2020-02-21T12:46:21","modified_gmt":"2020-02-21T11:46:21","slug":"la-ciudad-mas-rebelde-el-domingo-mas-hermoso","status":"publish","type":"post","link":"https:\/\/espai-marx.net\/?p=1608","title":{"rendered":"La ciudad m\u00e1s rebelde, el domingo m\u00e1s hermoso"},"content":{"rendered":"<p><em>La manifestaci\u00f3n de Barcelona<\/em><\/p>\n<p>&nbsp;<\/p>\n<p>&#8216;Si se lucha se puede perder; si no se lucha est\u00e1s perdido\u201d. No creo que haya muchos otros lemas que recojan mejor la esencia de la manifestaci\u00f3n de esta tarde en Barcelona. Podemos perder pero el combate ha levantado su vuelo. Y de qu\u00e9 modo. La batalla no se sabe ni se siente perdida. \u00a1No han sido muchas las manifestaciones en la ciudad de Salvat Papasseit y Gregorio L\u00f3pez Raimundo en las que las gentes se mostrasen, nos mostr\u00e1semos, m\u00e1s libres, con menos ataduras, m\u00e1s dispuestas a seguir adelante, a resistir y a combatir! Saben, sabemos, que se puede y est\u00e1n dispuestos a ello. Por si nos faltara alg\u00fan apoyo, por si alg\u00fan hilo no hab\u00eda sido zurcido, Concha P\u00e9rez, una mujer libertaria de m\u00e1s de 90 a\u00f1os, una de las cenetistas que combatieron en el frente estaba esta tarde con nosotros. En su silla de ruedas, mostrando su indignaci\u00f3n, con los sentimientos a flor de piel. Mejor imposible.<\/p>\n<p>No puedo conjeturar una cifra de asistentes. La horquilla de los c\u00e1lculos traza un arco que va de los 75.000 manifestantes hasta m\u00e1s de un cuarto de mill\u00f3n No vale la pena detenerse en esta guerra de n\u00fameros. Ha sido, nadie dir\u00e1 lo contrario, una de las manifestaciones m\u00e1s importantes de la historia de la ciudad y de Catalunya. Era muy f\u00e1cil recordar las manifestaciones contra la guerra de Iraq o contra la permanencia de Espa\u00f1a en la Alianza Militar Atl\u00e1ntica. Mucha, mucha gente, que desde los barrios en algunos casos, desde el centro de la ciudad, desde poblaciones cercanas o no tan cercanas, no se ha limitado a pasear desde Plaza de Catalunya hasta Pl\u00e0 de Palau, cerca del parque de la Ciutadella que hoy de nuevo estaba cerrado y custodiado por los Mossos, sino que ha manifestado su indignaci\u00f3n, su rabia incontrolada, sus m\u00faltiples y documentadas razones, su compromiso de seguir adelante. Nunca m\u00e1s, nada va a ser como hasta ahora. No saben c\u00f3mo parar esta ola de indignaci\u00f3n, no van a poder parar esta marea humana ciudadana que ha declarado su rebeld\u00eda. Una rebeld\u00eda con causa. \u00a1Qu\u00e9 lo intenten si se atreven! Y no s\u00f3lo en Barcelona, sino tambi\u00e9n en Lleida, en Tarragona y en otras ciudades catalanas.<\/p>\n<p>Desde la 5 de la tarde, desde el inicio de la manifestaci\u00f3n, que ha durado hasta las 9 de la noche, los lemas anticapitalistas se han dejado o\u00edr con claridad y fuerza. Nadie quiere que le traten como una mercanc\u00eda. No estamos dispuestos a formar parte del &#8216;precariado&#8217; maltratado en el que quieren convertir a todas las clases trabajadoras. El trabajo no puede ser una condena en instituciones antidemocr\u00e1ticas y militarizadas como son f\u00e1bricas y empresas. El paro no puede ser el estado natural de centenares de miles de j\u00f3venes y de personas no tan j\u00f3venes durante a\u00f1os. La clase pol\u00edtica no puede seguir\u00a0al servicio de los designios del capital y sus m\u00faltiples tent\u00e1culos, ni nadar como pez en el agua en la corrupci\u00f3n y en los privilegios inadmisibles. Los banqueros no pueden seguir aspirando a acumular beneficios y m\u00e1s beneficios en una carrera alocada hacia el fraude fiscal, la barbarie y el todo vale.<\/p>\n<p>Los indignados, por otra parte, lo han gritado insistentemente, no se sienten representados por ninguna fuerza pol\u00edtica. Ellos se representan a s\u00ed mismos\u2026 y a la perfecci\u00f3n. Le llaman democracia y no lo es. Y no lo es porque el poder no es del pueblo, sino de un pu\u00f1ado de privilegiados que quieren obrar a su antojo.<\/p>\n<p>Pocas pancartas. La mayor\u00eda elaboradas por los propios manifestantes, no por organizaciones pol\u00edticas. Banderas tricolores, muy pocas catalanas, han ondeado en la manifestaci\u00f3n. Lo mismo que numerosas im\u00e1genes del Che, el \u00fanico referente pol\u00edtico que, si no ando errado, ha estado hoy presente.<\/p>\n<p>La lectura final del comunicado consensuado ha se\u00f1alado nuevas citas, pr\u00f3ximos encuentros, y una marcha de unos 30 d\u00edas que partiendo de Barcelona este pr\u00f3ximo 25 de junio para llegar a Vallirana ese mismo d\u00eda pretende desembocar en Madrid a finales de julio.<\/p>\n<p>Nada ni nadie les va a parar; nada ni nadie nos debe parar.<\/p>\n<p>Uno de los gritos m\u00e1s coreados en la manifestaci\u00f3n ped\u00eda, exig\u00eda m\u00e1s bien, la dimisi\u00f3n del conseller de Interior. Hay miles de motivos para ello. Todos justos y sensatos. Pero\u2026 que no nos escuchen. La clase pol\u00edtica catalana, que ciertamente act\u00faa y se comporta como tal, en absoluto representa a la ciudadan\u00eda indignada en pie de justicia y de igualdad. Pero Felip Puig s\u00ed que representa a la perfecci\u00f3n este \u201cgobierno de los mejores\u201d (\u00a1qu\u00e9 risa do\u00f1a Rosita!) que hace agua por los cuatro lados y que ha defendido y defiende sin pudor los intereses de las insaciables capas privilegiadas catalanas y del nacional-catolicismo catal\u00e1n. Con la contrarreforma fiscal, con las nucleares, con los conciertos educativos, con la ley \u00f3mnibus. Para ellos es tan natural como la vida misma. Su vida.<\/p>\n<p>PS. Un corolario sustantivo de lo sucedido esta tarde. \u201cBarcelona, la millor botiga del m\u00f3n\u201d ha sido uno de los lemas \u2013no digo que sea el \u00fanico- m\u00e1s infames que ha generado la vida municipal barcelonesa en estos \u00faltimos a\u00f1os. No han sido la derecha nacionalista o sus fieles aliados espa\u00f1olistas quienes lo han generado. Se han limitado a aplaudir encantados. Despu\u00e9s de la manifestaci\u00f3n ciudadana de esta tarde, el lema, si les queda algo de dignidad, conjetura que no est\u00e1 asegurada, ha sido arrojado definitivamente, al ba\u00fal de los trastos in\u00fatiles, de las insoportables agresiones a una cultura de izquierdas que jam\u00e1s habr\u00eda debido abonar un insulto de estas dimensiones.<\/p>\n","protected":false},"excerpt":{"rendered":"<p>La manifestaci\u00f3n de Barcelona &nbsp; &#8216;Si se lucha se puede perder; si no se lucha est\u00e1s perdido\u201d. No creo que<\/p>\n","protected":false},"author":9,"featured_media":1609,"comment_status":"open","ping_status":"open","sticky":false,"template":"","format":"standard","meta":{"footnotes":""},"categories":[14],"tags":[],"class_list":["post-1608","post","type-post","status-publish","format-standard","has-post-thumbnail","hentry","category-democracia-republica"],"aioseo_notices":[],"_links":{"self":[{"href":"https:\/\/espai-marx.net\/index.php?rest_route=\/wp\/v2\/posts\/1608","targetHints":{"allow":["GET"]}}],"collection":[{"href":"https:\/\/espai-marx.net\/index.php?rest_route=\/wp\/v2\/posts"}],"about":[{"href":"https:\/\/espai-marx.net\/index.php?rest_route=\/wp\/v2\/types\/post"}],"author":[{"embeddable":true,"href":"https:\/\/espai-marx.net\/index.php?rest_route=\/wp\/v2\/users\/9"}],"replies":[{"embeddable":true,"href":"https:\/\/espai-marx.net\/index.php?rest_route=%2Fwp%2Fv2%2Fcomments&post=1608"}],"version-history":[{"count":0,"href":"https:\/\/espai-marx.net\/index.php?rest_route=\/wp\/v2\/posts\/1608\/revisions"}],"wp:featuredmedia":[{"embeddable":true,"href":"https:\/\/espai-marx.net\/index.php?rest_route=\/wp\/v2\/media\/1609"}],"wp:attachment":[{"href":"https:\/\/espai-marx.net\/index.php?rest_route=%2Fwp%2Fv2%2Fmedia&parent=1608"}],"wp:term":[{"taxonomy":"category","embeddable":true,"href":"https:\/\/espai-marx.net\/index.php?rest_route=%2Fwp%2Fv2%2Fcategories&post=1608"},{"taxonomy":"post_tag","embeddable":true,"href":"https:\/\/espai-marx.net\/index.php?rest_route=%2Fwp%2Fv2%2Ftags&post=1608"}],"curies":[{"name":"wp","href":"https:\/\/api.w.org\/{rel}","templated":true}]}}