{"id":16088,"date":"2024-08-20T05:00:19","date_gmt":"2024-08-20T04:00:19","guid":{"rendered":"https:\/\/espai-marx.net\/?p=16088"},"modified":"2024-08-19T20:21:23","modified_gmt":"2024-08-19T19:21:23","slug":"somos-los-malos","status":"publish","type":"post","link":"https:\/\/espai-marx.net\/?p=16088","title":{"rendered":"Somos los malos"},"content":{"rendered":"<section class=\"entry-content \" data-dl-uid=\"36\" data-dl-original=\"true\" data-dl-translated=\"true\">\n<p data-dl-uid=\"37\" data-dl-original=\"true\" data-dl-translated=\"true\">En <a href=\"https:\/\/www.amazon.co.uk\/Murder-Samarkand-Mr-Craig-Murray\/dp\/1975977920\/ref=sr_1_1?crid=2URLLXABCU0FQ&amp;dib=eyJ2IjoiMSJ9.W0_LM5OpQe601jko32Slriri-LdBTb5wOE9GUtgpHulNwsv8Gq4QSOfC9KjQ9xwDxFQ4AuaUVKETVplN1HovtFSXhyOo6Z1EWqHO-MJHnsWE5DKWJ3O3EZeX4Jr0SSIl.XM7jT92GFM7wZB8xJencyaF8X-o8lU5mtvDyI_L5MdM&amp;dib_tag=se&amp;keywords=murder+in+samarkand&amp;qid=1723454679&amp;sprefix=murder+in+sam%2Caps%2C96&amp;sr=8-1\" target=\"_blank\" rel=\"noopener\" data-dl-uid=\"38\" data-dl-original=\"true\" data-dl-translated=\"true\">Asesinato en Samarcanda<\/a> describo c\u00f3mo, siendo embajador brit\u00e1nico, cuando descubr\u00ed todo el alcance de nuestra complicidad en la tortura en la Guerra contra el Terror, pens\u00e9 que deb\u00eda tratarse de una operaci\u00f3n delictiva y que todo lo que ten\u00eda que hacer era informar a los ministros y altos funcionarios para que la detuvieran.<\/p>\n<p data-dl-uid=\"39\" data-dl-original=\"true\" data-dl-translated=\"true\">Cuando se me reprendi\u00f3 y se me comunic\u00f3 oficialmente que la recepci\u00f3n de informaci\u00f3n procedente de la tortura en la \u00abguerra contra el terror\u00bb contaba con el visto bueno del Primer Ministro y del Ministro de Asuntos Exteriores, y me qued\u00f3 claro que se estaba promoviendo deliberadamente, mediante la tortura, falsas narrativas de inteligencia que exageraban la amenaza de Al Qaeda para justificar la pol\u00edtica militar en Afganist\u00e1n y Asia Central, mi visi\u00f3n del mundo se tambale\u00f3 gravemente.<\/p>\n<p data-dl-uid=\"40\" data-dl-original=\"true\" data-dl-translated=\"true\">De alg\u00fan modo, compartiment\u00e9 mentalmente este hecho como una aberraci\u00f3n, debida a la reacci\u00f3n exagerada ante el 11-S y al narcisismo y vileza \u00fanicos de Tony Blair. No perd\u00ed la fe en la democracia occidental ni la noci\u00f3n de que las potencias occidentales, en su conjunto, eran una fuerza positiva en contraste con otras potencias.<\/p>\n<p data-dl-uid=\"41\" data-dl-original=\"true\" data-dl-translated=\"true\">Es duro perder todo el sistema de creencias en el que uno se ha criado; probablemente sea especialmente duro si, como yo, has tenido una vida muy feliz desde la infancia y has tenido mucho \u00e9xito dentro de los t\u00e9rminos del sistema gubernamental.<\/p>\n<p data-dl-uid=\"42\" data-dl-original=\"true\" data-dl-translated=\"true\">Sin embargo, ahora me he despojado por fin de la \u00faltima de mis ilusiones y me veo obligado a reconocer que el sistema del que formo parte \u2013ll\u00e1mese \u00abOccidente\u00bb, \u00abdemocracia liberal\u00bb, \u00abcapitalismo\u00bb, \u00abneoliberalismo\u00bb, \u00abneoconservadurismo\u00bb, \u00abimperialismo\u00bb, \u00abNuevo Orden Mundial\u00bb\u2013, ll\u00e1mese como se quiera, es de hecho una fuerza del mal.<\/p>\n<p data-dl-uid=\"43\" data-dl-original=\"true\" data-dl-translated=\"true\">Gaza ha sido un catalizador importante. No me falta empat\u00eda, pero mi conocimiento de la horrible carnicer\u00eda de las potencias occidentales en Irak, Afganist\u00e1n o Libia era un conocimiento intelectual, no una experiencia vivida.<\/p>\n<p data-dl-uid=\"47\" data-dl-original=\"true\" data-dl-translated=\"true\">La tecnolog\u00eda nos ha tra\u00eddo el genocidio de Gaza \u2013que hasta ahora ha matado a menos personas que cualquiera de esas masacres perpetradas anteriormente por miembros de la OTAN\u2013 con un detalle desgarrador. Acabo de ver bolsas de 75 kg de carne humana mezclada entregada a los familiares en lugar de un cad\u00e1ver identificable, y estoy en estado de shock.<\/p>\n<p data-dl-uid=\"48\" data-dl-original=\"true\" data-dl-translated=\"true\">Esto no es lo peor que hemos visto en Gaza.<\/p>\n<p data-dl-uid=\"49\" data-dl-original=\"true\" data-dl-translated=\"true\">Si la gente de Mosul y Faluya hubiera tenido la moderna tecnolog\u00eda de telefon\u00eda m\u00f3vil, qu\u00e9 horrores conocer\u00edamos.<\/p>\n<p data-dl-uid=\"50\" data-dl-original=\"true\" data-dl-translated=\"true\">Por cierto, he intentado encontrar algunas im\u00e1genes de la destrucci\u00f3n masiva estadounidense de Mosul y Faluya en 2002-4 y Google no me da ninguna. Sin embargo, ofrece miles de im\u00e1genes de los combates all\u00ed con el ISIL en 2017. Lo que subraya mi argumento sobre la extraordinaria falta de im\u00e1genes de la Segunda Guerra de Irak.<\/p>\n<p data-dl-uid=\"51\" data-dl-original=\"true\" data-dl-translated=\"true\">En cuanto al actual genocidio en Gaza, de nuevo me encontr\u00e9 pensando ingenuamente que en alg\u00fan momento se detendr\u00eda. Que los pol\u00edticos occidentales no tolerar\u00edan la destrucci\u00f3n total de Gaza. Que habr\u00eda un l\u00edmite en el n\u00famero de muertes de civiles palestinos que podr\u00edan aceptar, el n\u00famero de instalaciones de la ONU, escuelas y hospitales destruidos, el n\u00famero de ni\u00f1os peque\u00f1os despedazados.<\/p>\n<p data-dl-uid=\"52\" data-dl-original=\"true\" data-dl-translated=\"true\">Pens\u00e9 que en alg\u00fan momento la decencia humana tendr\u00eda m\u00e1s peso que el dinero de los grupos de presi\u00f3n sionistas.<\/p>\n<p data-dl-uid=\"53\" data-dl-original=\"true\" data-dl-translated=\"true\">Pero me equivoqu\u00e9.<\/p>\n<p data-dl-uid=\"54\" data-dl-original=\"true\" data-dl-translated=\"true\">El ataque ucraniano a Kursk tambi\u00e9n tiene una profunda resonancia emocional. La batalla de Kursk fue posiblemente el golpe m\u00e1s importante asestado a la Alemania nazi, la mayor batalla de tanques de la historia del mundo por un amplio margen.<\/p>\n<p data-dl-uid=\"55\" data-dl-original=\"true\" data-dl-translated=\"true\">El gobierno ucraniano ha destruido todos los monumentos al Ej\u00e9rcito Rojo que lo consigui\u00f3, y denigra a los ucranianos que lucharon contra el fascismo. Por el contrario, honra a los important\u00edsimos componentes ucranianos de las fuerzas nazis, entre ellos la Divisi\u00f3n Galitzia y sus l\u00edderes.<\/p>\n<p data-dl-uid=\"56\" data-dl-original=\"true\" data-dl-translated=\"true\">Kursk es, por tanto, un lugar de gran simbolismo para que Ucrania ataque ahora a Rusia, incluso con artiller\u00eda y blindados alemanes.<\/p>\n<p data-dl-uid=\"57\" data-dl-original=\"true\" data-dl-translated=\"true\">Los pol\u00edticos alemanes parecen tener un impulso at\u00e1vico de atacar a Rusia, y apoyan el genocidio de los palestinos en un grado asombroso.<\/p>\n<p data-dl-uid=\"58\" data-dl-original=\"true\" data-dl-translated=\"true\">Alemania ha acabado de hecho con toda libertad de expresi\u00f3n sobre Palestina, prohibiendo conferencias de oradores distinguidos e ilegalizando los discursos pro-palestinos. Alemania ha intervenido del lado de Israel en el caso de genocidio ante la CIJ, y ha intervenido en la CPI para oponerse a una orden de detenci\u00f3n contra Netanyahu.<\/p>\n<p data-dl-uid=\"59\" data-dl-original=\"true\" data-dl-translated=\"true\">No s\u00e9 cu\u00e1ntos muertos civiles calmar\u00edan la lujuria alemana por la sangre expiatoria de los palestinos. 500,000? \u00bf1 mill\u00f3n? \u00bf2 millones?<\/p>\n<p data-dl-uid=\"60\" data-dl-original=\"true\" data-dl-translated=\"true\">\u00bfO quiz\u00e1s 6 millones?<\/p>\n<p data-dl-uid=\"61\" data-dl-original=\"true\" data-dl-translated=\"true\">Los occidentales no somos los buenos. Nuestros llamados \u00absistemas democr\u00e1ticos\u00bb no nos permiten votar a nadie que pueda llegar al poder y que no apoye el genocidio y la pol\u00edtica exterior imperialista.<\/p>\n<p data-dl-uid=\"62\" data-dl-original=\"true\" data-dl-translated=\"true\">No es un accidente ni una genialidad lo que hace que un hombre-ni\u00f1o como Elon Musk valga 100.000 millones de d\u00f3lares. Las estructuras de poder de la sociedad est\u00e1n deliberadamente dise\u00f1adas por los que tienen la riqueza para promover la concentraci\u00f3n masiva de riqueza a favor de los que ya la tienen, explotando y desempoderando al resto de la sociedad.<\/p>\n<p data-dl-uid=\"63\" data-dl-original=\"true\" data-dl-translated=\"true\">El ascenso de los multimillonarios no es una casualidad. Es un plan, y la mala asignaci\u00f3n de unos recursos m\u00e1s que suficientes es la causa de la pobreza. Tambi\u00e9n es sistem\u00e1tico el intento de echar la culpa a los desesperados constituyentes de las oleadas de inmigraci\u00f3n forzada por la destrucci\u00f3n occidental de pa\u00edses extranjeros.<\/p>\n<p data-dl-uid=\"64\" data-dl-original=\"true\" data-dl-translated=\"true\">Ya no hay espacio libre para la disidencia en los medios de comunicaci\u00f3n para oponerse a nada de esto.<\/p>\n<p data-dl-uid=\"65\" data-dl-original=\"true\" data-dl-translated=\"true\">Nosotros somos los malos. O nos resistimos a nuestros propios sistemas de gobierno, o somos c\u00f3mplices.<\/p>\n<p data-dl-uid=\"66\" data-dl-original=\"true\" data-dl-translated=\"true\">En el Reino Unido corresponde a las naciones celtas intentar romper el Estado, que es un motor imperialista subordinado pero importante. Las v\u00edas de resistencia son varias, dependiendo de d\u00f3nde te encuentres.<\/p>\n<p data-dl-uid=\"67\" data-dl-original=\"true\" data-dl-translated=\"true\">Pero encuentra uno y t\u00f3malo.<\/p>\n<p data-dl-uid=\"67\" data-dl-original=\"true\" data-dl-translated=\"true\">Fuente: blog del autor, 12 de agosto de 2024 (<a href=\"https:\/\/www.craigmurray.org.uk\/archives\/2024\/08\/we-are-the-bad-guys\/\">https:\/\/www.craigmurray.org.uk\/archives\/2024\/08\/we-are-the-bad-guys\/<\/a>)<br \/>\nImagen de portada: Sirte, Libia, tras la \u00abliberaci\u00f3n\u00bb de la OTAN.<\/p>\n<\/section>\n","protected":false},"excerpt":{"rendered":"<p>En Asesinato en Samarcanda describo c\u00f3mo, siendo embajador brit\u00e1nico, cuando descubr\u00ed todo el alcance de nuestra complicidad en la tortura<\/p>\n","protected":false},"author":5,"featured_media":16089,"comment_status":"open","ping_status":"open","sticky":false,"template":"","format":"standard","meta":{"footnotes":""},"categories":[16,1548],"tags":[],"class_list":["post-16088","post","type-post","status-publish","format-standard","has-post-thumbnail","hentry","category-imperio-imperialismo","category-politica"],"aioseo_notices":[],"_links":{"self":[{"href":"https:\/\/espai-marx.net\/index.php?rest_route=\/wp\/v2\/posts\/16088","targetHints":{"allow":["GET"]}}],"collection":[{"href":"https:\/\/espai-marx.net\/index.php?rest_route=\/wp\/v2\/posts"}],"about":[{"href":"https:\/\/espai-marx.net\/index.php?rest_route=\/wp\/v2\/types\/post"}],"author":[{"embeddable":true,"href":"https:\/\/espai-marx.net\/index.php?rest_route=\/wp\/v2\/users\/5"}],"replies":[{"embeddable":true,"href":"https:\/\/espai-marx.net\/index.php?rest_route=%2Fwp%2Fv2%2Fcomments&post=16088"}],"version-history":[{"count":2,"href":"https:\/\/espai-marx.net\/index.php?rest_route=\/wp\/v2\/posts\/16088\/revisions"}],"predecessor-version":[{"id":16091,"href":"https:\/\/espai-marx.net\/index.php?rest_route=\/wp\/v2\/posts\/16088\/revisions\/16091"}],"wp:featuredmedia":[{"embeddable":true,"href":"https:\/\/espai-marx.net\/index.php?rest_route=\/wp\/v2\/media\/16089"}],"wp:attachment":[{"href":"https:\/\/espai-marx.net\/index.php?rest_route=%2Fwp%2Fv2%2Fmedia&parent=16088"}],"wp:term":[{"taxonomy":"category","embeddable":true,"href":"https:\/\/espai-marx.net\/index.php?rest_route=%2Fwp%2Fv2%2Fcategories&post=16088"},{"taxonomy":"post_tag","embeddable":true,"href":"https:\/\/espai-marx.net\/index.php?rest_route=%2Fwp%2Fv2%2Ftags&post=16088"}],"curies":[{"name":"wp","href":"https:\/\/api.w.org\/{rel}","templated":true}]}}