{"id":1614,"date":"2011-06-28T00:00:00","date_gmt":"2011-06-28T00:00:00","guid":{"rendered":"https:\/\/espai-marx.net\/?p=1614"},"modified":"2020-02-21T12:31:32","modified_gmt":"2020-02-21T11:31:32","slug":"plazas-que-disuelven-cortijos","status":"publish","type":"post","link":"https:\/\/espai-marx.net\/?p=1614","title":{"rendered":"Plazas que disuelven cortijos. . Extremadura, IU y el 15M"},"content":{"rendered":"<p class=\"western\" lang=\"es-ES\" style=\"margin-bottom: 0cm; background: #ffffff;\" align=\"JUSTIFY\">1. En el \u00faltimo mes, dos acontecimientos han roto la espesa \u201cnormalidad\u201d dominante, apuntando a una fase nueva: la emergencia del 15M y la sublevaci\u00f3n de las bases de IU Extremadura. Las grandes manifestaciones de Democracia Real Ya y la rebeli\u00f3n en la peque\u00f1a aldea extreme\u00f1a tienen en com\u00fan su condici\u00f3n de anomal\u00edas, de rel\u00e1mpagos insolentes e inesperados. En plena campa\u00f1a electoral, las plazas de todo el pa\u00eds son ocupadas; la gente se re\u00fane y grita en ellas las verdades furtivas, sin pedir permiso. En la calle se alumbra un movimiento popular capaz de combinar con una sabidur\u00eda in\u00e9dita pragmatismo y desobediencia, burlando las amenazas y restricciones del poder. Una emoci\u00f3n indisimulable recorre las plazas, que intuyen la trascendencia del desaf\u00edo.<\/p>\n<p lang=\"es-ES\" style=\"margin-top: 0.42cm; margin-bottom: 0.42cm; background: #ffffff;\" align=\"JUSTIFY\">D\u00edas despu\u00e9s, en Extremadura, las bases de IU se revuelven contra otro l\u00edmite, el de ser la fiel infanter\u00eda del PSOE, condenada a auxiliarle en las situaciones de apuro electoral, aunque esa subalternidad contradiga a su propia formaci\u00f3n pol\u00edtica como alternativa. El c\u00edrculo vicioso de la asistencia autom\u00e1tica a uno de los pilares del bipartidismo y de la democracia-falacia se rompe.<\/p>\n<p lang=\"es-ES\" style=\"margin-top: 0.42cm; margin-bottom: 0.42cm; background: #ffffff;\" align=\"JUSTIFY\">Los dos acontecimientos tienen \u201cun aire de familia\u201d y apuntan a los l\u00edmites sociales, pol\u00edticos y simb\u00f3licos del sistema y los desbordan, desplazan los m\u00e1rgenes, dislocan el terreno de lo posible. Se termin\u00f3 el \u201csota, caballo y rey\u201d. Los a\u00f1os de plomo, el tiempo de la resignaci\u00f3n toca a su fin.<\/p>\n<p lang=\"es-ES\" style=\"margin-top: 0.42cm; margin-bottom: 0.42cm; background: #ffffff;\" align=\"JUSTIFY\">2. \u201cLo llaman democracia y no lo es\u201d. Un clamor en las plazas portando certezas impronunciables hasta ahora, desvelando las plutocracias de nuestro tiempo, las dictaduras del dinero disfrazadas con ropajes democr\u00e1ticos. \u201cNo somos mercanc\u00edas en manos de pol\u00edticos y banqueros\u201d. Los gritos atraviesan las mediaciones, sobrepasan las demandas corporativas y los c\u00e1lculos de la reivindicaci\u00f3n medida para apuntar directamente a los de arriba, a la estructura, a los fundamentos del sistema. Suenan tambi\u00e9n ecos de luchas anteriores, del movimiento contra la globalizaci\u00f3n, contra la guerra de Irak o el Plan Bolonia, pero ahora lo hacen con una rabia y verosimilitud ya olvidadas. No es suma de movimientos, es hibridaci\u00f3n, fecundaci\u00f3n mutua, creaci\u00f3n nueva.<\/p>\n<p lang=\"es-ES\" style=\"margin-top: 0.42cm; margin-bottom: 0.42cm; background: #ffffff;\" align=\"JUSTIFY\">\u201cNo es una crisis, es una estafa\u201d. El capitalismo popular, la religi\u00f3n de los propietarios, es bajado de los altares. Algunos alcaldes tienen que salir por la puerta trasera de los ayuntamientos, tras ser investidos; los parlamentos son cercados; en las sucursales bancarias se multiplican las ocupaciones simb\u00f3licas. La crisis econ\u00f3mica ha mutado en crisis de legitimidad del sistema.<\/p>\n<p lang=\"es-ES\" style=\"margin-top: 0.42cm; margin-bottom: 0.42cm; background: #ffffff;\" align=\"JUSTIFY\">3. La caprichosa aritm\u00e9tica parlamentaria sumada al crecimiento en votos otorga a IU Extremadura la llave para decidir el gobierno regional. Por primera vez, tras 28 a\u00f1os, el PSOE no es el partido m\u00e1s votado. En los despachos del poder y en las redacciones se activa el dispositivo de seguridad previsto para estas ocasiones, la campa\u00f1a de la pinza. Pero algo falla, parece que se detecta una resistencia excesiva en las bases de IU. Entonces, se ponen en marcha diversas medidas para hacer entrar en raz\u00f3n a los cerriles militantes extreme\u00f1os.<\/p>\n<p lang=\"es-ES\" style=\"margin-top: 0.42cm; margin-bottom: 0.42cm; background: #ffffff;\" align=\"JUSTIFY\">Se har\u00e1 una consulta entre los afiliados, pero, eso s\u00ed, no vinculante. Muchos de ellos hacen ver la contradicci\u00f3n entre exigir democracia real en el pa\u00eds y practicar la soberan\u00eda limitada en el interior de la organizaci\u00f3n; pero por esa rendija de participaci\u00f3n se cuela, imparable e inapelable, la voluntad de la gente: el 80% se pronuncia por la abstenci\u00f3n.<\/p>\n<p lang=\"es-ES\" style=\"margin-top: 0.42cm; margin-bottom: 0.42cm; background: #ffffff;\" align=\"JUSTIFY\">Desde arriba se orquestan todo tipo de maniobras para torcer la opini\u00f3n de los \u201camotinados\u201d: la direcci\u00f3n regional se inventa el voto ponderado para que pese m\u00e1s el voto de los afiliados de la ciudad que el de quienes viven en los pueblos; el secretario regional de CCOO reclama en entrevista ex profeso que \u201cIU tiene que pringarse\u201d; los principales medios de comunicaci\u00f3n regionales o el peri\u00f3dico P\u00fablico reciben clases aceleradas del Grupo Prisa, decano en la nauseabunda teor\u00eda y orquestaci\u00f3n de la pinza: todos insisten a coro en las calamidades que sobrevendr\u00edan si los obtusos militantes persisten en su empecinamiento.<\/p>\n<p lang=\"es-ES\" style=\"margin-top: 0.42cm; margin-bottom: 0.42cm; background: #ffffff;\" align=\"JUSTIFY\">Parece que poco a poco se van venciendo las resistencias; para acabar de doblegarlas, a la carrera se elabora una propuesta program\u00e1tica de \u201c12 mandamientos\u201d que parece facilitar la respuesta favorable de Vara, y \u00e9sta se produce con la solemnidad y mesura apropiadas\u2026 Pero ni por esas, los testarudos no aflojan; supuran rencor, dice la versi\u00f3n oficial, por los desencuentros hist\u00f3ricos entre las dos organizaciones. A la desesperada, el mism\u00edsimo Cayo Lara y un pu\u00f1ado de dirigentes \u201cfederales\u201d-o, por mejor decir, coloniales- aterrizan en Extremadura para imponer su criterio, violentando la decisi\u00f3n de las bases\u2026 pero salen con el rabo machado.<\/p>\n<p lang=\"es-ES\" style=\"margin-top: 0.42cm; margin-bottom: 0.42cm; background: #ffffff;\" align=\"JUSTIFY\">El coraje de los militantes extreme\u00f1os termina con un r\u00e9gimen clientelar de tres d\u00e9cadas y, de paso, sin propon\u00e9rselo, abre un debate sobre el grado de independencia real y sobre el sentido del proyecto de IU.<\/p>\n<p lang=\"es-ES\" style=\"margin-top: 0.42cm; margin-bottom: 0.42cm; background: #ffffff;\" align=\"JUSTIFY\">4. \u201cNo hay pan para tanto chorizo\u201d. Lo que ayer era indecible, encuentra su cauce en la indignaci\u00f3n de millones de personas. La gente practica en la calle el arte del acontecimiento y va desvelando la trama de la crisis. \u201cTenemos la soluci\u00f3n: los banqueros a prisi\u00f3n\u201d. En el erial donde antes se consinti\u00f3 sin rechistar una transferencia de billones de euros para el llamado rescate bancario, surge hoy el dedo colectivo se\u00f1alando a los urdidores de la estafa.<\/p>\n<p lang=\"es-ES\" style=\"margin-top: 0.42cm; margin-bottom: 0.42cm; background: #ffffff;\" align=\"JUSTIFY\">Pero esta crisis es, al tiempo, m\u00e1s que una estafa. Al principio, todav\u00eda en las plazas se agitaba la ilusi\u00f3n de \u201cvolver a los tiempos de bonanza\u201d, \u201ca la senda del crecimiento\u201d, como repite la jerga medi\u00e1tica. Ahora, el enunciado \u201cdictadura de los mercados\u201d pasa de ser ret\u00f3rica pol\u00edtica a encarnarse en la vida cotidiana; los planes de ajuste se traducen en paro, exclusi\u00f3n, precariedad, desahucio, recortes de las ayudas sociales, miedo al despido\u2026 \u201cManos arriba, esto es un contrato\u201d, se desga\u00f1itan los j\u00f3venes, haciendo trizas la caricatura que presenta el 15M como una revuelta rom\u00e1ntica y est\u00e9tica.<\/p>\n<p lang=\"es-ES\" style=\"margin-top: 0.42cm; margin-bottom: 0.42cm; background: #ffffff;\" align=\"JUSTIFY\">En las plazas, que los \u201cdem\u00f3cratas salvajes\u201d han convertido en escuelas de alfabetizaci\u00f3n pol\u00edtica (Alba Rico), la gente se adiestra en relacionar consecuencias y causas, intereses parciales y globales. La crisis va para largo y la lucha ser\u00e1 dur\u00edsima. Un hilo subterr\u00e1neo une el desastre nuclear de Fukujima, la guerra de Libia y las resistencias en Grecia, Islandia o Espa\u00f1a. El capitalismo autista se topa con los l\u00edmites de la naturaleza, se multiplican las guerras del expolio, el fantasma del corralito recorre Europa y las clases medias abandonan su castillo encantado de corporativismo y consumo.<\/p>\n<p lang=\"es-ES\" style=\"margin-top: 0.42cm; margin-bottom: 0.42cm; background: #ffffff;\" align=\"JUSTIFY\">Se extiende la intuici\u00f3n de un cambio de \u00e9poca. Tras la guerra global permanente (Guerra de Irak), la crisis global permanente como forma de dominio, como reorganizaci\u00f3n del capitalismo.<\/p>\n<p lang=\"es-ES\" style=\"margin-top: 0.42cm; margin-bottom: 0.42cm; background: #ffffff;\" align=\"JUSTIFY\">5. Un r\u00e9gimen de poder ha terminado en Extremadura. Treinta a\u00f1os caracterizados por el neoliberalismo econ\u00f3mico, el populismo pol\u00edtico y el clientelismo social. El pacto entre los arribistas de los dos bandos que supuso la transici\u00f3n pol\u00edtica (Rafael Chirbes) en Extremadura se tradujo en la modernizaci\u00f3n y legitimaci\u00f3n del \u201ccortijo\u201d. De Jarrapellejos a Alfonso Gallardo: del derecho de pernada a la naturalizaci\u00f3n del clientelismo y la arbitrariedad. Del cortijo autosuficiente a las subvenciones millonarias de la Uni\u00f3n Europea y la inversi\u00f3n en bolsa.<\/p>\n<p lang=\"es-ES\" style=\"margin-top: 0.42cm; margin-bottom: 0.42cm; background: #ffffff;\" align=\"JUSTIFY\">Una nueva \u00e9lite pol\u00edtica y econ\u00f3mica que entroncaba y se renovaba a partir de la s\u00f3lida red caciquil y de poder existente durante todo el franquismo. Vara y Francisco Fuentes, dos de los hombres fuertes del PSOE extreme\u00f1o, constituyen una esclarecedora met\u00e1fora de ese proceso. El primero llega a presidente de la Junta tras ser afiliado durante 10 a\u00f1os del PP, hasta su captaci\u00f3n por vecindad con Ibarra. El segundo, procedente del falangismo, es el t\u00edo del principal empresario de la regi\u00f3n que ha hecho su fortuna a la sombra de la Junta de Extremadura.<\/p>\n<p lang=\"es-ES\" style=\"margin-top: 0.42cm; margin-bottom: 0.42cm; background: #ffffff;\" align=\"JUSTIFY\">El partido que lleg\u00f3 al poder auton\u00f3mico aupado en la lucha contra la central nuclear de Valdecaballeros es desalojado cuando pretend\u00eda usar Extremadura como un basurero para refiner\u00edas, t\u00e9rmicas y cementerios nucleares. La lucha constante e inteligente de esos rebeldes que seg\u00fan Ibarra \u201cno son nadie\u201d, y cuya mejor expresi\u00f3n ha sido la Plataforma Ciudadana Refiner\u00eda No, ha sido decisiva en la derrota del PSOE.<\/p>\n<p lang=\"es-ES\" style=\"margin-top: 0.42cm; margin-bottom: 0.42cm; background: #ffffff;\" align=\"JUSTIFY\">Pero, como recordaba con iron\u00eda Saramago, muerto el perro s\u00f3lo se acaba la rabia de ese perro, la rabia sigue. La rabia del neoliberalismo y del clientelismo sigue, ahora con otros protagonistas. Ser\u00eda absurdo esperar del PP la regeneraci\u00f3n democr\u00e1tica o una pol\u00edtica social. Es la otra rama del partido del poder econ\u00f3mico en Extremadura, obedece a los intereses de la clase dominante y a una ideolog\u00eda reaccionaria. La izquierda alternativa y los movimientos sociales tendr\u00e1n que enfrentarse a su pol\u00edtica desde el principio.<\/p>\n<p lang=\"es-ES\" style=\"margin-top: 0.42cm; margin-bottom: 0.42cm; background: #ffffff;\" align=\"JUSTIFY\">6. El 15M desborda a los sindicatos mayoritarios y pone de manifiesto que las razones aducidas por sus dirigentes para la contenci\u00f3n eran una justificaci\u00f3n autocomplaciente o un pretexto para cubrirle las espaldas a terceros.<\/p>\n<p lang=\"es-ES\" style=\"margin-top: 0.42cm; margin-bottom: 0.42cm; background: #ffffff;\" align=\"JUSTIFY\">Cuando m\u00e1s insist\u00edan las burocracias sindicales en que no hab\u00eda respaldo social suficiente para impulsar una movilizaci\u00f3n sostenida, miles de personas se echan a la calle y se instalan durante semanas en las plazas. Cuando m\u00e1s \u00e9nfasis pon\u00edan en la necesidad de medir bien la respuesta social a los recortes que en esa rara ocasi\u00f3n ellos mismos no hab\u00edan respaldado, la gente, liberada de tanto liberado sindical, emprende acciones que desaf\u00edan toda mesura.<\/p>\n<p lang=\"es-ES\" style=\"margin-top: 0.42cm; margin-bottom: 0.42cm; background: #ffffff;\" align=\"JUSTIFY\">Quienes se dec\u00edan a s\u00ed mismo que no daban pasos adelante porque la gente no los pod\u00eda seguir son de pronto rebasados por la gente y se quedan solos y a lo lejos. En ese momento los que se presentaban a s\u00ed mismos como la vanguardia de los trabajadores se revelan como su lastre. Quienes se presentaban como el \u00fanico cauce leg\u00edtimo para la movilizaci\u00f3n se visualizan ahora como un freno. El 15M se lleva as\u00ed por delante a CCOO y UGT.<\/p>\n<p lang=\"es-ES\" style=\"margin-top: 0.42cm; margin-bottom: 0.42cm; background: #ffffff;\" align=\"JUSTIFY\">En las calles hay gente de todo tipo, pero abundan sobre todo los parados y precarios, precisamente la gente m\u00e1s machacada y a la que menos atenci\u00f3n han prestado unos sindicatos que siguen viviendo de las rentas cada vez m\u00e1s exiguas del fordismo. El nuevo sujeto de transformaci\u00f3n empieza a organizarse al margen (o a pesar) de ellos. Los indignados rompen el monopolio que ambos sindicatos se hab\u00edan arrogado sobre el mundo del trabajo y expresan su rechazo a la reforma laboral y a la quiebra de los marcos de negociaci\u00f3n colectiva, pero con la legitimidad que les da su condici\u00f3n de precarios y con la credibilidad de llevar la protesta hasta las puertas del Congreso. Pero la cr\u00edtica llega al Pacto de las pensiones, y ah\u00ed quienes ven\u00edan pecando de omisi\u00f3n aparecen ahora como c\u00f3mplices.<\/p>\n<p lang=\"es-ES\" style=\"margin-top: 0.42cm; margin-bottom: 0.42cm; background: #ffffff;\" align=\"JUSTIFY\">Entre los gritos de los indignados surge cada vez con m\u00e1s fuerza la petici\u00f3n de una Huelga General. En su boca la convocatoria carece del habitual tufillo a amago, \u00faltima instancia o brindis al sol. Los sindicatos mayoritarios se ponen nerviosos, los gritos de \u201cno nos representan\u201d tienen una onda expansiva a la que no logran escapar. Durante toda la semana que va del 15M al 22M las p\u00e1ginas webs de los sindicatos ponen de manifiesto su desconcierto, tambi\u00e9n su miseria.<\/p>\n<p lang=\"es-ES\" style=\"margin-top: 0.42cm; margin-bottom: 0.42cm; background: #ffffff;\" align=\"JUSTIFY\">En la de CCOO la informaci\u00f3n de las masivas movilizaciones ocupan un lugar rid\u00edculo comparado con la imagen enorme de un Toxo reci\u00e9n investido Presidente de la Confederaci\u00f3n Europea de Sindicatos. El divorcio entre el movimiento real de los que luchan y las organizaciones institucionales que dicen representarlos es patente, y tanto m\u00e1s lacerante en un sindicato que tuvo su origen y fue digna expresi\u00f3n de lo primero. En el caso de UGT su p\u00e1gina web guarda un silencio indecente rayano en la censura.<\/p>\n<p lang=\"es-ES\" style=\"margin-top: 0.42cm; margin-bottom: 0.42cm; background: #ffffff;\" align=\"JUSTIFY\">7. \u201cO est\u00e1s en un lado o en el otro, pero no se puede estar en misa y repicando\u201d, dice \u00c1ngel P\u00e9rez, concejal de IU en el Ayuntamiento de Madrid, defendiendo al alcalde Gallard\u00f3n, despu\u00e9s del abucheo recibido por parte del movimiento 15M. O est\u00e1s con la instituci\u00f3n o con el movimiento. La declaraci\u00f3n de P\u00e9rez tiene la virtud de verbalizar las contradicciones de la pol\u00edtica oficial de IU, de hacer palpable que el \u201cQue no, que no nos representan\u201d tambi\u00e9n va con ella, con su enroque institucional.<\/p>\n<p lang=\"es-ES\" style=\"margin-top: 0.42cm; margin-bottom: 0.42cm; background: #ffffff;\" align=\"JUSTIFY\">IU est\u00e1 instalada en el sistema de representaci\u00f3n y el politicismo, ensimismada en su mundo de esca\u00f1os y ruedas de prensa. Por eso, sus llamamientos a la refundaci\u00f3n o a la convergencia social suenan tan rutinarios o insinceros. Su pr\u00e1ctica contradice su discurso. El advenimiento del 15M y la insumisi\u00f3n de las bases extreme\u00f1as alumbran los l\u00edmites de su pol\u00edtica actual. Los contrapoderes se construyen en la calle, la alternativa ha de romper sus dependencias con los pilares del bipartidismo.<\/p>\n<p lang=\"es-ES\" style=\"margin-top: 0.42cm; margin-bottom: 0.42cm; background: #ffffff;\" align=\"JUSTIFY\">Hace algunos a\u00f1os, Fausto Bertinotti, que fuera dirigente de Refundaci\u00f3n Comunista, planteaba al calor de la irrupci\u00f3n del movimiento antiglobalizaci\u00f3n una perspectiva que quiz\u00e1s sea, a estas alturas, la \u00fanica transitable y deseable: \u201cLa construcci\u00f3n del nuevo sujeto transformador es el tema crucial para la salida de izquierda de la crisis de la pol\u00edtica y de la crisis del movimiento obrero. Este compromiso exige desplazar el centro de gravedad de la pol\u00edtica desde las instituciones y las fuerzas pol\u00edticas a la sociedad y los movimientos, es decir, desde la representaci\u00f3n a la organizaci\u00f3n directa de la vida y de las relaciones sociales.\u201d<\/p>\n<p lang=\"es-ES\" style=\"margin-top: 0.42cm; margin-bottom: 0.42cm; background: #ffffff;\" align=\"JUSTIFY\">8. Las brigadas medi\u00e1ticas y pol\u00edticas del orden trabajan a todo gas para capturar lo nuevo, para reabsorber las fugas tras la conmoci\u00f3n del acontecimiento. Hasta ahora han patinado en sus intentos de etiquetar el 15M como un movimiento marginal (\u201cperroflauta\u201d) o violento (la infiltraci\u00f3n y provocaci\u00f3n policial). Y les ha fallado el prop\u00f3sito de reducir el movimiento a los c\u00f3digos manejables por el poder: o sois kale borroka, o sois ciudadanistas; elegid: o violencia callejera o ret\u00f3rica de los derechos humanos. Por el contrario, la alianza entre juventud precaria y clases trabajadoras se consolida en los barrios y plazas. El movimiento demuestra una inteligencia y frescura que augura una etapa de fuertes resistencias a la m\u00e1s que previsible continuaci\u00f3n de la pol\u00edtica antisocial.<\/p>\n<p lang=\"es-ES\" style=\"margin-top: 0.42cm; margin-bottom: 0.42cm; background: #ffffff;\" align=\"JUSTIFY\">La potencia del acontecimiento reside en su \u201ccapacidad para engendrar un tiempo propio\u201d (Badiou). El 15M y, con toda la modestia que se quiera, el vendaval en IU Extremadura, abren un \u201ccampo de posibles insospechados\u201d. La palabra revoluci\u00f3n ya s\u00f3lo se escuchaba en los anuncios publicitarios y ahora ha vuelto a las plazas, sin solemnidad pero con determinaci\u00f3n. \u201cNo es botell\u00f3n, es revoluci\u00f3n\u201d, dicen los carteles de la acampada.<\/p>\n<p lang=\"es-ES\" style=\"margin-top: 0.42cm; margin-bottom: 0.42cm; background: #ffffff;\" align=\"JUSTIFY\">La cuesti\u00f3n es, como plantea Santiago L\u00f3pez Petit, \u201csi nos atrevemos a pasar de indignados a revolucionarios\u201d.<\/p>\n<p lang=\"es-ES\" style=\"margin-top: 0.42cm; margin-bottom: 0.42cm; background: #ffffff;\" align=\"JUSTIFY\"><i>*Juan Andrade Blanco y Manuel Ca\u00f1ada Porras, afiliados de IU Extremadura e integrantes del Colectivo La Trastienda<\/i><\/p>\n","protected":false},"excerpt":{"rendered":"<p>1. En el \u00faltimo mes, dos acontecimientos han roto la espesa \u201cnormalidad\u201d dominante, apuntando a una fase nueva: la emergencia<\/p>\n","protected":false},"author":9,"featured_media":0,"comment_status":"open","ping_status":"open","sticky":false,"template":"","format":"standard","meta":{"footnotes":""},"categories":[13],"tags":[],"class_list":["post-1614","post","type-post","status-publish","format-standard","hentry","category-la-izquierda-a-debate"],"aioseo_notices":[],"_links":{"self":[{"href":"https:\/\/espai-marx.net\/index.php?rest_route=\/wp\/v2\/posts\/1614","targetHints":{"allow":["GET"]}}],"collection":[{"href":"https:\/\/espai-marx.net\/index.php?rest_route=\/wp\/v2\/posts"}],"about":[{"href":"https:\/\/espai-marx.net\/index.php?rest_route=\/wp\/v2\/types\/post"}],"author":[{"embeddable":true,"href":"https:\/\/espai-marx.net\/index.php?rest_route=\/wp\/v2\/users\/9"}],"replies":[{"embeddable":true,"href":"https:\/\/espai-marx.net\/index.php?rest_route=%2Fwp%2Fv2%2Fcomments&post=1614"}],"version-history":[{"count":0,"href":"https:\/\/espai-marx.net\/index.php?rest_route=\/wp\/v2\/posts\/1614\/revisions"}],"wp:attachment":[{"href":"https:\/\/espai-marx.net\/index.php?rest_route=%2Fwp%2Fv2%2Fmedia&parent=1614"}],"wp:term":[{"taxonomy":"category","embeddable":true,"href":"https:\/\/espai-marx.net\/index.php?rest_route=%2Fwp%2Fv2%2Fcategories&post=1614"},{"taxonomy":"post_tag","embeddable":true,"href":"https:\/\/espai-marx.net\/index.php?rest_route=%2Fwp%2Fv2%2Ftags&post=1614"}],"curies":[{"name":"wp","href":"https:\/\/api.w.org\/{rel}","templated":true}]}}