{"id":1618,"date":"2011-07-10T00:00:00","date_gmt":"2011-07-10T00:00:00","guid":{"rendered":"https:\/\/espai-marx.net\/?p=1618"},"modified":"2020-02-21T12:30:11","modified_gmt":"2020-02-21T11:30:11","slug":"la-progresia-y-el-movimiento-15-m","status":"publish","type":"post","link":"https:\/\/espai-marx.net\/?p=1618","title":{"rendered":"La progres\u00eda y el movimiento 15-M"},"content":{"rendered":"<p>En alg\u00fan momento he se\u00f1alado que en t\u00e9rminos generales las gentes de la izquierda tradicional se han portado decentemente en relaci\u00f3n con el movimiento 15-M: han participado en las asambleas, han rehuido las identificaciones partidarias y se han percatado del significado de lo que estaba ocurriendo. Lo anterior es verdad aun cuando no hayan faltado en algunos lugares problemas que calificar\u00e9 de menores &#8211;intentos, por ejemplo, de manipulaci\u00f3n y control&#8211; y aun cuando alg\u00fan responsable pol\u00edtico &#8211;as\u00ed, el candidato de IU a la alcald\u00eda de Madrid, \u00c1ngel P\u00e9rez, o el otrora m\u00e1ximo dirigente de Esquerra, Josep-Llu\u00eds Carod-Rovira&#8211; haya realizado declaraciones impresentables.<\/p>\n<p>Si la izquierda tradicional ha estado gen\u00e9ricamente a la altura de las circunstancias, cabe preguntarse de qui\u00e9n no puede decirse otro tanto. Me olvidar\u00e9 ahora de la ruindad ingente que rodea a los sindicatos mayoritarios; qu\u00e9 llamativo parece que haya sido el movimiento 15-M el que haya convocado el pasado d\u00eda 19 las manifestaciones contra el Pacto del Euro, mientras las c\u00fapulas de CCOO y UGT guardaban silencio. Me interesa prestar atenci\u00f3n, antes bien, a un grupo humano cuya conducta ante los hechos de las \u00faltimas semanas merece m\u00e1s de un comentario. Hablo de esa constelaci\u00f3n progresista de la que forman parte un buen pu\u00f1ado de estrellas de la intelectualidad y de las artes.<\/p>\n<p>Lo primero que me produce sorpresa es el hecho de que estas gentes no duden en utilizar, para identificarse, la etiqueta de progresistas. Pocos t\u00e9rminos hay m\u00e1s gastados que \u00e9ste. Gastados, en primer lugar, por la ret\u00f3rica vacua que ha empleado en los \u00faltimos decenios el partido que sigue dirigiendo el Gobierno espa\u00f1ol. \u00bfC\u00f3mo es posible que quienes en estas horas afirman que quieren romper amarras con todo lo que significa ese partido no duden en seguir empleando un calificativo tan delatador? Siempre cerca de estructuras de poder, nuestros progresistas se han adherido en el pasado a todas las miserias imaginables. \u00bfAlguien ha olvidado, por cierto, la lista de partidarios del Tratado Constitucional de la Uni\u00f3n Europea &#8211;surtidor principal de la mierda que hoy arrastramos&#8211; que promovi\u00f3 la SGAE en diciembre de 2004? No parece, en un terreno pr\u00f3ximo, que estas gentes se hayan desmarcado convincentemente de sus intereses personales, en un escenario en el que no menudean las noticias que den cuenta de c\u00f3mo han reconocido p\u00fablicamente sus errores del pasado. Mientras, por un lado, nunca han pisado un centro social okupado &#8211;para algo est\u00e1n los oropeles del C\u00edrculo de Bellas Artes madrile\u00f1o&#8211;, por el otro han mantenido hasta hace bien poco &#8211;acaso algunos la mantienen todav\u00eda&#8211; una relaci\u00f3n muy c\u00e1lida con esos dos combativos sindicatos que he mencionado unas l\u00edneas m\u00e1s arriba. Hablo de gentes, en fin, que se autoatribuyen la conciencia de la izquierda y que estiman que no podr\u00edamos pasar sin el socorro de sus declaraciones y manifiestos.<\/p>\n<p>Tengo la firme convicci\u00f3n de que los intelectuales y artistas progresistas arrastran problemas graves en materia de comprensi\u00f3n de lo que ocurre entre nosotros. En su discurso lo suyo es que se denuncie lo que est\u00e1 en la epidermis mientras se esquivan las cuestiones de fondo. Si la corrupci\u00f3n y la precariedad forman parte de la primera, el capitalismo y la supeditaci\u00f3n del poder pol\u00edtico a sus reglas viven entre las segundas. La \u00fanica respuesta posible y consecuente &#8211;as\u00ed lo han entendido ampl\u00edsimos sectores del movimiento 15-M&#8211; asume la forma de la contestaci\u00f3n franca del capitalismo desde perspectivas antiproductivistas, antipatriarcales e internacionalistas. Semejante proyecto casa mal, dicho sea de paso, con la obsesi\u00f3n de nuestros intelectuales y artistas por los partidos y las elecciones. \u00bfCu\u00e1l no ser\u00e1 al respecto la \u00faltima idea brillante que estar\u00e1n iluminando en lo que se refiere a maravillosos frentes en los que confluyan algunos de los primeros? \u00bfY qu\u00e9 l\u00edderes nos propondr\u00e1n ahora? \u00bfHabr\u00e1 alguno que no huela a lo mismo de siempre, al designio de reunir a la izquierda claudicante bajo banderas aparentemente nuevas? Qu\u00e9 significativo resulta que muchos de qui\u00e9nes hace bien poco le re\u00edan las gracias al PSOE se sientan hoy traicionados. \u00a1Vaya que han tardado tiempo en tomar nota de la realidad! Lo de Izquierda Unida, entre tanto, no parece convencerles, acaso porque en el maltrecho proyecto de la refundaci\u00f3n no se les reservaba el lugar que esperaban, acaso porque siguen pensando que es preferible ser cola de le\u00f3n que cabeza de rat\u00f3n.<\/p>\n<p>Mayor relieve que todo lo anterior corresponde, sin embargo, a un hecho: nuestros intelectuales y artistas se han visto por completo desbordados por lo que ha ocurrido tras el 15 de mayo. Y su situaci\u00f3n es inc\u00f3moda, antes que nada, por algo que salta a la vista: nada han tenido que ver con la gestaci\u00f3n de un movimiento que, por razones f\u00e1ciles de intuir, no comprenden, inmerso como est\u00e1 en la vor\u00e1gine de la asamblea y de la autogesti\u00f3n, lejos de divos y de famoseos. En lugar de acercarse humildemente a lo que empezaba a manifestarse, se han entregado con pundonor a la tarea de rebajar la radicalidad de la propuesta que ve\u00eda la luz en las plazas, procurando adaptarla a una letan\u00eda repentinamente superada por la reacci\u00f3n airada de los j\u00f3venes. Para ello han dispuesto, como siempre, de los resortes preceptivos que ofrecen los medios progresistas: El Pa\u00eds y la SER, P\u00fablico y Radio Nacional.<\/p>\n<p>Sin norte, nuestros amigos procuran en estas horas, con escaso \u00e9xito, recuperar el protagonismo que tanto les gusta. Bueno ser\u00eda que tomasen nota, sin embargo, de algo que parece evidente: los indignados no s\u00f3lo lo est\u00e1n con los banqueros y con los gobernantes que les sirven. No sienten ning\u00fan cari\u00f1o, tampoco, por quienes han re\u00eddo las gracias demasiadas veces a los unos y a los otros. Para certificarlo basta con echar una ojeada a los foros de muchos de esos medios de comunicaci\u00f3n progresistas que acabo de nombrar.<\/p>\n","protected":false},"excerpt":{"rendered":"<p>En alg\u00fan momento he se\u00f1alado que en t\u00e9rminos generales las gentes de la izquierda tradicional se han portado decentemente en<\/p>\n","protected":false},"author":9,"featured_media":1619,"comment_status":"open","ping_status":"open","sticky":false,"template":"","format":"standard","meta":{"footnotes":""},"categories":[13],"tags":[],"class_list":["post-1618","post","type-post","status-publish","format-standard","has-post-thumbnail","hentry","category-la-izquierda-a-debate"],"aioseo_notices":[],"_links":{"self":[{"href":"https:\/\/espai-marx.net\/index.php?rest_route=\/wp\/v2\/posts\/1618","targetHints":{"allow":["GET"]}}],"collection":[{"href":"https:\/\/espai-marx.net\/index.php?rest_route=\/wp\/v2\/posts"}],"about":[{"href":"https:\/\/espai-marx.net\/index.php?rest_route=\/wp\/v2\/types\/post"}],"author":[{"embeddable":true,"href":"https:\/\/espai-marx.net\/index.php?rest_route=\/wp\/v2\/users\/9"}],"replies":[{"embeddable":true,"href":"https:\/\/espai-marx.net\/index.php?rest_route=%2Fwp%2Fv2%2Fcomments&post=1618"}],"version-history":[{"count":0,"href":"https:\/\/espai-marx.net\/index.php?rest_route=\/wp\/v2\/posts\/1618\/revisions"}],"wp:featuredmedia":[{"embeddable":true,"href":"https:\/\/espai-marx.net\/index.php?rest_route=\/wp\/v2\/media\/1619"}],"wp:attachment":[{"href":"https:\/\/espai-marx.net\/index.php?rest_route=%2Fwp%2Fv2%2Fmedia&parent=1618"}],"wp:term":[{"taxonomy":"category","embeddable":true,"href":"https:\/\/espai-marx.net\/index.php?rest_route=%2Fwp%2Fv2%2Fcategories&post=1618"},{"taxonomy":"post_tag","embeddable":true,"href":"https:\/\/espai-marx.net\/index.php?rest_route=%2Fwp%2Fv2%2Ftags&post=1618"}],"curies":[{"name":"wp","href":"https:\/\/api.w.org\/{rel}","templated":true}]}}