{"id":1621,"date":"2011-07-12T00:00:00","date_gmt":"2011-07-12T00:00:00","guid":{"rendered":"https:\/\/espai-marx.net\/?p=1621"},"modified":"2020-02-21T12:29:42","modified_gmt":"2020-02-21T11:29:42","slug":"que-hacer-cuando-hay-que-optar-entre-dos-derechas-una-de-ellas-instalada-28-anos-en-el-poder","status":"publish","type":"post","link":"https:\/\/espai-marx.net\/?p=1621","title":{"rendered":"\u00bfQu\u00e9 hacer cuando hay que optar entre dos derechas, una de ellas instalada 28 a\u00f1os en el poder?"},"content":{"rendered":"<p lang=\"es-ES\" style=\"margin-bottom: 0cm; line-height: 150%;\" align=\"JUSTIFY\">En el edificio de la Asamblea de Extremadura se encuentra una dependencia cuya urgente visita recomiendo a varios colegas parlamentarios: la Biblioteca. Y en la misma ser\u00eda bueno que consultaran el Diccionario de la Real Academia de la Lengua Espa\u00f1ola, acudir a la \u201cA\u201d, deslizar el dedo por la p\u00e1ginas dejando r\u00e1pidamente atr\u00e1s las palabras \u201cabsorber\u201d, \u201cabsortar\u201d- y detenerse, eso s\u00ed, en el siguiente verbo de la Lengua Castellana, a veces tan maltratado por pol\u00edticos y periodistas, \u201cAbstener\u201d. Dice as\u00ed: del lat\u00edn abstinere. Contener o refrenar, apartar. 2 Privarse de algo. 3. No participar en algo a que se tiene derecho.<\/p>\n<p lang=\"es-ES\" style=\"margin-bottom: 0cm; line-height: 150%;\" align=\"JUSTIFY\">Izquierda Unida de Extremadura, sus militantes, en primer lugar, y su Consejo Pol\u00edtico Regional en \u00faltimo, han decidido que sus tres diputados deben abstenerse en la elecci\u00f3n del nuevo Presidente de la Junta de Extremadura. Apartarnos (1), por tanto, del PP y del PSOE, los \u00fanicos partidos que merced a un reglamento bipartidista pueden presentar candidato; privarnos (2) de elegir entre lo mismo y lo mismo y no participar (3) en algo a lo que tenemos derecho: no participar en el reparto de cargos, prebendas, consejer\u00edas y direcciones generales que desde el PSOE se nos ofrec\u00eda; no participar en los cantos de sirena del candidato del PP, de quien podemos decir, adaptando aquellas memorables palabras de un Aznar que hablaba catal\u00e1n en la intimidad, que el se\u00f1or \u201cMonago\u201d habla marxismo en la intimidad. Claro que, situarse a la izquierda del PSOE en Extremadura no es demasiado complicado, pues el PSOE lleva instalado en la derecha desde hace ya mucho tiempo. \u00bfSaben que partido ha privatizado servicios p\u00fablicos en Extremadura? El PSOE. \u00bfY amparado a empresarios sin escr\u00fapulos? El PSOE. \u00bfY modificado una Ley del Suelo para favorecer un complejo tur\u00edstico de lujo que un juez hab\u00eda declarado ilegal? El PSOE, con la ayuda, en este \u00faltimo caso, del Partido Popular.<\/p>\n<p lang=\"es-ES\" style=\"margin-bottom: 0cm; line-height: 150%;\" align=\"JUSTIFY\">Pinza no, tenaza, la que han practicado los dos monarcas m\u00e1s cat\u00f3licos de la Historia de Extremadura. Don Vara II y Don Monago I. \u00bfQu\u00e9 no habr\u00e1n pactado estos dos entre 2007 y 2011? Estatuto de Autonom\u00eda, Ley de Educaci\u00f3n, Ley del Suelo, Ley de Cajas.<\/p>\n<p lang=\"es-ES\" style=\"margin-bottom: 0cm; line-height: 150%;\" align=\"JUSTIFY\">Nos dice el PSOE que tenemos la obligaci\u00f3n de votarles a ellos para frenar a la derecha. \u00a1Bien! Pero \u00bfqu\u00e9 hacemos cuando hay que optar entre dos derechas? Y qu\u00e9 hacer cuando una de ellas lleva instalada en el poder 28 a\u00f1os, practicando un clientelismo y un caciquismo asfixiante, amparando un r\u00e9gimen de poder donde los altos cargos de la administraci\u00f3n se nombran a dedo, donde el personal de libre designaci\u00f3n y las sinecuras crecen y crecen, donde la cr\u00edtica o la denuncia se responden con represi\u00f3n y arbitrariedad, donde se montan oposiciones \u201ca dedo\u201d, donde el reino de las adjudicaciones \u201csin concurso ni publicidad\u201d son el pan de cada d\u00eda, donde existe el complemento 30 para que cualquier alto cargo de la Junta de Extremadura, al dejar esta e incorporarse a su puesto de trabajo en la administraci\u00f3n, siga cobrando un plus que para s\u00ed quisieran los precarios, los humillados, los parados, los j\u00f3venes sin trabajo y los jodidos de esta tierra. El socialismo no llega ni en coche oficial ni en las prebendas y privilegios de que se han gozado quienes hoy se reclaman de una izquierda \u2013 guay &#8211; esa izquierda que sin rubor aprueba reformas laborales y pensionazos, rebaja el sueldo de los funcionarios y entrega varios millones de euros a la gran banca, mientras corre sol\u00edcita detr\u00e1s de multinacionales y grandes empresas a ver qu\u00e9 migajas puede recoger. Esa izquierda guay que, junto a la derecha, acaba de rechazar en el Senado una iniciativa del BNG para la \u201cdaci\u00f3n en pago\u201d.<\/p>\n<p lang=\"es-ES\" style=\"margin-bottom: 0cm; line-height: 150%;\" align=\"JUSTIFY\">El PSOE, que gobierna con el PP en el Pa\u00eds Vasco, con UPN &#8211;escisi\u00f3n del PP&#8211; en Navarra, con Coalici\u00f3n Canaria, en las Islas, que tiene pactos con las derechas regionalistas, que gobierna, s\u00ed, que gobierna en bastantes municipios con el PP- ese PSOE que pr\u00e1ctica toda clase de pactos con tal de mantener el poder parece que quiere convencernos a Izquierda Unida que estamos obligados a darles nuestros votos, hagan lo que hagan, se comporten como se comporten.<\/p>\n<p lang=\"es-ES\" style=\"margin-bottom: 0cm; line-height: 150%;\" align=\"JUSTIFY\">Somos su se\u00f1uelo para aparentar un barniz de progresismo, pero, dig\u00e1moslo con claridad, Izquierda Unida de Extremadura ha preferido no caer en la trampa, porque \u201cla pinza\u201d es el instrumento que utilizan determinados sectores de opini\u00f3n para defender a una izquierda que practica pol\u00edticas de derechas y de paso mantener y preservar en lo esencial el r\u00e9gimen bipartidista: el PP es de derechas, el PSOE es de izquierdas. Y conviene que los ciudadanos no lleguen a la conclusi\u00f3n de que PP y PSOE son las dos caras de un mismo sistema, los liberales y los conservadores, C\u00e1novas y Sagasta, Vara y Monago. Entre C\u00e1novas y Sagasta hab\u00eda matices, cierto, pero ninguno de los dos cuestionaba el modelo econ\u00f3mico y social de la Restauraci\u00f3n. Y ni Vara ni Monago, ni Zapatero ni Rajoy cuestionan hoy en Espa\u00f1a lo esencial de la segunda Restauraci\u00f3n.<\/p>\n","protected":false},"excerpt":{"rendered":"<p>En el edificio de la Asamblea de Extremadura se encuentra una dependencia cuya urgente visita recomiendo a varios colegas parlamentarios:<\/p>\n","protected":false},"author":9,"featured_media":0,"comment_status":"open","ping_status":"open","sticky":false,"template":"","format":"standard","meta":{"footnotes":""},"categories":[13],"tags":[],"class_list":["post-1621","post","type-post","status-publish","format-standard","hentry","category-la-izquierda-a-debate"],"aioseo_notices":[],"_links":{"self":[{"href":"https:\/\/espai-marx.net\/index.php?rest_route=\/wp\/v2\/posts\/1621","targetHints":{"allow":["GET"]}}],"collection":[{"href":"https:\/\/espai-marx.net\/index.php?rest_route=\/wp\/v2\/posts"}],"about":[{"href":"https:\/\/espai-marx.net\/index.php?rest_route=\/wp\/v2\/types\/post"}],"author":[{"embeddable":true,"href":"https:\/\/espai-marx.net\/index.php?rest_route=\/wp\/v2\/users\/9"}],"replies":[{"embeddable":true,"href":"https:\/\/espai-marx.net\/index.php?rest_route=%2Fwp%2Fv2%2Fcomments&post=1621"}],"version-history":[{"count":0,"href":"https:\/\/espai-marx.net\/index.php?rest_route=\/wp\/v2\/posts\/1621\/revisions"}],"wp:attachment":[{"href":"https:\/\/espai-marx.net\/index.php?rest_route=%2Fwp%2Fv2%2Fmedia&parent=1621"}],"wp:term":[{"taxonomy":"category","embeddable":true,"href":"https:\/\/espai-marx.net\/index.php?rest_route=%2Fwp%2Fv2%2Fcategories&post=1621"},{"taxonomy":"post_tag","embeddable":true,"href":"https:\/\/espai-marx.net\/index.php?rest_route=%2Fwp%2Fv2%2Ftags&post=1621"}],"curies":[{"name":"wp","href":"https:\/\/api.w.org\/{rel}","templated":true}]}}