{"id":1622,"date":"2011-07-23T00:00:00","date_gmt":"2011-07-23T00:00:00","guid":{"rendered":"https:\/\/espai-marx.net\/?p=1622"},"modified":"2020-02-21T12:28:02","modified_gmt":"2020-02-21T11:28:02","slug":"perque-la-democracia-economica-es-incompatible-amb-el-liberalisme","status":"publish","type":"post","link":"https:\/\/espai-marx.net\/?p=1622","title":{"rendered":"Perqu\u00e8 la democr\u00e0cia econ\u00f2mica es incompatible amb el liberalisme"},"content":{"rendered":"<p class=\"western\" style=\"margin-bottom: 0cm;\" align=\"CENTER\"><i>(Ponencia presentada a la jornada Democracia i economia organitzades per Espai Marx el 30 abril 2011)<\/i><\/p>\n<p class=\"western\" style=\"margin-bottom: 0cm;\"><b>Diferencies conceptuals entre democr\u00e0cia i liberalisme<\/b><\/p>\n<p class=\"western\" align=\"JUSTIFY\">El fet de que el capitalisme necessiti una democr\u00e0cia limitada per funcionar en els pa\u00efsos del Centre del Sistema Econ\u00f2mic Mundial, ha portat a una enganyosa assimilaci\u00f3 conceptual entre <b>liberalisme<\/b> i <b>democr\u00e0cia. <\/b>Per\u00f2 si parem atenci\u00f3 a definir-les amb precisi\u00f3, no es dif\u00edcil observar-ne rellevants diferencies conceptuals.<\/p>\n<p class=\"western\" style=\"margin-left: 1.27cm; margin-top: 0.18cm; margin-bottom: 0cm;\">\u00b7 <b>Liberalisme <\/b>es sin\u00f2nim del <i>deixeu fer, deixeu passar<\/i>. El liberalisme, que podem anomenar tamb\u00e9 individualisme, es una doctrina, que defensa la conducta lliure i aut\u00f2noma de cada persona, afirmant el dret a la llibertat individual com el dret m\u00e9s fonamental del home. En el marc de la societat contempor\u00e0nia aquesta <b>defensa de les iniciatives individuals,<\/b> busca limitar la intervenci\u00f3 de la societat organitzada (en el que coneixem com <b>Estat)<\/b> en la vida econ\u00f2mica, social i cultural.<\/p>\n<p class=\"western\" style=\"margin-left: 1.27cm; margin-top: 0.18cm; margin-bottom: 0cm;\">\u00b7 <b>Democr\u00e0cia <\/b>es un sistema de gesti\u00f3 col\u00b7lectiva en que preval la capacitat de la majoria per decidir sobre qualsevol assumpte sigui pol\u00edtic, social o econ\u00f2mic.<\/p>\n<p class=\"western\" align=\"JUSTIFY\"><b>Democr\u00e0cia<\/b> es una forma d\u2019organitzaci\u00f3 dels membres de la societat, en que la titularitat del poder resideix en la totalitat dels seus components. Aquest mecanisme de gesti\u00f3 assegura que la forma en que es prenen les decisions respon a la voluntat col\u00b7lectiva dels membres del grup. En sentit estricte la democr\u00e0cia es una forma de govern, d\u2019organitzaci\u00f3 ja sigui de l\u2019Estat, la societat o una instituci\u00f3, en les que les decisions col\u00b7lectives son adoptades pel conjunt dels seus membres per mecanismes de participaci\u00f3 directa o indirecte que li confereixen legitimitat als representants. La democr\u00e0cia es una forma de conviv\u00e8ncia social en la que els membres son lliures i iguals establint relacions socials basades en la disponibilitat de iguals drets entre ells. M\u00e9s de dos mil anys despr\u00e8s, la formula de Arist\u00f2til per definir la democr\u00e0cia segueix sent \u00fatil: <i>la democr\u00e0cia es el govern de la majoria<\/i>.<\/p>\n<p class=\"western\" align=\"JUSTIFY\">Un model pol\u00edtic democr\u00e0tic ha de facilitar als ciutadans la capacitat de associar-se i organitzar-se de tal manera que puguin exercir una influencia directa en les decisions p\u00fabliques.<\/p>\n<p class=\"western\" align=\"JUSTIFY\">La Democr\u00e0cia \u00e9s una <b>capacitat<\/b> de decidir, <b>no un procediment institucional formal<\/b>. La democr\u00e0cia no es un conjunt \u00fanic de institucions que sigui universalment aplicable. La forma espec\u00edfica de desenvolupament de la democr\u00e0cia en un pa\u00eds est\u00e0 determinada en gran mesura per les circumstancies pol\u00edtiques, socials, econ\u00f2miques i per factors hist\u00f2rics, tradicionals, culturals i fins i tot tecnol\u00f2gics.<\/p>\n<p class=\"western\" align=\"JUSTIFY\"><a name=\"sdfootnote1anc\"><\/a>Les formes d\u2019exercir la democr\u00e0cia poden ser diverses: des de a trav\u00e9s del vot amb boles (Atenes), amb delegats escollits (assemblea Constituent Francesa, Soviets), amb partits\u2026, pot ser el vot electr\u00f2nic, etc, El optar per un o altre <i>forma institucional<\/i> es una q\u00fcesti\u00f3 de efici\u00e8ncia i de disponibilitat tecnol\u00f2gica, en que el temps empleat per exerci el dret a participar tamb\u00e9 es un cost pels detentadors del dret<a href=\"#sdfootnote1sym\">1<\/a>. El criteri per adoptar un mecanisme particular tindria que ser la recerca de la major efici\u00e8ncia del sistema per incloure a la ciutadania en el proc\u00e9s de decisi\u00f3 dels aspectes m\u00e9s rellevants dels afers col\u00b7lectius sobre el que aquesta ciutadania te inter\u00e8s en participar.<\/p>\n<p class=\"western\" align=\"JUSTIFY\">Avui es hegem\u00f2nica la idea de que un estat democr\u00e0tic es aquell que compleix en el seu funcionament una s\u00e8rie de requisits del tipus com que:<\/p>\n<p class=\"western\" style=\"margin-left: 1.27cm; margin-top: 0.18cm; margin-bottom: 0cm;\">\u00b7 El control sobre les decisions pol\u00edtiques del govern sigui atorgat constitucionalment als representants escollits<\/p>\n<p class=\"western\" style=\"margin-left: 1.27cm; margin-top: 0.18cm; margin-bottom: 0cm;\">\u00b7 Els representants siguin escollits a trav\u00e9s d&#8217;eleccions peri\u00f2diques<\/p>\n<p class=\"western\" style=\"margin-left: 1.27cm; margin-top: 0.18cm; margin-bottom: 0cm;\">\u00b7 Els representants elegits exerceixen les seves atribucions constitucionals sense oposici\u00f3 dels funcionaris no elegits<\/p>\n<p class=\"western\" style=\"margin-left: 1.27cm; margin-top: 0.18cm; margin-bottom: 0cm;\">\u00b7 Totes les persones adultes tinguin dret a votar<\/p>\n<p class=\"western\" style=\"margin-left: 1.27cm; margin-top: 0.18cm; margin-bottom: 0cm;\">\u00b7 Totes les persones adultes tinguin dret a competir pels c\u00e0rrecs p\u00fablics.<\/p>\n<p class=\"western\" style=\"margin-left: 1.27cm; margin-top: 0.18cm; margin-bottom: 0cm;\">\u00b7 Els ciutadans tinguin dret a expressar-se lliurement sobre tots els assumptes pol\u00edtics, sense risc de ser castigats per l&#8217;Estat<\/p>\n<p class=\"western\" style=\"margin-left: 1.27cm; margin-top: 0.18cm; margin-bottom: 0cm;\">\u00b7El ciutadans tinguin dret a cercar fonts alternatives d&#8217;informaci\u00f3, com ara els mitjans noticiosos, i aquestes fonts estan protegides per la llei<\/p>\n<p class=\"western\" style=\"margin-left: 1.27cm; margin-top: 0.18cm; margin-bottom: 0cm;\">\u00b7 Els ciutadans tinguin dret a formar associacions i organitzacions independents, incloent partits pol\u00edtics i associacions<\/p>\n<p class=\"western\" align=\"JUSTIFY\">El compliment d\u2019aquests requisits no es una q\u00fcesti\u00f3 menor i no pot ser subvalorada de manera simple, <i>ara be en si mateix no expressa contingut democr\u00e0tic real en una societat, sin\u00f3 uns requisits formals<\/i>. Es possible i es freq\u00fcent, que fins i tot acomplint aquest requisits es subverteixi el contingut democr\u00e0tic real.<\/p>\n<p class=\"western\" align=\"JUSTIFY\">Tot seguit tractarem d\u2019explicar perqu\u00e8 aquesta subversi\u00f3 es inevitable en el cas de que es mantingui un marc de relacions econ\u00f2miques de tipus capitalistes. Avancem que l\u2019exist\u00e8ncia de procediments electorals es pot convertir en una pura mascarada per medi de la financiaci\u00f3 desigual i corrupci\u00f3 sobre el aparell pol\u00edtic. Tamb\u00e9 per efecte de que la llibertat formal de comunicaci\u00f3 pot amagar un acc\u00e9s absolutament desigual a la informaci\u00f3 i la difusi\u00f3 de les idees, les constitucions poden limitar drets inaliables de la ciutadania sigui des dels drets de les minories nacionals, als drets de pensament, a la igualtat de g\u00e8nere i especialment a la capacitat per controlar la vida econ\u00f2mica de una societat quan es consagra el dret privilegiat a la propietat de una minoria.<\/p>\n<p class=\"western\" align=\"JUSTIFY\"><b>Liberalisme<\/b> i <b>democr\u00e0cia<\/b> varen coincidir en un moment particular de la historia, perqu\u00e8 sota els Estats absolutistes, destruir les autocr\u00e0cies representava donar m\u00e9s llibertat i poder de decidir al poble. Per\u00f2 immediatament es bifurquen quan destru\u00efdes les monarquies autocr\u00e0tiques es possible que el Estat sigui governat per la majoria. A partir d\u2019aquest moment, reduir el paper de l\u2019Estat implica majors drets per als que abolits els drets de la noblesa, ara passen a tenir el poder econ\u00f2mic: la burgesia emancipada de les servituds feudals. A partir d\u2019aquest moment, augmentar el paper del govern col\u00b7lectiu implicava la possibilitat de limitar el poder econ\u00f2mic de la nova burgesia, que es naturalment una part minorit\u00e0ria de la societat per\u00f2 que detenta el poder econ\u00f2mic i en conseq\u00fc\u00e8ncia social, sense cap mena de inter\u00e8s en cedir aquest protagonisme.<\/p>\n<p class=\"western\" align=\"JUSTIFY\">Des de aquesta perspectiva el liberalisme limita i fins i tot nega la democr\u00e0cia. <i>Un model liberal nega a la majoria la potestat de intervenir econ\u00f2micament sobre els interessos econ\u00f2mics de les persones individuals<\/i>. Es a dir el liberalisme nega el dret a la majoria a intervenir sobre els drets econ\u00f2mics de les minories tot i que aquests puguin operar de forma contraria als interessos de amplies majories. En un sistema democr\u00e0tic aut\u00e8ntic (real com diuen ara el joves) no hi ha de existir cap l\u00edmit a que el exercici de la democr\u00e0cia no pugui estendre\u2019s a l\u2019\u00e0mbit econ\u00f2mic. La radicalitzaci\u00f3 de la democr\u00e0cia, el seu us als \u00e0mbits de inter\u00e8s social indubtable com son l\u2019\u00e0mbit de les decisions econ\u00f2miques pot portar i de fet porta, a una contradicci\u00f3 irresoluble entre democr\u00e0cia i liberalisme.<\/p>\n<p class=\"western\" align=\"JUSTIFY\">El sistema capitalista es liberal, per\u00f2 no \u00e9s democr\u00e0tic per que delimita la democr\u00e0cia als espais extraecon\u00f2mics, quan l\u2019economia es un espai fonamental de les relacions socials de les persones. Nega la possibilitat de que el conjunt de la societat decideixi per exemple sobre si son o no acceptables determinades formes de propietat, determinats nivells de riquesa, determinades relacions econ\u00f2miques. Nega la possibilitat de que les majories socials puguin imposar determinats criteris econ\u00f2mics a les minories privilegiades.<\/p>\n<p class=\"western\" align=\"JUSTIFY\">Aix\u00f2 no nega la aportaci\u00f3 \u00e8tica i moral que ha pogut aportar el liberalisme i que cal considerar com una conquesta hist\u00f2rica de la societat humana en tot el que fa refer\u00e8ncia a la preservaci\u00f3 dels drets dels individus a la seva llibertat front a les autocr\u00e0cies. Aquest dret ha de ser vigorosament def\u00e8s en tan que el seu exercici no perjudiqui a la resta de ciutadans. En aquesta tradici\u00f3 cal considerar el dret a expressar opinions, el dret a tenir lliurament una opci\u00f3 sexual sense ser destorbat, el dret a limitar el poder de la societat sobre les persones en q\u00fcestions tals com la tortura, la pena de mort, el tracte degradant, el dret a la creaci\u00f3 art\u00edstica i cultural. Ara b\u00e9 aquesta aportaci\u00f3 del liberalisme al desenvolupament de la societat, passa a tenir un car\u00e0cter destructiu quan es traspassa al \u00e0mbit de la economia i com veurem acaba per oposar-se a la democr\u00e0cia i al desenvolupament digne de la vida de la gran majoria de persones que composen la societat.<\/p>\n<p class=\"western\" style=\"margin-bottom: 0cm;\"><b>El capitalisme es menys democr\u00e0tic del que pret\u00e9n<\/b><\/p>\n<p class=\"western\" align=\"JUSTIFY\">L\u2019Estat juga un paper clau en la regulaci\u00f3 del capitalisme, pel grau de desenvolupament tecnol\u00f2gic que l\u2019ha infantat com un mode de producci\u00f3 de base industrial i comercial. El capitalisme necessita un Estat democr\u00e0tic entre capitalistes, que asseguri la lluir\u00e9 compet\u00e8ncia i per tan sigui neutral entre els capitalistes que competeixen. El estat es un gran aparell, que si un grup particular de capitalistes utilitzes en propi benefici acabaria per desnaturalitzar una de les bases del capitalisme: el exercici de la compet\u00e8ncia entre capitalistes.<\/p>\n<p class=\"western\" align=\"JUSTIFY\">Per aix\u00f2 es necessari que l\u2019Estat en el capitalisme estigui sotm\u00e8s a un control que asseguri la seva neutralitat entre interessos particulars dels capitalistes. La forma de assegurar aix\u00f2 va ser acabar amb els sistemes absolutistes que son sempre altament propensos a la corrupci\u00f3 i que acaben tendint a barrejar poder pol\u00edtic i econ\u00f2mic.<\/p>\n<p class=\"western\" align=\"JUSTIFY\">Ara b\u00e9 per assegurar aquesta funcionalitat en el marc del capitalisme, la democr\u00e0cia no necessariament es te d\u2019estendre ni a:<\/p>\n<p class=\"western\" style=\"margin-left: 1.27cm; text-indent: -0.64cm;\" align=\"JUSTIFY\">\u00b7 Altres classes (camperols, obrers, emigrants..) que no intervenen en la compet\u00e8ncia entre capitalistes en els pa\u00efsos del Centre desenvolupat<\/p>\n<p class=\"western\" style=\"margin-left: 1.27cm; text-indent: -0.64cm;\" align=\"JUSTIFY\">\u00b7 Als Estats de la Perif\u00e8ria que no tenen capacitat per regular els mercats ni subvencionar (directa o indirectament) als capitalistes.<\/p>\n<p class=\"western\" align=\"JUSTIFY\"><a name=\"sdfootnote2anc\"><\/a><a name=\"sdfootnote3anc\"><\/a> Els pares del dret constitucional actual com Alexis de Toqueville<a href=\"#sdfootnote2sym\">2<\/a> o James Madison<a href=\"#sdfootnote3sym\">3<\/a> varen dissenyar constitucions per protegir a la minoria opulenta. Per aquests autors son els homes m\u00e9s capa\u00e7os els que tenen de decidir els afers del govern de les societats i oposen a aquesta elit a la majoria de persones que no disposen de propietats. Es m\u00e9s, adverteixen en contra de la temptaci\u00f3 que aquestes persones poden tenir vers el igualitarisme. Per tan, tot assegurant que son dem\u00f2crates, exclouen a indis, negres, dones, joves, etc. La seva democr\u00e0cia era censat\u00e0ria, nom\u00e9s els veritables ciutadans tenien dret a vot i el pedigr\u00ed de veritable ciutad\u00e0 el donava el estar censat en el registre de la propietat. En els seus or\u00edgens els capitalistes no tenien cap mena de inter\u00e8s en universalitzar la democr\u00e0cia, sin\u00f3 m\u00e9s aviat en limitar-la a les elits propiet\u00e0ries.<\/p>\n<p class=\"western\" align=\"JUSTIFY\">El mite que assimila democr\u00e0cia a liberalisme i capitalisme, senzillament falsifica i oblida la historia real.<\/p>\n<p class=\"western\" align=\"JUSTIFY\">A Anglaterra el sufragi femen\u00ed no arriba fins 1918 un any despr\u00e9s de la Revoluci\u00f3 Russa, a Fran\u00e7a a 1945. De fet abans de la Segona Guerra Mundial nom\u00e9s existia a Europa un petit nombre de pa\u00efsos amb sistemes democr\u00e0tics de m\u00ednima qualitat (Anglaterra, Fran\u00e7a, B\u00e8lgica, Holanda, Su\u00efssa, Espanya -que acaba en un cop d\u2019Estat-) La gran majoria eren dictadures: Finl\u00e0ndia, Hongria, Alemanya, It\u00e0lia, Rep\u00fabliques B\u00e0ltiques, Pol\u00f2nia, Portugal&#8230; Fins i tot una part eren senzillament col\u00f2nies: Irlanda, Alb\u00e0nia, Xipre, Malta,..<\/p>\n<p class=\"western\" style=\"margin-bottom: 0cm;\"><b>La democr\u00e0cia popular es filla de la Revoluci\u00f3 Russa i la crisi del Colonialisme<\/b><\/p>\n<p class=\"western\" align=\"JUSTIFY\">No es fins mitjans del segle XX que el sistema democr\u00e0tic se universalitza i s\u2019est\u00e9n a Europa occidental, tot i deixant per molts anys fora pa\u00efsos com Espanya, Gr\u00e8cia o Portugal.<\/p>\n<p class=\"western\" align=\"JUSTIFY\">Hi ha dos factors explicatius, dos causalitats d\u2019aquest proc\u00e9s: la Revoluci\u00f3 Russa i la crisi del sistema colonial despr\u00e8s del frac\u00e0s del feixisme al final de la Segona Guerra Mundial.<\/p>\n<p class=\"western\" align=\"JUSTIFY\">La Revoluci\u00f3 Russa va suposar una profunda alteraci\u00f3 de la vida pol\u00edtica, especialment als pa\u00efsos desenvolupats. Fins llavors els sistemes politics ignoraven les classes treballadores pe que no era concebible que poguessin arribar a exercir un poder real. Per\u00f2 partir de 1917, la burgesia aterrada per fet emp\u00edric de una revoluci\u00f3 obrera viable, comen\u00e7ar\u00e0 a preocupar-se seriosament per dotar-se de una nova legitimitat. De una manera o altre es buscar\u00e0 incorporar al secors m\u00e9s amplis de ciutadans al sistema d\u2019elecci\u00f3 i legitimaci\u00f3 pol\u00edtica en els pa\u00efsos desenvolupats. Per obtenir aquesta legitimitat, es comen\u00e7a a millorar la qualitat democr\u00e0tica de les institucions de l\u2019Estat. Aquest proc\u00e9s es beneficia de al menys dos factors:<\/p>\n<p class=\"western\" style=\"margin-left: 1.27cm; margin-top: 0.49cm; margin-bottom: 0cm;\">1. La possibilitat de obtenir recursos importants del mon colonial i despr\u00e8s de la Perif\u00e8ria econ\u00f2mica del sistema capitalista.<\/p>\n<p class=\"western\" style=\"margin-left: 1.27cm; text-indent: 0.08cm; margin-top: 0.18cm; margin-bottom: 0.49cm;\" align=\"JUSTIFY\">2. La p\u00e8rdua als pa\u00efsos que assagen de construir el socialisme de la qualitat democr\u00e0tica de les seves institucions de govern.<\/p>\n<p class=\"western\" align=\"JUSTIFY\"><a name=\"sdfootnote4anc\"><\/a>La Revoluci\u00f3 Russa va suposar la primera irrupci\u00f3 de les classes populars en el poder real i la primera vegada que aconseguien passar de una revolta insurreccional a consolidar una nova forma de poder, que inicialment va ser \u00e0mpliament democr\u00e0tica, en formes de democr\u00e0cia directe i participativa. Per\u00f2 aquest proc\u00e9s es va veure condicionat per la Intervenci\u00f3 a 1918 de 12 potencies estrangeres (mesos abans en guerra entre si) i les restes de l\u2019ex\u00e8rcit Tsarista que varen desencadenar una guerra terrible sobre el nou estat. A partir de la guerra civil russa (1918-21) i del frac\u00e0s del intent de estendre el proc\u00e9s revolucionari a Alemanya, les classes capitalistes aconsegueixen crear una psicosi defensiva a la URSS que desembocar\u00e0 en l\u2019estalinisme a finals dels anys 20. Aquest proc\u00e9s tenia causes objectives i l\u00edmits materials que anaven molt m\u00e9s enll\u00e0 de la maldat personal de Stalin<a href=\"#sdfootnote4sym\">4<\/a>. Entre ells el fet objectiu que la URSS els treballadors industrials (i fins tot agraris) eren minoria abans dels anys 30 i que era un pa\u00eds molt endarrerit en relaci\u00f3 a les amenaces del que era objecte.<\/p>\n<p class=\"western\" align=\"JUSTIFY\">Per\u00f2 els capitalistes no nom\u00e9s es varen limitar a atacar a la URSS. Molt r\u00e0pidament es varen adonar que era ja impossible a partir d\u2019aquell moment mantenir al marge de la pol\u00edtica a les classes populars si volien mantenir el poder. Era necessari passar a sistemes politics m\u00e9s inclusius on el conjunt de les persones membres de un Estat (i no nom\u00e9s la burgesia) es sentissin part d\u2019aquest.<\/p>\n<p class=\"western\" align=\"JUSTIFY\">Aix\u00f2 no nom\u00e9s implicava canvis legals (ampliar el dret de vot formal a molta m\u00e9s persones), sin\u00f3 sobretot esmortir el grau d\u2019explotaci\u00f3 en els pa\u00efsos on la classe obrera era m\u00e9s forta i amena\u00e7ava realment en canviar el sistema. Per a que aix\u00f2 fos menys costos per als capitalistes es va rec\u00f3rrer a traslladar part de la taxa d\u2019explotaci\u00f3 vers les col\u00f2nies, tot reduint la taxa de plusv\u00e0lua a l\u2019interior del pa\u00eds i implicant a el que es denominar\u00e0 aristocr\u00e0cia obrera en el repartiment de l\u2019excedent. Tot i que la gran part de l\u2019excedent segueix dirigint-se vers les classes dominants, les classes subalternes i en especial la classe obrera organitzada aconseguiran importants millores en el seu nivell de vida. El sistema aconsegueix desviar de l\u2019opci\u00f3 revolucionaria a la reformista a una part important de la antiga socialdemocr\u00e0cia europea. De fet aquest era ja un proc\u00e9s iniciat abans de 1917, per\u00f2 que despr\u00e8s de la I Guerra Mundial i la Revoluci\u00f3 Russa s\u2019aguditzar\u00e0 molt m\u00e9s. De fet el sistema aconsegueix a\u00eflla als sectors obrers revolucionaris als pa\u00efsos europeus m\u00e9s industrialitzats.<\/p>\n<p class=\"western\" align=\"JUSTIFY\">Ara be, no tots els pa\u00efsos tenien el mateix marge de maniobra per realitzar aquest canvi. Pa\u00efsos com Anglaterra o Fran\u00e7a amb un important imperi colonial, disposaven de molt m\u00e9s marge de maniobra que els pa\u00efsos que havien arribat tard al repartiment del m\u00f3n. En aquests pa\u00efsos \u201cretardats\u201d aquesta inclusi\u00f3 en el sistema pren formes molt m\u00e9s agressives, especialment despr\u00e8s de la crisi de 1929, a trav\u00e9s de la creaci\u00f3 de moviments populars de car\u00e0cter reaccionari: el feixisme.<\/p>\n<p class=\"western\" align=\"JUSTIFY\">El feixisme es una resposta moderna al vell problema del domini del capital en pa\u00efsos on el marge de maniobra dels capitalistes era molt menor al no disposar de un imperi colonial a on derivar l\u2019explotaci\u00f3. En aquest pa\u00efsos (entre ells It\u00e0lia o Alemanya) el pacte entre les classes dominants i les classes populars (inclosos els treballadors industrials) te de ser molt m\u00e9s \u00e8xplicit: per a que el poble itali\u00e0 o alemany pugui gaudir de un bon nivell de vida cal implicar a tota la naci\u00f3 en una pol\u00edtica de conquesta. La lluita de classes es substitueix per un nou \u201csocialisme\u201d nacional que propugna la cooperaci\u00f3 entre totes les classes per explotar a les races inferiors del interior: jueus, gitanos, eslaus, ind\u00edgenes africans, etc. i desenvolupar una activa pol\u00edtica agressiva de conquesta vers l\u2019exterior.<\/p>\n<p class=\"western\" align=\"JUSTIFY\">Els comunistes i la seva internacional esdevenen tra\u00efdors al projecte nacionalista, les formes democr\u00e0tiques tendiran en aquest cas a degradar-se, per\u00f2 intentant mantenir un consens nacional a trav\u00e9s de la millora del benestar econ\u00f2mic, amb politiques p\u00fabliques actives que generen ocupaci\u00f3 i desenvolupament. Hitler era un perturbat, per\u00f2 aquesta q\u00fcesti\u00f3 la tenia molt clara, aix\u00ed en el desenvolupament de la II Guerra Mundial no va permetre que baixes el nivell de vida, ni els salaris als treballadors industrials alemanys. Aquests es van mantenir (fins i tot debilitant estrat\u00e8gicament la producci\u00f3 d\u2019armament) fins 1943 ja despr\u00e9s de la derrota de Stalingrad, quatre anys despr\u00e8s d\u2019haver comen\u00e7at la guerra, moment a partir del qual ja va ser impossible mantenir el valor efectiu d\u2019aquests salaris.<\/p>\n<p class=\"western\" align=\"JUSTIFY\">En s\u00edntesi, des de els anys 20 es va produint una mutaci\u00f3 per la que els pa\u00efsos desenvolupats occidentals es deriva vers un altre model de capitalisme en que per raons politiques es dona m\u00e9s protagonisme a les classes populars i l\u2019Estat assumeix un paper important en la regulaci\u00f3 de la Economia.<\/p>\n<p class=\"western\" align=\"JUSTIFY\">En contra de les teories neocl\u00e0ssiques que auguraven que la intervenci\u00f3 p\u00fablica era perjudicial per l\u2019economia, aix\u00f2 genera un cert impuls econ\u00f2mic per que el sistema utilitza el Estat per resoldre alguns dels seus problemes estructurals:<\/p>\n<p class=\"western\" style=\"margin-left: 1.27cm; text-indent: -0.64cm;\" align=\"JUSTIFY\">\u00b7 Absorbeix l\u2019excedent amb despesa militar i administrativa<\/p>\n<p class=\"western\" style=\"margin-left: 1.27cm; text-indent: -0.64cm;\" align=\"JUSTIFY\">\u00b7 Impulsa la Demanda: Obra P\u00fablica, Sanitat, Educaci\u00f3.<\/p>\n<p class=\"western\" style=\"margin-left: 1.27cm; text-indent: -0.64cm;\" align=\"JUSTIFY\">\u00b7 Amorteix les crisis<\/p>\n<p class=\"western\" style=\"margin-left: 1.27cm; text-indent: -0.64cm;\" align=\"JUSTIFY\">\u00b7 Assumeix monopolis naturals<\/p>\n<p class=\"western\" align=\"JUSTIFY\"><a name=\"sdfootnote5anc\"><\/a>Tot i que es copien t\u00e8cniques dels plans quinquennals sovi\u00e8tics i que al final el propi sistema es beneficia del creixement de la demanda interna, aquest canvi no respon a un desenvolupament de la ci\u00e8ncia econ\u00f2mica, de una millora dels seus estris t\u00e8cnics<a href=\"#sdfootnote5sym\">5<\/a>, sin\u00f3 ben al contrari es un canvi motivat per raons politiques. Es tracta de aturar una onada revolucionaria i assajar de legitimar el sistema social.<\/p>\n<p class=\"western\" align=\"JUSTIFY\">Podem llegir en el transcurs del segle XX com es va produir un proc\u00e9s de mutaci\u00f3 dels sistemes econ\u00f2mics i politics dels pa\u00efsos occidentals primer a trav\u00e9s de formules de integraci\u00f3 de la negociaci\u00f3 amb la socialdemocr\u00e0cia (Anglaterra, Fran\u00e7a) o per moviments reaccionaris de masses (feixisme) i despr\u00e9s un cop fracassats aquests, b\u00e0sicament pel desenvolupament de l\u2019Estat del Benestar que dona unes garanties de m\u00ednims socials al conjunt d\u2019aquest pa\u00efsos.<\/p>\n<p class=\"western\" align=\"JUSTIFY\">Per\u00f2 imatge del capitalisme democr\u00e0tic, en realitat era un aparador, que de fet va afectar nom\u00e9s a un 10% de la poblaci\u00f3 del sistema capitalista mundial. La \u201cdemocr\u00e0cia\u201d no es va plantejar com proposta pol\u00edtica \u201cuniversal\u201d fins que desapareix la URSS. Es nom\u00e9s llavors que per part de un president que havia finan\u00e7at cops d\u2019Estat, ocupat per la for\u00e7a pa\u00efsos sobirans com la illa de Granada o la subversi\u00f3 paramilitar a Nicaragua, es convertir\u00e0 en el pal\u00b7ladi de la democr\u00e0cia mundial. Reagan passar\u00e0 a predicar la democr\u00e0cia universal per que llavors ja no fa por la possibilitat del seu exercici real per les masses mundials de treballadors i camperols.<\/p>\n<p class=\"western\" align=\"JUSTIFY\">La imatge del \u201ccapitalisme de rostre hum\u00e0\u201d va ser m\u00e9s f\u00e0cilment cre\u00efble, perqu\u00e8 es basava en un cert augment del benestar en els pa\u00efsos occidentals, per\u00f2 tamb\u00e9 per que els pa\u00efsos que assajaven d\u2019emprendre la construcci\u00f3 socialista es varen acontentar en legitimar-se sobre els avan\u00e7os socials, deixant de banda la seva qualitat democr\u00e0tica i participativa, seguint un model pol\u00edtic de gesti\u00f3 simple basada en un sistema autoritari que es justificava en l\u2019assetjament extern i una distorsi\u00f3 de alguns conceptes de la tradici\u00f3 socialista (que cal dir donaven joc com el de <i>dictadura del proletariat<\/i>). Model que per als governants d\u2019aquells pa\u00efsos era molt c\u00f2mode, per\u00f2 finalment molt poc eficient per desenvolupar el projecte socialista, com ens ha mostrat l\u2019historia.<\/p>\n<p class=\"western\" align=\"JUSTIFY\">Ir\u00f2nicament el esfor\u00e7 pol\u00edtic i hum\u00e0 de les classes populars de la URSS per la construcci\u00f3 de una altre sistema econ\u00f2mic, especialment costos des de la revoluci\u00f3 de octubre fins ala fi de la segona guerra mundial, va acabar beneficant sobretot als treballadors i classes populars dels pa\u00efsos occidentals i no a ells mateixos.<\/p>\n<p class=\"western\" align=\"JUSTIFY\">Tot i el d\u00e8ficit democr\u00e0tic de la URSS, cal no oblidar que els suposats paladins de la democr\u00e0cia, els Estats Units han tingut 201 intervencions militars en 50 anys a pa\u00efsos tan diferents com Guatemala, Cuba, Som\u00e0lia, Gr\u00e8cia o Iraq. Que el seu sistema democr\u00e0tic es basava en una marginaci\u00f3 efectiva de una part substancial de la seva poblaci\u00f3 i uns mecanismes molt deficients que van des de la inexist\u00e8ncia de cens, al paper del lobbys o la pura manipulaci\u00f3 dels vots (recordis el frau a Florida que dona la presid\u00e8ncia a Bush i condicion\u00e0 la entrada en el segle XXI).<\/p>\n<p class=\"western\" align=\"JUSTIFY\">El sistema democr\u00e0tic a occident sempre va estar molt limitat. Un dels elements d\u2019aquesta defici\u00e8ncia la trobem amb l\u2019acc\u00e9s asim\u00e8tric als medis de comunicaci\u00f3, convertits en un negoci que obt\u00e9 el 70% dels seus ingressos de la publicitat. Per tan la comunicaci\u00f3 no es independent pel tipus de negoci, a banda que las enormes empreses de comunicaci\u00f3 son evidentment en elles mateixes part activa del sistema capitalista.<\/p>\n<p class=\"western\" align=\"JUSTIFY\">No hi ha democr\u00e0cia sense un acc\u00e9s equitatiu dels ciutadans a la comunicaci\u00f3, a altres medis de comunicaci\u00f3 que no serveixin al millor postor, sin\u00f3 amb regles que permetin el seu acc\u00e9s a tota la ciutadania a medis honestos, plurals, ver\u00eddics, etc.<\/p>\n<p class=\"western\" style=\"margin-bottom: 0cm;\"><b>L\u2019experi\u00e8ncia del segle XX: la qualitat democr\u00e0tica es reversible<\/b><\/p>\n<p class=\"western\" align=\"JUSTIFY\">El sistema pol\u00edtic i econ\u00f2mic que es desenvolupa als pa\u00efsos occidentals, presentava per\u00f2 alguns problemes per al mateix sistema. Es tractava de un mecanisme que tenia uns costos notables, perqu\u00e8 en darrer terme representava una reducci\u00f3 de la taxa de guany pels capitalistes. Per tan quan a 1991 varen desapar\u00e8ixer els factors geopol\u00edtics que varen for\u00e7ar a millora la qualitat democr\u00e0tic de occident, era evident que aquest sistema comen\u00e7ava a estar amena\u00e7at en la seva continu\u00eftat.<\/p>\n<p class=\"western\" align=\"JUSTIFY\">La democr\u00e0cia al donar veu a la ciutadania facilita que la despesa p\u00fablica tendeixi a augmentar, per\u00f2 les grans empreses per medi dels lobbys econ\u00f2mics i dels \u201cmercats\u201d pressionen per a que els impostos sobre beneficis baixin i augmentin les subvencions que reben. La participaci\u00f3 de l\u2019Estat en el PIB augmenta, fins i tot despr\u00e8s de desapar\u00e8ixer la URSS, per\u00f2 els neoliberals plantegen en realitat una altre distribuci\u00f3 d\u2019aquesta despesa. El programa neoliberal planteja que l\u2019Estat ha entrat en crisi i que cal reduir-lo. Aix\u00ed es proposa: baixar impostos sobre les rendes altes i els beneficis, privatitzar empreses publiques i reduir prestacions: jubilaci\u00f3, sanitat, educaci\u00f3.<\/p>\n<p class=\"western\" align=\"JUSTIFY\">En contra del que ara se\u2019ns intenta conv\u00e8ncer des de arreu dels medis de comunicaci\u00f3 del sistema econ\u00f2mic, la crisi de l\u2019estat del benestar es pol\u00edtica no econ\u00f2mica. L\u2019Estat pot mantenir les prestacions, per\u00f2 les redueix perqu\u00e8 ara la correlaci\u00f3 social de forces ha canviat amb el frac\u00e0s de la URSS.<\/p>\n<p class=\"western\" align=\"JUSTIFY\"><a name=\"sdfootnote6anc\"><\/a>La prova de que si hi han diners la podem veure amb la despesa militar (17.200 milions de \u20ac en Espa\u00f1a 2011<a href=\"#sdfootnote6sym\">6<\/a>) i les subvencions als Bancs 150.000 milions de \u20ac. La despesa militar es 26 vegades la del ministeri de sanitat.<\/p>\n<p class=\"western\" align=\"JUSTIFY\"><a name=\"sdfootnote7anc\"><\/a><b>Classificaci\u00f3 funcional de la despesa p\u00fablica a Espanya en percentatge del PIB<\/b><a href=\"#sdfootnote7sym\">7<\/a><\/p>\n<table border=\"1\" width=\"621\" cellspacing=\"0\" cellpadding=\"2\">\n<tbody>\n<tr valign=\"TOP\">\n<td width=\"44\">\n<p class=\"western\" style=\"border: none; padding: 0cm;\" align=\"JUSTIFY\">\n<\/td>\n<td colspan=\"2\" width=\"78\">\n<p class=\"western\" style=\"margin-left: 0.2cm; margin-right: 0.2cm; margin-top: 0.18cm; border: none; padding: 0cm;\" align=\"JUSTIFY\">Serveis p\u00fablics generals<\/p>\n<\/td>\n<td colspan=\"2\" width=\"71\">\n<p class=\"western\" style=\"margin-left: 0.2cm; margin-right: 0.2cm; margin-top: 0.18cm; border: none; padding: 0cm;\" align=\"JUSTIFY\">Defensa i ordre p\u00fablic i seguretat<\/p>\n<\/td>\n<td colspan=\"2\" width=\"84\">\n<p class=\"western\" style=\"margin-left: 0.2cm; margin-right: 0.2cm; margin-top: 0.18cm; border: none; padding: 0cm;\" align=\"JUSTIFY\">Assumptes econ\u00f2mics<\/p>\n<\/td>\n<td colspan=\"2\" width=\"43\">\n<p class=\"western\" style=\"margin-left: 0.2cm; margin-right: 0.2cm; margin-top: 0.18cm; border: none; padding: 0cm;\" align=\"JUSTIFY\">Salut<\/p>\n<\/td>\n<td colspan=\"2\" width=\"71\">\n<p class=\"western\" style=\"margin-left: 0.2cm; margin-right: 0.2cm; margin-top: 0.18cm; border: none; padding: 0cm;\" align=\"JUSTIFY\">Educaci\u00f3<\/p>\n<\/td>\n<td colspan=\"2\" width=\"72\">\n<p class=\"western\" style=\"margin-left: 0.2cm; margin-right: 0.2cm; margin-top: 0.18cm; border: none; padding: 0cm;\" align=\"JUSTIFY\">Protecci\u00f3 social<\/p>\n<\/td>\n<td colspan=\"2\" width=\"78\">\n<p class=\"western\" style=\"margin-left: 0.2cm; margin-right: 0.2cm; margin-top: 0.18cm; border: none; padding: 0cm;\" align=\"JUSTIFY\">Altres categories<\/p>\n<\/td>\n<td colspan=\"2\" width=\"42\">\n<p class=\"western\" style=\"margin-left: 0.2cm; margin-right: 0.2cm; margin-top: 0.18cm; border: none; padding: 0cm;\" align=\"JUSTIFY\">Total<\/p>\n<\/td>\n<\/tr>\n<tr valign=\"TOP\">\n<td width=\"44\">\n<p class=\"western\" style=\"border: none; padding: 0cm;\" align=\"JUSTIFY\">\n<\/td>\n<td width=\"43\">\n<p class=\"western\" style=\"border: none; padding: 0cm;\" align=\"JUSTIFY\">1998<\/p>\n<\/td>\n<td width=\"31\">\n<p class=\"western\" style=\"border: none; padding: 0cm;\" align=\"JUSTIFY\">2006<\/p>\n<\/td>\n<td width=\"34\">\n<p class=\"western\" style=\"border: none; padding: 0cm;\" align=\"JUSTIFY\">1998<\/p>\n<\/td>\n<td width=\"33\">\n<p class=\"western\" style=\"border: none; padding: 0cm;\" align=\"JUSTIFY\">2006<\/p>\n<\/td>\n<td width=\"40\">\n<p class=\"western\" style=\"border: none; padding: 0cm;\" align=\"JUSTIFY\">1998<\/p>\n<\/td>\n<td width=\"40\">\n<p class=\"western\" style=\"border: none; padding: 0cm;\" align=\"JUSTIFY\">2006<\/p>\n<\/td>\n<td width=\"19\">\n<p class=\"western\" style=\"border: none; padding: 0cm;\" align=\"JUSTIFY\">1998<\/p>\n<\/td>\n<td width=\"20\">\n<p class=\"western\" style=\"border: none; padding: 0cm;\" align=\"JUSTIFY\">2006<\/p>\n<\/td>\n<td width=\"34\">\n<p class=\"western\" style=\"border: none; padding: 0cm;\" align=\"JUSTIFY\">1998<\/p>\n<\/td>\n<td width=\"33\">\n<p class=\"western\" style=\"border: none; padding: 0cm;\" align=\"JUSTIFY\">2006<\/p>\n<\/td>\n<td width=\"34\">\n<p class=\"western\" style=\"border: none; padding: 0cm;\" align=\"JUSTIFY\">1998<\/p>\n<\/td>\n<td width=\"34\">\n<p class=\"western\" style=\"border: none; padding: 0cm;\" align=\"JUSTIFY\">2006<\/p>\n<\/td>\n<td width=\"37\">\n<p class=\"western\" style=\"border: none; padding: 0cm;\" align=\"JUSTIFY\">1998<\/p>\n<\/td>\n<td width=\"37\">\n<p class=\"western\" style=\"border: none; padding: 0cm;\" align=\"JUSTIFY\">2006<\/p>\n<\/td>\n<td width=\"19\">\n<p class=\"western\" style=\"border: none; padding: 0cm;\" align=\"JUSTIFY\">1998<\/p>\n<\/td>\n<td width=\"19\">\n<p class=\"western\" style=\"border: none; padding: 0cm;\" align=\"JUSTIFY\">2006<\/p>\n<\/td>\n<\/tr>\n<tr valign=\"TOP\">\n<td width=\"44\">\n<p class=\"western\" style=\"border: none; padding: 0cm;\" align=\"JUSTIFY\">Espanya<\/p>\n<\/td>\n<td width=\"43\">\n<p class=\"western\" style=\"border: none; padding: 0cm;\" align=\"JUSTIFY\">6,7<\/p>\n<\/td>\n<td width=\"31\">\n<p class=\"western\" style=\"border: none; padding: 0cm;\" align=\"JUSTIFY\">4,6<\/p>\n<\/td>\n<td width=\"34\">\n<p class=\"western\" style=\"border: none; padding: 0cm;\" align=\"JUSTIFY\">3,0<\/p>\n<\/td>\n<td width=\"33\">\n<p class=\"western\" style=\"border: none; padding: 0cm;\" align=\"JUSTIFY\">2,2<\/p>\n<\/td>\n<td width=\"40\">\n<p class=\"western\" style=\"border: none; padding: 0cm;\" align=\"JUSTIFY\">4,8<\/p>\n<\/td>\n<td width=\"40\">\n<p class=\"western\" style=\"border: none; padding: 0cm;\" align=\"JUSTIFY\">5,0<\/p>\n<\/td>\n<td width=\"19\">\n<p class=\"western\" style=\"border: none; padding: 0cm;\" align=\"JUSTIFY\">5,2<\/p>\n<\/td>\n<td width=\"20\">\n<p class=\"western\" style=\"border: none; padding: 0cm;\" align=\"JUSTIFY\">5,6<\/p>\n<\/td>\n<td width=\"34\">\n<p class=\"western\" style=\"border: none; padding: 0cm;\" align=\"JUSTIFY\">4,4<\/p>\n<\/td>\n<td width=\"33\">\n<p class=\"western\" style=\"border: none; padding: 0cm;\" align=\"JUSTIFY\">4,3<\/p>\n<\/td>\n<td width=\"34\">\n<p class=\"western\" style=\"border: none; padding: 0cm;\" align=\"JUSTIFY\">13,6<\/p>\n<\/td>\n<td width=\"34\">\n<p class=\"western\" style=\"border: none; padding: 0cm;\" align=\"JUSTIFY\">12,8<\/p>\n<\/td>\n<td width=\"37\">\n<p class=\"western\" style=\"border: none; padding: 0cm;\" align=\"JUSTIFY\">3,3<\/p>\n<\/td>\n<td width=\"37\">\n<p class=\"western\" style=\"border: none; padding: 0cm;\" align=\"JUSTIFY\">3,9<\/p>\n<\/td>\n<td width=\"19\">\n<p class=\"western\" style=\"border: none; padding: 0cm;\" align=\"JUSTIFY\">41,1<\/p>\n<\/td>\n<td width=\"19\">\n<p class=\"western\" style=\"border: none; padding: 0cm;\" align=\"JUSTIFY\">38,5<\/p>\n<\/td>\n<\/tr>\n<tr valign=\"TOP\">\n<td width=\"44\">\n<p class=\"western\" style=\"border: none; padding: 0cm;\" align=\"JUSTIFY\">Zona euro<\/p>\n<\/td>\n<td width=\"43\">\n<p class=\"western\" style=\"border: none; padding: 0cm;\" align=\"JUSTIFY\">8,3<\/p>\n<\/td>\n<td width=\"31\">\n<p class=\"western\" style=\"border: none; padding: 0cm;\" align=\"JUSTIFY\">6,6<\/p>\n<\/td>\n<td width=\"34\">\n<p class=\"western\" style=\"border: none; padding: 0cm;\" align=\"JUSTIFY\">2,9<\/p>\n<\/td>\n<td width=\"33\">\n<p class=\"western\" style=\"border: none; padding: 0cm;\" align=\"JUSTIFY\">2,6<\/p>\n<\/td>\n<td width=\"40\">\n<p class=\"western\" style=\"border: none; padding: 0cm;\" align=\"JUSTIFY\">4,1<\/p>\n<\/td>\n<td width=\"40\">\n<p class=\"western\" style=\"border: none; padding: 0cm;\" align=\"JUSTIFY\">4,2<\/p>\n<\/td>\n<td width=\"19\">\n<p class=\"western\" style=\"border: none; padding: 0cm;\" align=\"JUSTIFY\">5,9<\/p>\n<\/td>\n<td width=\"20\">\n<p class=\"western\" style=\"border: none; padding: 0cm;\" align=\"JUSTIFY\">6,6<\/p>\n<\/td>\n<td width=\"34\">\n<p class=\"western\" style=\"border: none; padding: 0cm;\" align=\"JUSTIFY\">5,1<\/p>\n<\/td>\n<td width=\"33\">\n<p class=\"western\" style=\"border: none; padding: 0cm;\" align=\"JUSTIFY\">4,8<\/p>\n<\/td>\n<td width=\"34\">\n<p class=\"western\" style=\"border: none; padding: 0cm;\" align=\"JUSTIFY\">19,5<\/p>\n<\/td>\n<td width=\"34\">\n<p class=\"western\" style=\"border: none; padding: 0cm;\" align=\"JUSTIFY\">19,1<\/p>\n<\/td>\n<td width=\"37\">\n<p class=\"western\" style=\"border: none; padding: 0cm;\" align=\"JUSTIFY\">2,8<\/p>\n<\/td>\n<td width=\"37\">\n<p class=\"western\" style=\"border: none; padding: 0cm;\" align=\"JUSTIFY\">2,7<\/p>\n<\/td>\n<td width=\"19\">\n<p class=\"western\" style=\"border: none; padding: 0cm;\" align=\"JUSTIFY\">48,6<\/p>\n<\/td>\n<td width=\"19\">\n<p class=\"western\" style=\"border: none; padding: 0cm;\" align=\"JUSTIFY\">46,7<\/p>\n<\/td>\n<\/tr>\n<\/tbody>\n<\/table>\n<p class=\"western\" align=\"JUSTIFY\">Hi ha mil formes m\u00e9s de demostrar-ho, entre elles per\u00f2 preval el propi sentit com\u00fa: com es possible que fa 40 anys Espanya, Alemanya o Txequia poguessin donar unes millors condicions de jubilaci\u00f3 o de contractes de treball, amb una productivitat molt inferior? Com es possible que una fam\u00edlia pogu\u00e9s fa 40 anys disposar de ho necessari per viure nomes amb el treball de l\u2019home i ara treballant tamb\u00e9 la dona no puguin cobrir les seves despeses vitals? Com es possible que un pa\u00eds pogu\u00e9s tenir una educaci\u00f3 digna amb medis t\u00e8cnics molt primitius i ara en que el acc\u00e9s a la informaci\u00f3 es molt m\u00e9s gran el nivell de formaci\u00f3 de la poblaci\u00f3 estigui baixant?<\/p>\n<p class=\"western\" align=\"JUSTIFY\">Tot i que la desaparici\u00f3 de la URSS i el fi de la gerra freda, va disminuir la necessitat de mantenir determinades concessions socials, i que aquest es el factor determinat per que ara altre vegada es consideri als treballadors i les classes populars fora de la historia, hi ha tamb\u00e9 altres factors que estan condicionant l\u2019acceleraci\u00f3 d\u2019aquesta contrareforma neoliberal.<\/p>\n<p class=\"western\" align=\"JUSTIFY\">La reducci\u00f3 tendencial de la taxa de guany en el capitalisme (brillantment enunciada per Marx), malgrat totes innovacions tecnol\u00f2giques del segle XX segueix produint-se i el sistema nom\u00e9s pot recuperar la taxa de benefici sobre els salaris directes i indirectes als pa\u00efsos desenvolupats, per\u00f2 es que a m\u00e9s mecanismes que han esmortit aquesta tend\u00e8ncia en el darrer segle, han anat deixant de ser operatius en el mateix grau.<\/p>\n<p class=\"western\" align=\"JUSTIFY\">En primer lloc hem de considerar que la <b>reducci\u00f3 de recursos naturals i la degradaci\u00f3 del medi ambient<\/b>, limiten la possibilitat de creixement del sistema i per tan de creixement quantitatiu de la producci\u00f3 i el benefici.<\/p>\n<p class=\"western\" align=\"JUSTIFY\">En segon lloc als pa\u00efsos de la Perif\u00e8ria del sistema <b>les possibilitats d\u2019accedir a noves reserves de treballadors comencen a mostrar les seves limitacions<\/b> (com es l\u00f2gic en un planeta finit) i una forta tend\u00e8ncia a la resist\u00e8ncia social sindical i al augment relatiu de salaris.<\/p>\n<p class=\"western\" align=\"JUSTIFY\">En tercer lloc la concentraci\u00f3 empresarial, porta a que cada vegada menys persones tinguin m\u00e9s poder econ\u00f2mic, per tan al ser menys aquests capitalistes els hi <b>resulta m\u00e9s f\u00e0cils trobar mecanismes de decisi\u00f3 dels poderosos al marge dels Estats<\/b>.<\/p>\n<p class=\"western\" align=\"JUSTIFY\">En realitat estem entrant en una fase senil del capitalisme, quasi un post capitalisme, que porta a accelerar un programa econ\u00f2mic, social i pol\u00edtic involucionista aplicat cada vegada amb m\u00e9s sup\u00e8rbia, acceleraci\u00f3 i improvisaci\u00f3.<\/p>\n<p class=\"western\" align=\"JUSTIFY\">Per\u00f2 per a que aquesta contraofensiva conservadora neoliberal sigui possible desenvolupar-la en la entrada del segle XXI ha estat necessari que es revert\u00eds la qualitat democr\u00e0tica adquirida per les classes populars als pa\u00efsos occidentals. No es molt dif\u00edcil d\u2019entendre que la gent no acceptaria amb facilitat certificar el seu prop\u00ed empobriment i que si pot opinar s\u2019hi oposaria.<\/p>\n<p class=\"western\" align=\"JUSTIFY\">Els poderosos inicialment varen entendre que no era possible una reversi\u00f3 immediata i sobtada dels instruments de participaci\u00f3 de les institucions democr\u00e0tiques occidentals i per tant varen iniciar a la fi del segle XX un proc\u00e9s gradual que fos el menys perceptible possible per la ciutadania.<\/p>\n<p class=\"western\" align=\"JUSTIFY\">En aquest transit son diverses les estrat\u00e8gies emprades, per\u00f2 mencionant-ne algunes:<\/p>\n<p class=\"western\" style=\"margin-left: 1.27cm; text-indent: -0.64cm;\" align=\"JUSTIFY\">1. No es baixen salaris nominals, sin\u00f3 que amb el canvi de moneda i inflaci\u00f3 es redueix el salari real.<\/p>\n<p class=\"western\" style=\"margin-left: 1.27cm; text-indent: -0.64cm;\" align=\"JUSTIFY\">2. No s\u2019han tocat en general les relacions laborals dels treballadors m\u00e9s antics, sin\u00f3 que s\u2019han separat les condicions de treball entre els vells i els joves, entre els nacionals i els emigrats, entre els homes i les dones, precaritzant els nous contractes i relacions laborals.<\/p>\n<p class=\"western\" style=\"margin-left: 1.27cm; text-indent: -0.64cm;\" align=\"JUSTIFY\">3. No s\u2019han tocat els drets ja exercits, sin\u00f3 que se\u2019ls hi nega als que encara no als arribat a exercir-los: no es treu la jubilaci\u00f3, es retarda pels futurs jubilats.<\/p>\n<p class=\"western\" style=\"margin-left: 1.27cm; text-indent: -0.64cm;\" align=\"JUSTIFY\">4. Els drets democr\u00e0tics no es neguen directament, sin\u00f3 que es traspassen a altres nivells institucionals menys accessibles (model de construcci\u00f3 europea).<\/p>\n<p class=\"western\" align=\"JUSTIFY\">La contrareforma antidemocr\u00e0tica es un programa que es posa en marxa ja fa molt temps, en el cas de Europa amb el model de construcci\u00f3 de UE amb el Pacte de Maastricht i a nivell mundial amb l\u2019Acord Multilateral de Inversions (AMI).<\/p>\n<p class=\"western\" align=\"JUSTIFY\">Per\u00f2 la crisi econ\u00f2mica que es desferma a finals del 2007 accelera tot el proc\u00e9s i porta a que aquesta subversi\u00f3 gradual doni pas a una radicalitzaci\u00f3 de la contrareforma, que comen\u00e7a a quedar en evidencia davant de cada vegada m\u00e9s ciutadans.<\/p>\n<p class=\"western\" align=\"JUSTIFY\">La versi\u00f3 m\u00e9s brutal i actual d\u2019aquesta evoluci\u00f3 es el Pacte del Euro amb el que es pret\u00e9n limitar la despesa p\u00fablica als pa\u00efsos de la UE. La lluita contra el deute dels l\u00edders europeus \u00e9s nom\u00e9s aparent. La veritable causa de l&#8217;increment brutal del deute a Europa ha estat la <b>p\u00e8rdua de pes de les rendes salarials<\/b> dels darrers anys i de la <b>recaptaci\u00f3 impositiva<\/b> a causa de les pol\u00edtiques que v\u00e9nen defensant. La reducci\u00f3 del deute \u00e9s en realitat, una lluita contra aquella part del deute p\u00fablic causada per la despesa de l&#8217;Estat destinat a subministrar b\u00e9ns i serveis p\u00fablics a la poblaci\u00f3 d&#8217;ingressos m\u00e9s baixos, ni tan sols contra la despesa p\u00fablica dedicat a subvencionar al capital, la banca o la ind\u00fastria militar. I, per descomptat, no \u00e9s una lluita contra el deute basada en la via molt m\u00e9s raonable de la generaci\u00f3 de m\u00e9s ingressos mitjan\u00e7ant pol\u00edtiques fiscals m\u00e9s justes i eficaces. Tot el contrari.<\/p>\n<p class=\"western\" align=\"JUSTIFY\">El Pacte mostra de l&#8217;engany de les autoritats europees als seus pobles i de la seva submissi\u00f3, b\u00e9 sigui per complicitat o per impot\u00e8ncia, davant els grans poders financers i corporatius que s&#8217;han apoderat d&#8217;Europa i que s\u00f3n realment els que dicten les pol\u00edtiques que despr\u00e9s fan seves els l\u00edders. El Pacte \u00e9s una imposici\u00f3 als pobles, un \u00abdiktat\u00bb, una prova irrefutable que a la ciutadania europea se li ha furtat la possibilitat de pronunciar-se sobre els seus destins, sobre les q\u00fcestions que, com les econ\u00f2miques, m\u00e9s afecten la seva vida ia seu benestar.<\/p>\n<p class=\"western\" align=\"JUSTIFY\">\u00c9s un atemptat a la democr\u00e0cia perqu\u00e8 s\u2019imposen als pobles pol\u00edtiques sense que aquests tinguin la possibilitat de manifestar si \u00e9s aix\u00f2 el que desitgen I els poders financers ho han fet per la porta del darrere, impedint que els pobles es pronuncien i sostrant-li la possibilitat via reformes constitucionals de que puguin decidir sobre aix\u00f2 en el futur.. El Pacte de l&#8217;euro \u00e9s, en realitat, un pacte contra Europa perqu\u00e8 es subscriu al marge i en contra dels seus ciutadans.<\/p>\n<p class=\"western\" align=\"JUSTIFY\">La UE en lloc de garantir els drets socials comuns dels europeus: salari m\u00ednim, jornada laboral m\u00e0xima, edat de jubilaci\u00f3, pressi\u00f3 fiscal com\u00fa, etc. El que fa es posar un l\u00edmit a les possibilitats de les politiques socials. En lloc de ser un m\u00ednim com\u00fa de drets socials, s\u2019estableix un m\u00e0xim d\u2019aquests, es a dir es vol blindar els drets del gran capital sostraient capacita democr\u00e0tica a la sobirania popular.<\/p>\n<p class=\"western\" align=\"JUSTIFY\"><b>Per una opci\u00f3 democr\u00e0tica radical, per una opci\u00f3 socialista<\/b><\/p>\n<p class=\"western\" align=\"JUSTIFY\"><i>Nom\u00e9s el socialisme pot garantir la democr\u00e0cia<\/i>, per que el capitalisme i el liberalisme resulten en el fons profundament antidemocr\u00e0tics. Poden respectar els drets democr\u00e0tics en tant aquests no entrin en el \u00e0mbit econ\u00f2mic. Per\u00f2 a banda que l\u2019\u00e0mbit econ\u00f2mic es part essencial de la vida social, la preservaci\u00f3 dels drets de la propietat privada dels medis de producci\u00f3, al estar enormement polaritzada requereix blindar aquesta \u201cexcepcionalitat\u201d amb una ideologia que tendeix al dogma i la imposici\u00f3 en plans no estrictament econ\u00f2mics com la comunicaci\u00f3, la cultura, els valors morals, etc.<\/p>\n<p class=\"western\" align=\"JUSTIFY\">El sistema capitalista en la seva fase senil o qualsevol mode de producci\u00f3 que pretengui legitimar l\u2019exist\u00e8ncia de una distribuci\u00f3 tan desigual de la renda i la propietat son profundament antidemocr\u00e0tics, autoritaris i dogm\u00e0tics ideol\u00f2gicament.<\/p>\n<p class=\"western\" align=\"JUSTIFY\">D\u2019altra banda el socialisme vista l\u2019experi\u00e8ncia del segle XX, necessita la democr\u00e0cia per pogu\u00e9 desenvolupar-se de forma consistent i consolidar-se.<\/p>\n<p class=\"western\" align=\"JUSTIFY\">Si entenem la lluita pel socialisme com un proc\u00e9s, aquest es un proc\u00e9s de aprofundiment i extensi\u00f3 de la democr\u00e0cia al \u00e0mbit econ\u00f2mic i empoderament de la majoria de la ciutadania de l\u2019espai social i natural.<\/p>\n<p class=\"western\" align=\"JUSTIFY\"><b>L\u2019experi\u00e8ncia del frac\u00e0s<\/b> de processos socialistes sense participaci\u00f3 democr\u00e0tica i el fet de que els <b>treballadors constitueixin avui l\u2019immensa majoria social<\/b> han de fer-nos persistir en aquesta via.<\/p>\n<p class=\"western\" align=\"JUSTIFY\">Cal finalment entendre que <i>democr\u00e0cia no es una forma sin\u00f3 un contingut<\/i>. El socialisme no en te prou per a ser democr\u00e0tic en que hagin diversos partits i eleccions peri\u00f2diques, sin\u00f3 que suposa un nou nivell qualitatiu de participaci\u00f3 social. Suposa no menys sin\u00f3 molta m\u00e9s democr\u00e0cia, molt m\u00e9s <i>contingut<\/i> democr\u00e0tic, que sota el capitalisme.<\/p>\n<p class=\"western\" align=\"JUSTIFY\">Tamb\u00e9 la democr\u00e0cia es un proc\u00e9s i implica un aprenentatge en la participaci\u00f3 i la gesti\u00f3 col\u00b7lectiva que no s\u2019improvisa, sin\u00f3 que es construeix des d\u2019avui en lluita contra el liberalisme imperant.<\/p>\n<p class=\"western\" align=\"JUSTIFY\">Es una democr\u00e0cia que s\u2019apr\u00e8n en la lluita per la gesti\u00f3 democr\u00e0tica de l\u2019empresa, el cooperativisme i l\u2019autogesti\u00f3, el associacionisme, el poder local o les organitzacions socials i sindicals.<\/p>\n<p class=\"western\" style=\"margin-bottom: 0cm;\"><a name=\"_PictureBullets\"><\/a> <b>Notes:<\/b><\/p>\n<p class=\"sdfootnote-western\" style=\"margin-bottom: 0.5cm;\" align=\"JUSTIFY\"><a name=\"sdfootnote1sym\"><\/a> <a href=\"#sdfootnote1anc\">1<\/a> Es a dir per a la ciutadania. El exercici de la gesti\u00f3 suposa una p\u00e8rdua de temps, que es un cost per a la qualitat de vida de les persones. Les formes de participaci\u00f3 han de mantenir una proporci\u00f3 entre el temps esmer\u00e7at en entendre de la q\u00fcesti\u00f3 p\u00fablica (informaci\u00f3, reunions, votaci\u00f3, etc.) i l\u2019avantatge de participar en aquest proc\u00e9s. Reunir i debatre de tots els assumptes de manera permanent i abusiva, tamb\u00e9 degrada la democr\u00e0cia per que provoca absentisme i delegaci\u00f3: Una de les dificultats de com concretar la forma en que exercim la democr\u00e0cia esta en resoldre aquesta contradicci\u00f3, de manera que es deleguin les tasques poc rellevants i es mantinguin les grans decisions en el \u00e0mbit de decisi\u00f3 col\u00b7lectiva. Per aix\u00f2 no hi ha una formula m\u00e0gica, sin\u00f3 la creaci\u00f3 de mecanismes correctors, que tamb\u00e9 depenen del desenvolupament tecnol\u00f2gic. Avui la inform\u00e0tica permet des de un acc\u00e9s molt m\u00e9s transparent a la informaci\u00f3, fins a un proc\u00e9s de decisi\u00f3 m\u00e9s c\u00f2moda, per\u00f2 tamb\u00e9 posa nous problemes tals com la saturaci\u00f3 de la informaci\u00f3 o la virtualitat de les persones, que poden ser condicionades en els seus domicilis a traves de \u201ctrampes\u201d digitals, tal com s\u2019evidencia en els esc\u00e0ndols a l\u2019entorn de les manipulacions de \u201cgoogle\u201d, l\u2019espionatge electr\u00f2nic o les manipulacions de noticies.<\/p>\n<p class=\"sdfootnote-western\" style=\"margin-bottom: 0.5cm;\" align=\"JUSTIFY\"><a name=\"sdfootnote2sym\"><\/a> <a href=\"#sdfootnote2anc\">2<\/a> Te\u00f2ric de la divisi\u00f3 entre tres poders i de l\u2019Estat democr\u00e0tic modern a <i>La democr\u00e0cia en America<\/i>1835, planteja que en les societats democr\u00e0tiques la llibertat \u00e9s un b\u00e9 superior que ha de sobreposar-se a la igualtat, i que la democr\u00e0cia pot esdevenir un risc que porti les societats a una excessiva igualtat<\/p>\n<p class=\"sdfootnote-western\" style=\"margin-bottom: 0.5cm;\" align=\"JUSTIFY\"><a name=\"sdfootnote3sym\"><\/a> <a href=\"#sdfootnote3anc\">3<\/a> Principal redactor de la Constituci\u00f3 Nord-americana<\/p>\n<p class=\"sdfootnote-western\" style=\"margin-bottom: 0.5cm;\" align=\"JUSTIFY\"><a name=\"sdfootnote4sym\"><\/a> <a href=\"#sdfootnote4anc\">4<\/a> Vegi`s el interessant i pol\u00e8mic llibre de Domenico Losurdo, <i>Stalin historia y critica de una leyenda negra<\/i>, Ed. Viejo Topo, 2011.<\/p>\n<p class=\"sdfootnote-western\" style=\"margin-bottom: 0.5cm;\" align=\"JUSTIFY\"><a name=\"sdfootnote5sym\"><\/a> <a href=\"#sdfootnote5anc\">5<\/a> Tot i que Keynes racionalitza aquest nou pensament econ\u00f2mic a 1936 amb la publicaci\u00f3 de la <i>Teoria General de l\u2019ocupaci\u00f3, el inter\u00e8s i el diner<\/i>, la seva obra es posterior a la posada en marxa de les politiques antic\u00edcliques i de reactivaci\u00f3 econ\u00f2mica a It\u00e0lia, els EEUU o Alemanya.<\/p>\n<p class=\"western\" style=\"margin-bottom: 0cm;\"><a name=\"sdfootnote6sym\"><\/a> <a href=\"#sdfootnote6anc\">6<\/a> Centre Delas, La verdad del gasto militar del a\u00f1o 2011<\/p>\n<p class=\"sdfootnote-western\" style=\"margin-bottom: 0.5cm;\" align=\"JUSTIFY\"><a name=\"sdfootnote7sym\"><\/a> <a href=\"#sdfootnote7anc\">7<\/a> BCE, Bolet\u00edn Mensual, Abril 2009. Composici\u00f3n funcional del gasto p\u00fablico en la Uni\u00f3n Europea<\/p>\n","protected":false},"excerpt":{"rendered":"<p>(Ponencia presentada a la jornada Democracia i economia organitzades per Espai Marx el 30 abril 2011) Diferencies conceptuals entre democr\u00e0cia<\/p>\n","protected":false},"author":9,"featured_media":0,"comment_status":"open","ping_status":"open","sticky":false,"template":"","format":"standard","meta":{"footnotes":""},"categories":[1201,14,13],"tags":[],"class_list":["post-1622","post","type-post","status-publish","format-standard","hentry","category-democracia-y-economia-2011","category-democracia-republica","category-la-izquierda-a-debate"],"aioseo_notices":[],"_links":{"self":[{"href":"https:\/\/espai-marx.net\/index.php?rest_route=\/wp\/v2\/posts\/1622","targetHints":{"allow":["GET"]}}],"collection":[{"href":"https:\/\/espai-marx.net\/index.php?rest_route=\/wp\/v2\/posts"}],"about":[{"href":"https:\/\/espai-marx.net\/index.php?rest_route=\/wp\/v2\/types\/post"}],"author":[{"embeddable":true,"href":"https:\/\/espai-marx.net\/index.php?rest_route=\/wp\/v2\/users\/9"}],"replies":[{"embeddable":true,"href":"https:\/\/espai-marx.net\/index.php?rest_route=%2Fwp%2Fv2%2Fcomments&post=1622"}],"version-history":[{"count":0,"href":"https:\/\/espai-marx.net\/index.php?rest_route=\/wp\/v2\/posts\/1622\/revisions"}],"wp:attachment":[{"href":"https:\/\/espai-marx.net\/index.php?rest_route=%2Fwp%2Fv2%2Fmedia&parent=1622"}],"wp:term":[{"taxonomy":"category","embeddable":true,"href":"https:\/\/espai-marx.net\/index.php?rest_route=%2Fwp%2Fv2%2Fcategories&post=1622"},{"taxonomy":"post_tag","embeddable":true,"href":"https:\/\/espai-marx.net\/index.php?rest_route=%2Fwp%2Fv2%2Ftags&post=1622"}],"curies":[{"name":"wp","href":"https:\/\/api.w.org\/{rel}","templated":true}]}}