{"id":1623,"date":"2011-07-23T00:00:00","date_gmt":"2011-07-23T00:00:00","guid":{"rendered":"https:\/\/espai-marx.net\/?p=1623"},"modified":"2020-02-21T12:28:49","modified_gmt":"2020-02-21T11:28:49","slug":"breve-cronica-de-una-infamia-previsible","status":"publish","type":"post","link":"https:\/\/espai-marx.net\/?p=1623","title":{"rendered":"Breve cr\u00f3nica de una infamia previsible"},"content":{"rendered":"<p><em>Palabras de Jos\u00e9 Bono en el Congreso de los Diputados<\/em><\/p>\n<p>&nbsp;<\/p>\n<p><strong>1. Obertura antifascista. <\/strong><\/p>\n<p>Con el siguiente poema abr\u00eda el qu\u00edmico y resistente antifascista Primo Levi Si esto es un hombre.<\/p>\n<p>Los que viv\u00eds seguros En vuestras casas caldeadas Los que os encontr\u00e1is, al volver por la tarde, La comida caliente y los rostros amigos: Considerad si es un hombre Quien trabaja en el fango Quien no conoce la paz Quien lucha por la mitad de un panecillo Quien muere por un s\u00ed o por un no Considerad si es una mujer Quien no tiene cabellos ni nombre Ni fuerzas para recordarlo Vac\u00eda la mirada y fr\u00edo el regazo Como una rana invernal Pensad que esto ha sucedido Os encomiendo estas palabras Grabadlas en vuestros corazones Al estar en casa, al ir por la calle, Al acostaros, al levantaros; Repet\u00eddselas a vuestros hijos O que vuestra casa se derrumbe La enfermedad os imposibilite, Vuestros descendientes os vuelvan el rostro. \u00a1Quienes han muerto por un s\u00ed o por un no! \u00a1No olvidemos que todo esto ha sucedido! \u00a1Repetid estas palabras a vuestros descendientes!<\/p>\n<p><strong>2. La ignominia (un solo acto).<\/strong><\/p>\n<p>Martes, 19 de julio de 2011, minutos despu\u00e9s de las 19:30. Declaraci\u00f3n institucional del Congreso de Diputados. Toma la palabra la tercera autoridad del Reino borb\u00f3nico de Espa\u00f1a, el presidente del Congreso de Diputados, el \u201csocialista\u201d Jos\u00e9 Bono. Sus palabras:<\/p>\n<p>\u201cLa Junta de Portavoces [por iniciativa de IU e ICV] acord\u00f3 que el presidente del Congreso hiciera p\u00fablica una declaraci\u00f3n en el Pleno de la C\u00e1mara, con motivo de que ayer se cumplieron 75 a\u00f1os del inicio de la Guerra Civil.<\/p>\n<p>Ayer tambi\u00e9n se cumplieron 73 a\u00f1os [en 1938] de que el Presidente de la Rep\u00fablica don Manuel Aza\u00f1a, pronunciara un discurso en el Ayuntamiento de Barcelona, cuyas \u00faltimas palabras, de ese discurso, en plena guerra civil, fueron estas: &#8216;&#8230;cuando la antorcha pase a otras manos, a otros hombres, a otras generaciones &#8230; si alguna vez sienten que les hierve la sangre iracunda y otra vez el genio espa\u00f1ol vuelve a enfurecerse con la intolerancia y con el odio y con el apetito de destrucci\u00f3n, que piensen en los muertos y que escuchen su lecci\u00f3n: la de esos hombres, que han ca\u00eddo embravecidos en la batalla luchando magn\u00e1nimamente por un ideal grandioso y que ahora, abrigados en la tierra materna, ya no tienen odio, ya no tienen rencor, y nos env\u00edan &#8230; el mensaje de la patria eterna que dice a todos sus hijos: Paz, piedad, y perd\u00f3n&#8217;.<\/p>\n<p>Sirvan, se\u00f1or\u00edas, estas palabras del presidente Aza\u00f1a para rendir homenaje a quienes murieron en defensa de sus ideales y ojal\u00e1 sirvan tambi\u00e9n para desterrar el odio y la intolerancia de nuestras vidas\u201d.<\/p>\n<p>D\u00e9jenme que no comente el grado de abyecci\u00f3n que representa que Jos\u00e9 Bono, precisamente \u00e9l, tome pie en las palabras del presidente Manuel Aza\u00f1a sin tener en cuenta lugar, tiempo y contexto; d\u00e9jenme que no comente con detalle las propias palabras del presidente republicano en las que se hace un llamamiento a que pensemos \u201cen los muertos y que escuchen su lecci\u00f3n: la de esos hombres, que han ca\u00eddo embravecidos en la batalla luchando magn\u00e1nimamente por un ideal grandioso\u201d, ideal, innecesario es apuntarlo, que por ser grandioso no era, desde luego, el del fascismo espa\u00f1ol y sus aliados europeos (lo peor, juntado, de todas las casas y pa\u00edses).<\/p>\n<p>El punto es otro, la herida que no se cierra ni puede cerrarse (porque para algunos, in crescendo, el \u201cd\u00eda de la Victoria\u201d sigue siendo el d\u00eda de su victoria) es otra. La infamia, el insulto, la ignominia, la abyecci\u00f3n, el golpe (verbal) antidemocr\u00e1tico es que el Congreso de diputados, la c\u00e1mara de representaci\u00f3n pol\u00edtica de la ciudadan\u00eda, por boca de su m\u00e1ximo representante, no condene el criminal e ileg\u00edtimo golpe de estado de 1936; que, minutos antes, PP y PSOE (con la inestimable ayuda de CiU: Dios, el dinero, el mercado, los privilegios y la historia los cr\u00edan y ellos se juntan al instante y casi siempre) se opongan a declarar imprescriptibles (y delitos de lesa humanidad) los cr\u00edmenes del franquismo; que se rinda homenaje institucional a \u201cquienes murieron en defensa de sus ideales\u201d, sin m\u00e1s matices, equiparando lo que no pueda ser igualado; que no se haga referencia al dise\u00f1o criminal del fascismo espa\u00f1ol y europeo; que no se hable de la legitimidad, truncada militarmente, de la II Rep\u00fablica espa\u00f1ola; que no se haga la m\u00e1s m\u00ednima referencia a la represi\u00f3n (y asesinatos) del franquismo-falangismo y del postfranquismo. Nada, nada de nada. Y, que adem\u00e1s, por si faltara algo, para dar cuenta de esa infamia, se citen las palabras de un presidente republicano dichas en una ciudad que hab\u00eda sido bombardeada por la aviaci\u00f3n italiana y atacada desde el puerto por la marina fascista de Mussolini.<\/p>\n<p>Que algunos diputados del PSOE, en los pasillos, y con voz baja para que no se les oyera, \u201cno ocultaran su malestar\u201d [1] es otro insulto m\u00e1s, otra de las bajezas y servidumbres poli\u00e9ticas a la que ya nos tienen acostumbrados. \u00a1Hasta la barbilla! \u00a1No podemos m\u00e1s!<\/p>\n<p>\u00bfImporta realmente que el Congreso de los Diputados condene el golpe? Pues no, ya no importa, no ha importado nunca. Perm\u00edtanme el exabrupto: que les den, que se vayan (casi) todos, no nos representan. \u00bfC\u00f3mo podemos identificarnos con una instituci\u00f3n as\u00ed? Son, act\u00faan como un grupo servil al servicio (interesado) de los privilegiados e historias de siempre. No es la miseria del historicismo, no, es la miseria de esta inadmisible y persistente revisi\u00f3n (neofranquista, de derecha extrema) de nuestra historia reciente. \u00bfSe\u00f1ala bien, valora con ecuanimidad, el gran historiador \u00c1ngel Vi\u00f1as cuando en su \u00faltimo libro sobre Franco y la conspiraci\u00f3n del 18 de julio [2] enlaza las conquistas democr\u00e1ticas y sociales y las finalidades de la II Rep\u00fablica espa\u00f1ola con lo alcanzado y perseguido tras la muerte del dictador golpista? No lo parece, no es inmediata la respuesta. Es muy dif\u00edcil responder afirmativamente.<\/p>\n<p>D\u00e9jenme que recuerde a un familiar fusilado, a un abuelo materno, asesinado el 10 de mayo de 1939 en el Camp de la Bota de Barcelona (donde el F\u00f3rum), pocos minutos despu\u00e9s de que uno de sus hijos de 17 a\u00f1os, Jos\u00e9 Arnal Mur, fuera golpeado con la culata de un fusil guardiacivilesco por oponerse con rabia al asesinato, y que, esta vez, no desee nada bueno: que la miseria cubra a los que no son capaces de indignarse, que la indignidad y la falta de solidez les singularice, y que los vientos que agitan incansables, levantando razonables y enfurecidas tempestades de rabia (y de impotencia a un tiempo), giren su trayectoria y los trasladen al pa\u00eds de los pusil\u00e1nimes y los entregados. Al coraz\u00f3n de sus tinieblas. Que as\u00ed sea.<\/p>\n<p><strong>Notas:<\/strong><\/p>\n<p>[1] P\u00fablico, 20 de julio, pp. 2-5.<\/p>\n<p>[2] Cr\u00edtica, Barcelona, 2011 (\u00faltimo cap\u00edtulo).<\/p>\n","protected":false},"excerpt":{"rendered":"<p>Palabras de Jos\u00e9 Bono en el Congreso de los Diputados &nbsp; 1. Obertura antifascista. Con el siguiente poema abr\u00eda el<\/p>\n","protected":false},"author":9,"featured_media":1624,"comment_status":"open","ping_status":"open","sticky":false,"template":"","format":"standard","meta":{"footnotes":""},"categories":[14,20],"tags":[],"class_list":["post-1623","post","type-post","status-publish","format-standard","has-post-thumbnail","hentry","category-democracia-republica","category-guerra-civil-espanola"],"aioseo_notices":[],"_links":{"self":[{"href":"https:\/\/espai-marx.net\/index.php?rest_route=\/wp\/v2\/posts\/1623","targetHints":{"allow":["GET"]}}],"collection":[{"href":"https:\/\/espai-marx.net\/index.php?rest_route=\/wp\/v2\/posts"}],"about":[{"href":"https:\/\/espai-marx.net\/index.php?rest_route=\/wp\/v2\/types\/post"}],"author":[{"embeddable":true,"href":"https:\/\/espai-marx.net\/index.php?rest_route=\/wp\/v2\/users\/9"}],"replies":[{"embeddable":true,"href":"https:\/\/espai-marx.net\/index.php?rest_route=%2Fwp%2Fv2%2Fcomments&post=1623"}],"version-history":[{"count":0,"href":"https:\/\/espai-marx.net\/index.php?rest_route=\/wp\/v2\/posts\/1623\/revisions"}],"wp:featuredmedia":[{"embeddable":true,"href":"https:\/\/espai-marx.net\/index.php?rest_route=\/wp\/v2\/media\/1624"}],"wp:attachment":[{"href":"https:\/\/espai-marx.net\/index.php?rest_route=%2Fwp%2Fv2%2Fmedia&parent=1623"}],"wp:term":[{"taxonomy":"category","embeddable":true,"href":"https:\/\/espai-marx.net\/index.php?rest_route=%2Fwp%2Fv2%2Fcategories&post=1623"},{"taxonomy":"post_tag","embeddable":true,"href":"https:\/\/espai-marx.net\/index.php?rest_route=%2Fwp%2Fv2%2Ftags&post=1623"}],"curies":[{"name":"wp","href":"https:\/\/api.w.org\/{rel}","templated":true}]}}