{"id":1628,"date":"2011-07-28T00:00:00","date_gmt":"2011-07-28T00:00:00","guid":{"rendered":"https:\/\/espai-marx.net\/?p=1628"},"modified":"2020-02-21T12:20:38","modified_gmt":"2020-02-21T11:20:38","slug":"reflexiones-politicas-sobre-la-tragedia-noruega","status":"publish","type":"post","link":"https:\/\/espai-marx.net\/?p=1628","title":{"rendered":"Reflexiones pol\u00edticas sobre la tragedia noruega"},"content":{"rendered":"<p style=\"margin-bottom: 0.5cm; border: none; padding: 0cm;\" align=\"JUSTIFY\">Como cualquier otro ciudadano de Oslo, vagu\u00e9 por las calles y los edificios atacados. He visitado incluso la isla en la que fueron masacrados los j\u00f3venes activistas pol\u00edticos. Comparto el sentimiento de miedo y de dolor de mi pa\u00eds. Pero la cuesti\u00f3n sigue siendo por qu\u00e9: esa violencia no fue ciega.<\/p>\n<p style=\"margin-bottom: 0.5cm; border: none; padding: 0cm;\" align=\"JUSTIFY\">El terror en Noruega no ha venido de extremistas isl\u00e1micos. Tampoco de la extrema izquierda, aunque ambos han sido acusados una y otra vez de constituir una amenaza interna para \u00abnuestro modo de vida\u00bb. Hasta ahora, incluyendo las terribles horas de la tarde del 22 de julio, el poco terrorismo que ha conocido mi pa\u00eds ha venido siempre de la extrema derecha.<\/p>\n<p style=\"margin-bottom: 0.5cm; border: none; padding: 0cm;\" align=\"JUSTIFY\">Durante d\u00e9cadas, la violencia pol\u00edtica en este pa\u00eds ha sido privilegio pr\u00e1cticamente exclusivo de los neonazis y otros grupos racistas. En los 70 atentaron con explosivos contra librer\u00edas de izquierda y contra una manifestaci\u00f3n del Primero de Mayo. En los 80, dos neonazis fueron ejecutados bajo sospecha de haber traicionado a su grup\u00fasculo. En las dos \u00faltimas d\u00e9cadas, dos j\u00f3venes noruegos no-blancos murieron a causa de ataques racistas. Ning\u00fan grupo extranjero ha matado o herido a personas en territorio noruego, excepci\u00f3n hecha del servicio secreto de Israel, el Mosad, que asesin\u00f3 por error a un inocente en Lillehammer <a href=\"http:\/\/en.wikipedia.org\/wiki\/Lillehammer_affair\">http:\/\/en.wikipedia.org\/wiki\/Lillehammer_affair<\/a> en 1973.<\/p>\n<p style=\"margin-bottom: 0.5cm; border: none; padding: 0cm;\" align=\"JUSTIFY\">Sin embargo, y a pesar de esos elocuentes antecedentes, cuando ahora nos golpe\u00f3 este devastador terrorismo, las sospechas recayeron inmediatamente en el mundo isl\u00e1mico. Eran los jihadistas. Ten\u00edan que ser ellos.<\/p>\n<p style=\"margin-bottom: 0.5cm; border: none; padding: 0cm;\" align=\"JUSTIFY\">Se denunci\u00f3 sin tardanza un ataque a Noruega, a nuestro modo de vida. Tan pronto se conoci\u00f3 la noticia, muchachas vestidas con hijabs y de apariencia \u00e1rabe fueron acosadas por las calles de Oslo.<\/p>\n<p style=\"margin-bottom: 0.5cm; border: none; padding: 0cm;\" align=\"JUSTIFY\">Natural. Durante al menos 10 a\u00f1os se nos ha contado que el terror viene del Este. Que un \u00e1rabe es, por serlo, sospechoso; que todos los musulmanes est\u00e1n marcados. Regularmente, vemos c\u00f3mo la seguridad aeroportuaria examina a gente de color en cuartos aparte; hay infinitos debates sobre los l\u00edmites de \u00abnuestra\u00bb tolerancia. En la medida en que el mundo isl\u00e1mico se ha convertido en \u00abel Otro\u00bb, hemos empezado a pensar que lo que les distingue a \u00abellos\u00bb de \u00abnosotros\u00bb es la capacidad para matar civiles a sangre fr\u00eda.<\/p>\n<p style=\"margin-bottom: 0.5cm; border: none; padding: 0cm;\" align=\"JUSTIFY\">Hay, huelga decirlo, otra raz\u00f3n para que todo el mundo est\u00e9 pendiente de al-Qaeda. Noruega ha sido parte en la Guerra de Afganist\u00e1n durante 10 a\u00f1os, durante alg\u00fan tiempo intervinimos tambi\u00e9n en la Guerra de Irak y ahora tiramos bombas sobre Tr\u00edpoli. Cuando participas durante tanto tiempo en guerras for\u00e1neas, puede llegar un momento en que la guerra te visite a domicilio.<\/p>\n<p style=\"margin-bottom: 0.5cm; border: none; padding: 0cm;\" align=\"JUSTIFY\">Mas, aun cuando todos sab\u00edamos eso, apenas se mencion\u00f3 la guerra cuando sufrimos el ataque terrorista. Nuestra primera respuesta arraigaba en la irracionalidad: ten\u00edan que ser \u00abellos\u00bb. Yo tem\u00eda que la guerra que libr\u00e1bamos en el exterior pudiera llegar a Noruega. \u00bfY entonces, qu\u00e9? \u00bfQu\u00e9 pasar\u00eda con nuestra sociedad? \u00bfCon nuestra tolerancia, con nuestro debate p\u00fablico, y sobre todo, con nuestros inmigrantes y sus hijos nacidos en Noruega?<\/p>\n<p style=\"margin-bottom: 0.5cm; border: none; padding: 0cm;\" align=\"JUSTIFY\">Pero no fue as\u00ed. Una vez m\u00e1s, el coraz\u00f3n de las tinieblas anida en lo m\u00e1s hondo de nosotros mismos. El terrorista era un var\u00f3n blanco n\u00f3rdico. No un musulm\u00e1n, sino un musulman\u00f3fobo<\/p>\n<p style=\"margin-bottom: 0.5cm; border: none; padding: 0cm;\" align=\"JUSTIFY\">Tan pronto qued\u00f3 eso claro, la carnicer\u00eda comenz\u00f3 a ser discutida como obra de un loco; dej\u00f3 de verse como un ataque a nuestra sociedad. Cambi\u00f3 la ret\u00f3rica; los titulares de los peri\u00f3dicos desplazaron el foco. Nadie habla ya de guerra. Se habla de un \u00abterrorista\u00bb, en singular, no en plural: un individuo particular, no un indefinido grupo f\u00e1cilmente generalizable para incluir a simpatizantes o a cualquiera que caiga bajo una fantas\u00eda arbitraria. El terrible acto es ahora oficialmente una tragedia nacional. La cuesti\u00f3n es: \u00bfhabr\u00eda ocurrido igual de ser el autor un loco, pero de origen isl\u00e1mico?<\/p>\n<p style=\"margin-bottom: 0.5cm; border: none; padding: 0cm;\" align=\"JUSTIFY\">Yo tambi\u00e9n estoy convencido de que el asesino est\u00e1 loco. Para cazar y ejecutar a adolescentes en una isla durante una hora, tienes que haber perdido la chaveta. Pero, lo mismo que en el caso del 11 de septiembre de 2001 o en el caso de las bombas en el metro de Londres, se trata de locura con causa, una causa que es tanto cl\u00ednica como pol\u00edtica.<\/p>\n<p style=\"margin-bottom: 0.5cm; border: none; padding: 0cm;\" align=\"JUSTIFY\">Cualquiera que haya echado un vistazo a las p\u00e1ginas Web de los grupos racistas, o seguido los debates online de los peri\u00f3dicos noruegos, se habr\u00e1 percatado de la furia con que se difunde la islamofobia; del odio venenoso con que escritores an\u00f3nimos escupen contra los \u00abpijoprogres\u00bb antirracistas y contra toda la izquierda pol\u00edtica. El terrorista del 22 de julio participaba en esos debates. Ha sido un miembro activo de uno de los grandes partidos pol\u00edticos noruegos, el partido populista de derecha Partido de Progreso noruego. Lo abandon\u00f3 en 2006 y busc\u00f3 su ideolog\u00eda en la comunidad de grupos antiislamistas de Internet.<\/p>\n<p style=\"margin-bottom: 0.5cm; border: none; padding: 0cm;\" align=\"JUSTIFY\">Cuando el mundo cre\u00eda que esto era obra del terrorismo islamista internacional, todos los hombres de Estado, desde Obama hasta Cameron, dijeron que estaban al lado de Noruega en nuestra lucha contra el terrorismo. Y ahora, \u00bfen qu\u00e9 consiste la lucha? Todos los dirigentes occidentales tienen el mismo problema dentro de sus fronteras. \u00bfLibrar\u00e1n una guerra contra el creciente extremismo de derecha, contra la islamofobia y el racismo?<\/p>\n<p style=\"margin-bottom: 0.5cm; border: none; padding: 0cm;\" align=\"JUSTIFY\">Unas horas despu\u00e9s de estallar la bomba, el primer ministro noruego, Jens Stoltenberg, dijo que nuestra respuesta al ataque deber\u00eda de ser m\u00e1s democracia y m\u00e1s apertura. Si se compara con la respuesta de Bush a los ataques del 11 de septiembre, hay razones para sentirse orgullosos. Pero tras la m\u00e1s terrible experiencia que haya conocido Noruega desde el final de la II Guerra Mundial, a m\u00ed me gustar\u00eda ir m\u00e1s lejos. Es necesario tomar pie en este tr\u00e1gico incidente para lanzar una ofensiva contra la intolerancia, el racismo y el odio, crecientes no s\u00f3lo en Noruega, no s\u00f3lo en Escandinavia, sino en toda Europa.<\/p>\n<p style=\"margin-bottom: 0.5cm; border: none; padding: 0cm;\" align=\"JUSTIFY\"><i>*Aslak Sira Myhre* es un escritor noruego, director de la Casa de Literatura en Oslo y exdirigente de la Alianza Electoral Roja noruega.<\/i><\/p>\n<p style=\"margin-bottom: 0cm;\" align=\"JUSTIFY\">\n","protected":false},"excerpt":{"rendered":"<p>Como cualquier otro ciudadano de Oslo, vagu\u00e9 por las calles y los edificios atacados. He visitado incluso la isla en<\/p>\n","protected":false},"author":9,"featured_media":0,"comment_status":"open","ping_status":"open","sticky":false,"template":"","format":"standard","meta":{"footnotes":""},"categories":[42],"tags":[],"class_list":["post-1628","post","type-post","status-publish","format-standard","hentry","category-europa-europa"],"aioseo_notices":[],"_links":{"self":[{"href":"https:\/\/espai-marx.net\/index.php?rest_route=\/wp\/v2\/posts\/1628","targetHints":{"allow":["GET"]}}],"collection":[{"href":"https:\/\/espai-marx.net\/index.php?rest_route=\/wp\/v2\/posts"}],"about":[{"href":"https:\/\/espai-marx.net\/index.php?rest_route=\/wp\/v2\/types\/post"}],"author":[{"embeddable":true,"href":"https:\/\/espai-marx.net\/index.php?rest_route=\/wp\/v2\/users\/9"}],"replies":[{"embeddable":true,"href":"https:\/\/espai-marx.net\/index.php?rest_route=%2Fwp%2Fv2%2Fcomments&post=1628"}],"version-history":[{"count":0,"href":"https:\/\/espai-marx.net\/index.php?rest_route=\/wp\/v2\/posts\/1628\/revisions"}],"wp:attachment":[{"href":"https:\/\/espai-marx.net\/index.php?rest_route=%2Fwp%2Fv2%2Fmedia&parent=1628"}],"wp:term":[{"taxonomy":"category","embeddable":true,"href":"https:\/\/espai-marx.net\/index.php?rest_route=%2Fwp%2Fv2%2Fcategories&post=1628"},{"taxonomy":"post_tag","embeddable":true,"href":"https:\/\/espai-marx.net\/index.php?rest_route=%2Fwp%2Fv2%2Ftags&post=1628"}],"curies":[{"name":"wp","href":"https:\/\/api.w.org\/{rel}","templated":true}]}}