{"id":1630,"date":"2011-07-28T00:00:00","date_gmt":"2011-07-28T00:00:00","guid":{"rendered":"https:\/\/espai-marx.net\/?p=1630"},"modified":"2020-02-21T12:21:08","modified_gmt":"2020-02-21T11:21:08","slug":"rebajas-en-la-sanidad","status":"publish","type":"post","link":"https:\/\/espai-marx.net\/?p=1630","title":{"rendered":"Rebajas en la sanidad"},"content":{"rendered":"<p style=\"border: none; padding: 0cm;\" align=\"JUSTIFY\">La decisi\u00f3n de la Generalitat de cerrar los s\u00e1bados la pr\u00e1ctica totalidad CAPs de la ciudad y el horario nocturno del CAP de Ca n\u2019Oriac y que ese tipo de medidas se apliquen en las poblaciones del entorno de Sabadell, provocar\u00e1 un inevitable colapso en el CUAP Sant F\u00e8lix y el Hospital Taul\u00ed, durante los fines de semana y urgencias nocturnas. Un desprop\u00f3sito cuyas consecuencias pagaremos los usuarios tal y como ya han denunciando las diversas plataformas ciudadanas de la comarca en defensa de una sanidad p\u00fablica.<\/p>\n<p style=\"border: none; padding: 0cm;\" align=\"JUSTIFY\">Si nos atenemos a los hechos, vemos que llueve sobre mojado. Desde antes de la crisis, las decisiones pol\u00edticas de los gobiernos de todos los colores, (auton\u00f3mico o estatal), han sido un incesante goteo de medidas dirigidas a minar y privatizar los elementos esenciales del Estado de Bienestar (sanidad, educaci\u00f3n, servicios sociales, pensiones,\u2026), y hoy, cuatro a\u00f1os despu\u00e9s del estallido de la crisis, asistimos, ya sin ning\u00fan tipo de tapujo, a un aut\u00e9ntico despojo de los derechos sociales.<\/p>\n<p style=\"border: none; padding: 0cm;\" align=\"JUSTIFY\">Y ese es el marco en el que deben situarse los recortes actuales de CiU en sanidad: a menos recursos (humanos, econ\u00f3micos y materiales), peor ser\u00e1 la prestaci\u00f3n del servicio, lo que empujar\u00e1 a los particulares que puedan permit\u00edrselo, a contratar mutuas y seguros privados, al tiempo que la privatizaci\u00f3n aportar\u00e1 pingues beneficios a las empresas privadas, porque, en definitiva de eso se trata si se entiende la salud como una mercanc\u00eda y no como un derecho. Ser\u00e1 por coherencia con tales postulados que hayan designado como Conseller de Salut, al ex Presidente de la patronal del sector sanitario concertado.<\/p>\n<p style=\"border: none; padding: 0cm;\" align=\"JUSTIFY\">Se puede decir que, los aut\u00e9nticos causantes de la crisis, adem\u00e1s de su victoria material en esta guerra de clases (en estos a\u00f1os, que millones de personas han engrosado las estad\u00edsticas de la pobreza y varios estados est\u00e1n al borde de la quiebra, ellos han aumentado sus riquezas), han vencido ideol\u00f3gicamente al conseguir que socialmente se interiorice la necesidad de recortes encaminados a que la crisis la paguen los de abajo.<\/p>\n<p style=\"border: none; padding: 0cm;\" align=\"JUSTIFY\">No es necesario insistir en la falsedad del discurso oficial sobre las bondades de aplicar la recetas de \u201clos expertos neoliberales en n\u00f3mina\u201d, que acaba dejando al descubierto la pat\u00e9tica sumisi\u00f3n de la pol\u00edtica a los dictados de quienes dominan la econom\u00eda, ni insistir en que las urnas no otorgan \u201cper se\u201d autoridad moral para exigir que nos \u201capretemos el cintur\u00f3n\u201d cuando son incapaces de atajar un fraude fiscal estimado en unos 20.000 millones de euros; o de de nacionalizar la banca en lugar de \u201crecatarla\u201d, con dineros p\u00fablicos de sus bacanales especulativas; o penalizar la corrupci\u00f3n pol\u00edtica; o de dejar de atribuirse sueldos indecentes o de que los ricos paguen de acuerdo con sus ingresos y responsabilidades.<\/p>\n<p style=\"border: none; padding: 0cm;\" align=\"JUSTIFY\">Por contra, como existe conciencia de que entre todos nos toman el pelo, es comprensible que cada vez se alcen m\u00e1s voces cabreadas ante tanta tropel\u00eda, denunciando la imposibilidad de que el actual sistema econ\u00f3mico sea capaz de satisfacer las necesidades sociales y acusando a un sistema de partidos dirigidos por una casta pol\u00edtica incapaz de gestionar eficiente y eficazmente los recursos econ\u00f3micos y que no posibilita la integraci\u00f3n transparente y adecuada de las distintas sensibilidades.<\/p>\n<p style=\"border: none; padding: 0cm;\" align=\"JUSTIFY\">Las rebajas de sanidad no son para el verano sino recortes con vocaci\u00f3n de permanencia. Que se impongan o no, depender\u00e1 en gran medida de la indignaci\u00f3n que provoque en la ciudadan\u00eda. Pero en todo esto, conviene no olvidar, m\u00e1s all\u00e1 del oportunismo pol\u00edtico, la corresponsabilidad de quienes, en el \u00e1mbito local, han permitido y permiten esas salvajadas, al no oponerse con firmeza a las decisiones impuestas desde Barcelona o desde Madrid por sus jerarcas pol\u00edticos, anteponiendo los intereses partidistas a los de la ciudadan\u00eda y a los de sus propios votantes.<\/p>\n<p style=\"border: none; padding: 0cm;\" align=\"CENTER\"><i>Publicado en el Diari de Sabadell el 19\/07\/2011<\/i><\/p>\n<p style=\"margin-bottom: 0cm;\" align=\"JUSTIFY\">\n","protected":false},"excerpt":{"rendered":"<p>La decisi\u00f3n de la Generalitat de cerrar los s\u00e1bados la pr\u00e1ctica totalidad CAPs de la ciudad y el horario nocturno<\/p>\n","protected":false},"author":9,"featured_media":1631,"comment_status":"open","ping_status":"open","sticky":false,"template":"","format":"standard","meta":{"footnotes":""},"categories":[3],"tags":[],"class_list":["post-1630","post","type-post","status-publish","format-standard","has-post-thumbnail","hentry","category-condiciones-de-vida"],"aioseo_notices":[],"_links":{"self":[{"href":"https:\/\/espai-marx.net\/index.php?rest_route=\/wp\/v2\/posts\/1630","targetHints":{"allow":["GET"]}}],"collection":[{"href":"https:\/\/espai-marx.net\/index.php?rest_route=\/wp\/v2\/posts"}],"about":[{"href":"https:\/\/espai-marx.net\/index.php?rest_route=\/wp\/v2\/types\/post"}],"author":[{"embeddable":true,"href":"https:\/\/espai-marx.net\/index.php?rest_route=\/wp\/v2\/users\/9"}],"replies":[{"embeddable":true,"href":"https:\/\/espai-marx.net\/index.php?rest_route=%2Fwp%2Fv2%2Fcomments&post=1630"}],"version-history":[{"count":0,"href":"https:\/\/espai-marx.net\/index.php?rest_route=\/wp\/v2\/posts\/1630\/revisions"}],"wp:featuredmedia":[{"embeddable":true,"href":"https:\/\/espai-marx.net\/index.php?rest_route=\/wp\/v2\/media\/1631"}],"wp:attachment":[{"href":"https:\/\/espai-marx.net\/index.php?rest_route=%2Fwp%2Fv2%2Fmedia&parent=1630"}],"wp:term":[{"taxonomy":"category","embeddable":true,"href":"https:\/\/espai-marx.net\/index.php?rest_route=%2Fwp%2Fv2%2Fcategories&post=1630"},{"taxonomy":"post_tag","embeddable":true,"href":"https:\/\/espai-marx.net\/index.php?rest_route=%2Fwp%2Fv2%2Ftags&post=1630"}],"curies":[{"name":"wp","href":"https:\/\/api.w.org\/{rel}","templated":true}]}}