{"id":16313,"date":"2024-09-24T05:00:14","date_gmt":"2024-09-24T04:00:14","guid":{"rendered":"https:\/\/espai-marx.net\/?p=16313"},"modified":"2024-09-24T04:10:26","modified_gmt":"2024-09-24T03:10:26","slug":"mas-de-2-100-personas-defensoras-de-la-tierra-y-el-medioambiente-asesinadas-en-el-mundo-entre-2012-y-2023","status":"publish","type":"post","link":"https:\/\/espai-marx.net\/?p=16313","title":{"rendered":"M\u00e1s de 2.100 personas defensoras de la tierra y el medioambiente asesinadas en el mundo entre 2012 y 2023"},"content":{"rendered":"<div class=\"block-intro\">\n<div class=\"aligned intro\">\n<ul>\n<li>En 2023 murieron asesinadas al menos 196 personas defensoras de la tierra y el medioambiente del mundo entero, seg\u00fan un informe publicado hoy por Global Witness.<\/li>\n<li>Las nuevas cifras elevan a 2.106 el total de asesinatos de personas defensoras entre 2012 y 2023.<\/li>\n<li>Por segundo a\u00f1o consecutivo, Colombia registr\u00f3 el mayor n\u00famero de asesinatos del mundo, al alcanzar la cifra r\u00e9cord de 79 personas defensoras asesinadas, por encima de Brasil (con 25), M\u00e9xico (con 18) y Honduras (con 18).<\/li>\n<li>Un a\u00f1o m\u00e1s, Am\u00e9rica Latina registr\u00f3 el n\u00famero m\u00e1s alto de homicidios de todo el mundo, con un total de 166: 54 en M\u00e9xico y Centroam\u00e9rica y 112 en Am\u00e9rica del Sur.<\/li>\n<li>En Asia, el Reino Unido, la Uni\u00f3n Europea y los Estados Unidos, cada vez hay m\u00e1s activistas ambientales que sufren las diversas t\u00e1cticas utilizadas para silenciar a quienes defienden el planeta.<\/li>\n<\/ul>\n<\/div>\n<\/div>\n<div class=\"block-paragraph\">\n<div class=\"aligned\">\n<p><b>Londres, martes 10\u00a0de\u00a0septiembre\u00a0de\u00a02024<\/b><b>. <\/b>Al menos 196\u00a0personas defensoras de la tierra y el medioambiente fueron asesinadas el a\u00f1o pasado por intentar proteger el planeta, seg\u00fan un nuevo informe de Global\u00a0Witness publicado hoy, en colaboraci\u00f3n con socios de todo el mundo. Las nuevas cifras elevan a 2.106 el total de asesinatos de personas defensoras entre 2012 y 2023.<\/p>\n<p>El a\u00f1o pasado, Colombia result\u00f3 ser el pa\u00eds con la mayor tasa de homicidios de todo mundo, con 79\u00a0muertes en total, frente a las 60 de 2022 y las 33 de 2021. Se trata de la cifra m\u00e1s alta registrada por Global\u00a0Witness de personas defensoras asesinadas en un pa\u00eds en un solo a\u00f1o. Con 461\u00a0asesinatos entre 2012 y 2023, Colombia ha acumulado el mayor n\u00famero de homicidios de activistas ambientales registrados en todo el mundo.<\/p>\n<p>El a\u00f1o pasado, otros pa\u00edses latinoamericanos con una elevada tasa de ataques mortales fueron Brasil, con 25, y M\u00e9xico y Honduras, con 18 cada uno.<\/p>\n<p>Centroam\u00e9rica se ha convertido tambi\u00e9n en uno de los lugares m\u00e1s peligrosos del mundo para las personas defensoras. En 2023 Honduras registr\u00f3 el mayor n\u00famero de homicidios de personas defensoras per c\u00e1pita, con un total de 18. Ese mismo a\u00f1o tambi\u00e9n se asesin\u00f3 a 10\u00a0personas defensoras en Nicaragua, 4 en Guatemala y 4 en Panam\u00e1.<\/p>\n<p>En todo el mundo, los pueblos ind\u00edgenas y afrodescendientes siguieron siendo v\u00edctimas de una cantidad desproporcionada de ataques mortales: el 49\u00a0%.<\/p>\n<p><b>Laura Furones, autora y asesora principal de la campa\u00f1a de las personas defensoras de la tierra y el medioambiente de Global\u00a0Witness, declar\u00f3:<\/b><\/p>\n<p><i>Mientras la crisis clim\u00e1tica avanza apresuradamente, quienes alzan voz con valent\u00eda para defender nuestro planeta se enfrentan a actos de violencia, intimidaci\u00f3n y asesinato. Nuestros datos indican que el n\u00famero de homicidios sigue siendo escandaloso y los Gobiernos no pueden mantenerse impasibles ante esta situaci\u00f3n completamente inaceptable: deben tomar medidas contundentes para proteger a las personas defensoras y abordar las causas ocultas de la violencia que sufren. Las personas activistas y sus comunidades son esenciales en cualquier labor para prevenir y reparar los da\u00f1os y perjuicios causados por las industrias nocivas para el medioambiente. No podemos permitirnos la p\u00e9rdida de m\u00e1s vidas; no lo toleraremos.<\/i><\/p>\n<p>Si bien sigue siendo dif\u00edcil establecer una relaci\u00f3n directa entre el homicidio de una persona defensora e intereses empresariales concretos, Global\u00a0Witness determin\u00f3 que la miner\u00eda fue el mayor m\u00f3vil industrial con diferencia, con 25\u00a0personas defensoras asesinadas tras oponerse a operaciones mineras en 2023. Otros sectores involucrados fueron la pesca (5), la explotaci\u00f3n forestal (5), la agroindustria (4), las carreteras e infraestructuras (4) y la energ\u00eda hidroel\u00e9ctrica (2).<\/p>\n<p>En total, 23 de los 25 asesinatos vinculados a la miner\u00eda en todo el mundo el a\u00f1o pasado ocurrieron en Am\u00e9rica\u00a0Latina. Por otra parte, m\u00e1s del 40\u00a0% de todos los asesinatos relacionados con esta industria entre 2012 y 2023 tuvieron lugar en Asia, regi\u00f3n que cuenta con importantes reservas naturales de los principales minerales cr\u00edticos para las tecnolog\u00edas energ\u00e9ticas limpias.<\/p>\n<p>Adem\u00e1s de se\u00f1alarse el n\u00famero de homicidios a escala mundial, en el informe tambi\u00e9n se ponen al descubierto las tendencias m\u00e1s generales de las agresiones sin consecuencias mortales y los efectos da\u00f1inos que estas tienen en las comunidades de todo el mundo. Se destacan casos de desapariciones forzadas y detenciones ilegales, t\u00e1cticas crueles que se usan en Filipinas y M\u00e9xico en particular, as\u00ed como el uso generalizado de la criminalizaci\u00f3n para silenciar a personas activistas en todo el mundo.<\/p>\n<p>En el informe se analiza tambi\u00e9n la represi\u00f3n del activismo ambiental en el Reino\u00a0Unido, Europa y los Estados\u00a0Unidos, donde cada vez se usa m\u00e1s la legislaci\u00f3n para atacar a las personas defensoras y se imponen condenas m\u00e1s duras a quienes han participado en protestas contra el cambio clim\u00e1tico. Estas conclusiones van de la mano de una tendencia preocupante de criminalizaci\u00f3n que est\u00e1 surgiendo en todo el mundo.<\/p>\n<p><b>En el informe se expone la criminalizaci\u00f3n a la que se enfrenta Jonila Castro, activista filipina secuestrada por el Ej\u00e9rcito de su pa\u00eds en 2023, quien manifest\u00f3:\u00a0<\/b><\/p>\n<p><i>Incluso despu\u00e9s de ser liberadas de nuestro secuestro, las amenazas continuaron. La vuelta a nuestro hogar y comunidad est\u00e1 siendo dif\u00edcil. Siguen vigil\u00e1ndonos, se\u00f1al\u00e1ndonos e intimid\u00e1ndonos. Los ataques para silenciar a quienes trabajamos en defensa del medioambiente entorpecen nuestras labores de protecci\u00f3n del planeta y de los derechos de las personas.<\/i><\/p>\n<p><i>Existe un v\u00ednculo estrecho entre la devastaci\u00f3n ambiental y las violaciones de los derechos humanos que potencian los Gobiernos y los sistemas extractivos que ellos promueven. Nuestra experiencia pone de relieve la urgente necesidad de un mayor reconocimiento y protecci\u00f3n de activistas de la comunidad y ecologistas que luchan por la justicia clim\u00e1tica en el mundo.<\/i><\/p>\n<p>A pesar de la escalada de la crisis clim\u00e1tica y de las promesas de los Gobiernos de alcanzar el objetivo establecido en el Acuerdo de Par\u00eds de limitar el calentamiento mundial a 1,5\u00a0\u00b0C, las personas defensoras de la tierra y el medioambiente cada vez sufren m\u00e1s las diversas agresiones con las que se intenta frenar sus esfuerzos por proteger el planeta. Al menos 1.500 de estas personas han sido asesinadas desde la aprobaci\u00f3n del Acuerdo de Par\u00eds, el 12 de diciembre de 2015.<\/p>\n<p><b>Nonhle Mbuthuma, autora del pr\u00f3logo del informe y ganadora del premio Goldman de Medioambiente en 2024, coment\u00f3:\u00a0\u00a0<\/b><\/p>\n<p><i>En todos los rincones del planeta, quienes se atreven a denunciar los efectos devastadores de las industrias extractivas, como la deforestaci\u00f3n, la contaminaci\u00f3n y el acaparamiento de tierras, se enfrentan a actos de violencia e intimidaci\u00f3n. Particularmente notorio es el caso de los pueblos ind\u00edgenas, que son imprescindibles en la lucha contra el cambio clim\u00e1tico y, sin embargo, a\u00f1o tras a\u00f1o sufren un n\u00famero desproporcionado de agresiones.<\/i><\/p>\n<p><i>Sin embargo, la brutalidad de esos ataques saca a la luz una realidad oculta: el poder que ejerce la gente corriente cuando se une por la justicia. Los dirigentes tienen el deber de escucharnos y garantizar que las personas que defendemos la tierra y el medioambiente podamos ponernos en pie, estemos donde estemos, sin temor a represalias. Esta responsabilidad recae directamente sobre todas las naciones ricas y con recursos del mundo.<\/i><\/p>\n<p>Fuente: Comunicado de prensa de Global Witness, 10 de septiembre de 2024 (<a href=\"https:\/\/www.globalwitness.org\/es\/comunicados-de-prensa\/more-2100-land-and-environmental-defenders-killed-globally-between-2012-and-2023-es\/\">https:\/\/www.globalwitness.org\/es\/comunicados-de-prensa\/more-2100-land-and-environmental-defenders-killed-globally-between-2012-and-2023-es\/<\/a>)<\/p>\n<\/div>\n<\/div>\n","protected":false},"excerpt":{"rendered":"<p>En 2023 murieron asesinadas al menos 196 personas defensoras de la tierra y el medioambiente del mundo entero, seg\u00fan un<\/p>\n","protected":false},"author":5,"featured_media":16314,"comment_status":"open","ping_status":"open","sticky":false,"template":"","format":"standard","meta":{"footnotes":""},"categories":[1563,1965],"tags":[],"class_list":["post-16313","post","type-post","status-publish","format-standard","has-post-thumbnail","hentry","category-crisis-ecosocial","category-justicia"],"aioseo_notices":[],"_links":{"self":[{"href":"https:\/\/espai-marx.net\/index.php?rest_route=\/wp\/v2\/posts\/16313","targetHints":{"allow":["GET"]}}],"collection":[{"href":"https:\/\/espai-marx.net\/index.php?rest_route=\/wp\/v2\/posts"}],"about":[{"href":"https:\/\/espai-marx.net\/index.php?rest_route=\/wp\/v2\/types\/post"}],"author":[{"embeddable":true,"href":"https:\/\/espai-marx.net\/index.php?rest_route=\/wp\/v2\/users\/5"}],"replies":[{"embeddable":true,"href":"https:\/\/espai-marx.net\/index.php?rest_route=%2Fwp%2Fv2%2Fcomments&post=16313"}],"version-history":[{"count":2,"href":"https:\/\/espai-marx.net\/index.php?rest_route=\/wp\/v2\/posts\/16313\/revisions"}],"predecessor-version":[{"id":16316,"href":"https:\/\/espai-marx.net\/index.php?rest_route=\/wp\/v2\/posts\/16313\/revisions\/16316"}],"wp:featuredmedia":[{"embeddable":true,"href":"https:\/\/espai-marx.net\/index.php?rest_route=\/wp\/v2\/media\/16314"}],"wp:attachment":[{"href":"https:\/\/espai-marx.net\/index.php?rest_route=%2Fwp%2Fv2%2Fmedia&parent=16313"}],"wp:term":[{"taxonomy":"category","embeddable":true,"href":"https:\/\/espai-marx.net\/index.php?rest_route=%2Fwp%2Fv2%2Fcategories&post=16313"},{"taxonomy":"post_tag","embeddable":true,"href":"https:\/\/espai-marx.net\/index.php?rest_route=%2Fwp%2Fv2%2Ftags&post=16313"}],"curies":[{"name":"wp","href":"https:\/\/api.w.org\/{rel}","templated":true}]}}