{"id":16320,"date":"2024-09-26T05:00:28","date_gmt":"2024-09-26T04:00:28","guid":{"rendered":"https:\/\/espai-marx.net\/?p=16320"},"modified":"2024-09-26T02:48:55","modified_gmt":"2024-09-26T01:48:55","slug":"has-leido-lo-ultimo-de-salva-en-rebelion","status":"publish","type":"post","link":"https:\/\/espai-marx.net\/?p=16320","title":{"rendered":"\u00ab\u00bfHas le\u00eddo lo \u00faltimo de Salva en <i>Rebeli\u00f3n<\/i>?\u00bb"},"content":{"rendered":"<p class=\"subtitle\"><strong>Rese\u00f1a de <i>Salvador L\u00f3pez Arnal, la humildad de un sabio. Escritos en homenaje a su trayectoria intelectual y militante<\/i> (Dykinson, 2024), a cargo de Jos\u00e9 Sarri\u00f3n Andaluz e I\u00f1aki V\u00e1zquez \u00c1lvarez (eds.)<\/strong><\/p>\n<p>Seg\u00fan cuenta Eduardo S\u00e1nchez Iglesias, profesor de la Complutense y director de la Fundaci\u00f3n de Investigaciones Marxistas (FIM), Miguel Riera, editor de El Viejo Topo, formul\u00f3 en una entrevista la siguiente pregunta: \u00ab<em>\u00bfHabr\u00e1 alguien en la izquierda de este pa\u00eds que no haya le\u00eddo a Salvador L\u00f3pez Arnal?<\/em>\u00bb, a lo que seguidamente respondi\u00f3 \u00ab<em>Parece imposible<\/em>\u00bb. Efectivamente, Salvador L\u00f3pez Arnal es autor de una extensa obra que difunde en lo que podr\u00edamos definir como sus medios de cabecera: <em>Rebeli\u00f3n<\/em>, <em>El Viejo Topo<\/em>, <em>EspaiMarx<\/em> y su propio blog (<a href=\"https:\/\/slopezarnal.com\/\">https:\/\/slopezarnal.com\/<\/a>), adem\u00e1s de en otros medios de izquierda, como <em>Mundo Obrero<\/em> o <em>Corsario Rojo<\/em>. Asimismo, es autor de diversas obras, tanto en solitario como en colaboraci\u00f3n, como <em>La destrucci\u00f3n de la esperanza<\/em> (2010) o <em>Universidad y democracia: la lucha estudiantil contra el franquismo<\/em> (2016), o bien como editor o coordinador de diversas publicaciones que recogen o estudian y profundizan en la obra de Manuel Sacrist\u00e1n y Francisco Fern\u00e1ndez Buey. Tambi\u00e9n, por supuesto, es autor de cap\u00edtulos en libros y de un gran n\u00famero de art\u00edculos, entrevistas y rese\u00f1as. He ah\u00ed la raz\u00f3n por la que Salvador L\u00f3pez Arnal es un autor fundamental en el panorama de la izquierda actual, por lo menos de la que lee y se forma en castellano. Salvador L\u00f3pez Arnal, en definitiva, es un obrero de la palabra, su obra da cr\u00e9dito suficiente de eso; pero adem\u00e1s es una persona profundamente comprometida con la transformaci\u00f3n de este mundo que nos toc\u00f3 vivir y con la construcci\u00f3n de otro mundo posible.<\/p>\n<p>Precisamente por lo mucho que Salvador L\u00f3pez Arnal ha hecho por dinamizar el debate intelectual en la izquierda hispanohablante y por su calidad humana, desde hace un par de a\u00f1os se empez\u00f3 a gestar la idea de hacerle un merecido homenaje \u2013de esos que demasiadas veces se hacen a las personas muertas\u2013. Ese homenaje empez\u00f3 a tomar forma hace un par de a\u00f1os gracias a la iniciativa de Jos\u00e9 Sarri\u00f3n Andaluz e I\u00f1aki V\u00e1zquez \u00c1lvarez y se materializ\u00f3 en un libro que se le entreg\u00f3 al homenajeado en la librer\u00eda Laie de Barcelona el 20 de julio de 2024 en el transcurso de una comida fraternal, como esas que forman parte de una larga tradici\u00f3n obrera actualmente agonizante.<\/p>\n<p>El libro, editado por los autores de quienes parti\u00f3 la iniciativa, resume en su t\u00edtulo dos rasgos definitorios de la personalidad de Salvador L\u00f3pez Arnal: la sabidur\u00eda, de lo que deja plena constancia en su magna obra, y la humildad, una palabra que proviene en \u00faltima instancia de <em>humus<\/em>, la materia org\u00e1nica que fertiliza la tierra y es la condici\u00f3n necesaria para que las sociedades campesinas apegadas a la Tierra obtuviesen buenas cosechas; en este sentido, la humildad de Salvador L\u00f3pez Arnal, que tambi\u00e9n es su humanidad, es el fruto que nos entrega Salvador L\u00f3pez Arnal con su obra.<\/p>\n<p>A trav\u00e9s del libro <em>Salvador L\u00f3pez Arnal, la humildad de un sabio<\/em><em>. Escritos en homenaje a su trayectoria intelectual y militante<\/em> (Dykinson, 2024), los m\u00e1s de 40 autores y autoras que colaboran logran mostrar las claves de la figura de Salvador L\u00f3pez Arnal como intelectual, militante comprometido y como persona.<\/p>\n<p>Abre el libro un poema de Jorge Riechman, dedicado por supuesto a Salvador L\u00f3pez Arnal y que lleva por t\u00edtulo <a href=\"https:\/\/www.dykinson.com\/libros\/ebooks\/levantar-los-ojos-y-alzar-el-corazon\/20289\/\">Levantar los ojos y alzar el coraz\u00f3n<\/a>. A continuaci\u00f3n, siguen dos colaboraciones de los editores del libro, Jos\u00e9 Sarri\u00f3n Andaluz e I\u00f1aki V\u00e1zquez \u00c1lvarez, una de ellas la <a href=\"https:\/\/www.dykinson.com\/libros\/ebooks\/presentacion-del-libro\/20290\/\"><em>presentaci\u00f3n<\/em><\/a> de rigor y la segunda una \u00ab<a href=\"https:\/\/www.dykinson.com\/libros\/ebooks\/salvador-lopez-arnal-semblanza-biobibliografica\/20291\/\"><em>semblanza bioblbliogr\u00e1fica<\/em><\/a>\u00bb, a la que hay que sumar una \u00ab<em>bibliograf\u00eda esencial<\/em>\u00bb y un \u00ab<em>ap\u00e9ndice de autores<\/em>\u00bb al final del libro.<\/p>\n<p>La biobliograf\u00eda esencial nos recuerda qui\u00e9n es Salvador L\u00f3pez Arnal: un hombre de 70 a\u00f1os \u2013ese fue el hecho que motiv\u00f3 este homenaje\u2013, que se cri\u00f3 en una humilde familia de perdedores de la guerra (Salvador L\u00f3pez Arnal es familiar de hombres muertos defendiendo la Rep\u00fablica o asesinados por los fascistas debido a su militancia anarquista); que pudo estudiar gracias al esfuerzo econ\u00f3mico de la familia \u2013ya que durante el franquismo no hab\u00eda escuelas p\u00fablicas en los \u2018arrabales\u2019 de Barcelona\u2026\u2013; que se incorpor\u00f3 al mundo laboral demasiado temprano\u2026, por lo que solo un gran pasi\u00f3n por el conocimiento le mantuvo escolarizado\u2026; que a una temprana edad (hacia 1970) form\u00f3 su conciencia pol\u00edtica, lo que le llev\u00f3 a participar en diferentes movimientos sociales y a militar en diferentes organizaciones pol\u00edticas de izquierdas; un hombre, en definitiva, que desde su profesi\u00f3n docente, nunca abandon\u00f3 su pasi\u00f3n por el conocimiento y por el saber\u2026 y por la lucha.<\/p>\n<p>El libro se organiza en seis secciones para ofrecer una visi\u00f3n, como al propio Salva le hubiese gustado decir, poli\u00e9drica de su persona, atravesando diferentes facetas de su vida y de su obra:<a href=\"https:\/\/espai-marx.net\/wp-content\/uploads\/2024\/09\/salva.jpg\"><img loading=\"lazy\" decoding=\"async\" class=\"alignright wp-image-16322\" src=\"https:\/\/espai-marx.net\/wp-content\/uploads\/2024\/09\/salva.jpg\" alt=\"\" width=\"250\" height=\"333\" srcset=\"https:\/\/espai-marx.net\/wp-content\/uploads\/2024\/09\/salva.jpg 360w, https:\/\/espai-marx.net\/wp-content\/uploads\/2024\/09\/salva-225x300.jpg 225w\" sizes=\"auto, (max-width: 250px) 100vw, 250px\" \/><\/a><\/p>\n<div class=\"wp-block-image\"><\/div>\n<ul>\n<li>una serie de aproximaciones a la persona de Salva desde la cercan\u00eda, \u00ab<em>en la distancia corta<\/em>\u00bb, compuesta por textos de Santiago Alba Rico, Joan Benach, Xavier Juncosa, Miguel Riera, Miguel Candel, Eduard Rodr\u00edguez Farr\u00e9 y Fernando G. Ja\u00e9n Coll;<\/li>\n<\/ul>\n<ul>\n<li>siete textos de Pascual Serrano, Ariel Petruccelli, I\u00f1aki V\u00e1zquez \u00c1lvarez, Carlos Valmaseda, Carlos Fern\u00e1ndez Liria, Nicol\u00e1s Gonz\u00e1lez Varela y Manuel Mart\u00ednez Llaneza, que muestran a Salva en el trabajo, destacando su papel en <em>Rebeli\u00f3n<\/em> o en EspaiMarx o su entrega como colaborador cient\u00edfico;<\/li>\n<\/ul>\n<ul>\n<li>otra serie de textos muestran \u00ab<em>el estilo de pensamiento de Salvador<\/em>\u00bb, ah\u00ed est\u00e1n las aportaciones de Francisco V\u00e1zquez Garc\u00eda, Paula Olmos G\u00f3mez, F\u00e9lix Ovejero, Manuel Ca\u00f1ada, Guillermo Lusa, Joaqu\u00edn Miras, Manuel Monle\u00f3n y Jos\u00e9 Luis Mart\u00edn Ramos;<\/li>\n<\/ul>\n<ul>\n<li>cuatro textos de Santiago \u00c1lvarez Cantalapiedra, C\u00e9sar Rendueles, Alfredo Iglesias Di\u00e9guez y Jos\u00e9 Herrera Plaza, destacan el papel de Salvador como entrevistador y rese\u00f1ador de libros, dos formatos period\u00edsticos \u2018menores\u2019 que \u00e9l eleva a la categor\u00eda de g\u00e9nero filos\u00f3fico: con las entrevistas y las rese\u00f1as de Salva aprendes\u2026;<\/li>\n<\/ul>\n<ul>\n<li>una serie de aproximaciones a su faceta de \u00ab<em>maestro de generaciones<\/em>\u00bb firmadas por Eduardo S\u00e1nchez Iglesias \u2013de cuyo art\u00edculo tomo la idea del t\u00edtulo de esta rese\u00f1a\u2013, Jordi Mir, Sebasti\u00e1n Mart\u00ednez Sol\u00eds, Jordi Mart\u00ednez, Renzo Llorente, Jos\u00e9 Luis Moreno Pesta\u00f1a y Jos\u00e9 Sarri\u00f3n Andaluz, quien analiza en profundidad \u00ab<em>el papel de Salvador L\u00f3pez Arnal en la filosof\u00eda espa\u00f1ola<\/em>\u00bb; y,<\/li>\n<\/ul>\n<ul>\n<li>una \u00faltima secci\u00f3n que aborda el trabajo de Salvador L\u00f3pez Arnal como \u00ab<em>arque\u00f3logo de Manuel Sacrist\u00e1n y de Francisco Fern\u00e1ndez Buey<\/em>\u00bb, integrada por los textos de \u00d3scar Carpintero Redondo, Ignacio Perrotini Hern\u00e1ndez, Rafael D\u00edaz-Salazar, Joaquim Sempere, Manuel Cruz, Manuel Monereo, Vera Sacrist\u00e1n Adinolfi, Charo y Nieves Fern\u00e1ndez Buey y Jos\u00e9 Sarri\u00f3n Andaluz.<\/li>\n<\/ul>\n<p>A lo largo de la obra el portal <em>Rebeli\u00f3n<\/em> tiene un papel protagonista principalmente debido a tres razones principales:<\/p>\n<ul>\n<li>primero: en la mayor\u00eda de los textos que componen este homenaje hay siempre una cita a <em>Rebeli\u00f3n<\/em> como medio de acceso preferente a los art\u00edculos y otros trabajos de Salvador L\u00f3pez Arnal, ese es, por ejemplo, el caso de Eduardo S\u00e1nchez Iglesias, que us\u00f3 para titular y comenzar esta rese\u00f1a;<\/li>\n<\/ul>\n<ul>\n<li>segundo: el texto de Alfredo Iglesias Di\u00e9guez, titulado \u00ab<em>Salvador y su biblioteca rebelde<\/em>\u00bb, revisa los textos de Salvador L\u00f3pez Arnal publicados en <em>Rebeli\u00f3n<\/em> para destacar su papel de creador de conocimiento a trav\u00e9s de las entrevistas y las rese\u00f1as publicadas en ese portal;<\/li>\n<\/ul>\n<ul>\n<li>tercero: Santiago Alba Rico y Pascual Serrano, que en su momento formaron parte del equipo editorial de <em>Rebeli\u00f3n<\/em>, igual que Salvador L\u00f3pez Arnal, aunque no centran sus textos en el papel que jugaron en <em>Rebeli\u00f3n<\/em>, ciertamente le dedican un espacio notable.<\/li>\n<\/ul>\n<p>Todos los autores en mayor o medida destacan un par de rasgos que definen la personalidad de Salvador L\u00f3pez Arnal: en primer lugar su entrega, su generosidad y su modestia; tambi\u00e9n se destaca su pasi\u00f3n militante y su pasi\u00f3n por difundir sus conocimiento; otro aspecto que se destaca es su compromiso militante, su coherencia pol\u00edtica, su activismo transformador, su lucha por construir otro mundo posible\u2026<\/p>\n<p>En cierto sentido, con este libro se pretend\u00eda \u2018rescatar\u2019 a Salvador L\u00f3pez Arnal de ese lugar fuera de la Academia y en los m\u00e1rgenes del \u2018<em>establishment<\/em>\u2019 intelectual en que est\u00e1 situado como consecuencia de sus or\u00edgenes y su humildad. Un detalle de lo que acabo de decir y al que hacen referencia varios autores, especialmente, Santiago Alba Rico: Salvador L\u00f3pez Arnal es la persona que m\u00e1s ha hecho por recuperar, organizar y difundir la obra de Manuel Sacrist\u00e1n y Francisco Fern\u00e1ndez Buey \u2013en este sentido, como dicen las hijas de este \u00faltimo\u2013, es un arque\u00f3logo de la obra de estos dos fil\u00f3sofos, imprescindibles en la historia del pensamiento espa\u00f1ol de la segunda mitad del siglo XX; pues bien a \u00e9l le cuesta reconocer lo que para todo el mundo es evidente, que es la persona \u2013no una de las personas\u2013, que mejor conoce la obra de esos dos grandes fil\u00f3sofos de la izquierda castellanohablante, y por derecho propio, hay que reconocerlo como su disc\u00edpulo m\u00e1s destacado. Sin embargo, esa misi\u00f3n de recuperaci\u00f3n y divulgaci\u00f3n de la obra de sus \u2018maestros\u2019 ha hecho que haya \u00ab<em>reprimido su inmenso saber y su autonom\u00eda intelectual bajo esa subsidiariedad, sobre todo con respecto a Sacrist\u00e1n, que nunca ha querido romper por temor a desanclarse de sus or\u00edgenes <\/em>[y] <em>esta dependencia de su maestro, me temo, nos ha privado de algunas obras excelentes que, por lo dem\u00e1s, a\u00fan puede escribir\u2026<\/em>\u00bb, afirma Santiago Alba Rico en su reflexi\u00f3n titulada \u00ab<em>Salvador L\u00f3pez Arnal: comunismo y fragilidad<\/em>\u00bb.<\/p>\n<p>Precisamente, esa obra de la que nos ha privado, como reconoce Pascual Serrano en el cap\u00edtulo \u00ab<em>La pluma humilde que siempre escribe sobre los dem\u00e1s<\/em>\u00bb, hay que buscarla entre los textos eruditos que ha publicado sobre Sacrist\u00e1n y Fern\u00e1ndez Buey, pero sobre todo hay que buscarla en sus preguntas, en sus reflexiones dispersas en toda esa inmensa obra en la que habla de\/con los dem\u00e1s: en sus entrevistas y en sus rese\u00f1as, as\u00ed como en sus breves art\u00edculos.<\/p>\n<p>En definitiva, el libro se organiz\u00f3 para cumplir principalmente dos objetivos: primero, presentar al p\u00fablico general un recorrido por la trayectoria vital e intelectual de Salvador L\u00f3pez Arnal, una persona de or\u00edgenes obreros e inmigrantes \u00absin renunciar a sus or\u00edgenes de clase, ha consagrado su vida a fortalecer el pensamiento alternativo\u00bb en el mundo hispanohablante; y, segundo, situar al homenajeado en el \u00ablugar al que pertenece dentro de la historia del pensamiento espa\u00f1ol contempor\u00e1neo, un reconocimiento que hasta ahora no ha tenido lugar por parte de la academia\u00bb. Esos dos objetivos est\u00e1n sobradamente conseguidos gracias al esfuerzo editor de Jos\u00e9 Sarri\u00f3n Andaluz e I\u00f1aki V\u00e1zquez \u00c1lvarez y la colaboraci\u00f3n de 44 autores y autoras.<\/p>\n<figure id=\"attachment_16323\" aria-describedby=\"caption-attachment-16323\" style=\"width: 640px\" class=\"wp-caption aligncenter\"><a href=\"https:\/\/espai-marx.net\/wp-content\/uploads\/2024\/09\/salva2.jpeg\"><img loading=\"lazy\" decoding=\"async\" class=\"wp-image-16323 size-full\" src=\"https:\/\/espai-marx.net\/wp-content\/uploads\/2024\/09\/salva2.jpeg\" alt=\"\" width=\"640\" height=\"480\" srcset=\"https:\/\/espai-marx.net\/wp-content\/uploads\/2024\/09\/salva2.jpeg 640w, https:\/\/espai-marx.net\/wp-content\/uploads\/2024\/09\/salva2-300x225.jpeg 300w\" sizes=\"auto, (max-width: 640px) 100vw, 640px\" \/><\/a><figcaption id=\"caption-attachment-16323\" class=\"wp-caption-text\">Un momento de la comida-homenaje en la librer\u00eda Laie de Barcelona. Cr\u00e9ditos: I\u00f1aki V\u00e1zquez \u00c1lvarez<\/figcaption><\/figure>\n<p>El 28 de septiembre estar\u00e1 en la fiesta del PCE en Rivas-Vaciamadrid presentando el libro. Una buena oportunidad para conocerlo en persona.<\/p>\n<p class=\"has-text-align-right\">Entre Aldea Nova y Vigo (17-20 de septiembre de 2024)<\/p>\n<p>Fuente: <em>Rebeli\u00f3n<\/em>, 21 de septiembre de 204 (<a href=\"https:\/\/rebelion.org\/has-leido-lo-ultimo-de-salva-en-rebelion\/\">https:\/\/rebelion.org\/has-leido-lo-ultimo-de-salva-en-rebelion\/<\/a>)<br \/>\nImagen de portada: <em>Rebeli\u00f3n<\/em> [Imagen: Salvador L\u00f3pez Arnal, en los m\u00e1rgenes, junto a un grupo de amigos y amigas que participaron el 20 de julio de 2024 en un acto de homenaje en la librer\u00eda Laie de Barcelona. Cr\u00e9ditos: I\u00f1aki V\u00e1zquez \u00c1lvarez]<\/p>\n","protected":false},"excerpt":{"rendered":"<p>Rese\u00f1a de Salvador L\u00f3pez Arnal, la humildad de un sabio. Escritos en homenaje a su trayectoria intelectual y militante (Dykinson,<\/p>\n","protected":false},"author":5,"featured_media":16321,"comment_status":"open","ping_status":"open","sticky":false,"template":"","format":"standard","meta":{"footnotes":""},"categories":[19,1543,1548],"tags":[2166,2165,917,892,2167],"class_list":["post-16320","post","type-post","status-publish","format-standard","has-post-thumbnail","hentry","category-cultura","category-pensadores","category-politica","tag-inaki-vazquez-alvarez","tag-jose-sarrion-andaluz","tag-resenas","tag-salvador-lopez-arnal","tag-salvador-lopez-arnal-la-humildad-de-un-sabio-escritos-en-homenaje-a-su-trayectoria-intelectual-y-militante"],"aioseo_notices":[],"_links":{"self":[{"href":"https:\/\/espai-marx.net\/index.php?rest_route=\/wp\/v2\/posts\/16320","targetHints":{"allow":["GET"]}}],"collection":[{"href":"https:\/\/espai-marx.net\/index.php?rest_route=\/wp\/v2\/posts"}],"about":[{"href":"https:\/\/espai-marx.net\/index.php?rest_route=\/wp\/v2\/types\/post"}],"author":[{"embeddable":true,"href":"https:\/\/espai-marx.net\/index.php?rest_route=\/wp\/v2\/users\/5"}],"replies":[{"embeddable":true,"href":"https:\/\/espai-marx.net\/index.php?rest_route=%2Fwp%2Fv2%2Fcomments&post=16320"}],"version-history":[{"count":4,"href":"https:\/\/espai-marx.net\/index.php?rest_route=\/wp\/v2\/posts\/16320\/revisions"}],"predecessor-version":[{"id":16325,"href":"https:\/\/espai-marx.net\/index.php?rest_route=\/wp\/v2\/posts\/16320\/revisions\/16325"}],"wp:featuredmedia":[{"embeddable":true,"href":"https:\/\/espai-marx.net\/index.php?rest_route=\/wp\/v2\/media\/16321"}],"wp:attachment":[{"href":"https:\/\/espai-marx.net\/index.php?rest_route=%2Fwp%2Fv2%2Fmedia&parent=16320"}],"wp:term":[{"taxonomy":"category","embeddable":true,"href":"https:\/\/espai-marx.net\/index.php?rest_route=%2Fwp%2Fv2%2Fcategories&post=16320"},{"taxonomy":"post_tag","embeddable":true,"href":"https:\/\/espai-marx.net\/index.php?rest_route=%2Fwp%2Fv2%2Ftags&post=16320"}],"curies":[{"name":"wp","href":"https:\/\/api.w.org\/{rel}","templated":true}]}}