{"id":1636,"date":"2011-09-05T00:00:00","date_gmt":"2011-09-05T00:00:00","guid":{"rendered":"https:\/\/espai-marx.net\/?p=1636"},"modified":"2020-02-21T12:15:02","modified_gmt":"2020-02-21T11:15:02","slug":"carta-urgente-a-zapatero-sobre-la-reforma-express-de-la-constitucion","status":"publish","type":"post","link":"https:\/\/espai-marx.net\/?p=1636","title":{"rendered":"Carta urgente a Zapatero sobre la reforma express de la constituci\u00f3n"},"content":{"rendered":"<p style=\"margin-bottom: 0.5cm;\" align=\"JUSTIFY\">Carta a Don Jos\u00e9 Lu\u00eds Rodr\u00edguez Zapatero. Presidente del estado Espa\u00f1ol. Y al resto de las se\u00f1or\u00edas que portan la representatividad parlamentaria. Se\u00f1or presidente, permit\u00e1nme dirigirme a usted para comentarle mis m\u00e1s profundas inquietudes que, por mi honor y conciencia, me impiden quedarme al margen de los hechos relativos a nuestra Constituci\u00f3n amenazada por una vergonzosa e imborrable mancha.<\/p>\n<p style=\"margin-bottom: 0.5cm;\" align=\"JUSTIFY\">Hab\u00e9is realizado un gobierno durante sus dos legislaturas en las que, muchos podemos estar en contra o a favor de su gesti\u00f3n frente del ejecutivo que preside. Hab\u00e9is cometido aciertos y errores, \u00e9stos \u00faltimos desgraciadamente m\u00e1s numerosos en su \u00faltimo periplo presidencial. Sus gestiones pueden ser criticadas o avaladas desde todos los frentes que los ciudadanos deseen pronunciarse.<\/p>\n<p style=\"margin-bottom: 0.5cm;\" align=\"JUSTIFY\">\u00a1Pero que mancha de cieno sobre vuestro nombre -iba a decir sobre vuestro reino- puede imprimir esta abominable reforma constitucional! Por lo pronto usted decide reformarla mediante una llamada telef\u00f3nica al se\u00f1or Mariano Rajoy, presidente del principal partido de la oposici\u00f3n, tomando ambos la representatividad parlamentaria como un absolutismo de dos dirigentes, dando bofetada suprema a toda justicia. Y no hay remedio, Espa\u00f1a conservar\u00e1 esa mancha sobre su carta magna y la historia consignar\u00e1 que semejante crimen social se cometi\u00f3 al amparo de vuestra presidencia.<\/p>\n<p style=\"margin-bottom: 0.5cm;\" align=\"JUSTIFY\">Puesto que ha obrado tan sin raz\u00f3n, hablar\u00e9. Prometo decir toda la verdad y la dir\u00e9 si antes no lo hace el tribunal con toda claridad.<\/p>\n<p style=\"margin-bottom: 0.5cm;\" align=\"JUSTIFY\">Es mi deber: no quiero ser c\u00f3mplice. Todas las noches me desvelar\u00eda el espectro de la ciudadan\u00eda que exp\u00eda a lo lejos cruelmente ultrajada, una reforma que no ha decidido. Por eso me dirijo a vos gritando la verdad con toda la fuerza de mi rebeli\u00f3n de hombre honrado. Estoy convencido de que la ciudadan\u00eda no ignora lo que ocurre, entonces \u00bfa qui\u00e9n denunciar este afrenta malhechora de verdaderos culpables sino al primer soberano de la carta magna, al Pueblo?<\/p>\n<p style=\"margin-bottom: 0.5cm;\" align=\"JUSTIFY\">Ante todo la verdad acerca de nuestra carta magna y su proceso de reformarla. Nuestra Constituci\u00f3n, nacida en 1978, promulga en sus art\u00edculo primero del t\u00edtulo preliminar: \u00abEspa\u00f1a se constituye en un Estado social y democr\u00e1tico de Derecho, que propugna como valores superiores de su ordenamiento jur\u00eddico la libertad, la justicia, la igualdad y el pluralismo pol\u00edtico\u00bb.<\/p>\n<p style=\"margin-bottom: 0.5cm;\" align=\"JUSTIFY\">Agentes externos a nuestro \u00e1mbito constitucional, la se\u00f1ora Merkel y el se\u00f1or Sarkozy han dictado los cambios que usted promulga, auspiciados a\u00fan si cabe por entidades externas y opacas a la ciudadan\u00eda, no s\u00f3lo de nuestro estado, sino del resto de los ciudadanos miembros de la Uni\u00f3n Europea.<\/p>\n<p style=\"margin-bottom: 0.5cm;\" align=\"JUSTIFY\">Se\u00f1or presidente del gobierno y se\u00f1or presidente del principal partido de la oposici\u00f3n: No recuerdo que en ninguna de las legislaturas, en las que ustedes han sido elegidos como representantes de los ciudadanos (ni anteriormente tampoco), hubiese en alg\u00fan proceso electoral papeletas para proceder a legitimar a estas personas (la se\u00f1ora Merkel y el se\u00f1or Sarkozy) sobre nuestro ordenamiento legal, jur\u00eddico y constitucional.<\/p>\n<p style=\"margin-bottom: 0.5cm;\" align=\"JUSTIFY\">Igualmente me consta, en ninguno de sus respectivos programas electorales, ninguna intenci\u00f3n de reformar la constituci\u00f3n.<\/p>\n<p style=\"margin-bottom: 0.5cm;\" align=\"JUSTIFY\">Ante este hecho y sus intenciones, ustedes han puesto la forma pol\u00edtica dictada por la Constituci\u00f3n (representaci\u00f3n parlamentaria) muy por encima de la soberan\u00eda establecida en la carta magna (el pueblo) documento que regula las normas y convivencia en nuestra naci\u00f3n. Al ejercer su disciplina partidista, sr. Zapatero y sr. Rajoy, en la que los se\u00f1ores y se\u00f1oras parlamentarias \u00fanicamente promulgan el deseo de sus l\u00edderes (en el presente caso ustedes), vuestras se\u00f1or\u00edas son responsables y ejecutores del crimen que les expongo. De forma sorpresiva, en periodo estival, con un parlamento en funciones, donde las se\u00f1or\u00edas preparan las maletas fuera del hemiciclo ante la pr\u00f3xima cita electoral, ustedes pretenden modificar la Constituci\u00f3n sin consultar a sus soberanos.<\/p>\n<p style=\"margin-bottom: 0.5cm;\" align=\"JUSTIFY\">Ustedes sobrepasan con sus intenciones el art\u00edculo primero del t\u00edtulo preliminar de nuestra constituci\u00f3n. Su reforma no es para un \u00abEstado social\u00bb y sus formas no son, ni mucho menos, \u00abdemocr\u00e1ticas de Derecho\u00bb.<\/p>\n<p style=\"margin-bottom: 0.5cm;\" align=\"JUSTIFY\">Tal es la verdad, se\u00f1ores parlamentarios, verdad tan espantosa, que no dudo quede como una mancha en vuestra representatividad. Supongo que no teng\u00e1is ning\u00fan poder en este asunto, que se\u00e1is prisioneros de los mercados y de los poderes que os rodean; pero ten\u00e9is un deber de ciudadano en el cual meditar\u00e9is cumpli\u00e9ndolo, aunque dudo que honorablemente. No cre\u00e1is que desespero del triunfo; lo repito con una certeza que no permite la menor vacilaci\u00f3n; la verdad avanza y nadie podr\u00e1 contenerla.<\/p>\n<p style=\"margin-bottom: 0.5cm;\" align=\"JUSTIFY\">Hasta hoy no perpetrabais el proceso, pues hasta hoy no han quedado deslindadas las posiciones de cada uno; a un lado los culpables, que no quieren la luz; al otro los justicieros que dar\u00e1n la vida porque la luz se haga. Cuanto m\u00e1s duramente se oprime la verdad, m\u00e1s fuerza toma, y la explosi\u00f3n ser\u00e1 terrible. Veremos como se prepara el m\u00e1s ruidoso de los desastres.<\/p>\n<p style=\"margin-bottom: 0.5cm;\" align=\"JUSTIFY\">Se\u00f1or Presidente, concluyamos, que ya es tiempo.<\/p>\n<p style=\"margin-bottom: 0.5cm;\" align=\"JUSTIFY\">Yo acuso al Banco Mundial, FMI, OCDE y dem\u00e1s organizaciones supranacionales y externas al gobierno europeo de ser los organizadores de este crimen. Ninguna de ellas elegidas en representatividad por el Pueblo de un estado, el nuestro, sobre el que quieren reformar la Constituci\u00f3n.<\/p>\n<p style=\"margin-bottom: 0.5cm;\" align=\"JUSTIFY\">Acuso a la UE y al BCE de ser garantes dentro del territorio europeo este complot.<\/p>\n<p style=\"margin-bottom: 0.5cm;\" align=\"JUSTIFY\">Acuso a Standard &amp; Poor&#8217;s y a Moody&#8217;s como c\u00f3mplices y beneficiarios de este acto.<\/p>\n<p style=\"margin-bottom: 0.5cm;\" align=\"JUSTIFY\">Acuso al conjunto de la banca europea y nacional como lobby c\u00f3mplice y beneficiarlo de esta infamia.<\/p>\n<p style=\"margin-bottom: 0.5cm;\" align=\"JUSTIFY\">Acuso a la se\u00f1ora Merkel y al se\u00f1or Sharkosy por inducir a perpetrar este vil atentado a nuestra soberan\u00eda.<\/p>\n<p style=\"margin-bottom: 0.5cm;\" align=\"JUSTIFY\">Acuso a aquellas empresas, que junto a la banca, presionan a sus se\u00f1or\u00edas para dejar de ejercer la representatividad de sus soberanos, ejerci\u00e9ndola sobre sus intereses econ\u00f3micos. Acuso a aquellos pol\u00edticos cuyo m\u00e1ximo inter\u00e9s es mantenerse en el cargo que ejercen a cualquier precio, tan indignantes como el del crimen que nos ocupa. Y por \u00faltimo: les acuso a ustedes por proponer esta modificaci\u00f3n de espaldas a la ciudadan\u00eda. Ciudadan\u00eda que avala, es garante y soberana tanto del estado Espa\u00f1ol como de su carta magna. Ustedes que, mediante una simple llamada telef\u00f3nica, ultrajan la inviolabilidad de una Constituci\u00f3n, inviolabilidad que defendieron cuando no se han atrevido a mantener su vigencia, adecu\u00e1ndola a las realidades sociales. Ustedes que juraron o prometieron sobre ella. Se atreven a modificar el m\u00e1ximo documento del Estado en aras del \u00abMercado\u00bb. Mercado al que pretenden calmar mientras las voces del pueblo son ignoradas o silenciadas. Puede que \u00e9ste crimen ejerzan el efecto que ustedes esperan, pero no ignoren las victimas consecuentes. Habr\u00e1n convertido la Constituci\u00f3n en un simple panfleto al que poner a cotizar en los mercados de valores, habr\u00e1n convertido el esp\u00edritu de la transici\u00f3n espa\u00f1ola no en un garante de paz y democracia social como fue en su d\u00eda, sino en un mero informe de resultados macro-econ\u00f3micos. Y habr\u00e1n convertido a la ciudadan\u00eda espa\u00f1ola en un pueblo sin su m\u00e1ximo referente de legalidad moral y convivencia al subvertir los valores representados en ella por cifras monetarias inducidas fuera del esp\u00edritu en el que se redact\u00f3.<\/p>\n<p style=\"margin-bottom: 0.5cm;\" align=\"JUSTIFY\">Distinguidas se\u00f1or\u00edas, en nuestro Estado, no s\u00f3lo hay que ser dem\u00f3crata, tambi\u00e9n hay que parecerlo y sus formas distan mucho de ello. Desde hace mucho tiempo no resuelven entre ustedes la composici\u00f3n del Tribunal Constitucional y resulta que si resuelven en minutos modificar el texto sobre el que basar sus juicios. Lo dicho se\u00f1or\u00edas, tambi\u00e9n hay que parecerlo. S\u00f3lo la ciudadan\u00eda tiene el derecho, tiene el deber, de mantener vigente este documento, ustedes han de darles los medios. Ustedes, la clase pol\u00edtica, que no s\u00f3lo por activa ahora perpetran este crimen que nos ocupa, sino que por pasiva en las \u00faltimas d\u00e9cadas no han dado un paso para mantener su vigencia, y mucho menos a\u00fan, consultar al Pueblo al respecto. No ignoro que, al formular estas acusaciones, arrojo sobre m\u00ed el peso y decisi\u00f3n del m\u00e1ximo soberano del estado del cual ustedes se supone que representan. Y voluntariamente me pongo a disposici\u00f3n del Pueblo.<\/p>\n<p style=\"margin-bottom: 0.5cm;\" align=\"JUSTIFY\">En cuanto a las personas a quienes acuso, debo decir que ni las conozco ni las he visto nunca, ni siento particularmente por ellas rencor ni odio. Las considero como entidades, como esp\u00edritus de maleficencia social. Y el acto que realizo aqu\u00ed, no es m\u00e1s que un medio revolucionario de activar la explosi\u00f3n de la verdad y de la justicia.<\/p>\n<p style=\"margin-bottom: 0.5cm;\" align=\"JUSTIFY\">S\u00f3lo un sentimiento me mueve, s\u00f3lo deseo que la luz se haga, y lo imploro en nombre de la ciudadan\u00eda, que ha sufrido tanto y que tiene derecho a ser feliz. Mi ardiente protesta no es m\u00e1s que un grito de mi alma. Que se atrevan a llevarme a los ciudadanos y que me juzguen p\u00fablicamente.<\/p>\n<p style=\"margin-bottom: 0.5cm;\" align=\"JUSTIFY\">As\u00ed lo espero.<\/p>\n","protected":false},"excerpt":{"rendered":"<p>Carta a Don Jos\u00e9 Lu\u00eds Rodr\u00edguez Zapatero. Presidente del estado Espa\u00f1ol. Y al resto de las se\u00f1or\u00edas que portan la<\/p>\n","protected":false},"author":9,"featured_media":1637,"comment_status":"open","ping_status":"open","sticky":false,"template":"","format":"standard","meta":{"footnotes":""},"categories":[14],"tags":[],"class_list":["post-1636","post","type-post","status-publish","format-standard","has-post-thumbnail","hentry","category-democracia-republica"],"aioseo_notices":[],"_links":{"self":[{"href":"https:\/\/espai-marx.net\/index.php?rest_route=\/wp\/v2\/posts\/1636","targetHints":{"allow":["GET"]}}],"collection":[{"href":"https:\/\/espai-marx.net\/index.php?rest_route=\/wp\/v2\/posts"}],"about":[{"href":"https:\/\/espai-marx.net\/index.php?rest_route=\/wp\/v2\/types\/post"}],"author":[{"embeddable":true,"href":"https:\/\/espai-marx.net\/index.php?rest_route=\/wp\/v2\/users\/9"}],"replies":[{"embeddable":true,"href":"https:\/\/espai-marx.net\/index.php?rest_route=%2Fwp%2Fv2%2Fcomments&post=1636"}],"version-history":[{"count":0,"href":"https:\/\/espai-marx.net\/index.php?rest_route=\/wp\/v2\/posts\/1636\/revisions"}],"wp:featuredmedia":[{"embeddable":true,"href":"https:\/\/espai-marx.net\/index.php?rest_route=\/wp\/v2\/media\/1637"}],"wp:attachment":[{"href":"https:\/\/espai-marx.net\/index.php?rest_route=%2Fwp%2Fv2%2Fmedia&parent=1636"}],"wp:term":[{"taxonomy":"category","embeddable":true,"href":"https:\/\/espai-marx.net\/index.php?rest_route=%2Fwp%2Fv2%2Fcategories&post=1636"},{"taxonomy":"post_tag","embeddable":true,"href":"https:\/\/espai-marx.net\/index.php?rest_route=%2Fwp%2Fv2%2Ftags&post=1636"}],"curies":[{"name":"wp","href":"https:\/\/api.w.org\/{rel}","templated":true}]}}