{"id":16400,"date":"2024-10-10T05:00:44","date_gmt":"2024-10-10T04:00:44","guid":{"rendered":"https:\/\/espai-marx.net\/?p=16400"},"modified":"2024-10-10T04:58:10","modified_gmt":"2024-10-10T03:58:10","slug":"la-rda-un-aborto","status":"publish","type":"post","link":"https:\/\/espai-marx.net\/?p=16400","title":{"rendered":"La RDA, \u00bfun aborto?"},"content":{"rendered":"<p><strong>Cuando la RDA naci\u00f3 el 7 de octubre de 1949, al principio se consider\u00f3 provisional.<\/strong><\/p>\n<p>La RDA no puede minimizarse. Sigue serpenteando en la mente de los alemanes orientales, a menudo recordada de forma muy distinta a como se la recuerda en las obras de la historiograf\u00eda institucionalizada.<\/p>\n<p>Mientras que un tabloide como el <em>Berliner Kurier<\/em> asocia la RDA con precios bajos y prestaciones sociales, a los pol\u00edticos no se les ocurre mucho m\u00e1s que \u00abc\u00e1rcel\u00bb, \u00abEstado injusto\u00bb y \u00abEstado ilegal\u00bb y \u00absegunda dictadura en suelo alem\u00e1n\u00bb. Los \u00abexpertos\u00bb lamentan la incapacidad de los alemanes del Este para aceptar la democracia y la libertad. No se preguntan si su comprensi\u00f3n de la democracia es quiz\u00e1 algo m\u00e1s amplia e incluye la seguridad social y la pol\u00edtica de paz.<\/p>\n<p>Publicaciones de una joven generaci\u00f3n de acad\u00e9micos como Katja Hoyer, Dirk Oschmann y Steffen Mau, as\u00ed como una serie de art\u00edculos de fondo que dan testimonio de un enfoque m\u00e1s diferenciado y objetivo de la RDA son correcciones cosm\u00e9ticas que no contribuyen en nada a cambiar la imagen general negativa y peyorativa de la RDA y del llamado socialismo real ante la opini\u00f3n p\u00fablica. Algunos historiadores y pol\u00edticos de izquierdas tambi\u00e9n ceden a esta presi\u00f3n sin necesidad, quiz\u00e1s en la creencia err\u00f3nea de que la autocr\u00edtica permanente puede salvar algo de lo que en s\u00ed mismo era algo bueno asociado a la idea socialista. Esto ignora el hecho de que cualquier intento de domesticar social y pol\u00edticamente el capitalismo es considerado por el capital y sus ide\u00f3logos como la \u00abobra del diablo comunista\u00bb. Por cierto, a menudo se pasa por alto que el final del Bloque del Este tambi\u00e9n supuso el abrupto final del tan cacareado \u00absiglo socialdem\u00f3crata\u00bb.<\/p>\n<p>Pero, \u00bfc\u00f3mo se fund\u00f3 la RDA? Pocos meses despu\u00e9s de la promulgaci\u00f3n de la Ley Fundamental el 23 de mayo de 1949 en Bonn, considerada el acto fundacional de la Rep\u00fablica Federal de Alemania, y tres semanas despu\u00e9s de la elecci\u00f3n del primer Canciller alem\u00e1n, Konrad Adenauer, por el primer Bundestag alem\u00e1n el 15 de septiembre, el Este sigui\u00f3 su ejemplo con poco entusiasmo. El 7 de octubre, la zona de ocupaci\u00f3n sovi\u00e9tica fue testigo de la adopci\u00f3n de la \u00abConstituci\u00f3n de la Rep\u00fablica Democr\u00e1tica Alemana\u00bb y la constituci\u00f3n de la primera C\u00e1mara Popular, el segundo Estado alem\u00e1n vio la luz. El Parlamento y el Gobierno segu\u00edan teniendo la etiqueta de \u00abprovisionales\u00bb. Stalin celebra la RDA como un \u00abpunto de inflexi\u00f3n en la historia de Europa\u00bb. En Berl\u00edn, que vuelve a ser la capital, el Primer Ministro Otto Grotewohl saluda a la RDA como \u00abexpresi\u00f3n de la inquebrantable voluntad de las fuerzas democr\u00e1ticas del pueblo alem\u00e1n de superar sus penurias nacionales y tomar su destino en sus propias manos\u00bb. Adenauer replic\u00f3: \u00abLa Rep\u00fablica Federal de Alemania tambi\u00e9n se siente responsable del destino de los 18 millones de alemanes que viven en la zona sovi\u00e9tica\u00bb. Bonn reivindic\u00f3 la representaci\u00f3n exclusiva de toda Alemania y pronto reclam\u00f3 tambi\u00e9n la \u00abliberaci\u00f3n\u00bb del Este.<\/p>\n<p>La Rep\u00fablica Federal y la RDA, en la l\u00ednea divisoria y frontal de la ya encarnizada Guerra Fr\u00eda entre los antiguos Aliados contra la Alemania de Hitler, se integraron en los bloques emergentes de sus respectivas potencias ocupantes. Los alemanes no hab\u00edan superado la dictadura fascista por s\u00ed solos; tuvieron que emprender el camino hacia una sociedad democr\u00e1tica bajo las \u00f3rdenes y la supervisi\u00f3n de las potencias vencedoras. Hab\u00eda que hacer mucho materialmente tanto en el Este como en el Oeste. Pero no s\u00f3lo hab\u00eda que limpiar los escombros de las ciudades, sino tambi\u00e9n las mentes de la gente. A ambos lados del Elba, sin embargo, las opiniones difer\u00edan sobre si la responsabilidad de la econom\u00eda deb\u00eda volver a manos del capital especulador de la guerra o del pueblo.<\/p>\n<p>Esto \u00faltimo se asociaba a un mayor riesgo: Los trabajadores de a pie deb\u00edan convertirse en los forjadores de un orden econ\u00f3mico alternativo. Con la ambici\u00f3n de poder abastecer pronto plenamente a la poblaci\u00f3n y presentar escaparates llenos, en el Este tambi\u00e9n se pretend\u00eda acabar con la divisi\u00f3n de clases, garantizar la educaci\u00f3n para todos, asegurar la igualdad entre mujeres y hombres en la vida cotidiana y no s\u00f3lo sobre el papel, y superar la brecha entre las zonas urbanas y rurales.<\/p>\n<p>Sin embargo, el modelo de esta reorientaci\u00f3n social fue importado de Mosc\u00fa -a menudo en contradicci\u00f3n con sus propias convicciones-, por lo que de vez en cuando se intent\u00f3 incorporar experiencias concretas del movimiento obrero alem\u00e1n. Fue un proceso complicado y contradictorio. El requisito previo era que la econom\u00eda se recuperara r\u00e1pidamente, lo que s\u00f3lo fue posible hasta cierto punto debido a la insuficiencia de recursos y al aislamiento de los centros industriales del Rin y el Ruhr, as\u00ed como de la regi\u00f3n industrial de Silesia, que ahora pertenec\u00eda a Polonia.<\/p>\n<p>Adem\u00e1s, la Uni\u00f3n Sovi\u00e9tica insisti\u00f3 en las reparaciones por el sufrimiento y la destrucci\u00f3n causados durante la ocupaci\u00f3n alemana. En la Rep\u00fablica Federal, que apenas ten\u00eda que pagar reparaciones, la econom\u00eda se recuper\u00f3 r\u00e1pidamente y se cubrieron las necesidades materiales de la mayor\u00eda de la poblaci\u00f3n.<\/p>\n<p>S\u00ed, la RDA estaba en el \u00ablado correcto\u00bb: en la lucha contra el mal fascista, en el castigo de los cr\u00edmenes nazis y de guerra y en el entendimiento y la reconciliaci\u00f3n con los antiguos adversarios de guerra y las v\u00edctimas del genocidio en el Este. Estaba del lado de los luchadores anticoloniales y de liberaci\u00f3n nacional, no siempre de forma inequ\u00edvoca, pero s\u00ed de todo coraz\u00f3n. La poblaci\u00f3n estaba encantada de hacer donaciones, ya fueran l\u00e1pices para Cuba o bicicletas para Vietnam. La Rep\u00fablica Federal hizo buenos negocios con las dictaduras militares de Am\u00e9rica Latina apoyadas por Estados Unidos, as\u00ed como con el r\u00e9gimen del apartheid en Sud\u00e1frica, a pesar del ostracismo internacional.<\/p>\n<p>En los buenos a\u00f1os de la RDA bajo Walter Ulbricht, se comprendi\u00f3 perfectamente que hab\u00eda que reformar la econom\u00eda y mantenerla al d\u00eda con la revoluci\u00f3n cient\u00edfica y tecnol\u00f3gica. Sin embargo, el Nuevo Sistema Econ\u00f3mico de Planificaci\u00f3n y Gesti\u00f3n (NEPS) fue cancelado y la pol\u00edtica social se aplic\u00f3 en adelante a cr\u00e9dito y no acoplada a la correspondiente pol\u00edtica econ\u00f3mica.<\/p>\n<p>Los a\u00f1os ochenta no s\u00f3lo fueron aciagos para la RDA, sino que el cambio del entorno econ\u00f3mico y tecnol\u00f3gico internacional la golpe\u00f3 con m\u00e1s dureza. Los problemas econ\u00f3micos aumentaron, pero los dirigentes del partido y del Estado se mantuvieron obstinados en su negativa a las reformas. La alianza del Este se desmoron\u00f3, cada uno iba a lo suyo. En la propia Uni\u00f3n Sovi\u00e9tica, sumida en la miseria econ\u00f3mica, la gente intentaba escapar a Occidente. econom\u00eda, a costa de su propio glacis en Europa del Este y de la antigua \u00abmoneda de cambio\u00bb, la RDA. En \u00faltima instancia, no fueron los ciudadanos que salieron a la calle en el 40 aniversario de la RDA, en oto\u00f1o de 1989, exigiendo libertad de circulaci\u00f3n y libertad de expresi\u00f3n, ni los activistas de la oposici\u00f3n y los miembros del SED de mentalidad reformista, ni siquiera personas completamente apol\u00edticas que quer\u00edan una vida mejor, quienes asestaron el golpe de gracia a la RDA. Mientras tanto, Bonn se hab\u00eda apropiado de su \u00abrevoluci\u00f3n\u00bb. Sin embargo, sin el placet de Mosc\u00fa, la unificaci\u00f3n alemana no habr\u00eda sido posible en 1990.<\/p>\n<p>\u00bfCu\u00e1l es el fondo de la cuesti\u00f3n? La RDA fue un intento en suelo alem\u00e1n de practicar una sociedad mejor y m\u00e1s justa tras las fracasadas revoluciones de 1848\/49 y 1918\/19 y doce a\u00f1os de barbarie fascista, cuya categorizaci\u00f3n categ\u00f3rica a\u00fan puede ocupar a generaciones de izquierdistas. La RDA no fue un error de la historia alemana, sino una consecuencia l\u00f3gica de ella.<\/p>\n<p>&nbsp;<\/p>\n<p>El Dr. Stefan Bollinger es miembro de la Comisi\u00f3n Hist\u00f3rica de Die Linke y de la Leibniz-Societ\u00e4t.<\/p>\n<p>Fuente: <em>nd-aktuell.de<\/em>, 6 de octubre de 2024 <u>(<\/u><a href=\"https:\/\/www.nd-aktuell.de\/artikel\/1185783.jahre-ddr-die-ddr-n-eine-fehlgeburt.html\">&lt;https:\/\/www.nd-aktuell.de\/artikel\/1185783.jahre-ddr-die-ddr-n-eine-fehlgeburt.html<\/a>)<\/p>\n","protected":false},"excerpt":{"rendered":"<p>Cuando la RDA naci\u00f3 el 7 de octubre de 1949, al principio se consider\u00f3 provisional. La RDA no puede minimizarse.<\/p>\n","protected":false},"author":5,"featured_media":16402,"comment_status":"open","ping_status":"open","sticky":false,"template":"","format":"standard","meta":{"footnotes":""},"categories":[1922,17,26],"tags":[],"class_list":["post-16400","post","type-post","status-publish","format-standard","has-post-thumbnail","hentry","category-alemania","category-historia","category-historia-del-comunismo"],"aioseo_notices":[],"_links":{"self":[{"href":"https:\/\/espai-marx.net\/index.php?rest_route=\/wp\/v2\/posts\/16400","targetHints":{"allow":["GET"]}}],"collection":[{"href":"https:\/\/espai-marx.net\/index.php?rest_route=\/wp\/v2\/posts"}],"about":[{"href":"https:\/\/espai-marx.net\/index.php?rest_route=\/wp\/v2\/types\/post"}],"author":[{"embeddable":true,"href":"https:\/\/espai-marx.net\/index.php?rest_route=\/wp\/v2\/users\/5"}],"replies":[{"embeddable":true,"href":"https:\/\/espai-marx.net\/index.php?rest_route=%2Fwp%2Fv2%2Fcomments&post=16400"}],"version-history":[{"count":2,"href":"https:\/\/espai-marx.net\/index.php?rest_route=\/wp\/v2\/posts\/16400\/revisions"}],"predecessor-version":[{"id":16405,"href":"https:\/\/espai-marx.net\/index.php?rest_route=\/wp\/v2\/posts\/16400\/revisions\/16405"}],"wp:featuredmedia":[{"embeddable":true,"href":"https:\/\/espai-marx.net\/index.php?rest_route=\/wp\/v2\/media\/16402"}],"wp:attachment":[{"href":"https:\/\/espai-marx.net\/index.php?rest_route=%2Fwp%2Fv2%2Fmedia&parent=16400"}],"wp:term":[{"taxonomy":"category","embeddable":true,"href":"https:\/\/espai-marx.net\/index.php?rest_route=%2Fwp%2Fv2%2Fcategories&post=16400"},{"taxonomy":"post_tag","embeddable":true,"href":"https:\/\/espai-marx.net\/index.php?rest_route=%2Fwp%2Fv2%2Ftags&post=16400"}],"curies":[{"name":"wp","href":"https:\/\/api.w.org\/{rel}","templated":true}]}}