{"id":16406,"date":"2024-10-11T05:00:00","date_gmt":"2024-10-11T04:00:00","guid":{"rendered":"https:\/\/espai-marx.net\/?p=16406"},"modified":"2024-10-10T23:40:38","modified_gmt":"2024-10-10T22:40:38","slug":"fanon-un-hermano-en-una-azotea-cualquiera","status":"publish","type":"post","link":"https:\/\/espai-marx.net\/?p=16406","title":{"rendered":"Fanon, un hermano en una azotea cualquiera"},"content":{"rendered":"<p>Rese\u00f1a de Adam Schatz: <i>La cl\u00ednica rebelde. Las vidas revolucionarias de Frantz Fanon<\/i>, traducci\u00f3n de Raquel Marqu\u00e9s, Debate, Barcelona, 2024. 508 p\u00e1ginas, 26 euros.<\/p>\n<p align=\"right\"><i>cualquier hermano en una azotea<br \/>\n<\/i><i>Eldritge Claver (Panteras Negras) <\/i><\/p>\n<p><a href=\"https:\/\/espai-marx.net\/wp-content\/uploads\/2024\/10\/clinica-rebelde.png\"><img loading=\"lazy\" decoding=\"async\" class=\"alignleft wp-image-16407\" src=\"https:\/\/espai-marx.net\/wp-content\/uploads\/2024\/10\/clinica-rebelde.png\" alt=\"\" width=\"200\" height=\"304\" srcset=\"https:\/\/espai-marx.net\/wp-content\/uploads\/2024\/10\/clinica-rebelde.png 414w, https:\/\/espai-marx.net\/wp-content\/uploads\/2024\/10\/clinica-rebelde-197x300.png 197w\" sizes=\"auto, (max-width: 200px) 100vw, 200px\" \/><\/a>Lyon, 1947, en un tren un ni\u00f1o le dijo a su madre: \u00ab\u00a1Mira, <i>maman<\/i>, un <i>n\u00e9gre!<\/i>\u00bb. El negro era el estudiante universitario Frantz Fanon (1925-1961), que grab\u00f3 las palabras en su ser m\u00e1s infinito. Esto est\u00e1 en una biograf\u00eda de Adam Schatz sobre Franz Fanon y su mundo circundante. En castellano se publicaron tan s\u00f3lo <i>Frantz Fanon<\/i> (1971) de Irene L. Gendzier, que era un panfleto argelino (en el mejor sentido de la palabra); y un libro de dibujos, <i>Frantz Fanon <\/i>(Akal, 2021) de Fr\u00e9d\u00e9ric Ciriez\u00a0(autor) y Romain Lamy\u00a0(ilustrador).<\/p>\n<p><i>La cl\u00ednica rebelde<\/i> es importante porque \u2013a diferencia de otros libros\u2014 da cuenta de Fanon como pol\u00edtico pero tambi\u00e9n de psiquiatra (que parece indicar lo que m\u00e1s interesa hoy). Son las dos partes los que muestra <i>c\u00f3mo<\/i> era Fanon.<\/p>\n<p>Sin embargo, a pesar de su indudable inter\u00e9s, presenta algunos puntos discutibles. Primero, la masacre de argelinos y tunecinos de los <em>bidonvilles<\/em> de Par\u00eds el 17 de octubre de 1961 por la polic\u00eda (\u00a1y da la fecha marzo de 1962!). Hubo, en realidad, 200 muertos. Aunque es cierto que cuarenta o m\u00e1s cad\u00e1veres fueron enterraros por la polic\u00eda y no se conoce su identidad, aunque fueron contados por los militantes de la \u00e9poca y luego por la pel\u00edcula documental <i>Octobre \u00e0 Paris<\/i> (1962) de Jacques Panijel y la web <a href=\"http:\/\/17octobre1961.free.fr\/\">http:\/\/17octobre1961.free.fr\/<\/a>, que re\u00fane numerosos textos sobre la masacre.<\/p>\n<p>Segundo, Adam Schatz comenta exhaustivamente los textos de Fanon, pero al final del primero <i>Piel negra, m\u00e1scaras blancas<\/i>, incluye los comentarios que obtuvo el libro. Entre ellos, la cr\u00edtica de Georges Balandier; y Schatz a\u00f1ade: \u00abNo le falta raz\u00f3n\u00bb. Uno piensa que despu\u00e9s de esto vendr\u00e1, la \u00abs\u00edntesis\u00bb. Pero no es as\u00ed: la \u00abs\u00edntesis\u00bb ha ca\u00eddo entre los restos de nuestro pasado. Es igual el autor que su cr\u00edtico.<\/p>\n<p><i>La cl\u00ednica rebelde. Las vidas revolucionarias de Frantz Fanon <\/i>recorre la vida y las obras de Fanon, pero tambi\u00e9n las personas que trat\u00f3 a las que tuvo muy cerca. Su mujer, Marie-Jos\u00e8phe \u00abJosie\u00bb Fanon Dubl\u00e9 (1930-1989) y redactora de <i>Demain l&#8217;Afrique<\/i>. Su maestro en el psicoan\u00e1lisis, el psiquiatra y miembro del POUM (1912-1994), Francesc Tosquelles Llaurad\u00f3 (que, a principios de 2010, era alguien sepultado en el olvido; ahora, es uno de los cl\u00e1sicos en la medicina psiqui\u00e1trica alternativa). El autor de <i>Aden, Arabie<\/i>\u00a0(1931), Paul Nizan. El jefe de FNL y del Partido Comunista Argelino, Abane Ramdame (1928-1957), jefe de la <i>Wilaya<\/i><i><b> <\/b><\/i><i>4<\/i> (divisi\u00f3n territorial<b> <\/b>del FNL), amigo de Fanon y fue ejecutado al salir de la c\u00e1rcel<b> <\/b>por los isl\u00e1mico-nacionalistas, que hab\u00eda dentro del propio FNL). Patrice Lumumba (1925-1961), el primer ministro de la Rep\u00fablica Democr\u00e1tica del Congo (y que Fanon no pudo impedir tu asesinato).<\/p>\n<p class=\"western\" align=\"justify\">Pero tambi\u00e9n un largo etc\u00e9tera con los personajes que no tienen su presencia en los libros de historia: los ayudantes en las cl\u00ednicas, sus asistentes en la guerra y cuando estuvo en T\u00fanez, siendo ya miembro del comit\u00e9 de FNL, o los editores de sus obras: Francois Jeanson y Francois Maspero; o la traductora de sus obras originales Marie-Jeanne Manuellian (1927-2019).<\/p>\n<p>Cuando le visitaron en Roma Jean-Paul Sartre y Simone de Beauvoir, Fanon les confes\u00f3 que \u00abTengo sobre la conciencia dos muertos que no me perdono: la de Abane y la de Lumumba\u00bb. Hay en eso, como un impalpable modo de designar el libro: <i>un profundo sentido de patetismo<\/i>.<\/p>\n<p>Pues lo que lo \u00e9ste cuenta es la Guerra de Argelia (1954-1962), mediante el caso de uno de sus m\u00e1ximos exponentes: Fanon. En T\u00fanez, y en el pleno del FLN, era indiscutible decir algo de lo que estaba pasando). Eso afectaba tambi\u00e9n la matanza de 300 personas (mayo de 1957) en Melouza, atribuida a los franceses: aunque es otro atentado contra de FNL por parte de islamistas (de propio FNL).<\/p>\n<p>Patetismo hubo en las disputas durante la liberaci\u00f3n; o los disturbios del 4 de octubre de 1988, cuando se produjeron los disturbios callejeros en las ciudades y despu\u00e9s el Frente Isl\u00e1mico de Salvaci\u00f3n (FIS) gan\u00f3 las elecciones y empez\u00f3 una nueva guerra contra lo que consideraban \u00abanti-isl\u00e1micos\u00bb del gobierno. Pero el FNL y el FIS son las m\u00e1s abiertas y dolorosas contradicciones que han disgregado al pueblo argelino.<\/p>\n<p>Piel negra, m\u00e1scaras blancas con <i>El segundo sexo <\/i>(1949) de Simone de Beauvoir; y <i>Los condenados de la tierra<\/i> (1961) con <i>El estado y la revoluci\u00f3n<\/i> (1917) de Lenin (<i>sic<\/i>).<\/p>\n<p class=\"western\" align=\"justify\">La aceptaci\u00f3n de sus ideas fue la organizaci\u00f3n marxista y leninista de Panteras Negras (que no s\u00f3lo aceptaron los rasgos pol\u00edticos sino que sacaron mucho provecho de los trabajos que hab\u00eda hecho Fanon acerca de las cl\u00ednicas mentales). Tambi\u00e9n influyo en el estallido de la revueltas de los estudiantes universitarios del Student Nonviolent Coordinating Committee; y influenci\u00f3 en los palestinos como Edward Said (1935-2003).<\/p>\n<p class=\"western\" align=\"justify\">La influencia Fanon en psiquiatr\u00eda es la m\u00e1s influente de <i>La cl\u00ednica rebelde.<\/i><i> <\/i>La experiencia de la cl\u00ednica de Blida-Joinville es un material muy interesante que sirve para el <i>otro<\/i> Fanon: as\u00ed, practicaba <i>las terapias de sue\u00f1o<\/i> a los agotados militantes del FLN y, a la vez, era alguien que publicaba escritos muy meditados contra los colonialistas franceses, en la redacci\u00f3n tunecina de <i>El Moudjadid<\/i>.<\/p>\n<p class=\"western\" align=\"justify\"><i>La cl\u00ednica rebelde <\/i>es una obra que trata de <i>Las vidas revolucionarias de Franz Fanon<\/i>: la vida \u00edntima (que no se cita en esta rese\u00f1a), su aspecto innovador en su relaci\u00f3n con el psicoan\u00e1lisis, y su papel incondicional en la revoluci\u00f3n argelina (con el amargura de Fanon que le quemo el \u00e1nimo como responsable de las mentiras que vio reflejadas desde el asesinato de Abane). Es un libro sumamente interesante y, por supuesto, muy necesario en este pa\u00eds para conocer a uno de los revolucionarios negros que siglo pasado.<\/p>\n<p class=\"western\" align=\"justify\">8-VIII-2024<\/p>\n","protected":false},"excerpt":{"rendered":"<p>Rese\u00f1a de Adam Schatz: La cl\u00ednica rebelde. Las vidas revolucionarias de Frantz Fanon, traducci\u00f3n de Raquel Marqu\u00e9s, Debate, Barcelona, 2024.<\/p>\n","protected":false},"author":5,"featured_media":16408,"comment_status":"open","ping_status":"open","sticky":false,"template":"","format":"standard","meta":{"footnotes":""},"categories":[17,16],"tags":[2173,2174,917],"class_list":["post-16406","post","type-post","status-publish","format-standard","has-post-thumbnail","hentry","category-historia","category-imperio-imperialismo","tag-adam-schatz","tag-la-clinica-rebelde-las-vidas-revolucionarias-de-frantz-fanon","tag-resenas"],"aioseo_notices":[],"_links":{"self":[{"href":"https:\/\/espai-marx.net\/index.php?rest_route=\/wp\/v2\/posts\/16406","targetHints":{"allow":["GET"]}}],"collection":[{"href":"https:\/\/espai-marx.net\/index.php?rest_route=\/wp\/v2\/posts"}],"about":[{"href":"https:\/\/espai-marx.net\/index.php?rest_route=\/wp\/v2\/types\/post"}],"author":[{"embeddable":true,"href":"https:\/\/espai-marx.net\/index.php?rest_route=\/wp\/v2\/users\/5"}],"replies":[{"embeddable":true,"href":"https:\/\/espai-marx.net\/index.php?rest_route=%2Fwp%2Fv2%2Fcomments&post=16406"}],"version-history":[{"count":1,"href":"https:\/\/espai-marx.net\/index.php?rest_route=\/wp\/v2\/posts\/16406\/revisions"}],"predecessor-version":[{"id":16409,"href":"https:\/\/espai-marx.net\/index.php?rest_route=\/wp\/v2\/posts\/16406\/revisions\/16409"}],"wp:featuredmedia":[{"embeddable":true,"href":"https:\/\/espai-marx.net\/index.php?rest_route=\/wp\/v2\/media\/16408"}],"wp:attachment":[{"href":"https:\/\/espai-marx.net\/index.php?rest_route=%2Fwp%2Fv2%2Fmedia&parent=16406"}],"wp:term":[{"taxonomy":"category","embeddable":true,"href":"https:\/\/espai-marx.net\/index.php?rest_route=%2Fwp%2Fv2%2Fcategories&post=16406"},{"taxonomy":"post_tag","embeddable":true,"href":"https:\/\/espai-marx.net\/index.php?rest_route=%2Fwp%2Fv2%2Ftags&post=16406"}],"curies":[{"name":"wp","href":"https:\/\/api.w.org\/{rel}","templated":true}]}}