{"id":1642,"date":"2011-09-07T00:00:00","date_gmt":"2011-09-07T00:00:00","guid":{"rendered":"https:\/\/espai-marx.net\/?p=1642"},"modified":"2020-02-21T12:14:15","modified_gmt":"2020-02-21T11:14:15","slug":"intervencion-de-antonio-gramsci-en-la-camara-de-diputados","status":"publish","type":"post","link":"https:\/\/espai-marx.net\/?p=1642","title":{"rendered":"Intervenci\u00f3n de Antonio Gramsci en la C\u00e1mara de diputados."},"content":{"rendered":"<p style=\"line-height: 100%;\" align=\"CENTER\"><b>Intervenci\u00f3n de Antonio Gramsci en la C\u00e1mara de diputados el 16 de mayo de 1.925<\/b> [68]<\/p>\n<p style=\"line-height: 100%;\" align=\"JUSTIFY\"><i>68 Desde el 26 de noviembre los diputados comunistas, tras haber rechazado la oposici\u00f3n burguesa su propuesta de transformar el grupo del Aventino en un \u00abAntiparlamento\u00bb, hab\u00edan vuelto a la c\u00e1mara para utilizarla como foro de propaganda. Les hab\u00eda precedido el 12 de noviembre el diputado comunista Repossi, que, en representaci\u00f3n del P.C.d&#8217;I., ley\u00f3 una declaraci\u00f3n sobre el asesinato de Matteotti (la c\u00e1mara fascista celebraba aquel d\u00eda una sesi\u00f3n necrol\u00f3gica por el asesinado) que era del siguiente tenor: \u00abDesde que el mundo es mundo, no se hab\u00eda visto nunca a los asesinos conmemorar a su v\u00edctima\u00bb.<\/i><\/p>\n<p style=\"line-height: 100%;\" align=\"JUSTIFY\">[U; 28-V-1925; 2000 I; 748-761]<\/p>\n<p style=\"line-height: 100%;\" align=\"JUSTIFY\"><i><b>Presidente: <\/b><\/i>Tiene la palabra Su Se\u00f1or\u00eda Gramsci.<\/p>\n<p style=\"line-height: 100%;\" align=\"JUSTIFY\"><i><b>Gramsci: <\/b><\/i>El proyecto de ley contra las sociedades secretas se ha presentado a la C\u00e1mara como proyecto contra la masoner\u00eda; es el primer acto real del fascismo para afirmar lo que el Partido Fascista llama su revoluci\u00f3n. Nosotros, como Partido Comunista, queremos precisar no s\u00f3lo el porqu\u00e9 de la presentaci\u00f3n de este proyecto de ley contra las organizaciones en general, sino tambi\u00e9n lo que significa el que el Partido Fascista presente la ley como predominantemente orientada contra la masoner\u00eda.<\/p>\n<p style=\"line-height: 100%;\" align=\"JUSTIFY\">Nosotros nos contamos entre los pocos que se tomaron en serio el fascismo, ya cuando \u00e9ste no parec\u00eda ser m\u00e1s que una farsa sangrienta, cuando a prop\u00f3sito del fascismo sol\u00edan repetirse simplemente los t\u00f3picos sobre la \u00abpsicosis de guerra\u00bb, cuando todos los partidos intentaban adormecer a la poblaci\u00f3n trabajadora presentando el fascismo como un fen\u00f3meno superficial de breve duraci\u00f3n.<\/p>\n<p style=\"line-height: 100%;\" align=\"JUSTIFY\">En noviembre de 1920 previmos que el fascismo llegar\u00eda al poder &#8211;cosa entonces inconcebible para los mismos fascistas&#8211; si la clase obrera no consegu\u00eda frenar a tiempo, con las armas, su avance sangriento [69].<\/p>\n<p style=\"line-height: 100%;\" align=\"JUSTIFY\">69 Cfr., entre los textos recogidos en esta antolog\u00eda, <i>Por una renovaci\u00f3n del P.S.I.<\/i> (8 de mayo de 1920) <i>y El Partido Comunista<\/i> (4 de noviembre de 1920).<\/p>\n<p style=\"line-height: 100%;\" align=\"JUSTIFY\">El fascismo, pues, afirma hoy pr\u00e1cticamente que quiere \u00abconquistar el Estado\u00bb. \u00bfQu\u00e9 significa esa expresi\u00f3n, convertida hoy en lugar com\u00fan? \u00bfY qu\u00e9 significado tiene en ese sentido la lucha contra la masoner\u00eda?<\/p>\n<p style=\"line-height: 100%;\" align=\"JUSTIFY\">Como pensamos que esta fase de la \u00abconquista fascista\u00bb es una de las m\u00e1s importantes que ha atravesado el Estado italiano, creemos necesario &#8211;por lo que hace a nosotros, que sabemos que representamos los intereses de la gran mayor\u00eda del pueblo italiano, los obreros y los campesinos&#8211; un an\u00e1lisis de la cuesti\u00f3n, aunque sea r\u00e1pido.<\/p>\n<p style=\"line-height: 100%;\" align=\"JUSTIFY\">\u00bfQu\u00e9 es la masoner\u00eda? Hab\u00e9is charlado mucho sobre el significado espiritual de la masoner\u00eda, sobre las corrientes ideol\u00f3gicas que representa, etc.; pero todo eso son formas de expresi\u00f3n de las que os serv\u00eds simplemente para enga\u00f1aros los unos a los otros sabiendo perfectamente que os enga\u00f1\u00e1is.<\/p>\n<p style=\"line-height: 100%;\" align=\"JUSTIFY\">La masoner\u00eda, dado el modo como se ha constituido en Italia y dada la debilidad inicial de la burgues\u00eda capitalista italiana, ha sido el \u00fanico partido real y eficaz que ha tenido la clase burguesa durante mucho tiempo. No hay que olvidar que poco menos de veinte a\u00f1os despu\u00e9s de la entrada de los piamonteses en Roma se disolvi\u00f3 el Parlamento, y que el cuerpo electoral se redujo de casi tres millones de electores a ochocientos mil.<\/p>\n<p style=\"line-height: 100%;\" align=\"JUSTIFY\">Esa fue la confesi\u00f3n expl\u00edcita, por parte de la burgues\u00eda, de que era una \u00ednfima minor\u00eda de la poblaci\u00f3n, puesto que al cabo de veinte a\u00f1os de unidad se ve\u00eda obligada a recurrir a los medios de dictadura m\u00e1s extremos para mantenerse en el poder, para aplastar a sus enemigos de clase, que eran los enemigos del Estado unitario.<\/p>\n<p style=\"line-height: 100%;\" align=\"JUSTIFY\">\u00bfQui\u00e9nes eran esos enemigos? Lo era, ante todo, el Vaticano, lo eran los jesuitas, y habr\u00e1 que recordar a S.S. el diputado Martire que junto a los jesuitas que visten sotana est\u00e1n los jesuitas laicos, los cuales no llevan insignia especial alguna que indique su orden religiosa.<\/p>\n<p style=\"line-height: 100%;\" align=\"JUSTIFY\">En los primeros a\u00f1os posteriores a la fundaci\u00f3n del Reino, los jesuitas declararon expl\u00edcitamente, en toda una serie de art\u00edculos publicados por la <i>Civilt\u00e0 Cattolica<\/i>, cu\u00e1l era el programa pol\u00edtico del Vaticano y de las clases que entonces estaban representadas por el Vaticano, o sea, las viejas clases semifeudales tendencialmente borb\u00f3nicas en el sur y tendencialmente austriacas en Lombard\u00eda y en el V\u00e9neto, fuerzas sociales numeros\u00edsimas que la burgues\u00eda capitalista no ha conseguido contener nunca, aunque en el per\u00edodo del <i>Risorgimento<\/i> la burgues\u00eda representara un progreso y un principio revolucionario. Los jesuitas de la <i>Civilt\u00e0 Cattolica <\/i>&#8211;o sea, el Vaticano&#8211; se propon\u00edan como primer objetivo de su pol\u00edtica el sabotaje del Estado Unitario por medio del abstencionismo parlamentario, el frenar el Estado liberal en todas las actividades que pudieran corromper y destruir el viejo orden; como segundo objetivo, se propon\u00edan la creaci\u00f3n de un ej\u00e9rcito rural de reserva que oponer al avance del proletariado, puesto que desde el 71 los jesuitas preve\u00edan que, dado el terreno de la democracia liberal, nacer\u00eda un movimiento proletario que luego se desarrollar\u00eda en movimiento revolucionario.<\/p>\n<p style=\"line-height: 100%;\" align=\"JUSTIFY\">Su Se\u00f1or\u00eda Martire ha declarado hoy que finalmente se ha conseguido la unidad espiritual de la naci\u00f3n italiana a costa de la masoner\u00eda.<\/p>\n<p style=\"line-height: 100%;\" align=\"JUSTIFY\">Pero como en Italia la masoner\u00eda ha representado la ideolog\u00eda y la organizaci\u00f3n real de la clase burguesa capitalista, el que est\u00e1 contra la masoner\u00eda est\u00e1 contra el liberalismo y contra la tradici\u00f3n pol\u00edtica de la burgues\u00eda italiana. Las clases rurales que en el pasado estaban representadas por el Vaticano est\u00e1n representadas hoy sobre todo por el fascismo; por tanto, es l\u00f3gico que el fascismo sustituya al Vaticano y a los jesuitas en la tarea hist\u00f3rica para cuyo cumplimiento las clases m\u00e1s atrasadas de la poblaci\u00f3n someten a su control la clase que ha sido progresiva en el desarrollo de la civilizaci\u00f3n; eso es lo que significa la conseguida unidad espiritual de la naci\u00f3n italiana, la cual habr\u00eda sido un progreso hace cincuenta a\u00f1os, pero hoy es, en cambio, el m\u00e1s grande fen\u00f3meno de regresi\u00f3n&#8230; <i>[Interrupciones].<\/i><\/p>\n<p style=\"line-height: 100%;\" align=\"JUSTIFY\">La burgues\u00eda industrial no ha sido capaz de frenar el movimiento obrero, no ha sido capaz de controlar ni el movimiento obrero ni el movimiento rural revolucionario. La primera consigna, instintiva y espont\u00e1nea, del fascismo tras la ocupaci\u00f3n de las f\u00e1bricas fue, por eso mismo, la siguiente: \u00abLos rurales controlar\u00e1n a la burgues\u00eda urbana, que no sabe ser fuerte contra los obreros\u00bb.<\/p>\n<p style=\"line-height: 100%;\" align=\"JUSTIFY\">Si no me enga\u00f1o, \u00e9sa no era entonces la tesis de Su Se\u00f1or\u00eda Mussolini, que entre el fascismo rural y el fascismo urbano dec\u00eda preferir el urbano&#8230;<\/p>\n<p style=\"line-height: 100%;\" align=\"JUSTIFY\"><b><i>Mussolini, presidente del Consejo de ministros: <\/i><\/b>Necesito interrumpir para recordar un art\u00edculo m\u00edo de encendido elogio del fascismo rural, en los a\u00f1os 1921-22.<\/p>\n<p style=\"line-height: 100%;\" align=\"JUSTIFY\"><i><b>Gramsci:<\/b><\/i><i> <\/i>Pero \u00e9ste no es un fen\u00f3meno puramente italiano, aunque en Italia, por la mayor debilidad del capitalismo, ha tenido su desarrollo m\u00e1ximo; es un fen\u00f3meno europeo y mundial, de extrema importancia para comprender la crisis general de la posguerra, tanto en el terreno de la actividad pr\u00e1ctica cuanto en el dominio de las ideas y de la cultura. La elecci\u00f3n de Hindenburg en Alemania, la victoria de los conservadores en Inglaterra, con la liquidaci\u00f3n de los respectivos partidos liberales democr\u00e1ticos, son lo que corresponde al movimiento fascista italiano; las viejas fuerzas sociales, originariamente anticapitalistas, coordinadas con el capitalismo, pero no completamente absorbidas por \u00e9ste, han conseguido imponerse en la organizaci\u00f3n de los Estados, introduciendo en la actividad reaccionaria todo el fondo de ferocidad y de decisi\u00f3n despiadada que ha sido siempre su caracter\u00edstica; pero en sustancia se trata de un fen\u00f3meno de regresi\u00f3n hist\u00f3rica que no deja ni dejar\u00e1 de tener consecuencias para el desarrollo de la revoluci\u00f3n proletaria.<\/p>\n<p style=\"line-height: 100%;\" align=\"JUSTIFY\">Examinada desde este punto de vista la presente ley contra las asociaciones, \u00bfser\u00e1 una fuerza, o bien estar\u00e1 destinada a ser vano objeto de burla? \u00bfCorresponder\u00e1 a la realidad, podr\u00e1 ser el instrumento de una estabilizaci\u00f3n del r\u00e9gimen capitalista, o ser\u00e1 s\u00f3lo un nuevo y perfeccionado instrumento confiado a la polic\u00eda para facilitar la detenci\u00f3n de fulano o mengano?&#8230; El problema, por tanto, es el siguiente: la situaci\u00f3n del capitalismo en Italia, \u00bfse refuerza o se debilita, despu\u00e9s de la guerra, con el fascismo? \u00bfCu\u00e1les eran las debilidades de la burgues\u00eda capitalista italiana antes de la guerra, debilidades que han llevado a la creaci\u00f3n de aquel determinado sistema pol\u00edtico mas\u00f3nico que exist\u00eda en Italia y ha tenido su desarrollo mayor en el giolittismo? [70]. Las debilidades m\u00e1ximas de la vida nacional italiana eran ante todo la falta de materias primas, o sea, la imposibilidad en que estaba la burgues\u00eda de crear en Italia una industria que tuviera ra\u00edces profundas en el pa\u00eds y que pudiera desarrollarse progresivamente, absorbiendo la mano de obra excesiva. En segundo lugar, la falta de colonias vinculadas a la metr\u00f3poli, y, por tanto, la imposibilidad para la burgues\u00eda de crear una aristocracia obrera que pudiera ser aliada permanente de la burgues\u00eda misma. Tercero, la cuesti\u00f3n meridional, o sea, la cuesti\u00f3n de los campesinos, \u00edntimamente relacionada con el problema de la emigraci\u00f3n, que es la prueba de la incapacidad de la burgues\u00eda italiana para mantener&#8230; <i>[Interrupciones].<\/i><\/p>\n<p style=\"line-height: 100%;\" align=\"JUSTIFY\">70 Giovanni Giolitti, 1842-1928, varias veces jefe del gobierno y\/o ministro, una de las principales figuras de la pol\u00edtica italiana de la \u00e9poca. Gramsci lo suele ver como \u00faltima encarnaci\u00f3n del \u00abtransformismo\u00bb, esto es, del paso de pol\u00edticos de origen izquierdista a la pol\u00edtica conservadora. Giolitti, que ampli\u00f3 considerablemente el voto en Italia, influy\u00f3 tambi\u00e9n en la vuelta del Vaticano a la pol\u00edtica italiana y en la evoluci\u00f3n reformista de la socialdemocracia del pa\u00eds. Durante su \u00faltima estancia en el poder ocurrieron los hechos de Tur\u00edn de 1920. Y con la creaci\u00f3n del \u00abbloque de: orden\u00bb facilit\u00f3 el acceso de los fascistas al poder.<\/p>\n<p style=\"line-height: 100%;\" align=\"JUSTIFY\"><i><b>Mussolini: <\/b><\/i>Tambi\u00e9n han emigrado los alemanes por millones.<\/p>\n<p style=\"line-height: 100%;\" align=\"JUSTIFY\"><i><b>Gramsci: <\/b><\/i>El significado de la emigraci\u00f3n en masa de los trabajadores es \u00e9ste: el sistema capitalista, que es el sistema predominante, no es capaz de dar alimento, vivienda y vestido a la poblaci\u00f3n, y una parte no peque\u00f1a de \u00e9sta se ve obligada a emigrar&#8230;<\/p>\n<p style=\"line-height: 100%;\" align=\"JUSTIFY\"><i><b>Rossoni: <\/b><\/i>Por tanto, la naci\u00f3n tiene que expansionarse en inter\u00e9s del proletariado.<\/p>\n<p style=\"line-height: 100%;\" align=\"JUSTIFY\"><i><b>Gramsci:<\/b><\/i><i> <\/i>Nosotros tenemos nuestra concepci\u00f3n del imperialismo y del fen\u00f3meno colonial: seg\u00fan ella, esos fen\u00f3menos son ante todo una exportaci\u00f3n de capital financiero. Hasta ahora, el \u00abimperialismo\u00bb italiano no ha consistido m\u00e1s que en lo siguiente: el obrero emigrado italiano trabaja en beneficio de los capitalistas de otros pa\u00edses, o sea, Italia no ha sido hasta ahora m\u00e1s que un medio para la expansi\u00f3n del capital financiero no italiano. Vosotros est\u00e1is constantemente regurgitando las m\u00e1s pueriles afirmaciones acerca de una pretendida superioridad demogr\u00e1fica de Italia sobre los dem\u00e1s pa\u00edses; constantemente dec\u00eds, por ejemplo, que Italia es demogr\u00e1ficamente superior a Francia. Esta es una cuesti\u00f3n que no pueden resolver concluyentemente m\u00e1s que las estad\u00edsticas, y a veces me ocupo de estad\u00edsticas; ahora bien, una estad\u00edstica publicada en la posguerra y nunca desmentida, porque no puede serlo, muestra que antes de la guerra Italia se encontraba desde el punto de vista demogr\u00e1fico en la misma situaci\u00f3n en que ha ca\u00eddo Francia ahora despu\u00e9s de la guerra; esto se debe al hecho de que la emigraci\u00f3n se lleva del territorio nacional una masa tal de poblaci\u00f3n masculina productivamente activa que las relaciones demogr\u00e1ficas llegan a ser catastr\u00f3ficas.<\/p>\n<p style=\"line-height: 100%;\" align=\"JUSTIFY\">En el territorio nacional se quedan los viejos, las mujeres, los ni\u00f1os y los inv\u00e1lidos, o sea, la parte de poblaci\u00f3n pasiva que grava sobre la poblaci\u00f3n trabajadora, y ello en medida superior a la de cualquier otro pa\u00eds, incluida Francia. Esta es la debilidad fundamental del sistema capitalista italiano, y por ella el capitalismo italiano est\u00e1 destinado a desaparecer tanto m\u00e1s r\u00e1pidamente cuanto menos funcione el sistema capitalista mundial en la absorci\u00f3n de la emigraci\u00f3n italiana, en la explotaci\u00f3n del trabajo italiano que nuestro propio capitalismo es incapaz de encuadrar.<\/p>\n<p style=\"line-height: 100%;\" align=\"JUSTIFY\">\u00bfC\u00f3mo han intentado resolver esos problemas los partidos burgueses, la masoner\u00eda?<\/p>\n<p style=\"line-height: 100%;\" align=\"JUSTIFY\">Conocemos en la historia italiana de los \u00faltimos tiempos dos planes pol\u00edticos de la burgues\u00eda para resolver la cuesti\u00f3n del gobierno del pueblo italiano. Hemos visto la pr\u00e1ctica giolittiana, el colaboracionismo del socialismo italiano con el giolittismo, o sea, el intento de fundar una alianza de la burgues\u00eda industrial con una cierta aristocracia obrera del norte para oprimir y someter a esa formaci\u00f3n burguesa-industrial las masas de los campesinos italianos, especialmente del sur. El programa no tuvo \u00e9xito. Efectivamente, en la Italia del norte se empieza por constituir una coalici\u00f3n burguesa-proletaria a trav\u00e9s de la colaboraci\u00f3n parlamentaria y de la pol\u00edtica de obras p\u00fablicas en relaci\u00f3n con las cooperativas, y en la Italia del sur se corrompe la capa dirigente y se domina la masa con los maceros&#8230; <i>[Interrupciones del diputado Greco].<\/i> Vosotros, fascistas, hab\u00e9is sido los art\u00edfices mayores del fracaso de ese plan pol\u00edtico, porque hab\u00e9is llevado al nivel de una misma miseria a la aristocracia obrera y a los campesinos pobres de toda Italia.<\/p>\n<p style=\"line-height: 100%;\" align=\"JUSTIFY\">Y hemos visto tambi\u00e9n el programa que podemos llamar del <i>Corriere della Sera<\/i>, peri\u00f3dico que representa una fuerza nada despreciable de la pol\u00edtica nacional; 800.000 lectores son ya un partido.<\/p>\n<p style=\"line-height: 100%;\" align=\"JUSTIFY\"><i><b>Voces:<\/b><\/i><i> <\/i>Menos&#8230;<\/p>\n<p style=\"line-height: 100%;\" align=\"JUSTIFY\"><i><b>Mussolini:<\/b><\/i><i> <\/i>\u00a1La mitad! Y, adem\u00e1s, los lectores de peri\u00f3dicos no cuentan. No han hecho nunca una revoluci\u00f3n. Los lectores de peri\u00f3dicos se equivocan siempre.<\/p>\n<p style=\"line-height: 100%;\" align=\"JUSTIFY\"><i><b>Gramsci: <\/b><\/i>El <i>Corriere della Sera<\/i> no quiere hacer la revoluci\u00f3n.<\/p>\n<p style=\"line-height: 100%;\" align=\"JUSTIFY\"><i><b>Farinacci:<\/b><\/i><i> <\/i>\u00a1Ni <i>L&#8217;Unit\u00e0 <\/i>tampoco!<\/p>\n<p style=\"line-height: 100%;\" align=\"JUSTIFY\"><i><b>Gramsci:<\/b><\/i><i> <\/i>El <i>Corriere della Sera<\/i> ha sostenido sistem\u00e1ticamente a todos los hombres pol\u00edticos del sur, desde Salandra hasta Orlando, Nitti y Amendola; frente a la soluci\u00f3n giolittiana, de opresi\u00f3n no s\u00f3lo de clase, sino hasta de territorios enteros, como el sur y las islas, y no menos peligrosa que el actual fascismo para la misma unidad material del Estado italiano, el <i>Corriere della Sera<\/i> ha propugnado siempre una alianza de los industriales del norte con una cierta y vaga democracia rural predominantemente meridional y en el terreno del librecambismo. Ambas soluciones tend\u00edan esencialmente a dar al Estado italiano una base m\u00e1s amplia que la inicial, tend\u00edan a desarrollar las \u00abconquistas\u00bb del <i>Risorgimento<\/i>.<\/p>\n<p style=\"line-height: 100%;\" align=\"JUSTIFY\">\u00bfQu\u00e9 oponen los fascistas a esas soluciones? Oponen hoy eso que llaman ley contra la masoner\u00eda; dicen que con eso quieren conquistar el Estado. En realidad, el fascismo lucha contra la \u00fanica fuerza organizada eficazmente que ha tenido la burgues\u00eda en Italia, para suplantarla en la ocupaci\u00f3n de los puestos que el Estado da a sus funcionarios. La revoluci\u00f3n fascista no es m\u00e1s que la sustituci\u00f3n de un personal administrativo por otro.<\/p>\n<p style=\"line-height: 100%;\" align=\"JUSTIFY\"><i><b>Mussolini:<\/b><\/i><i> <\/i>De una clase por otra, como ha ocurrido en Rusia, como ocurre normalmente en todas las revoluciones, como haremos nosotros met\u00f3dicamente <i>[Aplausos].<\/i><\/p>\n<p style=\"line-height: 100%;\" align=\"JUSTIFY\"><i><b>Gramsci:<\/b><\/i><i> <\/i>S\u00f3lo es una revoluci\u00f3n la que se basa en una nueva clase. El fascismo no se basa en ninguna clase que no estuviera ya previamente en el poder&#8230;<\/p>\n<p style=\"line-height: 100%;\" align=\"JUSTIFY\"><i><b>Mussolini:<\/b><\/i><i> <\/i>\u00a1Pero si gran parte de los capitalistas est\u00e1 en contra de nosotros, si le puedo citar grand\u00edsimos capitalistas que votan contra nosotros, que est\u00e1n en la oposici\u00f3n: los Motta, los Conti&#8230;!<\/p>\n<p style=\"line-height: 100%;\" align=\"JUSTIFY\"><i><b>Farinacci:<\/b><\/i><i> <\/i>\u00a1Y que dan subsidios a los peri\u00f3dicos subversivos!<\/p>\n<p style=\"line-height: 100%;\" align=\"JUSTIFY\"><i><b>Mussolini: <\/b><\/i>La gran banca no es fascista, y usted lo sabe <i>[Rumores]<\/i>.<\/p>\n<p style=\"line-height: 100%;\" align=\"JUSTIFY\"><i><b>Gramsci:<\/b><\/i><i> <\/i>La realidad es, pues, que la ley contra la masoner\u00eda no es una ley principalmente dirigida contra la masoner\u00eda: el fascismo llegar\u00e1 f\u00e1cilmente a un compromiso con los masones.<\/p>\n<p style=\"line-height: 100%;\" align=\"JUSTIFY\"><i><b>Mussolini:<\/b><\/i><i> <\/i>\u00a1Los fascistas han quemado las logias de los masones antes de redactar esta ley! Por tanto, no hace falta ning\u00fan compromiso.<\/p>\n<p style=\"line-height: 100%;\" align=\"JUSTIFY\"><i><b>Gramsci:<\/b><\/i><i> <\/i>El fascismo aplica a la masoner\u00eda, intensific\u00e1ndola, la misma t\u00e1ctica que ha aplicado a todos los partidos burgueses no fascistas: en una primera fase crea un n\u00facleo fascista en esos partidos; en un segundo per\u00edodo intenta tomar de los dem\u00e1s partidos las mejores energ\u00edas que le conven\u00edan, cuando no consigue obtener el monopolio que buscaba.<\/p>\n<p style=\"line-height: 100%;\" align=\"JUSTIFY\"><i><b>Farinacci:<\/b><\/i><i> <\/i>\u00bfY nos llam\u00e1is tontos?<\/p>\n<p style=\"line-height: 100%;\" align=\"JUSTIFY\"><i><b>Gramsci:<\/b><\/i><i> <\/i>Para demostrar no serlo tendr\u00edais que ser capaces de resolver los problemas de la situaci\u00f3n italiana&#8230;<\/p>\n<p style=\"line-height: 100%;\" align=\"JUSTIFY\"><i><b>Mussolini:<\/b><\/i><i> <\/i>Los resolveremos. Ya hemos resuelto bastantes.<\/p>\n<p style=\"line-height: 100%;\" align=\"JUSTIFY\"><i><b>Gramsci:<\/b><\/i><i> <\/i>El fascismo no ha conseguido siquiera realizar la absorci\u00f3n de todos los partidos en su organizaci\u00f3n. Con la masoner\u00eda ha utilizado la t\u00e1ctica pol\u00edtica del <i>noyautage<\/i>, luego el sistema terrorista del incendio de las logias, y ahora utiliza la acci\u00f3n legislativa, con la cual determinadas personalidades de la gran banca y de la alta burocracia acabar\u00e1n por ponerse en fila con los dominadores para no perder sus puestos; pero, con la masoner\u00eda, el gobierno fascista tendr\u00e1 que llegar a un compromiso. \u00bfQu\u00e9 se hace cuando un enemigo es fuerte? Primero se le quiebran las piernas, y luego se llega al compromiso en condiciones de superioridad evidente.<\/p>\n<p style=\"line-height: 100%;\" align=\"JUSTIFY\"><i><b>Mussolini:<\/b><\/i><i> <\/i>Primero se le parten los huesos, luego se le hace prisionero, como hab\u00e9is hecho en Rusia. Hab\u00e9is hecho vuestros prisioneros, los conserv\u00e1is y os son \u00fatiles <i>[Rumores].<\/i><\/p>\n<p style=\"line-height: 100%;\" align=\"JUSTIFY\"><i><b>Gramsci:<\/b><\/i><i> <\/i>Hacer prisioneros significa precisamente llegar al compromiso: por eso decimos que en realidad la ley est\u00e1 pensada especialmente contra las organizaciones obreras. Preguntamos por qu\u00e9 desde hace varios meses, y sin que el Partido Comunista haya sido declarado asociaci\u00f3n delictiva, los guardias detienen a nuestros camaradas cada vez que los encuentran reunidos en n\u00famero al menos de tres&#8230;<\/p>\n<p style=\"line-height: 100%;\" align=\"JUSTIFY\"><i><b>Mussolini:<\/b><\/i><i> <\/i>Hacemos lo que vosotros hac\u00e9is en Rusia&#8230;<\/p>\n<p style=\"line-height: 100%;\" align=\"JUSTIFY\"><i><b>Gramsci: <\/b><\/i>En Rusia hay leyes que se cumplen: vosotros ten\u00e9is vuestras leyes&#8230;<\/p>\n<p style=\"line-height: 100%;\" align=\"JUSTIFY\"><i><b>Mussolini:<\/b><\/i><i> <\/i>Vosotros hac\u00e9is redadas formidables. Hac\u00e9is muy bien <i>[Risas]<\/i>.<\/p>\n<p style=\"line-height: 100%;\" align=\"JUSTIFY\"><i><b>Gramsci:<\/b><\/i><i> <\/i>En realidad, el aparato polic\u00edaco del Estado est\u00e1 ya tratando al Partido Comunista como una organizaci\u00f3n secreta.<\/p>\n<p style=\"line-height: 100%;\" align=\"JUSTIFY\"><i><b>Mussolini:<\/b><\/i><i> <\/i>\u00a1No es verdad!<\/p>\n<p style=\"line-height: 100%;\" align=\"JUSTIFY\"><i><b>Gramsci:<\/b><\/i><i> <\/i>Se detiene sin imputaci\u00f3n especifica alguna a todo el que se encuentra en una reuni\u00f3n de tres personas, por el mero hecho de ser comunista, y se le mete en la c\u00e1rcel.<\/p>\n<p style=\"line-height: 100%;\" align=\"JUSTIFY\"><i><b>Mussolini:<\/b><\/i><i> <\/i>Pero se les libera pronto. \u00bfCu\u00e1ntos hay en la c\u00e1rcel? No los pescamos m\u00e1s que para conocerlos.<\/p>\n<p style=\"line-height: 100%;\" align=\"JUSTIFY\"><i><b>Gramsci: <\/b><\/i>Es una forma de persecuci\u00f3n sistem\u00e1tica, que anticipa y justificar\u00e1 la aplicaci\u00f3n de la nueva ley. El fascismo adopta los mismos sistemas del gobierno Giolitti. Hac\u00e9is como hac\u00edan en el sur los maceros giolittianos, que deten\u00edan a los electores de la oposici\u00f3n&#8230; para conocerlos.<\/p>\n<p style=\"line-height: 100%;\" align=\"JUSTIFY\"><b><i>Una voz: <\/i><\/b>No ha habido m\u00e1s que un caso. Usted no conoce el sur.<\/p>\n<p style=\"line-height: 100%;\" align=\"JUSTIFY\"><i><b>Gramsci: <\/b><\/i>\u00a1Yo soy del sur!<\/p>\n<p style=\"line-height: 100%;\" align=\"JUSTIFY\"><i><b>Mussolini: <\/b><\/i>A prop\u00f3sito de violencias electorales, le recuerdo un art\u00edculo de Bordiga que las justifica plenamente.<\/p>\n<p style=\"line-height: 100%;\" align=\"JUSTIFY\"><i><b>Paolo Greco: <\/b><\/i>Su Se\u00f1or\u00eda Gramsci no ha le\u00eddo ese articulo.<\/p>\n<p style=\"line-height: 100%;\" align=\"JUSTIFY\"><i><b>Gramsci:<\/b><\/i><i> <\/i>Ah\u00ed no se trata de las violencias fascistas, sino de las nuestras <i>[Rumores e interrupciones]<\/i>. Nosotros estamos seguros de que representamos a la mayor\u00eda de la poblaci\u00f3n, de que representamos los intereses esenciales de la mayor\u00eda del pueblo italiano; por eso la violencia proletaria es progresiva y no puede ser sistem\u00e1tica. Vuestra violencia es sistem\u00e1tica y sistem\u00e1ticamente arbitraria, porque vosotros represent\u00e1is una minor\u00eda destinada a desaparecer <i>[Interrupciones]<\/i>. Nosotros hemos de decir a la poblaci\u00f3n trabajadora qu\u00e9 es vuestro gobierno, c\u00f3mo se comporta vuestro gobierno, para organizarla contra vosotros, para ponerla en condiciones de venceros. Es muy probable que tambi\u00e9n nosotros nos veamos obligados a usar vuestros mismos sistemas, pero como transici\u00f3n y ocasional <i>[Rumores, interrupciones]<\/i>. Seguro: a adoptar vuestros mismos medios, con la diferencia de que vosotros represent\u00e1is a la minor\u00eda de la poblaci\u00f3n, mientras que nosotros representamos a la mayor\u00eda <i>[Interrupciones, rumores].<\/i><\/p>\n<p style=\"line-height: 100%;\" align=\"JUSTIFY\"><i><b>Farinacci: <\/b><\/i>Pero entonces, \u00bfpor qu\u00e9 no hac\u00e9is la revoluci\u00f3n? Usted est\u00e1 destinado a terminar como Bombacci [71]. Le echar\u00e1n del partido.<\/p>\n<p style=\"line-height: 100%;\" align=\"JUSTIFY\">71 Miembro primero de la extrema izquierda, luego de la derecha del P.C.d&#8217;I., expulsado de \u00e9ste por unas declaraciones conciliadoras con el Partito Nazionale Fascista.<\/p>\n<p style=\"line-height: 100%;\" align=\"JUSTIFY\"><i><b>Gramsci: <\/b><\/i>Cuando consigui\u00f3 la unidad nacional, la burgues\u00eda italiana era una minor\u00eda de la poblaci\u00f3n, pero como representaba los intereses de la mayor\u00eda, aunque \u00e9sta no la siguiera, pudo mantenerse en el poder. Vosotros vencer\u00e9is con las armas, pero no ten\u00e9is ning\u00fan programa, no represent\u00e1is nada nuevo ni progresivo. Lo \u00fanico que hab\u00e9is hecho ha sido ense\u00f1ar a la vanguardia revolucionaria que s\u00f3lo las armas deciden en \u00faltima instancia del \u00e9xito de los programas y de la falta de programas&#8230; <i>[Interrupciones, comentarios]<\/i>.<\/p>\n<p style=\"line-height: 100%;\" align=\"JUSTIFY\"><i><b>Presidente: <\/b><\/i>\u00a1No interrump\u00e1is!<\/p>\n<p style=\"line-height: 100%;\" align=\"JUSTIFY\"><i><b>Gramsci: <\/b><\/i>Esta ley no conseguir\u00e1 en absoluto frenar el movimiento que vosotros mismos est\u00e1is preparando en el pa\u00eds. Como la masoner\u00eda pasar\u00e1 en masa al partido fascista y constituir\u00e1 una tendencia dentro de \u00e9l, est\u00e1 claro que con esta ley lo que esper\u00e1is es impedir el desarrollo de grandes organizaciones obreras y campesinas. Este es el valor real de la ley, su significaci\u00f3n verdadera. Alg\u00fan fascista [72 Mussolini.] recuerda a\u00fan nebulosamente las ense\u00f1anzas de sus viejos maestros, de cuando era revolucionario y socialista, y cree que una clase no puede mantenerse permanentemente como tal ni desarrollarse hasta la conquista del poder sin tener un partido y una organizaci\u00f3n que recoja su parte mejor y m\u00e1s consciente. Algo hay de verdad en esa oscura perversi\u00f3n reaccionaria de las ense\u00f1anzas de los marxistas. Es sin duda muy dif\u00edcil que una clase pueda llegar a la soluci\u00f3n de sus problemas y a la consecuci\u00f3n de las finalidades inscritas en su existencia y en la fuerza general de la sociedad sin que se constituya una vanguardia que conduzca a esa clase a la consecuci\u00f3n de aquellos fines. Pero no est\u00e1 dicho que ese enunciado sea siempre verdadero en su mecanicidad exterior para uso de la reacci\u00f3n. La presente ley es una ley que sirve para Italia, que tendr\u00e1 que aplicarse en Italia, donde la burgues\u00eda no ha conseguido de ninguna manera, ni conseguir\u00e1 nunca, resolver, por de pronto, la cuesti\u00f3n de los campesinos italianos, resolver la cuesti\u00f3n de la Italia meridional. No en vano se presenta esta ley al Parlamento al mismo tiempo que algunos proyectos relativos a la regeneraci\u00f3n del sur.<\/p>\n<p style=\"line-height: 100%;\" align=\"JUSTIFY\"><i><b>Una voz: <\/b><\/i>Hable de la masoner\u00eda.<\/p>\n<p style=\"line-height: 100%;\" align=\"JUSTIFY\"><i><b>Gramsci: <\/b><\/i>Quieren que hable de la masoner\u00eda. Pero en el t\u00edtulo de la ley no se alude siquiera a la masoner\u00eda, se habla s\u00f3lo de organizaciones en general. En Italia el capitalismo se ha podido desarrollar en la medida en que el Estado ha apretado a las poblaciones campesinas, especialmente en el sur. Vosotros not\u00e1is hoy la urgencia de esos problemas, y por eso promet\u00e9is mil millones a Cerde\u00f1a, y obras p\u00fablicas y centenares de millones a todo el sur; pero para hacer la cosa en serio y concretamente tendr\u00edais que empezar por devolver a Cerde\u00f1a los cien o ciento cincuenta millones de impuestos que arranc\u00e1is cada a\u00f1o a la poblaci\u00f3n sarda. Tendr\u00edais que devolver al sur los centenares de millones de impuestos que arranc\u00e1is cada a\u00f1o a la poblaci\u00f3n meridional.<\/p>\n<p style=\"line-height: 100%;\" align=\"JUSTIFY\"><i><b>Mussolini: <\/b><\/i>\u00a1Como si en Rusia no hicierais pagar los impuestos&#8230;!<\/p>\n<p style=\"line-height: 100%;\" align=\"JUSTIFY\"><i><b>Una voz: <\/b><\/i>\u00a1En Rusia roban, no pagan los impuestos!<\/p>\n<p style=\"line-height: 100%;\" align=\"JUSTIFY\"><i><b>Gramsci: <\/b><\/i>Esa no es la cuesti\u00f3n, egregio colega que deber\u00eda conocer al menos los informes parlamentarios que sobre esas cuestiones existen en las bibliotecas. No se trata del normal mecanismo burgu\u00e9s de los impuestos; se trata de que cada a\u00f1o el Estado extorsiona a las regiones meridionales una suma de impuestos que no devuelve de ninguna manera, ni con servicios de ning\u00fan g\u00e9nero&#8230;<\/p>\n<p style=\"line-height: 100%;\" align=\"JUSTIFY\"><i><b>Mussolini: <\/b><\/i>No es verdad.<\/p>\n<p style=\"line-height: 100%;\" align=\"JUSTIFY\"><i><b>Gramsci:<\/b><\/i><i> <\/i>&#8230; sumas que el Estado arranca a las poblaciones campesinas meridionales para dar una base al capitalismo de la Italia septentrional <i>[Interrupciones, comentarios]<\/i>. En este terreno de las contradicciones del sistema capitalista italiano se formar\u00e1 necesariamente, pese a todas las leyes represivas, a pesar de las dificultades para constituir grandes organizaciones, la uni\u00f3n de los obreros y de los campesinos contra el enemigo com\u00fan. Vosotros, fascistas, vosotros, gobierno fascista, a pesar de toda la demagogia de vuestros discursos, no hab\u00e9is superado esa contradicci\u00f3n que era ya radical, sino que hasta la hab\u00e9is hecho sentir m\u00e1s duramente a las clases y a las masas populares. Hab\u00e9is actuado en esta situaci\u00f3n y por la necesidad de esta situaci\u00f3n. Hab\u00e9is a\u00f1adido m\u00e1s p\u00f3lvora a la acumulada ya por el desarrollo de la sociedad capitalista, y cre\u00e9is que con una ley contra las organizaciones vais a suprimir los efectos m\u00e1s modernos de vuestra misma actividad <i>[Interrupciones]<\/i>. Esta es la cuesti\u00f3n m\u00e1s importante de la discusi\u00f3n de la presente ley: vosotros pod\u00e9is \u00abconquistar el estado\u00bb, pod\u00e9is modificar los c\u00f3digos, pod\u00e9is intentar impedir que las organizaciones existan en la forma en que han existido hasta hoy; pero no pod\u00e9is prevalecer por encima de las condiciones objetivas en las que no ten\u00e9is m\u00e1s remedio que moveros. No har\u00e9is m\u00e1s que obligar al proletariado a buscar una orientaci\u00f3n distinta de la que hasta ahora era la m\u00e1s com\u00fan en el terreno de la organizaci\u00f3n de masas. Esto queremos decir al proletariado y a las masas campesinas italianas desde esta tribuna: que las fuerzas revolucionarias italianas no se dejar\u00e1n aplastar, que vuestro sue\u00f1o siniestro no conseguir\u00e1 realizarse <i>[Interrupciones]<\/i>. Es muy dif\u00edcil aplicar a una poblaci\u00f3n de 40 millones de habitantes los sistemas de gobierno de Zankov. En Bulgaria hay pocos millones de habitantes, y a pesar de ello y de la ayuda extranjera el Gobierno no consigue dominar a la coalici\u00f3n del Partido Comunista con las fuerzas campesinas revolucionarias. Y en Italia hay 40 millones de habitantes.<\/p>\n<p style=\"line-height: 100%;\" align=\"JUSTIFY\"><i><b>Mussolini: <\/b><\/i>\u00a1El Partido Comunista tiene menos inscritos que el Partido Fascista italiano!<\/p>\n<p style=\"line-height: 100%;\" align=\"JUSTIFY\"><i><b>Gramsci:<\/b><\/i><i> <\/i>Pero representa a la clase obrera.<\/p>\n<p style=\"line-height: 100%;\" align=\"JUSTIFY\"><i><b>Mussolini:<\/b><\/i><i> <\/i>\u00a1No la representa!<\/p>\n<p style=\"line-height: 100%;\" align=\"JUSTIFY\"><i><b>Farinacci: <\/b><\/i>La traiciona, no la representa.<\/p>\n<p style=\"line-height: 100%;\" align=\"JUSTIFY\"><i><b>Gramsci: <\/b><\/i>Vosotros no cont\u00e1is con m\u00e1s consenso que el obtenido a palos.<\/p>\n<p style=\"line-height: 100%;\" align=\"JUSTIFY\"><i><b>Farinacci:<\/b><\/i><i> <\/i>\u00a1Est\u00e1 hablando de Miglioli! [73].<\/p>\n<p style=\"line-height: 100%;\" align=\"JUSTIFY\"><i><b>Gramsci:<\/b><\/i><i> <\/i>Exactamente. El caso Miglioli tiene gran importancia precisamente en el sentido que he indicado antes: que las masas campesinas, incluso las cat\u00f3licas, se orientan hacia la lucha revolucionaria. Ni siquiera los peri\u00f3dicos fascistas habr\u00edan protestado contra Miglioli si el fen\u00f3meno Miglioli no tuviera esa gran importancia, no indicara una nueva orientaci\u00f3n de las fuerzas revolucionarias a causa de vuestra presi\u00f3n sobre las clases trabajadoras. En conclusi\u00f3n: la masoner\u00eda es la peque\u00f1a bandera negra que sirve para que pase la mercanc\u00eda reaccionaria antiproletaria. No es la masoner\u00eda lo que os importa. La masoner\u00eda se convertir\u00e1 en un ala del fascismo. La ley os sirve para los obreros y los campesinos, los cuales lo comprender\u00e1n muy bien por el modo como se aplicar\u00e1 la ley. Decimos a esas masas que no conseguir\u00e9is sofocar las manifestaciones organizativas de su vida de clase, porque est\u00e1 contra vosotros todo el desarrollo de la sociedad italiana.<\/p>\n<p style=\"line-height: 100%;\" align=\"JUSTIFY\"><i>[Interrupciones.]<\/i><\/p>\n<p style=\"line-height: 100%;\" align=\"JUSTIFY\">73 Dirigente campesino, de la izquierda del Partito Popolare italiano; atra\u00eddo por la pol\u00edtica campesina del P.C.d\u2019I. bajo la inspiraci\u00f3n de Gramsci lleg\u00f3 a estar en contacto con la I.C. Es uno de los ejemplos m\u00e1s significativos para interpretar la pol\u00edtica de Gramsci con los cat\u00f3licos de izquierda.<\/p>\n<p style=\"line-height: 100%;\" align=\"JUSTIFY\"><i><b>Presidente:<\/b><\/i><i> <\/i>Repito que no interrumpan. Dejen hablar. Pero usted, diputado Gramsci, no ha hablado de la ley.<\/p>\n<p style=\"line-height: 100%;\" align=\"JUSTIFY\"><i><b>Rossoni: <\/b><\/i>La ley no es contra las organizaciones.<\/p>\n<p style=\"line-height: 100%;\" align=\"JUSTIFY\"><i><b>Gramsci: <\/b><\/i>Diputado Rossoni: Su Se\u00f1or\u00eda misma es un p\u00e1rrafo de la ley contra las organizaciones. Los obreros y los ciudadanos deben saber que no conseguir\u00e9is impedir que el movimiento revolucionario se refuerce y se radicalice <i>[Interrupciones, rumores]<\/i>. Porque s\u00f3lo \u00e9l representa hoy la situaci\u00f3n de nuestro pa\u00eds&#8230; <i>[Interrupciones]<\/i>.<\/p>\n<p style=\"line-height: 100%;\" align=\"JUSTIFY\"><i><b>Presidente: <\/b><\/i>Su Se\u00f1or\u00eda ha repetido ya este concepto tres o cuatro veces. Tenga la bondad. No somos jurados a los que haya que repetir muchas veces las mismas cosas.<\/p>\n<p style=\"line-height: 100%;\" align=\"JUSTIFY\"><i><b>Gramsci: <\/b><\/i>Pues hay que repetirlo; ten\u00e9is que o\u00edrlo hasta la n\u00e1usea <i>[Interrupciones, rumores]<\/i> &#8230; [74] vencer\u00e1 al fascismo <i>[Comentarios]<\/i>.<\/p>\n<p style=\"line-height: 100%;\" align=\"JUSTIFY\">74 En el lugar de los puntos suspensivos Gramsci hizo intercalar (en el texto publicado por <i>L&#8217;Unit\u00e1<\/i>) la frase \u00abel movimiento revolucionario\u00bb.<\/p>\n<p style=\"line-height: 100%;\" align=\"CENTER\"><i>Publicado en: <a href=\"http:\/\/www.gramsci.org.ar\/\">http:\/\/www.gramsci.org.ar<\/a><\/i><\/p>\n<p style=\"margin-bottom: 0cm;\" align=\"JUSTIFY\">\n","protected":false},"excerpt":{"rendered":"<p>Intervenci\u00f3n de Antonio Gramsci en la C\u00e1mara de diputados el 16 de mayo de 1.925 [68] 68 Desde el 26<\/p>\n","protected":false},"author":9,"featured_media":1643,"comment_status":"open","ping_status":"open","sticky":false,"template":"","format":"standard","meta":{"footnotes":""},"categories":[22,28],"tags":[],"class_list":["post-1642","post","type-post","status-publish","format-standard","has-post-thumbnail","hentry","category-historia-del-movimiento-y-de-la-clase-obrera","category-siglo-xx"],"aioseo_notices":[],"_links":{"self":[{"href":"https:\/\/espai-marx.net\/index.php?rest_route=\/wp\/v2\/posts\/1642","targetHints":{"allow":["GET"]}}],"collection":[{"href":"https:\/\/espai-marx.net\/index.php?rest_route=\/wp\/v2\/posts"}],"about":[{"href":"https:\/\/espai-marx.net\/index.php?rest_route=\/wp\/v2\/types\/post"}],"author":[{"embeddable":true,"href":"https:\/\/espai-marx.net\/index.php?rest_route=\/wp\/v2\/users\/9"}],"replies":[{"embeddable":true,"href":"https:\/\/espai-marx.net\/index.php?rest_route=%2Fwp%2Fv2%2Fcomments&post=1642"}],"version-history":[{"count":0,"href":"https:\/\/espai-marx.net\/index.php?rest_route=\/wp\/v2\/posts\/1642\/revisions"}],"wp:featuredmedia":[{"embeddable":true,"href":"https:\/\/espai-marx.net\/index.php?rest_route=\/wp\/v2\/media\/1643"}],"wp:attachment":[{"href":"https:\/\/espai-marx.net\/index.php?rest_route=%2Fwp%2Fv2%2Fmedia&parent=1642"}],"wp:term":[{"taxonomy":"category","embeddable":true,"href":"https:\/\/espai-marx.net\/index.php?rest_route=%2Fwp%2Fv2%2Fcategories&post=1642"},{"taxonomy":"post_tag","embeddable":true,"href":"https:\/\/espai-marx.net\/index.php?rest_route=%2Fwp%2Fv2%2Ftags&post=1642"}],"curies":[{"name":"wp","href":"https:\/\/api.w.org\/{rel}","templated":true}]}}